{"id":379366,"date":"2018-10-16T20:43:22","date_gmt":"2018-10-16T18:43:22","guid":{"rendered":"http:\/\/hudo.com\/si\/?p=379366"},"modified":"2018-10-16T20:43:22","modified_gmt":"2018-10-16T18:43:22","slug":"barnier-za-dogovor-o-urejenem-brexitu-potrebujemo-vec-casa","status":"publish","type":"post","link":"https:\/\/hudo.com\/si\/aktualno\/barnier-za-dogovor-o-urejenem-brexitu-potrebujemo-vec-casa\/","title":{"rendered":"Barnier: Za dogovor o urejenem brexitu potrebujemo ve\u010d \u010dasa"},"content":{"rendered":"<div class=\"text\">\n<p>Barnier je pojasnil, da so v minulih tednih trdo delali, da bi dosegli dogovor o urejenem izstopu Zdru\u017eenega kraljestva iz unije, ki bi vklju\u010deval tudi re\u0161itev vpra\u0161anja irske meje.<\/p>\n<p>&#8220;Nismo \u0161e tam,&#8221; je dejal glavni pogajalec unije o brexitu ter ocenil, da je odprtih vpra\u0161anj \u0161e veliko, med njimi tudi irsko. &#8220;Potrebujemo ve\u010d \u010dasa za celovit dogovor in za odlo\u010dilen napredek, ki je potreben za kon\u010danje pogajanj,&#8221; je poudaril.<\/p>\n<p>Odlo\u010dilen napredek v oktobru je na podlagi predhodnih izjav vodilnih predstavnikov unije nujen za potrditev izrednega novembrskega vrha o brexitu.<\/p>\n<p>Na podlagi Barnierjevih besed sicer za zdaj ni jasno, ali novembrski vrh o brexitu bo ali ne. Odlo\u010ditev bodo v sredo sprejeli voditelji \u010dlanic unije.<\/p>\n<p>Barnier je danes v Luksemburgu ministrom EU za evropske zadeve, med njimi dr\u017eavnemu sekretarju na zunanjem ministrstvu Dobranu Bo\u017ei\u010du, poro\u010dal o stanju v pogajanjih.<\/p>\n<p>Novinarske konference po koncu ni bilo, le avstrijski minister za evropske zadeve Gernot Bl\u00fcmel je dal izjavo ob odhodu. Poudaril je, da 27 \u010dlanic podpira Barnierja, in izpostavil enotnost sedemindvajseterice.<\/p>\n<p>Poljski dr\u017eavni sekretar za evropske zadeve Konrad Szymanski pa je po koncu zasedanja ocenil, da je brexit brez dogovora bli\u017ee kot kdaj koli, a da je kljub temu treba storiti vse za to, da se dogovor dose\u017ee.<\/p>\n<\/div>\n","protected":false},"excerpt":{"rendered":"<p>EU in Zdru\u017eeno kraljestvo za dogovor o urejenem brexitu potrebujeta ve\u010d \u010dasa, je danes v Luksemburgu ocenil glavni pogajalec unije o brexitu Michel Barnier. &#8220;Vzeli si bomo ta \u010das &#8211; mirno, resno &#8211; da dose\u017eemo ta celovit dogovor v prihodnjih tednih,&#8221; je dejal ob prihodu na zasedanje ministrov EU.<\/p>\n","protected":false},"author":5,"featured_media":379367,"comment_status":"closed","ping_status":"closed","sticky":false,"template":"","format":"standard","meta":{"footnotes":""},"categories":[1179],"tags":[5215,6746],"source":[4511],"supertag":[],"acf":[],"yoast_head":"<!-- This site is optimized with the Yoast SEO plugin v21.3 - https:\/\/yoast.com\/wordpress\/plugins\/seo\/ -->\n<title>Barnier: Za dogovor o urejenem brexitu potrebujemo ve\u010d \u010dasa - Hudo Slovenija<\/title>\n<meta name=\"robots\" content=\"index, follow, max-snippet:-1, max-image-preview:large, max-video-preview:-1\" \/>\n<link rel=\"canonical\" href=\"https:\/\/hudo.com\/si\/aktualno\/barnier-za-dogovor-o-urejenem-brexitu-potrebujemo-vec-casa\/\" \/>\n<meta property=\"og:locale\" content=\"sl_SI\" \/>\n<meta property=\"og:type\" content=\"article\" \/>\n<meta property=\"og:title\" content=\"Barnier: Za dogovor o urejenem brexitu potrebujemo ve\u010d \u010dasa - Hudo Slovenija\" \/>\n<meta property=\"og:description\" content=\"EU in Zdru\u017eeno kraljestvo za dogovor o urejenem brexitu potrebujeta ve\u010d \u010dasa, je danes v Luksemburgu ocenil glavni pogajalec unije o brexitu Michel Barnier. &quot;Vzeli si bomo ta \u010das - mirno, resno - da dose\u017eemo ta celovit dogovor v prihodnjih tednih,&quot; je dejal ob prihodu na zasedanje ministrov EU.\" \/>\n<meta property=\"og:url\" content=\"https:\/\/hudo.com\/si\/aktualno\/barnier-za-dogovor-o-urejenem-brexitu-potrebujemo-vec-casa\/\" \/>\n<meta property=\"og:site_name\" content=\"Hudo Slovenija\" \/>\n<meta property=\"article:publisher\" content=\"https:\/\/www.facebook.com\/hudo.si\" \/>\n<meta property=\"article:published_time\" content=\"2018-10-16T18:43:22+00:00\" \/>\n<meta property=\"og:image\" content=\"https:\/\/hudo.com\/si\/wp-content\/uploads\/sites\/2\/2018\/10\/profimedia-0341618241.jpg\" \/>\n\t<meta property=\"og:image:width\" content=\"1250\" \/>\n\t<meta property=\"og:image:height\" content=\"890\" \/>\n\t<meta property=\"og:image:type\" content=\"image\/jpeg\" \/>\n<meta name=\"author\" content=\"A. G., STA\" \/>\n<meta name=\"twitter:card\" content=\"summary_large_image\" \/>\n<meta name=\"twitter:creator\" content=\"@hudo_si\" \/>\n<meta name=\"twitter:site\" content=\"@hudo_si\" \/>\n<meta name=\"twitter:label1\" content=\"Written by\" \/>\n\t<meta name=\"twitter:data1\" content=\"A. G., STA\" \/>\n\t<meta name=\"twitter:label2\" content=\"Est. reading time\" \/>\n\t<meta name=\"twitter:data2\" content=\"1 minuta\" \/>\n<script type=\"application\/ld+json\" class=\"yoast-schema-graph\">{\"@context\":\"https:\/\/schema.org\",\"@graph\":[{\"@type\":\"Article\",\"@id\":\"https:\/\/hudo.com\/si\/aktualno\/barnier-za-dogovor-o-urejenem-brexitu-potrebujemo-vec-casa\/#article\",\"isPartOf\":{\"@id\":\"https:\/\/hudo.com\/si\/aktualno\/barnier-za-dogovor-o-urejenem-brexitu-potrebujemo-vec-casa\/\"},\"author\":{\"name\":\"A. G., STA\",\"@id\":\"https:\/\/hudo.com\/si\/#\/schema\/person\/2391667a63ea075ba94f2f2dc6b77537\"},\"headline\":\"Barnier: Za dogovor o urejenem brexitu potrebujemo ve\u010d \u010dasa\",\"datePublished\":\"2018-10-16T18:43:22+00:00\",\"dateModified\":\"2018-10-16T18:43:22+00:00\",\"mainEntityOfPage\":{\"@id\":\"https:\/\/hudo.com\/si\/aktualno\/barnier-za-dogovor-o-urejenem-brexitu-potrebujemo-vec-casa\/\"},\"wordCount\":230,\"publisher\":{\"@id\":\"https:\/\/hudo.com\/si\/#organization\"},\"keywords\":[\"Brexit\",\"Michel Barnier\"],\"articleSection\":[\"Aktualno\"],\"inLanguage\":\"sl-SI\"},{\"@type\":\"WebPage\",\"@id\":\"https:\/\/hudo.com\/si\/aktualno\/barnier-za-dogovor-o-urejenem-brexitu-potrebujemo-vec-casa\/\",\"url\":\"https:\/\/hudo.com\/si\/aktualno\/barnier-za-dogovor-o-urejenem-brexitu-potrebujemo-vec-casa\/\",\"name\":\"Barnier: Za dogovor o urejenem brexitu potrebujemo ve\u010d \u010dasa - Hudo Slovenija\",\"isPartOf\":{\"@id\":\"https:\/\/hudo.com\/si\/#website\"},\"datePublished\":\"2018-10-16T18:43:22+00:00\",\"dateModified\":\"2018-10-16T18:43:22+00:00\",\"breadcrumb\":{\"@id\":\"https:\/\/hudo.com\/si\/aktualno\/barnier-za-dogovor-o-urejenem-brexitu-potrebujemo-vec-casa\/#breadcrumb\"},\"inLanguage\":\"sl-SI\",\"potentialAction\":[{\"@type\":\"ReadAction\",\"target\":[\"https:\/\/hudo.com\/si\/aktualno\/barnier-za-dogovor-o-urejenem-brexitu-potrebujemo-vec-casa\/\"]}]},{\"@type\":\"BreadcrumbList\",\"@id\":\"https:\/\/hudo.com\/si\/aktualno\/barnier-za-dogovor-o-urejenem-brexitu-potrebujemo-vec-casa\/#breadcrumb\",\"itemListElement\":[{\"@type\":\"ListItem\",\"position\":1,\"name\":\"Home\",\"item\":\"https:\/\/hudo.com\/si\/\"},{\"@type\":\"ListItem\",\"position\":2,\"name\":\"Barnier: Za dogovor o urejenem brexitu potrebujemo ve\u010d \u010dasa\"}]},{\"@type\":\"WebSite\",\"@id\":\"https:\/\/hudo.com\/si\/#website\",\"url\":\"https:\/\/hudo.com\/si\/\",\"name\":\"Hudo Slovenija\",\"description\":\"Vse novice iz Slovenije in sveta\",\"publisher\":{\"@id\":\"https:\/\/hudo.com\/si\/#organization\"},\"potentialAction\":[{\"@type\":\"SearchAction\",\"target\":{\"@type\":\"EntryPoint\",\"urlTemplate\":\"https:\/\/hudo.com\/si\/?s={search_term_string}\"},\"query-input\":\"required name=search_term_string\"}],\"inLanguage\":\"sl-SI\"},{\"@type\":\"Organization\",\"@id\":\"https:\/\/hudo.com\/si\/#organization\",\"name\":\"VSN Media\",\"url\":\"https:\/\/hudo.com\/si\/\",\"logo\":{\"@type\":\"ImageObject\",\"inLanguage\":\"sl-SI\",\"@id\":\"https:\/\/hudo.com\/si\/#\/schema\/logo\/image\/\",\"url\":\"https:\/\/hudo.com\/si\/wp-content\/uploads\/sites\/2\/2021\/03\/hudo-app-2.png\",\"contentUrl\":\"https:\/\/hudo.com\/si\/wp-content\/uploads\/sites\/2\/2021\/03\/hudo-app-2.png\",\"width\":2185,\"height\":2167,\"caption\":\"VSN Media\"},\"image\":{\"@id\":\"https:\/\/hudo.com\/si\/#\/schema\/logo\/image\/\"},\"sameAs\":[\"https:\/\/www.facebook.com\/hudo.si\",\"https:\/\/twitter.com\/hudo_si\"]},{\"@type\":\"Person\",\"@id\":\"https:\/\/hudo.com\/si\/#\/schema\/person\/2391667a63ea075ba94f2f2dc6b77537\",\"name\":\"A. G., STA\",\"image\":{\"@type\":\"ImageObject\",\"inLanguage\":\"sl-SI\",\"@id\":\"https:\/\/hudo.com\/si\/#\/schema\/person\/image\/\",\"url\":\"https:\/\/secure.gravatar.com\/avatar\/e13d22ac3e442658d5025fbbe6238a79?s=96&d=mm&r=g\",\"contentUrl\":\"https:\/\/secure.gravatar.com\/avatar\/e13d22ac3e442658d5025fbbe6238a79?s=96&d=mm&r=g\",\"caption\":\"A. G., STA\"},\"url\":\"https:\/\/hudo.com\/si\/author\/alenka\/\"}]}<\/script>\n<!-- \/ Yoast SEO plugin. -->","yoast_head_json":{"title":"Barnier: Za dogovor o urejenem brexitu potrebujemo ve\u010d \u010dasa - Hudo Slovenija","robots":{"index":"index","follow":"follow","max-snippet":"max-snippet:-1","max-image-preview":"max-image-preview:large","max-video-preview":"max-video-preview:-1"},"canonical":"https:\/\/hudo.com\/si\/aktualno\/barnier-za-dogovor-o-urejenem-brexitu-potrebujemo-vec-casa\/","og_locale":"sl_SI","og_type":"article","og_title":"Barnier: Za dogovor o urejenem brexitu potrebujemo ve\u010d \u010dasa - Hudo Slovenija","og_description":"EU in Zdru\u017eeno kraljestvo za dogovor o urejenem brexitu potrebujeta ve\u010d \u010dasa, je danes v Luksemburgu ocenil glavni pogajalec unije o brexitu Michel Barnier. \"Vzeli si bomo ta \u010das - mirno, resno - da dose\u017eemo ta celovit dogovor v prihodnjih tednih,\" je dejal ob prihodu na zasedanje ministrov EU.","og_url":"https:\/\/hudo.com\/si\/aktualno\/barnier-za-dogovor-o-urejenem-brexitu-potrebujemo-vec-casa\/","og_site_name":"Hudo Slovenija","article_publisher":"https:\/\/www.facebook.com\/hudo.si","article_published_time":"2018-10-16T18:43:22+00:00","og_image":[{"width":1250,"height":890,"url":"https:\/\/hudo.com\/si\/wp-content\/uploads\/sites\/2\/2018\/10\/profimedia-0341618241.jpg","type":"image\/jpeg"}],"author":"A. G., STA","twitter_card":"summary_large_image","twitter_creator":"@hudo_si","twitter_site":"@hudo_si","twitter_misc":{"Written by":"A. G., STA","Est. reading time":"1 minuta"},"schema":{"@context":"https:\/\/schema.org","@graph":[{"@type":"Article","@id":"https:\/\/hudo.com\/si\/aktualno\/barnier-za-dogovor-o-urejenem-brexitu-potrebujemo-vec-casa\/#article","isPartOf":{"@id":"https:\/\/hudo.com\/si\/aktualno\/barnier-za-dogovor-o-urejenem-brexitu-potrebujemo-vec-casa\/"},"author":{"name":"A. G., STA","@id":"https:\/\/hudo.com\/si\/#\/schema\/person\/2391667a63ea075ba94f2f2dc6b77537"},"headline":"Barnier: Za dogovor o urejenem brexitu potrebujemo ve\u010d \u010dasa","datePublished":"2018-10-16T18:43:22+00:00","dateModified":"2018-10-16T18:43:22+00:00","mainEntityOfPage":{"@id":"https:\/\/hudo.com\/si\/aktualno\/barnier-za-dogovor-o-urejenem-brexitu-potrebujemo-vec-casa\/"},"wordCount":230,"publisher":{"@id":"https:\/\/hudo.com\/si\/#organization"},"keywords":["Brexit","Michel Barnier"],"articleSection":["Aktualno"],"inLanguage":"sl-SI"},{"@type":"WebPage","@id":"https:\/\/hudo.com\/si\/aktualno\/barnier-za-dogovor-o-urejenem-brexitu-potrebujemo-vec-casa\/","url":"https:\/\/hudo.com\/si\/aktualno\/barnier-za-dogovor-o-urejenem-brexitu-potrebujemo-vec-casa\/","name":"Barnier: Za dogovor o urejenem brexitu potrebujemo ve\u010d \u010dasa - Hudo Slovenija","isPartOf":{"@id":"https:\/\/hudo.com\/si\/#website"},"datePublished":"2018-10-16T18:43:22+00:00","dateModified":"2018-10-16T18:43:22+00:00","breadcrumb":{"@id":"https:\/\/hudo.com\/si\/aktualno\/barnier-za-dogovor-o-urejenem-brexitu-potrebujemo-vec-casa\/#breadcrumb"},"inLanguage":"sl-SI","potentialAction":[{"@type":"ReadAction","target":["https:\/\/hudo.com\/si\/aktualno\/barnier-za-dogovor-o-urejenem-brexitu-potrebujemo-vec-casa\/"]}]},{"@type":"BreadcrumbList","@id":"https:\/\/hudo.com\/si\/aktualno\/barnier-za-dogovor-o-urejenem-brexitu-potrebujemo-vec-casa\/#breadcrumb","itemListElement":[{"@type":"ListItem","position":1,"name":"Home","item":"https:\/\/hudo.com\/si\/"},{"@type":"ListItem","position":2,"name":"Barnier: Za dogovor o urejenem brexitu potrebujemo ve\u010d \u010dasa"}]},{"@type":"WebSite","@id":"https:\/\/hudo.com\/si\/#website","url":"https:\/\/hudo.com\/si\/","name":"Hudo Slovenija","description":"Vse novice iz Slovenije in sveta","publisher":{"@id":"https:\/\/hudo.com\/si\/#organization"},"potentialAction":[{"@type":"SearchAction","target":{"@type":"EntryPoint","urlTemplate":"https:\/\/hudo.com\/si\/?s={search_term_string}"},"query-input":"required name=search_term_string"}],"inLanguage":"sl-SI"},{"@type":"Organization","@id":"https:\/\/hudo.com\/si\/#organization","name":"VSN Media","url":"https:\/\/hudo.com\/si\/","logo":{"@type":"ImageObject","inLanguage":"sl-SI","@id":"https:\/\/hudo.com\/si\/#\/schema\/logo\/image\/","url":"https:\/\/hudo.com\/si\/wp-content\/uploads\/sites\/2\/2021\/03\/hudo-app-2.png","contentUrl":"https:\/\/hudo.com\/si\/wp-content\/uploads\/sites\/2\/2021\/03\/hudo-app-2.png","width":2185,"height":2167,"caption":"VSN Media"},"image":{"@id":"https:\/\/hudo.com\/si\/#\/schema\/logo\/image\/"},"sameAs":["https:\/\/www.facebook.com\/hudo.si","https:\/\/twitter.com\/hudo_si"]},{"@type":"Person","@id":"https:\/\/hudo.com\/si\/#\/schema\/person\/2391667a63ea075ba94f2f2dc6b77537","name":"A. G., STA","image":{"@type":"ImageObject","inLanguage":"sl-SI","@id":"https:\/\/hudo.com\/si\/#\/schema\/person\/image\/","url":"https:\/\/secure.gravatar.com\/avatar\/e13d22ac3e442658d5025fbbe6238a79?s=96&d=mm&r=g","contentUrl":"https:\/\/secure.gravatar.com\/avatar\/e13d22ac3e442658d5025fbbe6238a79?s=96&d=mm&r=g","caption":"A. G., STA"},"url":"https:\/\/hudo.com\/si\/author\/alenka\/"}]}},"amp_enabled":true,"_links":{"self":[{"href":"https:\/\/hudo.com\/si\/wp-json\/wp\/v2\/posts\/379366"}],"collection":[{"href":"https:\/\/hudo.com\/si\/wp-json\/wp\/v2\/posts"}],"about":[{"href":"https:\/\/hudo.com\/si\/wp-json\/wp\/v2\/types\/post"}],"author":[{"embeddable":true,"href":"https:\/\/hudo.com\/si\/wp-json\/wp\/v2\/users\/5"}],"replies":[{"embeddable":true,"href":"https:\/\/hudo.com\/si\/wp-json\/wp\/v2\/comments?post=379366"}],"version-history":[{"count":1,"href":"https:\/\/hudo.com\/si\/wp-json\/wp\/v2\/posts\/379366\/revisions"}],"predecessor-version":[{"id":379368,"href":"https:\/\/hudo.com\/si\/wp-json\/wp\/v2\/posts\/379366\/revisions\/379368"}],"wp:featuredmedia":[{"embeddable":true,"href":"https:\/\/hudo.com\/si\/wp-json\/wp\/v2\/media\/379367"}],"wp:attachment":[{"href":"https:\/\/hudo.com\/si\/wp-json\/wp\/v2\/media?parent=379366"}],"wp:term":[{"taxonomy":"category","embeddable":true,"href":"https:\/\/hudo.com\/si\/wp-json\/wp\/v2\/categories?post=379366"},{"taxonomy":"post_tag","embeddable":true,"href":"https:\/\/hudo.com\/si\/wp-json\/wp\/v2\/tags?post=379366"},{"taxonomy":"source","embeddable":true,"href":"https:\/\/hudo.com\/si\/wp-json\/wp\/v2\/source?post=379366"},{"taxonomy":"supertag","embeddable":true,"href":"https:\/\/hudo.com\/si\/wp-json\/wp\/v2\/supertag?post=379366"}],"curies":[{"name":"wp","href":"https:\/\/api.w.org\/{rel}","templated":true}]}}