{"id":37972,"date":"2016-04-23T15:22:00","date_gmt":"2016-04-23T13:22:00","guid":{"rendered":"http:\/\/hudo.com\/si\/2016\/04\/23\/ana-velensek-se-bo-borila-za-bron\/"},"modified":"2016-04-23T15:22:00","modified_gmt":"2016-04-23T13:22:00","slug":"ana-velensek-se-bo-borila-za-bron","status":"publish","type":"post","link":"https:\/\/hudo.com\/si\/aktualno\/ana-velensek-se-bo-borila-za-bron\/","title":{"rendered":"Ana Velen\u0161ek se bo borila za bron"},"content":{"rendered":"<p>Kategorija: Drugi \u0161porti Sat, 23 Apr 2016 17:22:00 +0200  Kazan &#8211; Zadnji dan posami\u010dnih bojev na judoisti\u010dnem evropskem prvenstvu v Kazanu se pod slovensko zastavo borita le Ana Velen\u0161ek (do 78 kg) in Miha \u017dgank (do 90 kg). Velen\u0161kova, ki lovi \u017ee svojo peto (zaporedno) kolajno na tem tekmovanju po srebru v Budimpe\u0161ti &#8217;13 ter bronastih v Istanbulu &#8217;11, \u010celjabinsku &#8217;12 in Bakuju &#8217;15, je bila v uvodnem krogu prosta, v drugem pa je bila njena tekmica izku\u0161ena \u0160panka Marta Tort Merino, drugouvr\u0161\u010dena s celinskega prvenstva do 23 let v Zagrebu &#8217;08. Judoistka iz \u0160martnega pri Celju je hitro opravila s 30-letno nasprotnico, potem ko jo je \u017ee po poldrugi minuti spravila na hrbet. Zatem je bila njena tekmica Britanka Natalie Powell, petouvr\u0161\u010dena z lanskega prvenstva stare celine v Bakuju, ki je unov\u010dila manj\u0161o Anino nepazljivost in zmagala s prednostjo\u00a0&#8230;<\/p>\n","protected":false},"excerpt":{"rendered":"<p>Kategorija: Drugi \u0161porti Sat, 23 Apr 2016 17:22:00 +0200  Kazan &#8211; Zadnji dan posami\u010dnih bojev na judoisti\u010dnem evropskem prvenstvu v Kazanu se pod slovensko zastavo borita le Ana Velen\u0161ek (do 78 kg) in Miha \u017dgank (do 90 kg). Velen\u0161kova, ki lovi \u017ee svojo peto (zaporedno) kolajno na tem tekmovanju po srebru v Budimpe\u0161ti &#8217;13 ter bronastih v Istanbulu &#8217;11, \u010celjabinsku &#8217;12 in Bakuju &#8217;15, je bila v uvodnem krogu prosta, v drugem pa je bila njena tekmica izku\u0161ena \u0160panka Marta Tort Merino, drugouvr\u0161\u010dena s celinskega prvenstva do 23 let v Zagrebu &#8217;08. Judoistka iz \u0160martnega pri Celju je hitro opravila s 30-letno nasprotnico, potem ko jo je \u017ee po poldrugi minuti spravila na hrbet. Zatem je bila njena tekmica Britanka Natalie Powell, petouvr\u0161\u010dena z lanskega prvenstva stare celine v Bakuju, ki je unov\u010dila manj\u0161o Anino nepazljivost in zmagala s prednostjo\u00a0&#8230;<\/p>\n","protected":false},"author":1,"featured_media":0,"comment_status":"closed","ping_status":"closed","sticky":false,"template":"","format":"standard","meta":{"footnotes":""},"categories":[1179],"tags":[],"source":[4511],"supertag":[],"acf":[],"yoast_head":"<!-- This site is optimized with the Yoast SEO plugin v21.3 - https:\/\/yoast.com\/wordpress\/plugins\/seo\/ -->\n<title>Ana Velen\u0161ek se bo borila za bron - Hudo Slovenija<\/title>\n<meta name=\"robots\" content=\"index, follow, max-snippet:-1, max-image-preview:large, max-video-preview:-1\" \/>\n<link rel=\"canonical\" href=\"https:\/\/hudo.com\/si\/aktualno\/ana-velensek-se-bo-borila-za-bron\/\" \/>\n<meta property=\"og:locale\" content=\"sl_SI\" \/>\n<meta property=\"og:type\" content=\"article\" \/>\n<meta property=\"og:title\" content=\"Ana Velen\u0161ek se bo borila za bron - Hudo Slovenija\" \/>\n<meta property=\"og:description\" content=\"Kategorija: Drugi \u0161porti Sat, 23 Apr 2016 17:22:00 +0200 Kazan - Zadnji dan posami\u010dnih bojev na judoisti\u010dnem evropskem prvenstvu v Kazanu se pod slovensko zastavo borita le Ana Velen\u0161ek (do 78 kg) in Miha \u017dgank (do 90 kg). Velen\u0161kova, ki lovi \u017ee svojo peto (zaporedno) kolajno na tem tekmovanju po srebru v Budimpe\u0161ti &#039;13 ter bronastih v Istanbulu &#039;11, \u010celjabinsku &#039;12 in Bakuju &#039;15, je bila v uvodnem krogu prosta, v drugem pa je bila njena tekmica izku\u0161ena \u0160panka Marta Tort Merino, drugouvr\u0161\u010dena s celinskega prvenstva do 23 let v Zagrebu &#039;08. Judoistka iz \u0160martnega pri Celju je hitro opravila s 30-letno nasprotnico, potem ko jo je \u017ee po poldrugi minuti spravila na hrbet. Zatem je bila njena tekmica Britanka Natalie Powell, petouvr\u0161\u010dena z lanskega prvenstva stare celine v Bakuju, ki je unov\u010dila manj\u0161o Anino nepazljivost in zmagala s prednostjo\u00a0...\" \/>\n<meta property=\"og:url\" content=\"https:\/\/hudo.com\/si\/aktualno\/ana-velensek-se-bo-borila-za-bron\/\" \/>\n<meta property=\"og:site_name\" content=\"Hudo Slovenija\" \/>\n<meta property=\"article:publisher\" content=\"https:\/\/www.facebook.com\/hudo.si\" \/>\n<meta property=\"article:published_time\" content=\"2016-04-23T13:22:00+00:00\" \/>\n<meta property=\"og:image\" content=\"https:\/\/hudo.com\/si\/wp-content\/uploads\/sites\/2\/2016\/04\/480x290_AFP_Photo-20150828161134-76204500-1.jpeg\" \/>\n\t<meta property=\"og:image:width\" content=\"480\" \/>\n\t<meta property=\"og:image:height\" content=\"290\" \/>\n\t<meta property=\"og:image:type\" content=\"image\/jpeg\" \/>\n<meta name=\"author\" content=\"hudo\" \/>\n<meta name=\"twitter:card\" content=\"summary_large_image\" \/>\n<meta name=\"twitter:creator\" content=\"@hudo_si\" \/>\n<meta name=\"twitter:site\" content=\"@hudo_si\" \/>\n<meta name=\"twitter:label1\" content=\"Written by\" \/>\n\t<meta name=\"twitter:data1\" content=\"hudo\" \/>\n\t<meta name=\"twitter:label2\" content=\"Est. reading time\" \/>\n\t<meta name=\"twitter:data2\" content=\"1 minuta\" \/>\n<script type=\"application\/ld+json\" class=\"yoast-schema-graph\">{\"@context\":\"https:\/\/schema.org\",\"@graph\":[{\"@type\":\"Article\",\"@id\":\"https:\/\/hudo.com\/si\/aktualno\/ana-velensek-se-bo-borila-za-bron\/#article\",\"isPartOf\":{\"@id\":\"https:\/\/hudo.com\/si\/aktualno\/ana-velensek-se-bo-borila-za-bron\/\"},\"author\":{\"name\":\"hudo\",\"@id\":\"https:\/\/hudo.com\/si\/#\/schema\/person\/601cf3379633985b20f7e50f2bb47707\"},\"headline\":\"Ana Velen\u0161ek se bo borila za bron\",\"datePublished\":\"2016-04-23T13:22:00+00:00\",\"dateModified\":\"2016-04-23T13:22:00+00:00\",\"mainEntityOfPage\":{\"@id\":\"https:\/\/hudo.com\/si\/aktualno\/ana-velensek-se-bo-borila-za-bron\/\"},\"wordCount\":151,\"publisher\":{\"@id\":\"https:\/\/hudo.com\/si\/#organization\"},\"articleSection\":[\"Aktualno\"],\"inLanguage\":\"sl-SI\"},{\"@type\":\"WebPage\",\"@id\":\"https:\/\/hudo.com\/si\/aktualno\/ana-velensek-se-bo-borila-za-bron\/\",\"url\":\"https:\/\/hudo.com\/si\/aktualno\/ana-velensek-se-bo-borila-za-bron\/\",\"name\":\"Ana Velen\u0161ek se bo borila za bron - Hudo Slovenija\",\"isPartOf\":{\"@id\":\"https:\/\/hudo.com\/si\/#website\"},\"datePublished\":\"2016-04-23T13:22:00+00:00\",\"dateModified\":\"2016-04-23T13:22:00+00:00\",\"breadcrumb\":{\"@id\":\"https:\/\/hudo.com\/si\/aktualno\/ana-velensek-se-bo-borila-za-bron\/#breadcrumb\"},\"inLanguage\":\"sl-SI\",\"potentialAction\":[{\"@type\":\"ReadAction\",\"target\":[\"https:\/\/hudo.com\/si\/aktualno\/ana-velensek-se-bo-borila-za-bron\/\"]}]},{\"@type\":\"BreadcrumbList\",\"@id\":\"https:\/\/hudo.com\/si\/aktualno\/ana-velensek-se-bo-borila-za-bron\/#breadcrumb\",\"itemListElement\":[{\"@type\":\"ListItem\",\"position\":1,\"name\":\"Home\",\"item\":\"https:\/\/hudo.com\/si\/\"},{\"@type\":\"ListItem\",\"position\":2,\"name\":\"Ana Velen\u0161ek se bo borila za bron\"}]},{\"@type\":\"WebSite\",\"@id\":\"https:\/\/hudo.com\/si\/#website\",\"url\":\"https:\/\/hudo.com\/si\/\",\"name\":\"Hudo Slovenija\",\"description\":\"Vse novice iz Slovenije in sveta\",\"publisher\":{\"@id\":\"https:\/\/hudo.com\/si\/#organization\"},\"potentialAction\":[{\"@type\":\"SearchAction\",\"target\":{\"@type\":\"EntryPoint\",\"urlTemplate\":\"https:\/\/hudo.com\/si\/?s={search_term_string}\"},\"query-input\":\"required name=search_term_string\"}],\"inLanguage\":\"sl-SI\"},{\"@type\":\"Organization\",\"@id\":\"https:\/\/hudo.com\/si\/#organization\",\"name\":\"VSN Media\",\"url\":\"https:\/\/hudo.com\/si\/\",\"logo\":{\"@type\":\"ImageObject\",\"inLanguage\":\"sl-SI\",\"@id\":\"https:\/\/hudo.com\/si\/#\/schema\/logo\/image\/\",\"url\":\"https:\/\/hudo.com\/si\/wp-content\/uploads\/sites\/2\/2021\/03\/hudo-app-2.png\",\"contentUrl\":\"https:\/\/hudo.com\/si\/wp-content\/uploads\/sites\/2\/2021\/03\/hudo-app-2.png\",\"width\":2185,\"height\":2167,\"caption\":\"VSN Media\"},\"image\":{\"@id\":\"https:\/\/hudo.com\/si\/#\/schema\/logo\/image\/\"},\"sameAs\":[\"https:\/\/www.facebook.com\/hudo.si\",\"https:\/\/twitter.com\/hudo_si\"]},{\"@type\":\"Person\",\"@id\":\"https:\/\/hudo.com\/si\/#\/schema\/person\/601cf3379633985b20f7e50f2bb47707\",\"name\":\"hudo\",\"image\":{\"@type\":\"ImageObject\",\"inLanguage\":\"sl-SI\",\"@id\":\"https:\/\/hudo.com\/si\/#\/schema\/person\/image\/\",\"url\":\"https:\/\/secure.gravatar.com\/avatar\/c4ca25fa72cace7a696b52ff5db9e095?s=96&d=mm&r=g\",\"contentUrl\":\"https:\/\/secure.gravatar.com\/avatar\/c4ca25fa72cace7a696b52ff5db9e095?s=96&d=mm&r=g\",\"caption\":\"hudo\"},\"url\":\"https:\/\/hudo.com\/si\/author\/hudo\/\"}]}<\/script>\n<!-- \/ Yoast SEO plugin. -->","yoast_head_json":{"title":"Ana Velen\u0161ek se bo borila za bron - Hudo Slovenija","robots":{"index":"index","follow":"follow","max-snippet":"max-snippet:-1","max-image-preview":"max-image-preview:large","max-video-preview":"max-video-preview:-1"},"canonical":"https:\/\/hudo.com\/si\/aktualno\/ana-velensek-se-bo-borila-za-bron\/","og_locale":"sl_SI","og_type":"article","og_title":"Ana Velen\u0161ek se bo borila za bron - Hudo Slovenija","og_description":"Kategorija: Drugi \u0161porti Sat, 23 Apr 2016 17:22:00 +0200 Kazan - Zadnji dan posami\u010dnih bojev na judoisti\u010dnem evropskem prvenstvu v Kazanu se pod slovensko zastavo borita le Ana Velen\u0161ek (do 78 kg) in Miha \u017dgank (do 90 kg). Velen\u0161kova, ki lovi \u017ee svojo peto (zaporedno) kolajno na tem tekmovanju po srebru v Budimpe\u0161ti '13 ter bronastih v Istanbulu '11, \u010celjabinsku '12 in Bakuju '15, je bila v uvodnem krogu prosta, v drugem pa je bila njena tekmica izku\u0161ena \u0160panka Marta Tort Merino, drugouvr\u0161\u010dena s celinskega prvenstva do 23 let v Zagrebu '08. Judoistka iz \u0160martnega pri Celju je hitro opravila s 30-letno nasprotnico, potem ko jo je \u017ee po poldrugi minuti spravila na hrbet. Zatem je bila njena tekmica Britanka Natalie Powell, petouvr\u0161\u010dena z lanskega prvenstva stare celine v Bakuju, ki je unov\u010dila manj\u0161o Anino nepazljivost in zmagala s prednostjo\u00a0...","og_url":"https:\/\/hudo.com\/si\/aktualno\/ana-velensek-se-bo-borila-za-bron\/","og_site_name":"Hudo Slovenija","article_publisher":"https:\/\/www.facebook.com\/hudo.si","article_published_time":"2016-04-23T13:22:00+00:00","og_image":[{"width":480,"height":290,"url":"https:\/\/hudo.com\/si\/wp-content\/uploads\/sites\/2\/2016\/04\/480x290_AFP_Photo-20150828161134-76204500-1.jpeg","type":"image\/jpeg"}],"author":"hudo","twitter_card":"summary_large_image","twitter_creator":"@hudo_si","twitter_site":"@hudo_si","twitter_misc":{"Written by":"hudo","Est. reading time":"1 minuta"},"schema":{"@context":"https:\/\/schema.org","@graph":[{"@type":"Article","@id":"https:\/\/hudo.com\/si\/aktualno\/ana-velensek-se-bo-borila-za-bron\/#article","isPartOf":{"@id":"https:\/\/hudo.com\/si\/aktualno\/ana-velensek-se-bo-borila-za-bron\/"},"author":{"name":"hudo","@id":"https:\/\/hudo.com\/si\/#\/schema\/person\/601cf3379633985b20f7e50f2bb47707"},"headline":"Ana Velen\u0161ek se bo borila za bron","datePublished":"2016-04-23T13:22:00+00:00","dateModified":"2016-04-23T13:22:00+00:00","mainEntityOfPage":{"@id":"https:\/\/hudo.com\/si\/aktualno\/ana-velensek-se-bo-borila-za-bron\/"},"wordCount":151,"publisher":{"@id":"https:\/\/hudo.com\/si\/#organization"},"articleSection":["Aktualno"],"inLanguage":"sl-SI"},{"@type":"WebPage","@id":"https:\/\/hudo.com\/si\/aktualno\/ana-velensek-se-bo-borila-za-bron\/","url":"https:\/\/hudo.com\/si\/aktualno\/ana-velensek-se-bo-borila-za-bron\/","name":"Ana Velen\u0161ek se bo borila za bron - Hudo Slovenija","isPartOf":{"@id":"https:\/\/hudo.com\/si\/#website"},"datePublished":"2016-04-23T13:22:00+00:00","dateModified":"2016-04-23T13:22:00+00:00","breadcrumb":{"@id":"https:\/\/hudo.com\/si\/aktualno\/ana-velensek-se-bo-borila-za-bron\/#breadcrumb"},"inLanguage":"sl-SI","potentialAction":[{"@type":"ReadAction","target":["https:\/\/hudo.com\/si\/aktualno\/ana-velensek-se-bo-borila-za-bron\/"]}]},{"@type":"BreadcrumbList","@id":"https:\/\/hudo.com\/si\/aktualno\/ana-velensek-se-bo-borila-za-bron\/#breadcrumb","itemListElement":[{"@type":"ListItem","position":1,"name":"Home","item":"https:\/\/hudo.com\/si\/"},{"@type":"ListItem","position":2,"name":"Ana Velen\u0161ek se bo borila za bron"}]},{"@type":"WebSite","@id":"https:\/\/hudo.com\/si\/#website","url":"https:\/\/hudo.com\/si\/","name":"Hudo Slovenija","description":"Vse novice iz Slovenije in sveta","publisher":{"@id":"https:\/\/hudo.com\/si\/#organization"},"potentialAction":[{"@type":"SearchAction","target":{"@type":"EntryPoint","urlTemplate":"https:\/\/hudo.com\/si\/?s={search_term_string}"},"query-input":"required name=search_term_string"}],"inLanguage":"sl-SI"},{"@type":"Organization","@id":"https:\/\/hudo.com\/si\/#organization","name":"VSN Media","url":"https:\/\/hudo.com\/si\/","logo":{"@type":"ImageObject","inLanguage":"sl-SI","@id":"https:\/\/hudo.com\/si\/#\/schema\/logo\/image\/","url":"https:\/\/hudo.com\/si\/wp-content\/uploads\/sites\/2\/2021\/03\/hudo-app-2.png","contentUrl":"https:\/\/hudo.com\/si\/wp-content\/uploads\/sites\/2\/2021\/03\/hudo-app-2.png","width":2185,"height":2167,"caption":"VSN Media"},"image":{"@id":"https:\/\/hudo.com\/si\/#\/schema\/logo\/image\/"},"sameAs":["https:\/\/www.facebook.com\/hudo.si","https:\/\/twitter.com\/hudo_si"]},{"@type":"Person","@id":"https:\/\/hudo.com\/si\/#\/schema\/person\/601cf3379633985b20f7e50f2bb47707","name":"hudo","image":{"@type":"ImageObject","inLanguage":"sl-SI","@id":"https:\/\/hudo.com\/si\/#\/schema\/person\/image\/","url":"https:\/\/secure.gravatar.com\/avatar\/c4ca25fa72cace7a696b52ff5db9e095?s=96&d=mm&r=g","contentUrl":"https:\/\/secure.gravatar.com\/avatar\/c4ca25fa72cace7a696b52ff5db9e095?s=96&d=mm&r=g","caption":"hudo"},"url":"https:\/\/hudo.com\/si\/author\/hudo\/"}]}},"amp_enabled":true,"_links":{"self":[{"href":"https:\/\/hudo.com\/si\/wp-json\/wp\/v2\/posts\/37972"}],"collection":[{"href":"https:\/\/hudo.com\/si\/wp-json\/wp\/v2\/posts"}],"about":[{"href":"https:\/\/hudo.com\/si\/wp-json\/wp\/v2\/types\/post"}],"author":[{"embeddable":true,"href":"https:\/\/hudo.com\/si\/wp-json\/wp\/v2\/users\/1"}],"replies":[{"embeddable":true,"href":"https:\/\/hudo.com\/si\/wp-json\/wp\/v2\/comments?post=37972"}],"version-history":[{"count":0,"href":"https:\/\/hudo.com\/si\/wp-json\/wp\/v2\/posts\/37972\/revisions"}],"wp:attachment":[{"href":"https:\/\/hudo.com\/si\/wp-json\/wp\/v2\/media?parent=37972"}],"wp:term":[{"taxonomy":"category","embeddable":true,"href":"https:\/\/hudo.com\/si\/wp-json\/wp\/v2\/categories?post=37972"},{"taxonomy":"post_tag","embeddable":true,"href":"https:\/\/hudo.com\/si\/wp-json\/wp\/v2\/tags?post=37972"},{"taxonomy":"source","embeddable":true,"href":"https:\/\/hudo.com\/si\/wp-json\/wp\/v2\/source?post=37972"},{"taxonomy":"supertag","embeddable":true,"href":"https:\/\/hudo.com\/si\/wp-json\/wp\/v2\/supertag?post=37972"}],"curies":[{"name":"wp","href":"https:\/\/api.w.org\/{rel}","templated":true}]}}