{"id":379916,"date":"2018-10-25T12:15:45","date_gmt":"2018-10-25T10:15:45","guid":{"rendered":"https:\/\/hudo.com\/si\/2018\/10\/25\/lani-v-sloveniji-umrlo-najvec-ljudi-po-drugi-svetovni-vojni\/"},"modified":"2018-10-25T12:15:45","modified_gmt":"2018-10-25T10:15:45","slug":"lani-v-sloveniji-umrlo-najvec-ljudi-po-drugi-svetovni-vojni","status":"publish","type":"post","link":"https:\/\/hudo.com\/si\/aktualno\/mnenja\/lani-v-sloveniji-umrlo-najvec-ljudi-po-drugi-svetovni-vojni\/","title":{"rendered":"Lani v Sloveniji umrlo najve\u010d ljudi po drugi svetovni vojni"},"content":{"rendered":"<figure>\n\t\t\t\t\t<img loading=\"lazy\" decoding=\"async\" width=\"660\" height=\"320\" src=\"data:image\/gif;base64,R0lGODlhAQABAAAAACH5BAEKAAEALAAAAAABAAEAAAICTAEAOw==\" class=\"lazyload\" data-src=\"https:\/\/moski.hudo.com\/wp-content\/uploads\/2018\/10\/profimedia-0268527054-320x155.jpg\" data-srcset=\"https:\/\/moski.hudo.com\/wp-content\/uploads\/2018\/10\/profimedia-0268527054-660x320.jpg 660w,https:\/\/moski.hudo.com\/wp-content\/uploads\/2018\/10\/profimedia-0268527054-320x155.jpg 330w\" sizes=\"(max-width: 660px) 100vw, 660px\"\/><figcaption>foto:Profimedia<\/figcaption><\/figure>\n<p>Lani je umrlo skoraj deset ljudi na tiso\u010d prebivalcev oz. v povpre\u010dju 56 ljudi na dan. Ve\u010d kot v tem letu, smo najvi\u0161je \u0161tevilo umrlih zabele\u017eili le v letu 1983, ko je umrlo 20.703 prebivalcev.<\/p>\n<h2>Negativen prirast<\/h2>\n<p>V Sloveniji se je lani rodilo 20.241 otrok. Prvi\u010d po enajstih letih pa smo tako zabele\u017eili negativni naravni prirast, ki je predvsem posledica vi\u0161je stopnje umrljivosti, predvsem v zimskih mesecih.<\/p>\n<p>Mo\u0161ki v povpre\u010dju umirajo mlaj\u0161i kot \u017eenske, njihova \u017eivljenjska doba pa se sicer hitreje pove\u010duje kot pri pripadnicah ne\u017enej\u0161ega spola. Lani so mo\u0161ki v povpre\u010dju umirali v starosti 74 let oz. deset let starej\u0161i kot pred 30 leti. \u017denske pa so lani v do\u010dakale starost 81,4 leta oz. so umirale 8,5 let starej\u0161e kot leta 1987. Najdlje \u017eivijo prebivalci zahodne Slovenije, povpre\u010dna \u017eivljenjska doba pa se proti vzhodu dr\u017eave zni\u017euje.<\/p>\n<p>Najpogostej\u0161i vzrok smrti so bile lani bolezni srca in o\u017eilja (39 odstotkov), sledila so rakava obolenja (31,1 odstotek), po\u0161kodbe in zastrupitve (7,2 odstotka), bolezni dihal (6,2 odstotka) ter bolezni prebavil (4,4 odstotka). Med rakavimi obolenjih so mo\u0161ki najpogosteje umirali zaradi raka plju\u010d in prostate, medtem ko je najve\u010d \u017eensk umrlo zaradi raka dojk in plju\u010d.<\/p>\n<p>De\u010dek, rojen v minulem letu, lahko ob nespremenljivi umrljivosti pri\u010dakuje, da bo do\u010dakal starost 78 let, medtem ko v istem letu rojene deklice lahko pri\u010dakujejo, da bodo \u017eivele 83,7 leta.<\/p>\n<p>Ve\u010d kot 80 let \u017eivljenja lahko po zadnjih podatkih Eurostata za leto 2016 pri\u010dakujejo le novorojeni de\u010dki v Italiji, \u0160paniji, Luksemburgu, na \u0160vedskem, Malti, Cipru in Nizozemskem. Najni\u017ejo povpre\u010dno starost pa lahko pri\u010dakujejo v Litvi (69,5 leta) in Latviji (69,8 leta). Deklice, rojene v letu 2016, pa starosti 80 let ne bodo do\u010dakale le v \u0161tirih dr\u017eavah \u010dlanicah Evropske unije &#8211; v Bolgariji, Romuniji, Latviji in na Mad\u017earskem. Najvi\u0161jo starost pa bodo do\u010dakale deklice, rojene v \u0160paniji, in sicer 86,3 leta.<\/p>\n","protected":false},"excerpt":{"rendered":"<p>Lani je v Sloveniji umrlo 20.509 prebivalcev, kar je najve\u010d po drugi svetovni vojni, prvi\u010d po ve\u010d kot desetletju pa smo zabele\u017eili tudi negativen naravni prirast. V zadnjih 30 letih se je sicer \u017eivljenjska doba prebivalcev povi\u0161ala za devet let, najdlje pa \u017eivijo na zahodu dr\u017eave, ka\u017eejo podatki Statisti\u010dnega urada RS (Surs).<\/p>\n","protected":false},"author":1,"featured_media":0,"comment_status":"closed","ping_status":"closed","sticky":false,"template":"","format":"standard","meta":{"footnotes":""},"categories":[1605],"tags":[1595,4505],"source":[1607,1518],"supertag":[7541],"acf":[],"yoast_head":"<!-- This site is optimized with the Yoast SEO plugin v21.3 - https:\/\/yoast.com\/wordpress\/plugins\/seo\/ -->\n<title>Lani v Sloveniji umrlo najve\u010d ljudi po drugi svetovni vojni - Hudo Slovenija<\/title>\n<meta name=\"robots\" content=\"index, follow, max-snippet:-1, max-image-preview:large, max-video-preview:-1\" \/>\n<link rel=\"canonical\" href=\"https:\/\/hudo.com\/si\/aktualno\/mnenja\/lani-v-sloveniji-umrlo-najvec-ljudi-po-drugi-svetovni-vojni\/\" \/>\n<meta property=\"og:locale\" content=\"sl_SI\" \/>\n<meta property=\"og:type\" content=\"article\" \/>\n<meta property=\"og:title\" content=\"Lani v Sloveniji umrlo najve\u010d ljudi po drugi svetovni vojni - Hudo Slovenija\" \/>\n<meta property=\"og:description\" content=\"Lani je v Sloveniji umrlo 20.509 prebivalcev, kar je najve\u010d po drugi svetovni vojni, prvi\u010d po ve\u010d kot desetletju pa smo zabele\u017eili tudi negativen naravni prirast. V zadnjih 30 letih se je sicer \u017eivljenjska doba prebivalcev povi\u0161ala za devet let, najdlje pa \u017eivijo na zahodu dr\u017eave, ka\u017eejo podatki Statisti\u010dnega urada RS (Surs).\" \/>\n<meta property=\"og:url\" content=\"https:\/\/hudo.com\/si\/aktualno\/mnenja\/lani-v-sloveniji-umrlo-najvec-ljudi-po-drugi-svetovni-vojni\/\" \/>\n<meta property=\"og:site_name\" content=\"Hudo Slovenija\" \/>\n<meta property=\"article:publisher\" content=\"https:\/\/www.facebook.com\/hudo.si\" \/>\n<meta property=\"article:published_time\" content=\"2018-10-25T10:15:45+00:00\" \/>\n<meta property=\"og:image\" content=\"https:\/\/hudo.com\/si\/wp-content\/uploads\/sites\/2\/2018\/10\/profimedia-0268527054.jpg\" \/>\n\t<meta property=\"og:image:width\" content=\"1250\" \/>\n\t<meta property=\"og:image:height\" content=\"831\" \/>\n\t<meta property=\"og:image:type\" content=\"image\/jpeg\" \/>\n<meta name=\"author\" content=\"hudo\" \/>\n<meta name=\"twitter:card\" content=\"summary_large_image\" \/>\n<meta name=\"twitter:creator\" content=\"@hudo_si\" \/>\n<meta name=\"twitter:site\" content=\"@hudo_si\" \/>\n<meta name=\"twitter:label1\" content=\"Written by\" \/>\n\t<meta name=\"twitter:data1\" content=\"hudo\" \/>\n\t<meta name=\"twitter:label2\" content=\"Est. reading time\" \/>\n\t<meta name=\"twitter:data2\" content=\"2 minuti\" \/>\n<script type=\"application\/ld+json\" class=\"yoast-schema-graph\">{\"@context\":\"https:\/\/schema.org\",\"@graph\":[{\"@type\":\"Article\",\"@id\":\"https:\/\/hudo.com\/si\/aktualno\/mnenja\/lani-v-sloveniji-umrlo-najvec-ljudi-po-drugi-svetovni-vojni\/#article\",\"isPartOf\":{\"@id\":\"https:\/\/hudo.com\/si\/aktualno\/mnenja\/lani-v-sloveniji-umrlo-najvec-ljudi-po-drugi-svetovni-vojni\/\"},\"author\":{\"name\":\"hudo\",\"@id\":\"https:\/\/hudo.com\/si\/#\/schema\/person\/601cf3379633985b20f7e50f2bb47707\"},\"headline\":\"Lani v Sloveniji umrlo najve\u010d ljudi po drugi svetovni vojni\",\"datePublished\":\"2018-10-25T10:15:45+00:00\",\"dateModified\":\"2018-10-25T10:15:45+00:00\",\"mainEntityOfPage\":{\"@id\":\"https:\/\/hudo.com\/si\/aktualno\/mnenja\/lani-v-sloveniji-umrlo-najvec-ljudi-po-drugi-svetovni-vojni\/\"},\"wordCount\":328,\"publisher\":{\"@id\":\"https:\/\/hudo.com\/si\/#organization\"},\"keywords\":[\"Slovenija\",\"statistika\"],\"articleSection\":[\"Mnenja\"],\"inLanguage\":\"sl-SI\"},{\"@type\":\"WebPage\",\"@id\":\"https:\/\/hudo.com\/si\/aktualno\/mnenja\/lani-v-sloveniji-umrlo-najvec-ljudi-po-drugi-svetovni-vojni\/\",\"url\":\"https:\/\/hudo.com\/si\/aktualno\/mnenja\/lani-v-sloveniji-umrlo-najvec-ljudi-po-drugi-svetovni-vojni\/\",\"name\":\"Lani v Sloveniji umrlo najve\u010d ljudi po drugi svetovni vojni - Hudo Slovenija\",\"isPartOf\":{\"@id\":\"https:\/\/hudo.com\/si\/#website\"},\"datePublished\":\"2018-10-25T10:15:45+00:00\",\"dateModified\":\"2018-10-25T10:15:45+00:00\",\"breadcrumb\":{\"@id\":\"https:\/\/hudo.com\/si\/aktualno\/mnenja\/lani-v-sloveniji-umrlo-najvec-ljudi-po-drugi-svetovni-vojni\/#breadcrumb\"},\"inLanguage\":\"sl-SI\",\"potentialAction\":[{\"@type\":\"ReadAction\",\"target\":[\"https:\/\/hudo.com\/si\/aktualno\/mnenja\/lani-v-sloveniji-umrlo-najvec-ljudi-po-drugi-svetovni-vojni\/\"]}]},{\"@type\":\"BreadcrumbList\",\"@id\":\"https:\/\/hudo.com\/si\/aktualno\/mnenja\/lani-v-sloveniji-umrlo-najvec-ljudi-po-drugi-svetovni-vojni\/#breadcrumb\",\"itemListElement\":[{\"@type\":\"ListItem\",\"position\":1,\"name\":\"Home\",\"item\":\"https:\/\/hudo.com\/si\/\"},{\"@type\":\"ListItem\",\"position\":2,\"name\":\"Lani v Sloveniji umrlo najve\u010d ljudi po drugi svetovni vojni\"}]},{\"@type\":\"WebSite\",\"@id\":\"https:\/\/hudo.com\/si\/#website\",\"url\":\"https:\/\/hudo.com\/si\/\",\"name\":\"Hudo Slovenija\",\"description\":\"Vse novice iz Slovenije in sveta\",\"publisher\":{\"@id\":\"https:\/\/hudo.com\/si\/#organization\"},\"potentialAction\":[{\"@type\":\"SearchAction\",\"target\":{\"@type\":\"EntryPoint\",\"urlTemplate\":\"https:\/\/hudo.com\/si\/?s={search_term_string}\"},\"query-input\":\"required name=search_term_string\"}],\"inLanguage\":\"sl-SI\"},{\"@type\":\"Organization\",\"@id\":\"https:\/\/hudo.com\/si\/#organization\",\"name\":\"VSN Media\",\"url\":\"https:\/\/hudo.com\/si\/\",\"logo\":{\"@type\":\"ImageObject\",\"inLanguage\":\"sl-SI\",\"@id\":\"https:\/\/hudo.com\/si\/#\/schema\/logo\/image\/\",\"url\":\"https:\/\/hudo.com\/si\/wp-content\/uploads\/sites\/2\/2021\/03\/hudo-app-2.png\",\"contentUrl\":\"https:\/\/hudo.com\/si\/wp-content\/uploads\/sites\/2\/2021\/03\/hudo-app-2.png\",\"width\":2185,\"height\":2167,\"caption\":\"VSN Media\"},\"image\":{\"@id\":\"https:\/\/hudo.com\/si\/#\/schema\/logo\/image\/\"},\"sameAs\":[\"https:\/\/www.facebook.com\/hudo.si\",\"https:\/\/twitter.com\/hudo_si\"]},{\"@type\":\"Person\",\"@id\":\"https:\/\/hudo.com\/si\/#\/schema\/person\/601cf3379633985b20f7e50f2bb47707\",\"name\":\"hudo\",\"image\":{\"@type\":\"ImageObject\",\"inLanguage\":\"sl-SI\",\"@id\":\"https:\/\/hudo.com\/si\/#\/schema\/person\/image\/\",\"url\":\"https:\/\/secure.gravatar.com\/avatar\/c4ca25fa72cace7a696b52ff5db9e095?s=96&d=mm&r=g\",\"contentUrl\":\"https:\/\/secure.gravatar.com\/avatar\/c4ca25fa72cace7a696b52ff5db9e095?s=96&d=mm&r=g\",\"caption\":\"hudo\"},\"url\":\"https:\/\/hudo.com\/si\/author\/hudo\/\"}]}<\/script>\n<!-- \/ Yoast SEO plugin. -->","yoast_head_json":{"title":"Lani v Sloveniji umrlo najve\u010d ljudi po drugi svetovni vojni - Hudo Slovenija","robots":{"index":"index","follow":"follow","max-snippet":"max-snippet:-1","max-image-preview":"max-image-preview:large","max-video-preview":"max-video-preview:-1"},"canonical":"https:\/\/hudo.com\/si\/aktualno\/mnenja\/lani-v-sloveniji-umrlo-najvec-ljudi-po-drugi-svetovni-vojni\/","og_locale":"sl_SI","og_type":"article","og_title":"Lani v Sloveniji umrlo najve\u010d ljudi po drugi svetovni vojni - Hudo Slovenija","og_description":"Lani je v Sloveniji umrlo 20.509 prebivalcev, kar je najve\u010d po drugi svetovni vojni, prvi\u010d po ve\u010d kot desetletju pa smo zabele\u017eili tudi negativen naravni prirast. V zadnjih 30 letih se je sicer \u017eivljenjska doba prebivalcev povi\u0161ala za devet let, najdlje pa \u017eivijo na zahodu dr\u017eave, ka\u017eejo podatki Statisti\u010dnega urada RS (Surs).","og_url":"https:\/\/hudo.com\/si\/aktualno\/mnenja\/lani-v-sloveniji-umrlo-najvec-ljudi-po-drugi-svetovni-vojni\/","og_site_name":"Hudo Slovenija","article_publisher":"https:\/\/www.facebook.com\/hudo.si","article_published_time":"2018-10-25T10:15:45+00:00","og_image":[{"width":1250,"height":831,"url":"https:\/\/hudo.com\/si\/wp-content\/uploads\/sites\/2\/2018\/10\/profimedia-0268527054.jpg","type":"image\/jpeg"}],"author":"hudo","twitter_card":"summary_large_image","twitter_creator":"@hudo_si","twitter_site":"@hudo_si","twitter_misc":{"Written by":"hudo","Est. reading time":"2 minuti"},"schema":{"@context":"https:\/\/schema.org","@graph":[{"@type":"Article","@id":"https:\/\/hudo.com\/si\/aktualno\/mnenja\/lani-v-sloveniji-umrlo-najvec-ljudi-po-drugi-svetovni-vojni\/#article","isPartOf":{"@id":"https:\/\/hudo.com\/si\/aktualno\/mnenja\/lani-v-sloveniji-umrlo-najvec-ljudi-po-drugi-svetovni-vojni\/"},"author":{"name":"hudo","@id":"https:\/\/hudo.com\/si\/#\/schema\/person\/601cf3379633985b20f7e50f2bb47707"},"headline":"Lani v Sloveniji umrlo najve\u010d ljudi po drugi svetovni vojni","datePublished":"2018-10-25T10:15:45+00:00","dateModified":"2018-10-25T10:15:45+00:00","mainEntityOfPage":{"@id":"https:\/\/hudo.com\/si\/aktualno\/mnenja\/lani-v-sloveniji-umrlo-najvec-ljudi-po-drugi-svetovni-vojni\/"},"wordCount":328,"publisher":{"@id":"https:\/\/hudo.com\/si\/#organization"},"keywords":["Slovenija","statistika"],"articleSection":["Mnenja"],"inLanguage":"sl-SI"},{"@type":"WebPage","@id":"https:\/\/hudo.com\/si\/aktualno\/mnenja\/lani-v-sloveniji-umrlo-najvec-ljudi-po-drugi-svetovni-vojni\/","url":"https:\/\/hudo.com\/si\/aktualno\/mnenja\/lani-v-sloveniji-umrlo-najvec-ljudi-po-drugi-svetovni-vojni\/","name":"Lani v Sloveniji umrlo najve\u010d ljudi po drugi svetovni vojni - Hudo Slovenija","isPartOf":{"@id":"https:\/\/hudo.com\/si\/#website"},"datePublished":"2018-10-25T10:15:45+00:00","dateModified":"2018-10-25T10:15:45+00:00","breadcrumb":{"@id":"https:\/\/hudo.com\/si\/aktualno\/mnenja\/lani-v-sloveniji-umrlo-najvec-ljudi-po-drugi-svetovni-vojni\/#breadcrumb"},"inLanguage":"sl-SI","potentialAction":[{"@type":"ReadAction","target":["https:\/\/hudo.com\/si\/aktualno\/mnenja\/lani-v-sloveniji-umrlo-najvec-ljudi-po-drugi-svetovni-vojni\/"]}]},{"@type":"BreadcrumbList","@id":"https:\/\/hudo.com\/si\/aktualno\/mnenja\/lani-v-sloveniji-umrlo-najvec-ljudi-po-drugi-svetovni-vojni\/#breadcrumb","itemListElement":[{"@type":"ListItem","position":1,"name":"Home","item":"https:\/\/hudo.com\/si\/"},{"@type":"ListItem","position":2,"name":"Lani v Sloveniji umrlo najve\u010d ljudi po drugi svetovni vojni"}]},{"@type":"WebSite","@id":"https:\/\/hudo.com\/si\/#website","url":"https:\/\/hudo.com\/si\/","name":"Hudo Slovenija","description":"Vse novice iz Slovenije in sveta","publisher":{"@id":"https:\/\/hudo.com\/si\/#organization"},"potentialAction":[{"@type":"SearchAction","target":{"@type":"EntryPoint","urlTemplate":"https:\/\/hudo.com\/si\/?s={search_term_string}"},"query-input":"required name=search_term_string"}],"inLanguage":"sl-SI"},{"@type":"Organization","@id":"https:\/\/hudo.com\/si\/#organization","name":"VSN Media","url":"https:\/\/hudo.com\/si\/","logo":{"@type":"ImageObject","inLanguage":"sl-SI","@id":"https:\/\/hudo.com\/si\/#\/schema\/logo\/image\/","url":"https:\/\/hudo.com\/si\/wp-content\/uploads\/sites\/2\/2021\/03\/hudo-app-2.png","contentUrl":"https:\/\/hudo.com\/si\/wp-content\/uploads\/sites\/2\/2021\/03\/hudo-app-2.png","width":2185,"height":2167,"caption":"VSN Media"},"image":{"@id":"https:\/\/hudo.com\/si\/#\/schema\/logo\/image\/"},"sameAs":["https:\/\/www.facebook.com\/hudo.si","https:\/\/twitter.com\/hudo_si"]},{"@type":"Person","@id":"https:\/\/hudo.com\/si\/#\/schema\/person\/601cf3379633985b20f7e50f2bb47707","name":"hudo","image":{"@type":"ImageObject","inLanguage":"sl-SI","@id":"https:\/\/hudo.com\/si\/#\/schema\/person\/image\/","url":"https:\/\/secure.gravatar.com\/avatar\/c4ca25fa72cace7a696b52ff5db9e095?s=96&d=mm&r=g","contentUrl":"https:\/\/secure.gravatar.com\/avatar\/c4ca25fa72cace7a696b52ff5db9e095?s=96&d=mm&r=g","caption":"hudo"},"url":"https:\/\/hudo.com\/si\/author\/hudo\/"}]}},"amp_enabled":true,"_links":{"self":[{"href":"https:\/\/hudo.com\/si\/wp-json\/wp\/v2\/posts\/379916"}],"collection":[{"href":"https:\/\/hudo.com\/si\/wp-json\/wp\/v2\/posts"}],"about":[{"href":"https:\/\/hudo.com\/si\/wp-json\/wp\/v2\/types\/post"}],"author":[{"embeddable":true,"href":"https:\/\/hudo.com\/si\/wp-json\/wp\/v2\/users\/1"}],"replies":[{"embeddable":true,"href":"https:\/\/hudo.com\/si\/wp-json\/wp\/v2\/comments?post=379916"}],"version-history":[{"count":0,"href":"https:\/\/hudo.com\/si\/wp-json\/wp\/v2\/posts\/379916\/revisions"}],"wp:attachment":[{"href":"https:\/\/hudo.com\/si\/wp-json\/wp\/v2\/media?parent=379916"}],"wp:term":[{"taxonomy":"category","embeddable":true,"href":"https:\/\/hudo.com\/si\/wp-json\/wp\/v2\/categories?post=379916"},{"taxonomy":"post_tag","embeddable":true,"href":"https:\/\/hudo.com\/si\/wp-json\/wp\/v2\/tags?post=379916"},{"taxonomy":"source","embeddable":true,"href":"https:\/\/hudo.com\/si\/wp-json\/wp\/v2\/source?post=379916"},{"taxonomy":"supertag","embeddable":true,"href":"https:\/\/hudo.com\/si\/wp-json\/wp\/v2\/supertag?post=379916"}],"curies":[{"name":"wp","href":"https:\/\/api.w.org\/{rel}","templated":true}]}}