{"id":380026,"date":"2018-10-28T07:32:06","date_gmt":"2018-10-28T06:32:06","guid":{"rendered":"http:\/\/hudo.com\/si\/?p=380026"},"modified":"2018-10-28T07:32:06","modified_gmt":"2018-10-28T06:32:06","slug":"od-danes-torka-mocnejse-nevihte-okrepljen-veter","status":"publish","type":"post","link":"https:\/\/hudo.com\/si\/aktualno\/od-danes-torka-mocnejse-nevihte-okrepljen-veter\/","title":{"rendered":"Od danes do torka mo\u010dnej\u0161e nevihte in okrepljen veter"},"content":{"rendered":"<p>Uprava za za\u0161\u010dito in re\u0161evanje ter gasilci prebivalstvo opozarjajo, da bi lahko velike koli\u010dine odpadlega listja prepre\u010dile odtekanje vode, zaradi \u010desar lahko pride do poplavljanja objektov in prometnic. Zato lastnikom in upravljavcem priporo\u010dajo, naj po potrebi o\u010distijo sisteme odvodnjavanja.<\/p>\n<p>Danes bo po napovedih vremenoslovcev Agencije RS za okolje (Arso) predvsem v vi\u0161jih legah pihal jugozahodnik s hitrostjo med 70 in 90 kilometrov na uro. Sunki vetra nad 70 kilometrov na uro se lahko pojavijo tudi na izpostavljenih mestih po ni\u017einah. Veter bo v danes zve\u010der prehodno oslabel in se znova okrepil v ponedeljek popoldne. V ponedeljek zve\u010der in v no\u010di na torek bo pihal mo\u010dan veter ju\u017enih smeri. Veter bo do torka zve\u010der oslabel.<\/p>\n<p>V severozahodni Sloveniji \u017ee je v soboto padlo od 40 do 90 litrov de\u017eja na kvadratni meter, danes pa se bodo padavine raz\u0161irile na ve\u010dji del Slovenije. Obilne padavine se bodo v zahodni, osrednji in ju\u017eni Sloveniji nadaljevale do torka zjutraj. Vmes bodo tudi krajevno mo\u010dnej\u0161i, lahko tudi dolgotrajnej\u0161i nalivi, opozarjajo vremenoslovci.<\/p>\n<p>Meja sne\u017eenja bo med 2300 in 2500 metri, v torek zjutraj se bo zni\u017eala do okoli 1600 metrov.<\/p>\n<p>Vremenoslovci pri\u010dakujejo, da bi lahko do torka zjutraj v zahodni polovici dr\u017eave padlo \u0161e od 150 do 300, krajevno na severozahodu lahko tudi do 400 litrov de\u017eja na kvadratni meter. Drugod bo padavin manj.<\/p>\n<p>Danes \u010dez dan in do no\u010di na ponedeljek bodo ob mo\u017enih dolgotrajnej\u0161ih nalivih hitro nara\u0161\u010dale sprva manj\u0161e reke. Ob tem so mo\u017ena posamezna razlivanja rek. Pojav je verjeten v zahodni, osrednji, ju\u017eni in deloma vzhodni Sloveniji.<\/p>\n<p>Danes je pri\u010dakovati tudi, da bo morje zaradi povi\u0161ane gladine in valovanja poplavljalo ni\u017eje izpostavljene dele obale.<\/p>\n","protected":false},"excerpt":{"rendered":"<p>Zaradi pri\u010dakovanega mo\u010dnega vetra je za zahodni del dr\u017eave razgla\u0161ena oran\u017ena stopnja ogro\u017eenosti. Obla\u010dno vreme z mo\u010dnej\u0161imi nevihtami in okrepljenimi vetrovi se bo nadaljevalo vse do torka, opozarjajo na Arsu. Ker bo v kraj\u0161em \u010dasu padla ve\u010dja koli\u010dina padavin, se bo pove\u010dala nevarnost poplavljanja rek, ne izklju\u010dujejo niti vetroloma.<\/p>\n","protected":false},"author":8,"featured_media":318483,"comment_status":"closed","ping_status":"closed","sticky":false,"template":"","format":"standard","meta":{"footnotes":""},"categories":[1179],"tags":[1595,7416],"source":[4511],"supertag":[],"acf":[],"yoast_head":"<!-- This site is optimized with the Yoast SEO plugin v21.3 - https:\/\/yoast.com\/wordpress\/plugins\/seo\/ -->\n<title>Od danes do torka mo\u010dnej\u0161e nevihte in okrepljen veter - Hudo Slovenija<\/title>\n<meta name=\"robots\" content=\"index, follow, max-snippet:-1, max-image-preview:large, max-video-preview:-1\" \/>\n<link rel=\"canonical\" href=\"https:\/\/hudo.com\/si\/aktualno\/od-danes-torka-mocnejse-nevihte-okrepljen-veter\/\" \/>\n<meta property=\"og:locale\" content=\"sl_SI\" \/>\n<meta property=\"og:type\" content=\"article\" \/>\n<meta property=\"og:title\" content=\"Od danes do torka mo\u010dnej\u0161e nevihte in okrepljen veter - Hudo Slovenija\" \/>\n<meta property=\"og:description\" content=\"Zaradi pri\u010dakovanega mo\u010dnega vetra je za zahodni del dr\u017eave razgla\u0161ena oran\u017ena stopnja ogro\u017eenosti. Obla\u010dno vreme z mo\u010dnej\u0161imi nevihtami in okrepljenimi vetrovi se bo nadaljevalo vse do torka, opozarjajo na Arsu. Ker bo v kraj\u0161em \u010dasu padla ve\u010dja koli\u010dina padavin, se bo pove\u010dala nevarnost poplavljanja rek, ne izklju\u010dujejo niti vetroloma.\" \/>\n<meta property=\"og:url\" content=\"https:\/\/hudo.com\/si\/aktualno\/od-danes-torka-mocnejse-nevihte-okrepljen-veter\/\" \/>\n<meta property=\"og:site_name\" content=\"Hudo Slovenija\" \/>\n<meta property=\"article:publisher\" content=\"https:\/\/www.facebook.com\/hudo.si\" \/>\n<meta property=\"article:published_time\" content=\"2018-10-28T06:32:06+00:00\" \/>\n<meta property=\"og:image\" content=\"https:\/\/hudo.com\/si\/wp-content\/uploads\/sites\/2\/2017\/11\/profimedia-0342483480.jpg\" \/>\n\t<meta property=\"og:image:width\" content=\"1250\" \/>\n\t<meta property=\"og:image:height\" content=\"937\" \/>\n\t<meta property=\"og:image:type\" content=\"image\/jpeg\" \/>\n<meta name=\"author\" content=\"M. N., STA\" \/>\n<meta name=\"twitter:card\" content=\"summary_large_image\" \/>\n<meta name=\"twitter:creator\" content=\"@hudo_si\" \/>\n<meta name=\"twitter:site\" content=\"@hudo_si\" \/>\n<meta name=\"twitter:label1\" content=\"Written by\" \/>\n\t<meta name=\"twitter:data1\" content=\"M. N., STA\" \/>\n\t<meta name=\"twitter:label2\" content=\"Est. reading time\" \/>\n\t<meta name=\"twitter:data2\" content=\"1 minuta\" \/>\n<script type=\"application\/ld+json\" class=\"yoast-schema-graph\">{\"@context\":\"https:\/\/schema.org\",\"@graph\":[{\"@type\":\"Article\",\"@id\":\"https:\/\/hudo.com\/si\/aktualno\/od-danes-torka-mocnejse-nevihte-okrepljen-veter\/#article\",\"isPartOf\":{\"@id\":\"https:\/\/hudo.com\/si\/aktualno\/od-danes-torka-mocnejse-nevihte-okrepljen-veter\/\"},\"author\":{\"name\":\"M. N., STA\",\"@id\":\"https:\/\/hudo.com\/si\/#\/schema\/person\/c2f10ce65d2e6ede2aeda5be2a0611fa\"},\"headline\":\"Od danes do torka mo\u010dnej\u0161e nevihte in okrepljen veter\",\"datePublished\":\"2018-10-28T06:32:06+00:00\",\"dateModified\":\"2018-10-28T06:32:06+00:00\",\"mainEntityOfPage\":{\"@id\":\"https:\/\/hudo.com\/si\/aktualno\/od-danes-torka-mocnejse-nevihte-okrepljen-veter\/\"},\"wordCount\":307,\"publisher\":{\"@id\":\"https:\/\/hudo.com\/si\/#organization\"},\"keywords\":[\"Slovenija\",\"vremenska napoved\"],\"articleSection\":[\"Aktualno\"],\"inLanguage\":\"sl-SI\"},{\"@type\":\"WebPage\",\"@id\":\"https:\/\/hudo.com\/si\/aktualno\/od-danes-torka-mocnejse-nevihte-okrepljen-veter\/\",\"url\":\"https:\/\/hudo.com\/si\/aktualno\/od-danes-torka-mocnejse-nevihte-okrepljen-veter\/\",\"name\":\"Od danes do torka mo\u010dnej\u0161e nevihte in okrepljen veter - Hudo Slovenija\",\"isPartOf\":{\"@id\":\"https:\/\/hudo.com\/si\/#website\"},\"datePublished\":\"2018-10-28T06:32:06+00:00\",\"dateModified\":\"2018-10-28T06:32:06+00:00\",\"breadcrumb\":{\"@id\":\"https:\/\/hudo.com\/si\/aktualno\/od-danes-torka-mocnejse-nevihte-okrepljen-veter\/#breadcrumb\"},\"inLanguage\":\"sl-SI\",\"potentialAction\":[{\"@type\":\"ReadAction\",\"target\":[\"https:\/\/hudo.com\/si\/aktualno\/od-danes-torka-mocnejse-nevihte-okrepljen-veter\/\"]}]},{\"@type\":\"BreadcrumbList\",\"@id\":\"https:\/\/hudo.com\/si\/aktualno\/od-danes-torka-mocnejse-nevihte-okrepljen-veter\/#breadcrumb\",\"itemListElement\":[{\"@type\":\"ListItem\",\"position\":1,\"name\":\"Home\",\"item\":\"https:\/\/hudo.com\/si\/\"},{\"@type\":\"ListItem\",\"position\":2,\"name\":\"Od danes do torka mo\u010dnej\u0161e nevihte in okrepljen veter\"}]},{\"@type\":\"WebSite\",\"@id\":\"https:\/\/hudo.com\/si\/#website\",\"url\":\"https:\/\/hudo.com\/si\/\",\"name\":\"Hudo Slovenija\",\"description\":\"Vse novice iz Slovenije in sveta\",\"publisher\":{\"@id\":\"https:\/\/hudo.com\/si\/#organization\"},\"potentialAction\":[{\"@type\":\"SearchAction\",\"target\":{\"@type\":\"EntryPoint\",\"urlTemplate\":\"https:\/\/hudo.com\/si\/?s={search_term_string}\"},\"query-input\":\"required name=search_term_string\"}],\"inLanguage\":\"sl-SI\"},{\"@type\":\"Organization\",\"@id\":\"https:\/\/hudo.com\/si\/#organization\",\"name\":\"VSN Media\",\"url\":\"https:\/\/hudo.com\/si\/\",\"logo\":{\"@type\":\"ImageObject\",\"inLanguage\":\"sl-SI\",\"@id\":\"https:\/\/hudo.com\/si\/#\/schema\/logo\/image\/\",\"url\":\"https:\/\/hudo.com\/si\/wp-content\/uploads\/sites\/2\/2021\/03\/hudo-app-2.png\",\"contentUrl\":\"https:\/\/hudo.com\/si\/wp-content\/uploads\/sites\/2\/2021\/03\/hudo-app-2.png\",\"width\":2185,\"height\":2167,\"caption\":\"VSN Media\"},\"image\":{\"@id\":\"https:\/\/hudo.com\/si\/#\/schema\/logo\/image\/\"},\"sameAs\":[\"https:\/\/www.facebook.com\/hudo.si\",\"https:\/\/twitter.com\/hudo_si\"]},{\"@type\":\"Person\",\"@id\":\"https:\/\/hudo.com\/si\/#\/schema\/person\/c2f10ce65d2e6ede2aeda5be2a0611fa\",\"name\":\"M. N., STA\",\"image\":{\"@type\":\"ImageObject\",\"inLanguage\":\"sl-SI\",\"@id\":\"https:\/\/hudo.com\/si\/#\/schema\/person\/image\/\",\"url\":\"https:\/\/secure.gravatar.com\/avatar\/f370d38daa10467f755c5c766a4cac20?s=96&d=mm&r=g\",\"contentUrl\":\"https:\/\/secure.gravatar.com\/avatar\/f370d38daa10467f755c5c766a4cac20?s=96&d=mm&r=g\",\"caption\":\"M. N., STA\"},\"url\":\"https:\/\/hudo.com\/si\/author\/mana\/\"}]}<\/script>\n<!-- \/ Yoast SEO plugin. -->","yoast_head_json":{"title":"Od danes do torka mo\u010dnej\u0161e nevihte in okrepljen veter - Hudo Slovenija","robots":{"index":"index","follow":"follow","max-snippet":"max-snippet:-1","max-image-preview":"max-image-preview:large","max-video-preview":"max-video-preview:-1"},"canonical":"https:\/\/hudo.com\/si\/aktualno\/od-danes-torka-mocnejse-nevihte-okrepljen-veter\/","og_locale":"sl_SI","og_type":"article","og_title":"Od danes do torka mo\u010dnej\u0161e nevihte in okrepljen veter - Hudo Slovenija","og_description":"Zaradi pri\u010dakovanega mo\u010dnega vetra je za zahodni del dr\u017eave razgla\u0161ena oran\u017ena stopnja ogro\u017eenosti. Obla\u010dno vreme z mo\u010dnej\u0161imi nevihtami in okrepljenimi vetrovi se bo nadaljevalo vse do torka, opozarjajo na Arsu. Ker bo v kraj\u0161em \u010dasu padla ve\u010dja koli\u010dina padavin, se bo pove\u010dala nevarnost poplavljanja rek, ne izklju\u010dujejo niti vetroloma.","og_url":"https:\/\/hudo.com\/si\/aktualno\/od-danes-torka-mocnejse-nevihte-okrepljen-veter\/","og_site_name":"Hudo Slovenija","article_publisher":"https:\/\/www.facebook.com\/hudo.si","article_published_time":"2018-10-28T06:32:06+00:00","og_image":[{"width":1250,"height":937,"url":"https:\/\/hudo.com\/si\/wp-content\/uploads\/sites\/2\/2017\/11\/profimedia-0342483480.jpg","type":"image\/jpeg"}],"author":"M. N., STA","twitter_card":"summary_large_image","twitter_creator":"@hudo_si","twitter_site":"@hudo_si","twitter_misc":{"Written by":"M. N., STA","Est. reading time":"1 minuta"},"schema":{"@context":"https:\/\/schema.org","@graph":[{"@type":"Article","@id":"https:\/\/hudo.com\/si\/aktualno\/od-danes-torka-mocnejse-nevihte-okrepljen-veter\/#article","isPartOf":{"@id":"https:\/\/hudo.com\/si\/aktualno\/od-danes-torka-mocnejse-nevihte-okrepljen-veter\/"},"author":{"name":"M. N., STA","@id":"https:\/\/hudo.com\/si\/#\/schema\/person\/c2f10ce65d2e6ede2aeda5be2a0611fa"},"headline":"Od danes do torka mo\u010dnej\u0161e nevihte in okrepljen veter","datePublished":"2018-10-28T06:32:06+00:00","dateModified":"2018-10-28T06:32:06+00:00","mainEntityOfPage":{"@id":"https:\/\/hudo.com\/si\/aktualno\/od-danes-torka-mocnejse-nevihte-okrepljen-veter\/"},"wordCount":307,"publisher":{"@id":"https:\/\/hudo.com\/si\/#organization"},"keywords":["Slovenija","vremenska napoved"],"articleSection":["Aktualno"],"inLanguage":"sl-SI"},{"@type":"WebPage","@id":"https:\/\/hudo.com\/si\/aktualno\/od-danes-torka-mocnejse-nevihte-okrepljen-veter\/","url":"https:\/\/hudo.com\/si\/aktualno\/od-danes-torka-mocnejse-nevihte-okrepljen-veter\/","name":"Od danes do torka mo\u010dnej\u0161e nevihte in okrepljen veter - Hudo Slovenija","isPartOf":{"@id":"https:\/\/hudo.com\/si\/#website"},"datePublished":"2018-10-28T06:32:06+00:00","dateModified":"2018-10-28T06:32:06+00:00","breadcrumb":{"@id":"https:\/\/hudo.com\/si\/aktualno\/od-danes-torka-mocnejse-nevihte-okrepljen-veter\/#breadcrumb"},"inLanguage":"sl-SI","potentialAction":[{"@type":"ReadAction","target":["https:\/\/hudo.com\/si\/aktualno\/od-danes-torka-mocnejse-nevihte-okrepljen-veter\/"]}]},{"@type":"BreadcrumbList","@id":"https:\/\/hudo.com\/si\/aktualno\/od-danes-torka-mocnejse-nevihte-okrepljen-veter\/#breadcrumb","itemListElement":[{"@type":"ListItem","position":1,"name":"Home","item":"https:\/\/hudo.com\/si\/"},{"@type":"ListItem","position":2,"name":"Od danes do torka mo\u010dnej\u0161e nevihte in okrepljen veter"}]},{"@type":"WebSite","@id":"https:\/\/hudo.com\/si\/#website","url":"https:\/\/hudo.com\/si\/","name":"Hudo Slovenija","description":"Vse novice iz Slovenije in sveta","publisher":{"@id":"https:\/\/hudo.com\/si\/#organization"},"potentialAction":[{"@type":"SearchAction","target":{"@type":"EntryPoint","urlTemplate":"https:\/\/hudo.com\/si\/?s={search_term_string}"},"query-input":"required name=search_term_string"}],"inLanguage":"sl-SI"},{"@type":"Organization","@id":"https:\/\/hudo.com\/si\/#organization","name":"VSN Media","url":"https:\/\/hudo.com\/si\/","logo":{"@type":"ImageObject","inLanguage":"sl-SI","@id":"https:\/\/hudo.com\/si\/#\/schema\/logo\/image\/","url":"https:\/\/hudo.com\/si\/wp-content\/uploads\/sites\/2\/2021\/03\/hudo-app-2.png","contentUrl":"https:\/\/hudo.com\/si\/wp-content\/uploads\/sites\/2\/2021\/03\/hudo-app-2.png","width":2185,"height":2167,"caption":"VSN Media"},"image":{"@id":"https:\/\/hudo.com\/si\/#\/schema\/logo\/image\/"},"sameAs":["https:\/\/www.facebook.com\/hudo.si","https:\/\/twitter.com\/hudo_si"]},{"@type":"Person","@id":"https:\/\/hudo.com\/si\/#\/schema\/person\/c2f10ce65d2e6ede2aeda5be2a0611fa","name":"M. N., STA","image":{"@type":"ImageObject","inLanguage":"sl-SI","@id":"https:\/\/hudo.com\/si\/#\/schema\/person\/image\/","url":"https:\/\/secure.gravatar.com\/avatar\/f370d38daa10467f755c5c766a4cac20?s=96&d=mm&r=g","contentUrl":"https:\/\/secure.gravatar.com\/avatar\/f370d38daa10467f755c5c766a4cac20?s=96&d=mm&r=g","caption":"M. N., STA"},"url":"https:\/\/hudo.com\/si\/author\/mana\/"}]}},"amp_enabled":true,"_links":{"self":[{"href":"https:\/\/hudo.com\/si\/wp-json\/wp\/v2\/posts\/380026"}],"collection":[{"href":"https:\/\/hudo.com\/si\/wp-json\/wp\/v2\/posts"}],"about":[{"href":"https:\/\/hudo.com\/si\/wp-json\/wp\/v2\/types\/post"}],"author":[{"embeddable":true,"href":"https:\/\/hudo.com\/si\/wp-json\/wp\/v2\/users\/8"}],"replies":[{"embeddable":true,"href":"https:\/\/hudo.com\/si\/wp-json\/wp\/v2\/comments?post=380026"}],"version-history":[{"count":1,"href":"https:\/\/hudo.com\/si\/wp-json\/wp\/v2\/posts\/380026\/revisions"}],"predecessor-version":[{"id":380027,"href":"https:\/\/hudo.com\/si\/wp-json\/wp\/v2\/posts\/380026\/revisions\/380027"}],"wp:featuredmedia":[{"embeddable":true,"href":"https:\/\/hudo.com\/si\/wp-json\/wp\/v2\/media\/318483"}],"wp:attachment":[{"href":"https:\/\/hudo.com\/si\/wp-json\/wp\/v2\/media?parent=380026"}],"wp:term":[{"taxonomy":"category","embeddable":true,"href":"https:\/\/hudo.com\/si\/wp-json\/wp\/v2\/categories?post=380026"},{"taxonomy":"post_tag","embeddable":true,"href":"https:\/\/hudo.com\/si\/wp-json\/wp\/v2\/tags?post=380026"},{"taxonomy":"source","embeddable":true,"href":"https:\/\/hudo.com\/si\/wp-json\/wp\/v2\/source?post=380026"},{"taxonomy":"supertag","embeddable":true,"href":"https:\/\/hudo.com\/si\/wp-json\/wp\/v2\/supertag?post=380026"}],"curies":[{"name":"wp","href":"https:\/\/api.w.org\/{rel}","templated":true}]}}