{"id":380200,"date":"2018-10-30T09:30:13","date_gmt":"2018-10-30T08:30:13","guid":{"rendered":"https:\/\/hudo.com\/si\/2018\/10\/30\/evropo-na-zahod-in-vzhod-deli-predvsem-odprtost-oz-zaprtost-prebivalcev\/"},"modified":"2018-10-30T09:30:13","modified_gmt":"2018-10-30T08:30:13","slug":"evropo-na-zahod-in-vzhod-deli-predvsem-odprtost-oz-zaprtost-prebivalcev","status":"publish","type":"post","link":"https:\/\/hudo.com\/si\/lifestyle\/evropo-na-zahod-in-vzhod-deli-predvsem-odprtost-oz-zaprtost-prebivalcev\/","title":{"rendered":"Evropo na Zahod in Vzhod deli predvsem odprtost (oz. zaprtost) prebivalcev"},"content":{"rendered":"<figure>\n\t\t\t\t\t<img loading=\"lazy\" decoding=\"async\" width=\"660\" height=\"320\" src=\"data:image\/gif;base64,R0lGODlhAQABAAAAACH5BAEKAAEALAAAAAABAAEAAAICTAEAOw==\" class=\"lazyload\" data-src=\"https:\/\/moski.hudo.com\/wp-content\/uploads\/2018\/10\/zahod-vzhod-320x155.jpg\" data-srcset=\"https:\/\/moski.hudo.com\/wp-content\/uploads\/2018\/10\/zahod-vzhod-660x320.jpg 660w,https:\/\/moski.hudo.com\/wp-content\/uploads\/2018\/10\/zahod-vzhod-320x155.jpg 330w\" sizes=\"(max-width: 660px) 100vw, 660px\"\/><figcaption>Delitev na Zahod in Vzhod v Evropi ne izhaja toliko iz geografije kot iz mentalitete <\/figcaption><\/figure>\n<p>Do muslimanov so najbolj odprte dr\u017eave na severu in zahodu Evrope. Kar 88 odstotkov Nizozemcev nima ni\u010d proti muslimanu v dru\u017eini, sledijo Norve\u017eani (82 odstotkov) in \u0160vedi (80 odstotkov). Med bolj strpnimi so tudi \u0160panci in Francozi.<\/p>\n<h2>Vzhodnjaki marsikoga ne marajo<\/h2>\n<p>Na vzhodu Evrope pa je stali\u0161\u010de druga\u010dno. Muslimana v dru\u017eini bi tolerirala le tretjina Poljakov, petina Mad\u017earov in le 12 odstotkov \u010cehov. Na jugu in jugovzhodu Evrope pa so ponovno malenkost bolj strpni do pripadnikov islamske vere, med drugim si lahko 57 odstotkov Hrvatov predstavlja imeti muslimanskega dru\u017einskega \u010dlana, \u0161tudijo povzema nem\u0161ki portal DW.<\/p>\n<p>So pa Evropejci bolj odprti do Judov. Ponovno so najbolj strpni Nizozemci, kjer jih 96 odstotkov ne bi imeli ni\u010d proti judovskemu \u010dlanu dru\u017eine, sledijo Norve\u017eani (95 odstotkov) in Danci (92 odstotkov). V Nem\u010diji, ki se \u0161e vedno bori s temno zgodovino, bi si lahko Juda kot dru\u017einskega \u010dlana predstavljajo 69 odstotkov vpra\u0161anih. Najslab\u0161e je v Bosni in Hercegovini, kjer ta dele\u017e zna\u0161a le 37 odstotkov.<\/p>\n<p>Razlike so o\u010ditne \u0161e pri stali\u0161\u010du glede istospolnih porok. Medtem ko so na zahodu in v Skandinaviji glede\u00a0tega precej odprti, je na vzhodu podoba druga\u010dna. V srednji Evropi izstopa \u010ce\u0161ka, kjer tak\u0161ne poroke podpira 65 odstotkov vpra\u0161anih. Med nasprotniki pa so na vrhu Bosna in Hercegovina, kjer tak\u0161ne poroke zavra\u010da 84 odstotkov ljudi, Litva (85 odstotkov) in Rusija (90 odstotkov).<\/p>\n<h2>Vzhodnjaki se imajo za ve\u010dvredne<\/h2>\n<p>Razlika med vzhodom in zahodom je vidna tudi pri dojemanju lastne kulture kot superiorne. Na vzhodu so namre\u010d Rusi (69 odstotkov), Bolgari (69 odstotkov) in Romuni (66 odstotkov) prepri\u010dani, da je njihova kultura najpomembnej\u0161a in nad vsemi ostalimi. Izstopajo sicer \u0161e Grki, kjer ta dele\u017e zna\u0161a kar 89 odstotkov.<\/p>\n<p>Na drugi strani so \u0160panci, kjer jih je tak\u0161nega mnenja 20 odstotkov, Belgijci (21 odstotkov) in Nizozemci (31 odstotkov).<\/p>\n<p>\u0160tudijo so izvedli med letoma 2015 in 2017 v 34 evropskih dr\u017eavah, med njimi ni bilo Slovenije.<\/p>\n","protected":false},"excerpt":{"rendered":"<p>\u010ceprav je Berlinski zid padel \u017ee pred desetletji, \u0161e vedno obstajajo \u0161tevilne kulturne in ideolo\u0161ke razlike med zahodno in vzhodno Evropo, je razvidno iz \u0161tudije ameri\u0161kega raziskovalnega centra Pew. V njej so raziskali stali\u0161\u010da prebivalcev evropskih dr\u017eav do muslimanov, istospolnih porok in drugih svetonazorskih tem.<\/p>\n","protected":false},"author":1,"featured_media":0,"comment_status":"closed","ping_status":"closed","sticky":false,"template":"","format":"standard","meta":{"footnotes":""},"categories":[1091],"tags":[1768,1538,8194],"source":[1522,1518,1552],"supertag":[],"acf":[],"yoast_head":"<!-- This site is optimized with the Yoast SEO plugin v21.3 - https:\/\/yoast.com\/wordpress\/plugins\/seo\/ -->\n<title>Evropo na Zahod in Vzhod deli predvsem odprtost (oz. zaprtost) prebivalcev - Hudo Slovenija<\/title>\n<meta name=\"robots\" content=\"index, follow, max-snippet:-1, max-image-preview:large, max-video-preview:-1\" \/>\n<link rel=\"canonical\" href=\"https:\/\/hudo.com\/si\/lifestyle\/evropo-na-zahod-in-vzhod-deli-predvsem-odprtost-oz-zaprtost-prebivalcev\/\" \/>\n<meta property=\"og:locale\" content=\"sl_SI\" \/>\n<meta property=\"og:type\" content=\"article\" \/>\n<meta property=\"og:title\" content=\"Evropo na Zahod in Vzhod deli predvsem odprtost (oz. zaprtost) prebivalcev - Hudo Slovenija\" \/>\n<meta property=\"og:description\" content=\"\u010ceprav je Berlinski zid padel \u017ee pred desetletji, \u0161e vedno obstajajo \u0161tevilne kulturne in ideolo\u0161ke razlike med zahodno in vzhodno Evropo, je razvidno iz \u0161tudije ameri\u0161kega raziskovalnega centra Pew. V njej so raziskali stali\u0161\u010da prebivalcev evropskih dr\u017eav do muslimanov, istospolnih porok in drugih svetonazorskih tem.\" \/>\n<meta property=\"og:url\" content=\"https:\/\/hudo.com\/si\/lifestyle\/evropo-na-zahod-in-vzhod-deli-predvsem-odprtost-oz-zaprtost-prebivalcev\/\" \/>\n<meta property=\"og:site_name\" content=\"Hudo Slovenija\" \/>\n<meta property=\"article:publisher\" content=\"https:\/\/www.facebook.com\/hudo.si\" \/>\n<meta property=\"article:published_time\" content=\"2018-10-30T08:30:13+00:00\" \/>\n<meta property=\"og:image\" content=\"https:\/\/hudo.com\/si\/wp-content\/uploads\/sites\/2\/2018\/10\/zahod-vzhod-scaled.jpg\" \/>\n\t<meta property=\"og:image:width\" content=\"2560\" \/>\n\t<meta property=\"og:image:height\" content=\"1513\" \/>\n\t<meta property=\"og:image:type\" content=\"image\/jpeg\" \/>\n<meta name=\"author\" content=\"hudo\" \/>\n<meta name=\"twitter:card\" content=\"summary_large_image\" \/>\n<meta name=\"twitter:creator\" content=\"@hudo_si\" \/>\n<meta name=\"twitter:site\" content=\"@hudo_si\" \/>\n<meta name=\"twitter:label1\" content=\"Written by\" \/>\n\t<meta name=\"twitter:data1\" content=\"hudo\" \/>\n\t<meta name=\"twitter:label2\" content=\"Est. reading time\" \/>\n\t<meta name=\"twitter:data2\" content=\"2 minuti\" \/>\n<script type=\"application\/ld+json\" class=\"yoast-schema-graph\">{\"@context\":\"https:\/\/schema.org\",\"@graph\":[{\"@type\":\"Article\",\"@id\":\"https:\/\/hudo.com\/si\/lifestyle\/evropo-na-zahod-in-vzhod-deli-predvsem-odprtost-oz-zaprtost-prebivalcev\/#article\",\"isPartOf\":{\"@id\":\"https:\/\/hudo.com\/si\/lifestyle\/evropo-na-zahod-in-vzhod-deli-predvsem-odprtost-oz-zaprtost-prebivalcev\/\"},\"author\":{\"name\":\"hudo\",\"@id\":\"https:\/\/hudo.com\/si\/#\/schema\/person\/601cf3379633985b20f7e50f2bb47707\"},\"headline\":\"Evropo na Zahod in Vzhod deli predvsem odprtost (oz. zaprtost) prebivalcev\",\"datePublished\":\"2018-10-30T08:30:13+00:00\",\"dateModified\":\"2018-10-30T08:30:13+00:00\",\"mainEntityOfPage\":{\"@id\":\"https:\/\/hudo.com\/si\/lifestyle\/evropo-na-zahod-in-vzhod-deli-predvsem-odprtost-oz-zaprtost-prebivalcev\/\"},\"wordCount\":344,\"publisher\":{\"@id\":\"https:\/\/hudo.com\/si\/#organization\"},\"keywords\":[\"evropa\",\"raziskava\",\"vzhodna Evropa\"],\"articleSection\":[\"Lifestyle\"],\"inLanguage\":\"sl-SI\"},{\"@type\":\"WebPage\",\"@id\":\"https:\/\/hudo.com\/si\/lifestyle\/evropo-na-zahod-in-vzhod-deli-predvsem-odprtost-oz-zaprtost-prebivalcev\/\",\"url\":\"https:\/\/hudo.com\/si\/lifestyle\/evropo-na-zahod-in-vzhod-deli-predvsem-odprtost-oz-zaprtost-prebivalcev\/\",\"name\":\"Evropo na Zahod in Vzhod deli predvsem odprtost (oz. zaprtost) prebivalcev - Hudo Slovenija\",\"isPartOf\":{\"@id\":\"https:\/\/hudo.com\/si\/#website\"},\"datePublished\":\"2018-10-30T08:30:13+00:00\",\"dateModified\":\"2018-10-30T08:30:13+00:00\",\"breadcrumb\":{\"@id\":\"https:\/\/hudo.com\/si\/lifestyle\/evropo-na-zahod-in-vzhod-deli-predvsem-odprtost-oz-zaprtost-prebivalcev\/#breadcrumb\"},\"inLanguage\":\"sl-SI\",\"potentialAction\":[{\"@type\":\"ReadAction\",\"target\":[\"https:\/\/hudo.com\/si\/lifestyle\/evropo-na-zahod-in-vzhod-deli-predvsem-odprtost-oz-zaprtost-prebivalcev\/\"]}]},{\"@type\":\"BreadcrumbList\",\"@id\":\"https:\/\/hudo.com\/si\/lifestyle\/evropo-na-zahod-in-vzhod-deli-predvsem-odprtost-oz-zaprtost-prebivalcev\/#breadcrumb\",\"itemListElement\":[{\"@type\":\"ListItem\",\"position\":1,\"name\":\"Home\",\"item\":\"https:\/\/hudo.com\/si\/\"},{\"@type\":\"ListItem\",\"position\":2,\"name\":\"Evropo na Zahod in Vzhod deli predvsem odprtost (oz. zaprtost) prebivalcev\"}]},{\"@type\":\"WebSite\",\"@id\":\"https:\/\/hudo.com\/si\/#website\",\"url\":\"https:\/\/hudo.com\/si\/\",\"name\":\"Hudo Slovenija\",\"description\":\"Vse novice iz Slovenije in sveta\",\"publisher\":{\"@id\":\"https:\/\/hudo.com\/si\/#organization\"},\"potentialAction\":[{\"@type\":\"SearchAction\",\"target\":{\"@type\":\"EntryPoint\",\"urlTemplate\":\"https:\/\/hudo.com\/si\/?s={search_term_string}\"},\"query-input\":\"required name=search_term_string\"}],\"inLanguage\":\"sl-SI\"},{\"@type\":\"Organization\",\"@id\":\"https:\/\/hudo.com\/si\/#organization\",\"name\":\"VSN Media\",\"url\":\"https:\/\/hudo.com\/si\/\",\"logo\":{\"@type\":\"ImageObject\",\"inLanguage\":\"sl-SI\",\"@id\":\"https:\/\/hudo.com\/si\/#\/schema\/logo\/image\/\",\"url\":\"https:\/\/hudo.com\/si\/wp-content\/uploads\/sites\/2\/2021\/03\/hudo-app-2.png\",\"contentUrl\":\"https:\/\/hudo.com\/si\/wp-content\/uploads\/sites\/2\/2021\/03\/hudo-app-2.png\",\"width\":2185,\"height\":2167,\"caption\":\"VSN Media\"},\"image\":{\"@id\":\"https:\/\/hudo.com\/si\/#\/schema\/logo\/image\/\"},\"sameAs\":[\"https:\/\/www.facebook.com\/hudo.si\",\"https:\/\/twitter.com\/hudo_si\"]},{\"@type\":\"Person\",\"@id\":\"https:\/\/hudo.com\/si\/#\/schema\/person\/601cf3379633985b20f7e50f2bb47707\",\"name\":\"hudo\",\"image\":{\"@type\":\"ImageObject\",\"inLanguage\":\"sl-SI\",\"@id\":\"https:\/\/hudo.com\/si\/#\/schema\/person\/image\/\",\"url\":\"https:\/\/secure.gravatar.com\/avatar\/c4ca25fa72cace7a696b52ff5db9e095?s=96&d=mm&r=g\",\"contentUrl\":\"https:\/\/secure.gravatar.com\/avatar\/c4ca25fa72cace7a696b52ff5db9e095?s=96&d=mm&r=g\",\"caption\":\"hudo\"},\"url\":\"https:\/\/hudo.com\/si\/author\/hudo\/\"}]}<\/script>\n<!-- \/ Yoast SEO plugin. -->","yoast_head_json":{"title":"Evropo na Zahod in Vzhod deli predvsem odprtost (oz. zaprtost) prebivalcev - Hudo Slovenija","robots":{"index":"index","follow":"follow","max-snippet":"max-snippet:-1","max-image-preview":"max-image-preview:large","max-video-preview":"max-video-preview:-1"},"canonical":"https:\/\/hudo.com\/si\/lifestyle\/evropo-na-zahod-in-vzhod-deli-predvsem-odprtost-oz-zaprtost-prebivalcev\/","og_locale":"sl_SI","og_type":"article","og_title":"Evropo na Zahod in Vzhod deli predvsem odprtost (oz. zaprtost) prebivalcev - Hudo Slovenija","og_description":"\u010ceprav je Berlinski zid padel \u017ee pred desetletji, \u0161e vedno obstajajo \u0161tevilne kulturne in ideolo\u0161ke razlike med zahodno in vzhodno Evropo, je razvidno iz \u0161tudije ameri\u0161kega raziskovalnega centra Pew. V njej so raziskali stali\u0161\u010da prebivalcev evropskih dr\u017eav do muslimanov, istospolnih porok in drugih svetonazorskih tem.","og_url":"https:\/\/hudo.com\/si\/lifestyle\/evropo-na-zahod-in-vzhod-deli-predvsem-odprtost-oz-zaprtost-prebivalcev\/","og_site_name":"Hudo Slovenija","article_publisher":"https:\/\/www.facebook.com\/hudo.si","article_published_time":"2018-10-30T08:30:13+00:00","og_image":[{"width":2560,"height":1513,"url":"https:\/\/hudo.com\/si\/wp-content\/uploads\/sites\/2\/2018\/10\/zahod-vzhod-scaled.jpg","type":"image\/jpeg"}],"author":"hudo","twitter_card":"summary_large_image","twitter_creator":"@hudo_si","twitter_site":"@hudo_si","twitter_misc":{"Written by":"hudo","Est. reading time":"2 minuti"},"schema":{"@context":"https:\/\/schema.org","@graph":[{"@type":"Article","@id":"https:\/\/hudo.com\/si\/lifestyle\/evropo-na-zahod-in-vzhod-deli-predvsem-odprtost-oz-zaprtost-prebivalcev\/#article","isPartOf":{"@id":"https:\/\/hudo.com\/si\/lifestyle\/evropo-na-zahod-in-vzhod-deli-predvsem-odprtost-oz-zaprtost-prebivalcev\/"},"author":{"name":"hudo","@id":"https:\/\/hudo.com\/si\/#\/schema\/person\/601cf3379633985b20f7e50f2bb47707"},"headline":"Evropo na Zahod in Vzhod deli predvsem odprtost (oz. zaprtost) prebivalcev","datePublished":"2018-10-30T08:30:13+00:00","dateModified":"2018-10-30T08:30:13+00:00","mainEntityOfPage":{"@id":"https:\/\/hudo.com\/si\/lifestyle\/evropo-na-zahod-in-vzhod-deli-predvsem-odprtost-oz-zaprtost-prebivalcev\/"},"wordCount":344,"publisher":{"@id":"https:\/\/hudo.com\/si\/#organization"},"keywords":["evropa","raziskava","vzhodna Evropa"],"articleSection":["Lifestyle"],"inLanguage":"sl-SI"},{"@type":"WebPage","@id":"https:\/\/hudo.com\/si\/lifestyle\/evropo-na-zahod-in-vzhod-deli-predvsem-odprtost-oz-zaprtost-prebivalcev\/","url":"https:\/\/hudo.com\/si\/lifestyle\/evropo-na-zahod-in-vzhod-deli-predvsem-odprtost-oz-zaprtost-prebivalcev\/","name":"Evropo na Zahod in Vzhod deli predvsem odprtost (oz. zaprtost) prebivalcev - Hudo Slovenija","isPartOf":{"@id":"https:\/\/hudo.com\/si\/#website"},"datePublished":"2018-10-30T08:30:13+00:00","dateModified":"2018-10-30T08:30:13+00:00","breadcrumb":{"@id":"https:\/\/hudo.com\/si\/lifestyle\/evropo-na-zahod-in-vzhod-deli-predvsem-odprtost-oz-zaprtost-prebivalcev\/#breadcrumb"},"inLanguage":"sl-SI","potentialAction":[{"@type":"ReadAction","target":["https:\/\/hudo.com\/si\/lifestyle\/evropo-na-zahod-in-vzhod-deli-predvsem-odprtost-oz-zaprtost-prebivalcev\/"]}]},{"@type":"BreadcrumbList","@id":"https:\/\/hudo.com\/si\/lifestyle\/evropo-na-zahod-in-vzhod-deli-predvsem-odprtost-oz-zaprtost-prebivalcev\/#breadcrumb","itemListElement":[{"@type":"ListItem","position":1,"name":"Home","item":"https:\/\/hudo.com\/si\/"},{"@type":"ListItem","position":2,"name":"Evropo na Zahod in Vzhod deli predvsem odprtost (oz. zaprtost) prebivalcev"}]},{"@type":"WebSite","@id":"https:\/\/hudo.com\/si\/#website","url":"https:\/\/hudo.com\/si\/","name":"Hudo Slovenija","description":"Vse novice iz Slovenije in sveta","publisher":{"@id":"https:\/\/hudo.com\/si\/#organization"},"potentialAction":[{"@type":"SearchAction","target":{"@type":"EntryPoint","urlTemplate":"https:\/\/hudo.com\/si\/?s={search_term_string}"},"query-input":"required name=search_term_string"}],"inLanguage":"sl-SI"},{"@type":"Organization","@id":"https:\/\/hudo.com\/si\/#organization","name":"VSN Media","url":"https:\/\/hudo.com\/si\/","logo":{"@type":"ImageObject","inLanguage":"sl-SI","@id":"https:\/\/hudo.com\/si\/#\/schema\/logo\/image\/","url":"https:\/\/hudo.com\/si\/wp-content\/uploads\/sites\/2\/2021\/03\/hudo-app-2.png","contentUrl":"https:\/\/hudo.com\/si\/wp-content\/uploads\/sites\/2\/2021\/03\/hudo-app-2.png","width":2185,"height":2167,"caption":"VSN Media"},"image":{"@id":"https:\/\/hudo.com\/si\/#\/schema\/logo\/image\/"},"sameAs":["https:\/\/www.facebook.com\/hudo.si","https:\/\/twitter.com\/hudo_si"]},{"@type":"Person","@id":"https:\/\/hudo.com\/si\/#\/schema\/person\/601cf3379633985b20f7e50f2bb47707","name":"hudo","image":{"@type":"ImageObject","inLanguage":"sl-SI","@id":"https:\/\/hudo.com\/si\/#\/schema\/person\/image\/","url":"https:\/\/secure.gravatar.com\/avatar\/c4ca25fa72cace7a696b52ff5db9e095?s=96&d=mm&r=g","contentUrl":"https:\/\/secure.gravatar.com\/avatar\/c4ca25fa72cace7a696b52ff5db9e095?s=96&d=mm&r=g","caption":"hudo"},"url":"https:\/\/hudo.com\/si\/author\/hudo\/"}]}},"amp_enabled":true,"_links":{"self":[{"href":"https:\/\/hudo.com\/si\/wp-json\/wp\/v2\/posts\/380200"}],"collection":[{"href":"https:\/\/hudo.com\/si\/wp-json\/wp\/v2\/posts"}],"about":[{"href":"https:\/\/hudo.com\/si\/wp-json\/wp\/v2\/types\/post"}],"author":[{"embeddable":true,"href":"https:\/\/hudo.com\/si\/wp-json\/wp\/v2\/users\/1"}],"replies":[{"embeddable":true,"href":"https:\/\/hudo.com\/si\/wp-json\/wp\/v2\/comments?post=380200"}],"version-history":[{"count":0,"href":"https:\/\/hudo.com\/si\/wp-json\/wp\/v2\/posts\/380200\/revisions"}],"wp:attachment":[{"href":"https:\/\/hudo.com\/si\/wp-json\/wp\/v2\/media?parent=380200"}],"wp:term":[{"taxonomy":"category","embeddable":true,"href":"https:\/\/hudo.com\/si\/wp-json\/wp\/v2\/categories?post=380200"},{"taxonomy":"post_tag","embeddable":true,"href":"https:\/\/hudo.com\/si\/wp-json\/wp\/v2\/tags?post=380200"},{"taxonomy":"source","embeddable":true,"href":"https:\/\/hudo.com\/si\/wp-json\/wp\/v2\/source?post=380200"},{"taxonomy":"supertag","embeddable":true,"href":"https:\/\/hudo.com\/si\/wp-json\/wp\/v2\/supertag?post=380200"}],"curies":[{"name":"wp","href":"https:\/\/api.w.org\/{rel}","templated":true}]}}