{"id":380254,"date":"2018-10-31T16:47:58","date_gmt":"2018-10-31T15:47:58","guid":{"rendered":"http:\/\/hudo.com\/si\/?p=380254"},"modified":"2018-10-31T16:47:58","modified_gmt":"2018-10-31T15:47:58","slug":"po-mocno-narasli-dravi-se-razmere-v-podravju-umirjajo","status":"publish","type":"post","link":"https:\/\/hudo.com\/si\/aktualno\/po-mocno-narasli-dravi-se-razmere-v-podravju-umirjajo\/","title":{"rendered":"Po mo\u010dno narasli Dravi se razmere v Podravju umirjajo"},"content":{"rendered":"<p>Neurje, ki se je za\u010delo v ponedeljek, je po Sloveniji podiralo drevesa, odkrivalo strehe in poplavljalo. Na Primorskem je te\u017eave povzro\u010dal mo\u010dan veter. V Tr\u017ei\u010du na Gorenjskem pa je ujma odnesla cesto do vasi Jelendol in spro\u017eila plaz v vasi Belca. V Podravju pa je poplavljala reka Drava.<\/p>\n<p>V spodnjem delu Drave se pretok vode zmanj\u0161uje, vendar je v okolici Bukovcev in Stojncev podtalnica poplavila pribli\u017eno 15 hi\u0161. Zamaka spodnja nadstropja hi\u0161, kjer so predvsem gara\u017ee in kleti, je za STA pojasnil Drago Murko iz Ptujske izpostave Uprave za za\u0161\u010dito in re\u0161evanje.<\/p>\n<p>Sanacija \u0161e poteka. Murko je opozoril, da podtalnica potrebuje svoj \u010das in sanacija traja dlje, kot pri povr\u0161inskih vodah. Re\u0161evanje poplavljenih kleti zna po njegovi oceni trajati okoli 30 dni.<\/p>\n<p>Zaradi mo\u017enosti poplavljanja Drave je bilo ogro\u017eenih 45 objektov. Na tem obmo\u010dju pa ve\u010djih nev\u0161e\u010dnosti ni povzro\u010dal veter.<\/p>\n<p>Poveljnik Civilne za\u0161\u010dite Mestne ob\u010dina Maribor Ale\u0161 Ciringer je za STA pojasnil, da se stanje na terenu umirja. Gasilci so v torek pomagali predvsem pri nekaterih poplavljenih objektih, pri podrtih drevesih in prekrivanju streh. Sanacije so po Ciringerjevih besedah re\u0161evali sproti, za danes pa ne pri\u010dakujejo ni\u010d huj\u0161ega.<\/p>\n<p>Regijski center za obve\u0161\u010danje Maribor je prebivalcem ob strugi Drave za jezom v Melju medtem \u017ee oznanil prenehanje nevarnosti in preklic nevarnosti poplav. Pretok reke Drave v Melju je namre\u010d upadel na 400 kubi\u010dnih metrov na sekundo.<\/p>\n<p>\u017de v torek pa se je izkazalo, da se je Koro\u0161ka izognila najhuj\u0161emu scenariju. Danes je ob 9. uri Regijski center za obve\u0161\u010danje Slovenj Gradec preklical tudi nevarnost poplav za ob\u010dino Dravograd.<\/p>\n<p>Gasilci so sicer okoli Raven na Koro\u0161kem in \u010crne na Koro\u0161kem s cest odstranjevali podrta drevesa, ka\u017eejo podatki uprave za za\u0161\u010dito in re\u0161evanje.<\/p>\n<p>Zaradi posledic ujme pa so \u0161e vedno zaprte tudi nekatere ceste. Zaradi nevarnosti padanja kamenja &#8211; v torek je skala tam ubila dve osebi v mimo voze\u010dem vozilu &#8211; ostaja zaprta cesta Maribor-Dravograd, med Radljami ob Dravi in Podvelko. Obvoz za vozila do 7,5 ton je mogo\u010d po cesti Podvelka-Ribnica na Pohorju-Vuhred, pi\u0161e na spletni strani prometno-informacijskega centra.<\/p>\n<p>Prehod Vi\u010d je zaprt zaradi poplavljenega cesti\u0161\u010da na avstrijski strani. Zaradi poplavljenega cesti\u0161\u010da sta zaprti tudi cesti Spuhlja-Zavr\u010d in Maribor-Vurberk-Ptuj.<\/p>\n<p>Zaradi posledic neurja pa so na drugem koncu Slovenije zaprte tudi ceste Mojstrana-Vrata, Mojstrana-Zgornja Radovna, Cesta \u010dez prelaz Vr\u0161i\u010d in Cesta na Mangart.<\/p>\n","protected":false},"excerpt":{"rendered":"<p>Pretok reke se zmanj\u0161uje, vendar v okolici Bukovcev in Stojncev zamaka podtalnica. Za ob\u010dino Dravograd so danes preklicali sirene zaradi nevarnosti poplav. V okolici Maribora je v torek mo\u010dnej\u0161i veter podiral drevesa in razkrival strehe, gasilci pa so te\u017eave uspeli sanirati sproti.<\/p>\n","protected":false},"author":8,"featured_media":379207,"comment_status":"closed","ping_status":"closed","sticky":false,"template":"","format":"standard","meta":{"footnotes":""},"categories":[1179],"tags":[7958,5405,1595],"source":[4511],"supertag":[],"acf":[],"yoast_head":"<!-- This site is optimized with the Yoast SEO plugin v21.3 - https:\/\/yoast.com\/wordpress\/plugins\/seo\/ -->\n<title>Po mo\u010dno narasli Dravi se razmere v Podravju umirjajo - Hudo Slovenija<\/title>\n<meta name=\"robots\" content=\"index, follow, max-snippet:-1, max-image-preview:large, max-video-preview:-1\" \/>\n<link rel=\"canonical\" href=\"https:\/\/hudo.com\/si\/aktualno\/po-mocno-narasli-dravi-se-razmere-v-podravju-umirjajo\/\" \/>\n<meta property=\"og:locale\" content=\"sl_SI\" \/>\n<meta property=\"og:type\" content=\"article\" \/>\n<meta property=\"og:title\" content=\"Po mo\u010dno narasli Dravi se razmere v Podravju umirjajo - Hudo Slovenija\" \/>\n<meta property=\"og:description\" content=\"Pretok reke se zmanj\u0161uje, vendar v okolici Bukovcev in Stojncev zamaka podtalnica. Za ob\u010dino Dravograd so danes preklicali sirene zaradi nevarnosti poplav. V okolici Maribora je v torek mo\u010dnej\u0161i veter podiral drevesa in razkrival strehe, gasilci pa so te\u017eave uspeli sanirati sproti.\" \/>\n<meta property=\"og:url\" content=\"https:\/\/hudo.com\/si\/aktualno\/po-mocno-narasli-dravi-se-razmere-v-podravju-umirjajo\/\" \/>\n<meta property=\"og:site_name\" content=\"Hudo Slovenija\" \/>\n<meta property=\"article:publisher\" content=\"https:\/\/www.facebook.com\/hudo.si\" \/>\n<meta property=\"article:published_time\" content=\"2018-10-31T15:47:58+00:00\" \/>\n<meta property=\"og:image\" content=\"https:\/\/hudo.com\/si\/wp-content\/uploads\/sites\/2\/2018\/10\/profimedia-0102748536.jpg\" \/>\n\t<meta property=\"og:image:width\" content=\"1250\" \/>\n\t<meta property=\"og:image:height\" content=\"830\" \/>\n\t<meta property=\"og:image:type\" content=\"image\/jpeg\" \/>\n<meta name=\"author\" content=\"M. N., STA\" \/>\n<meta name=\"twitter:card\" content=\"summary_large_image\" \/>\n<meta name=\"twitter:creator\" content=\"@hudo_si\" \/>\n<meta name=\"twitter:site\" content=\"@hudo_si\" \/>\n<meta name=\"twitter:label1\" content=\"Written by\" \/>\n\t<meta name=\"twitter:data1\" content=\"M. N., STA\" \/>\n\t<meta name=\"twitter:label2\" content=\"Est. reading time\" \/>\n\t<meta name=\"twitter:data2\" content=\"2 minuti\" \/>\n<script type=\"application\/ld+json\" class=\"yoast-schema-graph\">{\"@context\":\"https:\/\/schema.org\",\"@graph\":[{\"@type\":\"Article\",\"@id\":\"https:\/\/hudo.com\/si\/aktualno\/po-mocno-narasli-dravi-se-razmere-v-podravju-umirjajo\/#article\",\"isPartOf\":{\"@id\":\"https:\/\/hudo.com\/si\/aktualno\/po-mocno-narasli-dravi-se-razmere-v-podravju-umirjajo\/\"},\"author\":{\"name\":\"M. N., STA\",\"@id\":\"https:\/\/hudo.com\/si\/#\/schema\/person\/c2f10ce65d2e6ede2aeda5be2a0611fa\"},\"headline\":\"Po mo\u010dno narasli Dravi se razmere v Podravju umirjajo\",\"datePublished\":\"2018-10-31T15:47:58+00:00\",\"dateModified\":\"2018-10-31T15:47:58+00:00\",\"mainEntityOfPage\":{\"@id\":\"https:\/\/hudo.com\/si\/aktualno\/po-mocno-narasli-dravi-se-razmere-v-podravju-umirjajo\/\"},\"wordCount\":427,\"publisher\":{\"@id\":\"https:\/\/hudo.com\/si\/#organization\"},\"keywords\":[\"Podravje\",\"poplave\",\"Slovenija\"],\"articleSection\":[\"Aktualno\"],\"inLanguage\":\"sl-SI\"},{\"@type\":\"WebPage\",\"@id\":\"https:\/\/hudo.com\/si\/aktualno\/po-mocno-narasli-dravi-se-razmere-v-podravju-umirjajo\/\",\"url\":\"https:\/\/hudo.com\/si\/aktualno\/po-mocno-narasli-dravi-se-razmere-v-podravju-umirjajo\/\",\"name\":\"Po mo\u010dno narasli Dravi se razmere v Podravju umirjajo - Hudo Slovenija\",\"isPartOf\":{\"@id\":\"https:\/\/hudo.com\/si\/#website\"},\"datePublished\":\"2018-10-31T15:47:58+00:00\",\"dateModified\":\"2018-10-31T15:47:58+00:00\",\"breadcrumb\":{\"@id\":\"https:\/\/hudo.com\/si\/aktualno\/po-mocno-narasli-dravi-se-razmere-v-podravju-umirjajo\/#breadcrumb\"},\"inLanguage\":\"sl-SI\",\"potentialAction\":[{\"@type\":\"ReadAction\",\"target\":[\"https:\/\/hudo.com\/si\/aktualno\/po-mocno-narasli-dravi-se-razmere-v-podravju-umirjajo\/\"]}]},{\"@type\":\"BreadcrumbList\",\"@id\":\"https:\/\/hudo.com\/si\/aktualno\/po-mocno-narasli-dravi-se-razmere-v-podravju-umirjajo\/#breadcrumb\",\"itemListElement\":[{\"@type\":\"ListItem\",\"position\":1,\"name\":\"Home\",\"item\":\"https:\/\/hudo.com\/si\/\"},{\"@type\":\"ListItem\",\"position\":2,\"name\":\"Po mo\u010dno narasli Dravi se razmere v Podravju umirjajo\"}]},{\"@type\":\"WebSite\",\"@id\":\"https:\/\/hudo.com\/si\/#website\",\"url\":\"https:\/\/hudo.com\/si\/\",\"name\":\"Hudo Slovenija\",\"description\":\"Vse novice iz Slovenije in sveta\",\"publisher\":{\"@id\":\"https:\/\/hudo.com\/si\/#organization\"},\"potentialAction\":[{\"@type\":\"SearchAction\",\"target\":{\"@type\":\"EntryPoint\",\"urlTemplate\":\"https:\/\/hudo.com\/si\/?s={search_term_string}\"},\"query-input\":\"required name=search_term_string\"}],\"inLanguage\":\"sl-SI\"},{\"@type\":\"Organization\",\"@id\":\"https:\/\/hudo.com\/si\/#organization\",\"name\":\"VSN Media\",\"url\":\"https:\/\/hudo.com\/si\/\",\"logo\":{\"@type\":\"ImageObject\",\"inLanguage\":\"sl-SI\",\"@id\":\"https:\/\/hudo.com\/si\/#\/schema\/logo\/image\/\",\"url\":\"https:\/\/hudo.com\/si\/wp-content\/uploads\/sites\/2\/2021\/03\/hudo-app-2.png\",\"contentUrl\":\"https:\/\/hudo.com\/si\/wp-content\/uploads\/sites\/2\/2021\/03\/hudo-app-2.png\",\"width\":2185,\"height\":2167,\"caption\":\"VSN Media\"},\"image\":{\"@id\":\"https:\/\/hudo.com\/si\/#\/schema\/logo\/image\/\"},\"sameAs\":[\"https:\/\/www.facebook.com\/hudo.si\",\"https:\/\/twitter.com\/hudo_si\"]},{\"@type\":\"Person\",\"@id\":\"https:\/\/hudo.com\/si\/#\/schema\/person\/c2f10ce65d2e6ede2aeda5be2a0611fa\",\"name\":\"M. N., STA\",\"image\":{\"@type\":\"ImageObject\",\"inLanguage\":\"sl-SI\",\"@id\":\"https:\/\/hudo.com\/si\/#\/schema\/person\/image\/\",\"url\":\"https:\/\/secure.gravatar.com\/avatar\/f370d38daa10467f755c5c766a4cac20?s=96&d=mm&r=g\",\"contentUrl\":\"https:\/\/secure.gravatar.com\/avatar\/f370d38daa10467f755c5c766a4cac20?s=96&d=mm&r=g\",\"caption\":\"M. N., STA\"},\"url\":\"https:\/\/hudo.com\/si\/author\/mana\/\"}]}<\/script>\n<!-- \/ Yoast SEO plugin. -->","yoast_head_json":{"title":"Po mo\u010dno narasli Dravi se razmere v Podravju umirjajo - Hudo Slovenija","robots":{"index":"index","follow":"follow","max-snippet":"max-snippet:-1","max-image-preview":"max-image-preview:large","max-video-preview":"max-video-preview:-1"},"canonical":"https:\/\/hudo.com\/si\/aktualno\/po-mocno-narasli-dravi-se-razmere-v-podravju-umirjajo\/","og_locale":"sl_SI","og_type":"article","og_title":"Po mo\u010dno narasli Dravi se razmere v Podravju umirjajo - Hudo Slovenija","og_description":"Pretok reke se zmanj\u0161uje, vendar v okolici Bukovcev in Stojncev zamaka podtalnica. Za ob\u010dino Dravograd so danes preklicali sirene zaradi nevarnosti poplav. V okolici Maribora je v torek mo\u010dnej\u0161i veter podiral drevesa in razkrival strehe, gasilci pa so te\u017eave uspeli sanirati sproti.","og_url":"https:\/\/hudo.com\/si\/aktualno\/po-mocno-narasli-dravi-se-razmere-v-podravju-umirjajo\/","og_site_name":"Hudo Slovenija","article_publisher":"https:\/\/www.facebook.com\/hudo.si","article_published_time":"2018-10-31T15:47:58+00:00","og_image":[{"width":1250,"height":830,"url":"https:\/\/hudo.com\/si\/wp-content\/uploads\/sites\/2\/2018\/10\/profimedia-0102748536.jpg","type":"image\/jpeg"}],"author":"M. N., STA","twitter_card":"summary_large_image","twitter_creator":"@hudo_si","twitter_site":"@hudo_si","twitter_misc":{"Written by":"M. N., STA","Est. reading time":"2 minuti"},"schema":{"@context":"https:\/\/schema.org","@graph":[{"@type":"Article","@id":"https:\/\/hudo.com\/si\/aktualno\/po-mocno-narasli-dravi-se-razmere-v-podravju-umirjajo\/#article","isPartOf":{"@id":"https:\/\/hudo.com\/si\/aktualno\/po-mocno-narasli-dravi-se-razmere-v-podravju-umirjajo\/"},"author":{"name":"M. N., STA","@id":"https:\/\/hudo.com\/si\/#\/schema\/person\/c2f10ce65d2e6ede2aeda5be2a0611fa"},"headline":"Po mo\u010dno narasli Dravi se razmere v Podravju umirjajo","datePublished":"2018-10-31T15:47:58+00:00","dateModified":"2018-10-31T15:47:58+00:00","mainEntityOfPage":{"@id":"https:\/\/hudo.com\/si\/aktualno\/po-mocno-narasli-dravi-se-razmere-v-podravju-umirjajo\/"},"wordCount":427,"publisher":{"@id":"https:\/\/hudo.com\/si\/#organization"},"keywords":["Podravje","poplave","Slovenija"],"articleSection":["Aktualno"],"inLanguage":"sl-SI"},{"@type":"WebPage","@id":"https:\/\/hudo.com\/si\/aktualno\/po-mocno-narasli-dravi-se-razmere-v-podravju-umirjajo\/","url":"https:\/\/hudo.com\/si\/aktualno\/po-mocno-narasli-dravi-se-razmere-v-podravju-umirjajo\/","name":"Po mo\u010dno narasli Dravi se razmere v Podravju umirjajo - Hudo Slovenija","isPartOf":{"@id":"https:\/\/hudo.com\/si\/#website"},"datePublished":"2018-10-31T15:47:58+00:00","dateModified":"2018-10-31T15:47:58+00:00","breadcrumb":{"@id":"https:\/\/hudo.com\/si\/aktualno\/po-mocno-narasli-dravi-se-razmere-v-podravju-umirjajo\/#breadcrumb"},"inLanguage":"sl-SI","potentialAction":[{"@type":"ReadAction","target":["https:\/\/hudo.com\/si\/aktualno\/po-mocno-narasli-dravi-se-razmere-v-podravju-umirjajo\/"]}]},{"@type":"BreadcrumbList","@id":"https:\/\/hudo.com\/si\/aktualno\/po-mocno-narasli-dravi-se-razmere-v-podravju-umirjajo\/#breadcrumb","itemListElement":[{"@type":"ListItem","position":1,"name":"Home","item":"https:\/\/hudo.com\/si\/"},{"@type":"ListItem","position":2,"name":"Po mo\u010dno narasli Dravi se razmere v Podravju umirjajo"}]},{"@type":"WebSite","@id":"https:\/\/hudo.com\/si\/#website","url":"https:\/\/hudo.com\/si\/","name":"Hudo Slovenija","description":"Vse novice iz Slovenije in sveta","publisher":{"@id":"https:\/\/hudo.com\/si\/#organization"},"potentialAction":[{"@type":"SearchAction","target":{"@type":"EntryPoint","urlTemplate":"https:\/\/hudo.com\/si\/?s={search_term_string}"},"query-input":"required name=search_term_string"}],"inLanguage":"sl-SI"},{"@type":"Organization","@id":"https:\/\/hudo.com\/si\/#organization","name":"VSN Media","url":"https:\/\/hudo.com\/si\/","logo":{"@type":"ImageObject","inLanguage":"sl-SI","@id":"https:\/\/hudo.com\/si\/#\/schema\/logo\/image\/","url":"https:\/\/hudo.com\/si\/wp-content\/uploads\/sites\/2\/2021\/03\/hudo-app-2.png","contentUrl":"https:\/\/hudo.com\/si\/wp-content\/uploads\/sites\/2\/2021\/03\/hudo-app-2.png","width":2185,"height":2167,"caption":"VSN Media"},"image":{"@id":"https:\/\/hudo.com\/si\/#\/schema\/logo\/image\/"},"sameAs":["https:\/\/www.facebook.com\/hudo.si","https:\/\/twitter.com\/hudo_si"]},{"@type":"Person","@id":"https:\/\/hudo.com\/si\/#\/schema\/person\/c2f10ce65d2e6ede2aeda5be2a0611fa","name":"M. N., STA","image":{"@type":"ImageObject","inLanguage":"sl-SI","@id":"https:\/\/hudo.com\/si\/#\/schema\/person\/image\/","url":"https:\/\/secure.gravatar.com\/avatar\/f370d38daa10467f755c5c766a4cac20?s=96&d=mm&r=g","contentUrl":"https:\/\/secure.gravatar.com\/avatar\/f370d38daa10467f755c5c766a4cac20?s=96&d=mm&r=g","caption":"M. N., STA"},"url":"https:\/\/hudo.com\/si\/author\/mana\/"}]}},"amp_enabled":true,"_links":{"self":[{"href":"https:\/\/hudo.com\/si\/wp-json\/wp\/v2\/posts\/380254"}],"collection":[{"href":"https:\/\/hudo.com\/si\/wp-json\/wp\/v2\/posts"}],"about":[{"href":"https:\/\/hudo.com\/si\/wp-json\/wp\/v2\/types\/post"}],"author":[{"embeddable":true,"href":"https:\/\/hudo.com\/si\/wp-json\/wp\/v2\/users\/8"}],"replies":[{"embeddable":true,"href":"https:\/\/hudo.com\/si\/wp-json\/wp\/v2\/comments?post=380254"}],"version-history":[{"count":1,"href":"https:\/\/hudo.com\/si\/wp-json\/wp\/v2\/posts\/380254\/revisions"}],"predecessor-version":[{"id":380255,"href":"https:\/\/hudo.com\/si\/wp-json\/wp\/v2\/posts\/380254\/revisions\/380255"}],"wp:featuredmedia":[{"embeddable":true,"href":"https:\/\/hudo.com\/si\/wp-json\/wp\/v2\/media\/379207"}],"wp:attachment":[{"href":"https:\/\/hudo.com\/si\/wp-json\/wp\/v2\/media?parent=380254"}],"wp:term":[{"taxonomy":"category","embeddable":true,"href":"https:\/\/hudo.com\/si\/wp-json\/wp\/v2\/categories?post=380254"},{"taxonomy":"post_tag","embeddable":true,"href":"https:\/\/hudo.com\/si\/wp-json\/wp\/v2\/tags?post=380254"},{"taxonomy":"source","embeddable":true,"href":"https:\/\/hudo.com\/si\/wp-json\/wp\/v2\/source?post=380254"},{"taxonomy":"supertag","embeddable":true,"href":"https:\/\/hudo.com\/si\/wp-json\/wp\/v2\/supertag?post=380254"}],"curies":[{"name":"wp","href":"https:\/\/api.w.org\/{rel}","templated":true}]}}