{"id":380259,"date":"2018-11-01T08:49:54","date_gmt":"2018-11-01T07:49:54","guid":{"rendered":"http:\/\/hudo.com\/si\/?p=380259"},"modified":"2018-11-01T08:49:54","modified_gmt":"2018-11-01T07:49:54","slug":"na-filipinih-vec-mrtvih-zaradi-tajfuna-yutu","status":"publish","type":"post","link":"https:\/\/hudo.com\/si\/aktualno\/na-filipinih-vec-mrtvih-zaradi-tajfuna-yutu\/","title":{"rendered":"Na Filipinih ve\u010d mrtvih zaradi tajfuna Yutu"},"content":{"rendered":"<p>Tajfun Yutu je z vetrom s hitrostjo ve\u010d kot 140 kilometrov na uro in s sunki vetra do 230 kilometrov na uro Indonezijo dosegel v torek. \u0160e posebej je tajfun opusto\u0161il province Mountain, Banaue, Ifugao in Kalinga. Iz obalnih obmo\u010dij so morali evakuirati ve\u010d kot 38.000 ljudi. Motena sta bila tako letalski kot trajektni promet.<\/p>\n<p>Na Filipinih je septembra nek drug tajfun zahteval ve\u010d kot sto smrtnih \u017ertev.<\/p>\n","protected":false},"excerpt":{"rendered":"<p>Tajfun Yutu je na Filipinih zahteval najmanj 15 smrtnih \u017ertev. Pristojne oblasti se sicer bojijo, da se bo \u0161tevilo smrtnih \u017ertev \u0161e bistveno pove\u010dalo, saj pogre\u0161ajo \u0161e ve\u010d deset ljudi. \u0160tevilne hi\u0161e so poru\u0161ene zaradi silovitega vetra ali so jih odnesle narasle vode, poro\u010da nem\u0161ka tiskovna agencija dpa.<\/p>\n","protected":false},"author":7,"featured_media":380260,"comment_status":"closed","ping_status":"closed","sticky":false,"template":"","format":"standard","meta":{"footnotes":""},"categories":[1179],"tags":[3848,3110,7531],"source":[4511],"supertag":[],"acf":[],"yoast_head":"<!-- This site is optimized with the Yoast SEO plugin v21.3 - https:\/\/yoast.com\/wordpress\/plugins\/seo\/ -->\n<title>Na Filipinih ve\u010d mrtvih zaradi tajfuna Yutu - Hudo Slovenija<\/title>\n<meta name=\"robots\" content=\"index, follow, max-snippet:-1, max-image-preview:large, max-video-preview:-1\" \/>\n<link rel=\"canonical\" href=\"https:\/\/hudo.com\/si\/aktualno\/na-filipinih-vec-mrtvih-zaradi-tajfuna-yutu\/\" \/>\n<meta property=\"og:locale\" content=\"sl_SI\" \/>\n<meta property=\"og:type\" content=\"article\" \/>\n<meta property=\"og:title\" content=\"Na Filipinih ve\u010d mrtvih zaradi tajfuna Yutu - Hudo Slovenija\" \/>\n<meta property=\"og:description\" content=\"Tajfun Yutu je na Filipinih zahteval najmanj 15 smrtnih \u017ertev. Pristojne oblasti se sicer bojijo, da se bo \u0161tevilo smrtnih \u017ertev \u0161e bistveno pove\u010dalo, saj pogre\u0161ajo \u0161e ve\u010d deset ljudi. \u0160tevilne hi\u0161e so poru\u0161ene zaradi silovitega vetra ali so jih odnesle narasle vode, poro\u010da nem\u0161ka tiskovna agencija dpa.\" \/>\n<meta property=\"og:url\" content=\"https:\/\/hudo.com\/si\/aktualno\/na-filipinih-vec-mrtvih-zaradi-tajfuna-yutu\/\" \/>\n<meta property=\"og:site_name\" content=\"Hudo Slovenija\" \/>\n<meta property=\"article:publisher\" content=\"https:\/\/www.facebook.com\/hudo.si\" \/>\n<meta property=\"article:published_time\" content=\"2018-11-01T07:49:54+00:00\" \/>\n<meta property=\"og:image\" content=\"https:\/\/hudo.com\/si\/wp-content\/uploads\/sites\/2\/2018\/11\/profimedia-0393396749.jpg\" \/>\n\t<meta property=\"og:image:width\" content=\"1250\" \/>\n\t<meta property=\"og:image:height\" content=\"1118\" \/>\n\t<meta property=\"og:image:type\" content=\"image\/jpeg\" \/>\n<meta name=\"author\" content=\"A. P., STA\" \/>\n<meta name=\"twitter:card\" content=\"summary_large_image\" \/>\n<meta name=\"twitter:creator\" content=\"@hudo_si\" \/>\n<meta name=\"twitter:site\" content=\"@hudo_si\" \/>\n<meta name=\"twitter:label1\" content=\"Written by\" \/>\n\t<meta name=\"twitter:data1\" content=\"A. P., STA\" \/>\n<script type=\"application\/ld+json\" class=\"yoast-schema-graph\">{\"@context\":\"https:\/\/schema.org\",\"@graph\":[{\"@type\":\"Article\",\"@id\":\"https:\/\/hudo.com\/si\/aktualno\/na-filipinih-vec-mrtvih-zaradi-tajfuna-yutu\/#article\",\"isPartOf\":{\"@id\":\"https:\/\/hudo.com\/si\/aktualno\/na-filipinih-vec-mrtvih-zaradi-tajfuna-yutu\/\"},\"author\":{\"name\":\"A. P., STA\",\"@id\":\"https:\/\/hudo.com\/si\/#\/schema\/person\/18f09c02475ba9e606e941a565b80cff\"},\"headline\":\"Na Filipinih ve\u010d mrtvih zaradi tajfuna Yutu\",\"datePublished\":\"2018-11-01T07:49:54+00:00\",\"dateModified\":\"2018-11-01T07:49:54+00:00\",\"mainEntityOfPage\":{\"@id\":\"https:\/\/hudo.com\/si\/aktualno\/na-filipinih-vec-mrtvih-zaradi-tajfuna-yutu\/\"},\"wordCount\":74,\"publisher\":{\"@id\":\"https:\/\/hudo.com\/si\/#organization\"},\"keywords\":[\"Filipini\",\"naravna katastrofa\",\"vremenske razmere\"],\"articleSection\":[\"Aktualno\"],\"inLanguage\":\"sl-SI\"},{\"@type\":\"WebPage\",\"@id\":\"https:\/\/hudo.com\/si\/aktualno\/na-filipinih-vec-mrtvih-zaradi-tajfuna-yutu\/\",\"url\":\"https:\/\/hudo.com\/si\/aktualno\/na-filipinih-vec-mrtvih-zaradi-tajfuna-yutu\/\",\"name\":\"Na Filipinih ve\u010d mrtvih zaradi tajfuna Yutu - Hudo Slovenija\",\"isPartOf\":{\"@id\":\"https:\/\/hudo.com\/si\/#website\"},\"datePublished\":\"2018-11-01T07:49:54+00:00\",\"dateModified\":\"2018-11-01T07:49:54+00:00\",\"breadcrumb\":{\"@id\":\"https:\/\/hudo.com\/si\/aktualno\/na-filipinih-vec-mrtvih-zaradi-tajfuna-yutu\/#breadcrumb\"},\"inLanguage\":\"sl-SI\",\"potentialAction\":[{\"@type\":\"ReadAction\",\"target\":[\"https:\/\/hudo.com\/si\/aktualno\/na-filipinih-vec-mrtvih-zaradi-tajfuna-yutu\/\"]}]},{\"@type\":\"BreadcrumbList\",\"@id\":\"https:\/\/hudo.com\/si\/aktualno\/na-filipinih-vec-mrtvih-zaradi-tajfuna-yutu\/#breadcrumb\",\"itemListElement\":[{\"@type\":\"ListItem\",\"position\":1,\"name\":\"Home\",\"item\":\"https:\/\/hudo.com\/si\/\"},{\"@type\":\"ListItem\",\"position\":2,\"name\":\"Na Filipinih ve\u010d mrtvih zaradi tajfuna Yutu\"}]},{\"@type\":\"WebSite\",\"@id\":\"https:\/\/hudo.com\/si\/#website\",\"url\":\"https:\/\/hudo.com\/si\/\",\"name\":\"Hudo Slovenija\",\"description\":\"Vse novice iz Slovenije in sveta\",\"publisher\":{\"@id\":\"https:\/\/hudo.com\/si\/#organization\"},\"potentialAction\":[{\"@type\":\"SearchAction\",\"target\":{\"@type\":\"EntryPoint\",\"urlTemplate\":\"https:\/\/hudo.com\/si\/?s={search_term_string}\"},\"query-input\":\"required name=search_term_string\"}],\"inLanguage\":\"sl-SI\"},{\"@type\":\"Organization\",\"@id\":\"https:\/\/hudo.com\/si\/#organization\",\"name\":\"VSN Media\",\"url\":\"https:\/\/hudo.com\/si\/\",\"logo\":{\"@type\":\"ImageObject\",\"inLanguage\":\"sl-SI\",\"@id\":\"https:\/\/hudo.com\/si\/#\/schema\/logo\/image\/\",\"url\":\"https:\/\/hudo.com\/si\/wp-content\/uploads\/sites\/2\/2021\/03\/hudo-app-2.png\",\"contentUrl\":\"https:\/\/hudo.com\/si\/wp-content\/uploads\/sites\/2\/2021\/03\/hudo-app-2.png\",\"width\":2185,\"height\":2167,\"caption\":\"VSN Media\"},\"image\":{\"@id\":\"https:\/\/hudo.com\/si\/#\/schema\/logo\/image\/\"},\"sameAs\":[\"https:\/\/www.facebook.com\/hudo.si\",\"https:\/\/twitter.com\/hudo_si\"]},{\"@type\":\"Person\",\"@id\":\"https:\/\/hudo.com\/si\/#\/schema\/person\/18f09c02475ba9e606e941a565b80cff\",\"name\":\"A. P., STA\",\"image\":{\"@type\":\"ImageObject\",\"inLanguage\":\"sl-SI\",\"@id\":\"https:\/\/hudo.com\/si\/#\/schema\/person\/image\/\",\"url\":\"https:\/\/secure.gravatar.com\/avatar\/03eac8e609f5f04383125d80eaeaaf3e?s=96&d=mm&r=g\",\"contentUrl\":\"https:\/\/secure.gravatar.com\/avatar\/03eac8e609f5f04383125d80eaeaaf3e?s=96&d=mm&r=g\",\"caption\":\"A. P., STA\"},\"url\":\"https:\/\/hudo.com\/si\/author\/lubu\/\"}]}<\/script>\n<!-- \/ Yoast SEO plugin. -->","yoast_head_json":{"title":"Na Filipinih ve\u010d mrtvih zaradi tajfuna Yutu - Hudo Slovenija","robots":{"index":"index","follow":"follow","max-snippet":"max-snippet:-1","max-image-preview":"max-image-preview:large","max-video-preview":"max-video-preview:-1"},"canonical":"https:\/\/hudo.com\/si\/aktualno\/na-filipinih-vec-mrtvih-zaradi-tajfuna-yutu\/","og_locale":"sl_SI","og_type":"article","og_title":"Na Filipinih ve\u010d mrtvih zaradi tajfuna Yutu - Hudo Slovenija","og_description":"Tajfun Yutu je na Filipinih zahteval najmanj 15 smrtnih \u017ertev. Pristojne oblasti se sicer bojijo, da se bo \u0161tevilo smrtnih \u017ertev \u0161e bistveno pove\u010dalo, saj pogre\u0161ajo \u0161e ve\u010d deset ljudi. \u0160tevilne hi\u0161e so poru\u0161ene zaradi silovitega vetra ali so jih odnesle narasle vode, poro\u010da nem\u0161ka tiskovna agencija dpa.","og_url":"https:\/\/hudo.com\/si\/aktualno\/na-filipinih-vec-mrtvih-zaradi-tajfuna-yutu\/","og_site_name":"Hudo Slovenija","article_publisher":"https:\/\/www.facebook.com\/hudo.si","article_published_time":"2018-11-01T07:49:54+00:00","og_image":[{"width":1250,"height":1118,"url":"https:\/\/hudo.com\/si\/wp-content\/uploads\/sites\/2\/2018\/11\/profimedia-0393396749.jpg","type":"image\/jpeg"}],"author":"A. P., STA","twitter_card":"summary_large_image","twitter_creator":"@hudo_si","twitter_site":"@hudo_si","twitter_misc":{"Written by":"A. P., STA"},"schema":{"@context":"https:\/\/schema.org","@graph":[{"@type":"Article","@id":"https:\/\/hudo.com\/si\/aktualno\/na-filipinih-vec-mrtvih-zaradi-tajfuna-yutu\/#article","isPartOf":{"@id":"https:\/\/hudo.com\/si\/aktualno\/na-filipinih-vec-mrtvih-zaradi-tajfuna-yutu\/"},"author":{"name":"A. P., STA","@id":"https:\/\/hudo.com\/si\/#\/schema\/person\/18f09c02475ba9e606e941a565b80cff"},"headline":"Na Filipinih ve\u010d mrtvih zaradi tajfuna Yutu","datePublished":"2018-11-01T07:49:54+00:00","dateModified":"2018-11-01T07:49:54+00:00","mainEntityOfPage":{"@id":"https:\/\/hudo.com\/si\/aktualno\/na-filipinih-vec-mrtvih-zaradi-tajfuna-yutu\/"},"wordCount":74,"publisher":{"@id":"https:\/\/hudo.com\/si\/#organization"},"keywords":["Filipini","naravna katastrofa","vremenske razmere"],"articleSection":["Aktualno"],"inLanguage":"sl-SI"},{"@type":"WebPage","@id":"https:\/\/hudo.com\/si\/aktualno\/na-filipinih-vec-mrtvih-zaradi-tajfuna-yutu\/","url":"https:\/\/hudo.com\/si\/aktualno\/na-filipinih-vec-mrtvih-zaradi-tajfuna-yutu\/","name":"Na Filipinih ve\u010d mrtvih zaradi tajfuna Yutu - Hudo Slovenija","isPartOf":{"@id":"https:\/\/hudo.com\/si\/#website"},"datePublished":"2018-11-01T07:49:54+00:00","dateModified":"2018-11-01T07:49:54+00:00","breadcrumb":{"@id":"https:\/\/hudo.com\/si\/aktualno\/na-filipinih-vec-mrtvih-zaradi-tajfuna-yutu\/#breadcrumb"},"inLanguage":"sl-SI","potentialAction":[{"@type":"ReadAction","target":["https:\/\/hudo.com\/si\/aktualno\/na-filipinih-vec-mrtvih-zaradi-tajfuna-yutu\/"]}]},{"@type":"BreadcrumbList","@id":"https:\/\/hudo.com\/si\/aktualno\/na-filipinih-vec-mrtvih-zaradi-tajfuna-yutu\/#breadcrumb","itemListElement":[{"@type":"ListItem","position":1,"name":"Home","item":"https:\/\/hudo.com\/si\/"},{"@type":"ListItem","position":2,"name":"Na Filipinih ve\u010d mrtvih zaradi tajfuna Yutu"}]},{"@type":"WebSite","@id":"https:\/\/hudo.com\/si\/#website","url":"https:\/\/hudo.com\/si\/","name":"Hudo Slovenija","description":"Vse novice iz Slovenije in sveta","publisher":{"@id":"https:\/\/hudo.com\/si\/#organization"},"potentialAction":[{"@type":"SearchAction","target":{"@type":"EntryPoint","urlTemplate":"https:\/\/hudo.com\/si\/?s={search_term_string}"},"query-input":"required name=search_term_string"}],"inLanguage":"sl-SI"},{"@type":"Organization","@id":"https:\/\/hudo.com\/si\/#organization","name":"VSN Media","url":"https:\/\/hudo.com\/si\/","logo":{"@type":"ImageObject","inLanguage":"sl-SI","@id":"https:\/\/hudo.com\/si\/#\/schema\/logo\/image\/","url":"https:\/\/hudo.com\/si\/wp-content\/uploads\/sites\/2\/2021\/03\/hudo-app-2.png","contentUrl":"https:\/\/hudo.com\/si\/wp-content\/uploads\/sites\/2\/2021\/03\/hudo-app-2.png","width":2185,"height":2167,"caption":"VSN Media"},"image":{"@id":"https:\/\/hudo.com\/si\/#\/schema\/logo\/image\/"},"sameAs":["https:\/\/www.facebook.com\/hudo.si","https:\/\/twitter.com\/hudo_si"]},{"@type":"Person","@id":"https:\/\/hudo.com\/si\/#\/schema\/person\/18f09c02475ba9e606e941a565b80cff","name":"A. P., STA","image":{"@type":"ImageObject","inLanguage":"sl-SI","@id":"https:\/\/hudo.com\/si\/#\/schema\/person\/image\/","url":"https:\/\/secure.gravatar.com\/avatar\/03eac8e609f5f04383125d80eaeaaf3e?s=96&d=mm&r=g","contentUrl":"https:\/\/secure.gravatar.com\/avatar\/03eac8e609f5f04383125d80eaeaaf3e?s=96&d=mm&r=g","caption":"A. P., STA"},"url":"https:\/\/hudo.com\/si\/author\/lubu\/"}]}},"amp_enabled":true,"_links":{"self":[{"href":"https:\/\/hudo.com\/si\/wp-json\/wp\/v2\/posts\/380259"}],"collection":[{"href":"https:\/\/hudo.com\/si\/wp-json\/wp\/v2\/posts"}],"about":[{"href":"https:\/\/hudo.com\/si\/wp-json\/wp\/v2\/types\/post"}],"author":[{"embeddable":true,"href":"https:\/\/hudo.com\/si\/wp-json\/wp\/v2\/users\/7"}],"replies":[{"embeddable":true,"href":"https:\/\/hudo.com\/si\/wp-json\/wp\/v2\/comments?post=380259"}],"version-history":[{"count":1,"href":"https:\/\/hudo.com\/si\/wp-json\/wp\/v2\/posts\/380259\/revisions"}],"predecessor-version":[{"id":380261,"href":"https:\/\/hudo.com\/si\/wp-json\/wp\/v2\/posts\/380259\/revisions\/380261"}],"wp:featuredmedia":[{"embeddable":true,"href":"https:\/\/hudo.com\/si\/wp-json\/wp\/v2\/media\/380260"}],"wp:attachment":[{"href":"https:\/\/hudo.com\/si\/wp-json\/wp\/v2\/media?parent=380259"}],"wp:term":[{"taxonomy":"category","embeddable":true,"href":"https:\/\/hudo.com\/si\/wp-json\/wp\/v2\/categories?post=380259"},{"taxonomy":"post_tag","embeddable":true,"href":"https:\/\/hudo.com\/si\/wp-json\/wp\/v2\/tags?post=380259"},{"taxonomy":"source","embeddable":true,"href":"https:\/\/hudo.com\/si\/wp-json\/wp\/v2\/source?post=380259"},{"taxonomy":"supertag","embeddable":true,"href":"https:\/\/hudo.com\/si\/wp-json\/wp\/v2\/supertag?post=380259"}],"curies":[{"name":"wp","href":"https:\/\/api.w.org\/{rel}","templated":true}]}}