{"id":380296,"date":"2018-11-02T07:55:12","date_gmt":"2018-11-02T06:55:12","guid":{"rendered":"https:\/\/hudo.com\/si\/2018\/11\/02\/madzarsko-vrhovno-sodisce-oprostilo-snemalko-ki-je-brcala-begunce-to-ni-nezakonito\/"},"modified":"2018-11-02T07:55:12","modified_gmt":"2018-11-02T06:55:12","slug":"madzarsko-vrhovno-sodisce-oprostilo-snemalko-ki-je-brcala-begunce-to-ni-nezakonito","status":"publish","type":"post","link":"https:\/\/hudo.com\/si\/aktualno\/mnenja\/madzarsko-vrhovno-sodisce-oprostilo-snemalko-ki-je-brcala-begunce-to-ni-nezakonito\/","title":{"rendered":"Mad\u017earsko vrhovno sodi\u0161\u010de oprostilo snemalko, ki je brcala begunce: &#8221;To ni nezakonito!&#8221;"},"content":{"rendered":"<p><img loading=\"lazy\" decoding=\"async\" class=\"alignnone size-full wp-image-208862\" src=\"http:\/\/moski.hudo.com\/wp-content\/uploads\/2018\/11\/zver.jpg\" alt=\"\" width=\"722\" height=\"406\" srcset=\"https:\/\/moski.hudo.com\/wp-content\/uploads\/2018\/11\/zver.jpg 722w, https:\/\/moski.hudo.com\/wp-content\/uploads\/2018\/11\/zver-320x180.jpg 320w, https:\/\/moski.hudo.com\/wp-content\/uploads\/2018\/11\/zver-660x371.jpg 660w\" sizes=\"(max-width: 722px) 100vw, 722px\" \/><\/p>\n<p>Mad\u017earsko snemalko Petro Laszlo, ki je poleti leta 2015 pri\u0161la na naslovnice \u010dasopisov, ker je brcala in spotikala begunce, ki so pri\u0161li na Mad\u017earsko iz Srbije, je sodi\u0161\u010de v Szegedu lani obsodilo na triletno pogojno zaporno kazen.<\/p>\n<h2>Spotikala in brcala begunce, kar na Mad\u017earskem ni kr\u0161itev<\/h2>\n<p>&#8220;Snemalka je bila opro\u0161\u010dena zaradi pomanjkanja kr\u0161itev,&#8221; pa je v torek sporo\u010dilo mad\u017earsko vrhovno sodi\u0161\u010de. Razsodilo je, da ji dve ni\u017eji sodi\u0161\u010di nista prisodili ustreznih kazni za njeno ravnanje. Snemalka bi morala biti obto\u017eena zaradi neprimernega vedenja, kar pa ni kriminalno dejanje, je po poro\u010danju nem\u0161ke tiskovne agencije dpa ugotovilo sodi\u0161\u010de.<\/p>\n<figure class=\"wp-caption video\" style=\"height:0;padding-top:56.212121212121%\"><div class=\"embed\"><div class=\"embed-notice\">Za ogled vstavljene vsebine morate omogo\u010diti <a href=\"#\" onclick=\"Optanon.ToggleInfoDisplay()\">shranjevanje pi\u0161kotkov v napravi<\/a><\/div><iframe loading=\"lazy\" width=\"660\" height=\"371\"  class=\"optanon-category-C0002-C0003-C0004\" optanon-src=\"https:\/\/www.youtube.com\/embed\/EaXnr7kH6ec?feature=oembed\" frameborder=\"0\" allow=\"accelerometer; autoplay; encrypted-media; gyroscope; picture-in-picture\" allowfullscreen><\/iframe><\/div><\/figure>\n<p>Posnetki z Laszlovo, ko je brcala in spotikala begunce, med njimi tudi o\u010deta z otrokom v naro\u010dju, so hitro zaokro\u017eili po internetu. Na posnetku je videti, kako je za\u010dela brcati skupino beguncev, ki se je na mad\u017earsko-srbski meji podala v beg \u010dez polje pred policijo. Nato pa je povsem jasno in namenoma iztegnila nogo in spotaknila enega od beguncev, ki je v rokah nosil otroka, da je padel po tleh.<\/p>\n<p>Njeno dejanje je takoj naletelo na zgra\u017eanje in jo spremenilo v simbol ksenofobnega, tudi nasilnega odziva na begunsko krizo v Evropi.<\/p>\n<p>Snemalka se je za svoje obna\u0161anje na sojenju sicer opravi\u010dila in pojasnila, da je tako ravnala, ker je bila prestra\u0161ena in jo je zajela panika. Kljub temu je v slu\u017ebi na mad\u017earski internetni televiziji N1TV, ki naj bi bila blizu skrajno desni mad\u017earski stranki Jobbik, dobila odpoved.<\/p>\n","protected":false},"excerpt":{"rendered":"<p>Mad\u017earsko vrhovno sodi\u0161\u010de je v torek oprostilo mad\u017earsko televizijsko snemalko, ki je pred tremi leti med najve\u010djim migrantskim valom na srbsko-mad\u017earski brcala in spotikala begunce in bila zato lani obsojena na triletno pogojno zaporno kazen.<\/p>\n","protected":false},"author":1,"featured_media":0,"comment_status":"closed","ping_status":"closed","sticky":false,"template":"","format":"standard","meta":{"footnotes":""},"categories":[1605],"tags":[1606,2534],"source":[1607,1518],"supertag":[],"acf":[],"yoast_head":"<!-- This site is optimized with the Yoast SEO plugin v21.3 - https:\/\/yoast.com\/wordpress\/plugins\/seo\/ -->\n<title>Mad\u017earsko vrhovno sodi\u0161\u010de oprostilo snemalko, ki je brcala begunce: &#8221;To ni nezakonito!&#8221; - Hudo Slovenija<\/title>\n<meta name=\"robots\" content=\"index, follow, max-snippet:-1, max-image-preview:large, max-video-preview:-1\" \/>\n<link rel=\"canonical\" href=\"https:\/\/hudo.com\/si\/aktualno\/mnenja\/madzarsko-vrhovno-sodisce-oprostilo-snemalko-ki-je-brcala-begunce-to-ni-nezakonito\/\" \/>\n<meta property=\"og:locale\" content=\"sl_SI\" \/>\n<meta property=\"og:type\" content=\"article\" \/>\n<meta property=\"og:title\" content=\"Mad\u017earsko vrhovno sodi\u0161\u010de oprostilo snemalko, ki je brcala begunce: &#8221;To ni nezakonito!&#8221; - Hudo Slovenija\" \/>\n<meta property=\"og:description\" content=\"Mad\u017earsko vrhovno sodi\u0161\u010de je v torek oprostilo mad\u017earsko televizijsko snemalko, ki je pred tremi leti med najve\u010djim migrantskim valom na srbsko-mad\u017earski brcala in spotikala begunce in bila zato lani obsojena na triletno pogojno zaporno kazen.\" \/>\n<meta property=\"og:url\" content=\"https:\/\/hudo.com\/si\/aktualno\/mnenja\/madzarsko-vrhovno-sodisce-oprostilo-snemalko-ki-je-brcala-begunce-to-ni-nezakonito\/\" \/>\n<meta property=\"og:site_name\" content=\"Hudo Slovenija\" \/>\n<meta property=\"article:publisher\" content=\"https:\/\/www.facebook.com\/hudo.si\" \/>\n<meta property=\"article:published_time\" content=\"2018-11-02T06:55:12+00:00\" \/>\n<meta property=\"og:image\" content=\"https:\/\/hudo.com\/si\/wp-content\/uploads\/sites\/2\/2018\/11\/zver.jpg\" \/>\n\t<meta property=\"og:image:width\" content=\"722\" \/>\n\t<meta property=\"og:image:height\" content=\"406\" \/>\n\t<meta property=\"og:image:type\" content=\"image\/jpeg\" \/>\n<meta name=\"author\" content=\"hudo\" \/>\n<meta name=\"twitter:card\" content=\"summary_large_image\" \/>\n<meta name=\"twitter:creator\" content=\"@hudo_si\" \/>\n<meta name=\"twitter:site\" content=\"@hudo_si\" \/>\n<meta name=\"twitter:label1\" content=\"Written by\" \/>\n\t<meta name=\"twitter:data1\" content=\"hudo\" \/>\n\t<meta name=\"twitter:label2\" content=\"Est. reading time\" \/>\n\t<meta name=\"twitter:data2\" content=\"1 minuta\" \/>\n<script type=\"application\/ld+json\" class=\"yoast-schema-graph\">{\"@context\":\"https:\/\/schema.org\",\"@graph\":[{\"@type\":\"Article\",\"@id\":\"https:\/\/hudo.com\/si\/aktualno\/mnenja\/madzarsko-vrhovno-sodisce-oprostilo-snemalko-ki-je-brcala-begunce-to-ni-nezakonito\/#article\",\"isPartOf\":{\"@id\":\"https:\/\/hudo.com\/si\/aktualno\/mnenja\/madzarsko-vrhovno-sodisce-oprostilo-snemalko-ki-je-brcala-begunce-to-ni-nezakonito\/\"},\"author\":{\"name\":\"hudo\",\"@id\":\"https:\/\/hudo.com\/si\/#\/schema\/person\/601cf3379633985b20f7e50f2bb47707\"},\"headline\":\"Mad\u017earsko vrhovno sodi\u0161\u010de oprostilo snemalko, ki je brcala begunce: &#8221;To ni nezakonito!&#8221;\",\"datePublished\":\"2018-11-02T06:55:12+00:00\",\"dateModified\":\"2018-11-02T06:55:12+00:00\",\"mainEntityOfPage\":{\"@id\":\"https:\/\/hudo.com\/si\/aktualno\/mnenja\/madzarsko-vrhovno-sodisce-oprostilo-snemalko-ki-je-brcala-begunce-to-ni-nezakonito\/\"},\"wordCount\":279,\"publisher\":{\"@id\":\"https:\/\/hudo.com\/si\/#organization\"},\"keywords\":[\"begunci\",\"Mad\u017earska\"],\"articleSection\":[\"Mnenja\"],\"inLanguage\":\"sl-SI\"},{\"@type\":\"WebPage\",\"@id\":\"https:\/\/hudo.com\/si\/aktualno\/mnenja\/madzarsko-vrhovno-sodisce-oprostilo-snemalko-ki-je-brcala-begunce-to-ni-nezakonito\/\",\"url\":\"https:\/\/hudo.com\/si\/aktualno\/mnenja\/madzarsko-vrhovno-sodisce-oprostilo-snemalko-ki-je-brcala-begunce-to-ni-nezakonito\/\",\"name\":\"Mad\u017earsko vrhovno sodi\u0161\u010de oprostilo snemalko, ki je brcala begunce: &#8221;To ni nezakonito!&#8221; - Hudo Slovenija\",\"isPartOf\":{\"@id\":\"https:\/\/hudo.com\/si\/#website\"},\"datePublished\":\"2018-11-02T06:55:12+00:00\",\"dateModified\":\"2018-11-02T06:55:12+00:00\",\"breadcrumb\":{\"@id\":\"https:\/\/hudo.com\/si\/aktualno\/mnenja\/madzarsko-vrhovno-sodisce-oprostilo-snemalko-ki-je-brcala-begunce-to-ni-nezakonito\/#breadcrumb\"},\"inLanguage\":\"sl-SI\",\"potentialAction\":[{\"@type\":\"ReadAction\",\"target\":[\"https:\/\/hudo.com\/si\/aktualno\/mnenja\/madzarsko-vrhovno-sodisce-oprostilo-snemalko-ki-je-brcala-begunce-to-ni-nezakonito\/\"]}]},{\"@type\":\"BreadcrumbList\",\"@id\":\"https:\/\/hudo.com\/si\/aktualno\/mnenja\/madzarsko-vrhovno-sodisce-oprostilo-snemalko-ki-je-brcala-begunce-to-ni-nezakonito\/#breadcrumb\",\"itemListElement\":[{\"@type\":\"ListItem\",\"position\":1,\"name\":\"Home\",\"item\":\"https:\/\/hudo.com\/si\/\"},{\"@type\":\"ListItem\",\"position\":2,\"name\":\"Mad\u017earsko vrhovno sodi\u0161\u010de oprostilo snemalko, ki je brcala begunce: &#8221;To ni nezakonito!&#8221;\"}]},{\"@type\":\"WebSite\",\"@id\":\"https:\/\/hudo.com\/si\/#website\",\"url\":\"https:\/\/hudo.com\/si\/\",\"name\":\"Hudo Slovenija\",\"description\":\"Vse novice iz Slovenije in sveta\",\"publisher\":{\"@id\":\"https:\/\/hudo.com\/si\/#organization\"},\"potentialAction\":[{\"@type\":\"SearchAction\",\"target\":{\"@type\":\"EntryPoint\",\"urlTemplate\":\"https:\/\/hudo.com\/si\/?s={search_term_string}\"},\"query-input\":\"required name=search_term_string\"}],\"inLanguage\":\"sl-SI\"},{\"@type\":\"Organization\",\"@id\":\"https:\/\/hudo.com\/si\/#organization\",\"name\":\"VSN Media\",\"url\":\"https:\/\/hudo.com\/si\/\",\"logo\":{\"@type\":\"ImageObject\",\"inLanguage\":\"sl-SI\",\"@id\":\"https:\/\/hudo.com\/si\/#\/schema\/logo\/image\/\",\"url\":\"https:\/\/hudo.com\/si\/wp-content\/uploads\/sites\/2\/2021\/03\/hudo-app-2.png\",\"contentUrl\":\"https:\/\/hudo.com\/si\/wp-content\/uploads\/sites\/2\/2021\/03\/hudo-app-2.png\",\"width\":2185,\"height\":2167,\"caption\":\"VSN Media\"},\"image\":{\"@id\":\"https:\/\/hudo.com\/si\/#\/schema\/logo\/image\/\"},\"sameAs\":[\"https:\/\/www.facebook.com\/hudo.si\",\"https:\/\/twitter.com\/hudo_si\"]},{\"@type\":\"Person\",\"@id\":\"https:\/\/hudo.com\/si\/#\/schema\/person\/601cf3379633985b20f7e50f2bb47707\",\"name\":\"hudo\",\"image\":{\"@type\":\"ImageObject\",\"inLanguage\":\"sl-SI\",\"@id\":\"https:\/\/hudo.com\/si\/#\/schema\/person\/image\/\",\"url\":\"https:\/\/secure.gravatar.com\/avatar\/c4ca25fa72cace7a696b52ff5db9e095?s=96&d=mm&r=g\",\"contentUrl\":\"https:\/\/secure.gravatar.com\/avatar\/c4ca25fa72cace7a696b52ff5db9e095?s=96&d=mm&r=g\",\"caption\":\"hudo\"},\"url\":\"https:\/\/hudo.com\/si\/author\/hudo\/\"}]}<\/script>\n<!-- \/ Yoast SEO plugin. -->","yoast_head_json":{"title":"Mad\u017earsko vrhovno sodi\u0161\u010de oprostilo snemalko, ki je brcala begunce: &#8221;To ni nezakonito!&#8221; - Hudo Slovenija","robots":{"index":"index","follow":"follow","max-snippet":"max-snippet:-1","max-image-preview":"max-image-preview:large","max-video-preview":"max-video-preview:-1"},"canonical":"https:\/\/hudo.com\/si\/aktualno\/mnenja\/madzarsko-vrhovno-sodisce-oprostilo-snemalko-ki-je-brcala-begunce-to-ni-nezakonito\/","og_locale":"sl_SI","og_type":"article","og_title":"Mad\u017earsko vrhovno sodi\u0161\u010de oprostilo snemalko, ki je brcala begunce: &#8221;To ni nezakonito!&#8221; - Hudo Slovenija","og_description":"Mad\u017earsko vrhovno sodi\u0161\u010de je v torek oprostilo mad\u017earsko televizijsko snemalko, ki je pred tremi leti med najve\u010djim migrantskim valom na srbsko-mad\u017earski brcala in spotikala begunce in bila zato lani obsojena na triletno pogojno zaporno kazen.","og_url":"https:\/\/hudo.com\/si\/aktualno\/mnenja\/madzarsko-vrhovno-sodisce-oprostilo-snemalko-ki-je-brcala-begunce-to-ni-nezakonito\/","og_site_name":"Hudo Slovenija","article_publisher":"https:\/\/www.facebook.com\/hudo.si","article_published_time":"2018-11-02T06:55:12+00:00","og_image":[{"width":722,"height":406,"url":"https:\/\/hudo.com\/si\/wp-content\/uploads\/sites\/2\/2018\/11\/zver.jpg","type":"image\/jpeg"}],"author":"hudo","twitter_card":"summary_large_image","twitter_creator":"@hudo_si","twitter_site":"@hudo_si","twitter_misc":{"Written by":"hudo","Est. reading time":"1 minuta"},"schema":{"@context":"https:\/\/schema.org","@graph":[{"@type":"Article","@id":"https:\/\/hudo.com\/si\/aktualno\/mnenja\/madzarsko-vrhovno-sodisce-oprostilo-snemalko-ki-je-brcala-begunce-to-ni-nezakonito\/#article","isPartOf":{"@id":"https:\/\/hudo.com\/si\/aktualno\/mnenja\/madzarsko-vrhovno-sodisce-oprostilo-snemalko-ki-je-brcala-begunce-to-ni-nezakonito\/"},"author":{"name":"hudo","@id":"https:\/\/hudo.com\/si\/#\/schema\/person\/601cf3379633985b20f7e50f2bb47707"},"headline":"Mad\u017earsko vrhovno sodi\u0161\u010de oprostilo snemalko, ki je brcala begunce: &#8221;To ni nezakonito!&#8221;","datePublished":"2018-11-02T06:55:12+00:00","dateModified":"2018-11-02T06:55:12+00:00","mainEntityOfPage":{"@id":"https:\/\/hudo.com\/si\/aktualno\/mnenja\/madzarsko-vrhovno-sodisce-oprostilo-snemalko-ki-je-brcala-begunce-to-ni-nezakonito\/"},"wordCount":279,"publisher":{"@id":"https:\/\/hudo.com\/si\/#organization"},"keywords":["begunci","Mad\u017earska"],"articleSection":["Mnenja"],"inLanguage":"sl-SI"},{"@type":"WebPage","@id":"https:\/\/hudo.com\/si\/aktualno\/mnenja\/madzarsko-vrhovno-sodisce-oprostilo-snemalko-ki-je-brcala-begunce-to-ni-nezakonito\/","url":"https:\/\/hudo.com\/si\/aktualno\/mnenja\/madzarsko-vrhovno-sodisce-oprostilo-snemalko-ki-je-brcala-begunce-to-ni-nezakonito\/","name":"Mad\u017earsko vrhovno sodi\u0161\u010de oprostilo snemalko, ki je brcala begunce: &#8221;To ni nezakonito!&#8221; - Hudo Slovenija","isPartOf":{"@id":"https:\/\/hudo.com\/si\/#website"},"datePublished":"2018-11-02T06:55:12+00:00","dateModified":"2018-11-02T06:55:12+00:00","breadcrumb":{"@id":"https:\/\/hudo.com\/si\/aktualno\/mnenja\/madzarsko-vrhovno-sodisce-oprostilo-snemalko-ki-je-brcala-begunce-to-ni-nezakonito\/#breadcrumb"},"inLanguage":"sl-SI","potentialAction":[{"@type":"ReadAction","target":["https:\/\/hudo.com\/si\/aktualno\/mnenja\/madzarsko-vrhovno-sodisce-oprostilo-snemalko-ki-je-brcala-begunce-to-ni-nezakonito\/"]}]},{"@type":"BreadcrumbList","@id":"https:\/\/hudo.com\/si\/aktualno\/mnenja\/madzarsko-vrhovno-sodisce-oprostilo-snemalko-ki-je-brcala-begunce-to-ni-nezakonito\/#breadcrumb","itemListElement":[{"@type":"ListItem","position":1,"name":"Home","item":"https:\/\/hudo.com\/si\/"},{"@type":"ListItem","position":2,"name":"Mad\u017earsko vrhovno sodi\u0161\u010de oprostilo snemalko, ki je brcala begunce: &#8221;To ni nezakonito!&#8221;"}]},{"@type":"WebSite","@id":"https:\/\/hudo.com\/si\/#website","url":"https:\/\/hudo.com\/si\/","name":"Hudo Slovenija","description":"Vse novice iz Slovenije in sveta","publisher":{"@id":"https:\/\/hudo.com\/si\/#organization"},"potentialAction":[{"@type":"SearchAction","target":{"@type":"EntryPoint","urlTemplate":"https:\/\/hudo.com\/si\/?s={search_term_string}"},"query-input":"required name=search_term_string"}],"inLanguage":"sl-SI"},{"@type":"Organization","@id":"https:\/\/hudo.com\/si\/#organization","name":"VSN Media","url":"https:\/\/hudo.com\/si\/","logo":{"@type":"ImageObject","inLanguage":"sl-SI","@id":"https:\/\/hudo.com\/si\/#\/schema\/logo\/image\/","url":"https:\/\/hudo.com\/si\/wp-content\/uploads\/sites\/2\/2021\/03\/hudo-app-2.png","contentUrl":"https:\/\/hudo.com\/si\/wp-content\/uploads\/sites\/2\/2021\/03\/hudo-app-2.png","width":2185,"height":2167,"caption":"VSN Media"},"image":{"@id":"https:\/\/hudo.com\/si\/#\/schema\/logo\/image\/"},"sameAs":["https:\/\/www.facebook.com\/hudo.si","https:\/\/twitter.com\/hudo_si"]},{"@type":"Person","@id":"https:\/\/hudo.com\/si\/#\/schema\/person\/601cf3379633985b20f7e50f2bb47707","name":"hudo","image":{"@type":"ImageObject","inLanguage":"sl-SI","@id":"https:\/\/hudo.com\/si\/#\/schema\/person\/image\/","url":"https:\/\/secure.gravatar.com\/avatar\/c4ca25fa72cace7a696b52ff5db9e095?s=96&d=mm&r=g","contentUrl":"https:\/\/secure.gravatar.com\/avatar\/c4ca25fa72cace7a696b52ff5db9e095?s=96&d=mm&r=g","caption":"hudo"},"url":"https:\/\/hudo.com\/si\/author\/hudo\/"}]}},"amp_enabled":true,"_links":{"self":[{"href":"https:\/\/hudo.com\/si\/wp-json\/wp\/v2\/posts\/380296"}],"collection":[{"href":"https:\/\/hudo.com\/si\/wp-json\/wp\/v2\/posts"}],"about":[{"href":"https:\/\/hudo.com\/si\/wp-json\/wp\/v2\/types\/post"}],"author":[{"embeddable":true,"href":"https:\/\/hudo.com\/si\/wp-json\/wp\/v2\/users\/1"}],"replies":[{"embeddable":true,"href":"https:\/\/hudo.com\/si\/wp-json\/wp\/v2\/comments?post=380296"}],"version-history":[{"count":0,"href":"https:\/\/hudo.com\/si\/wp-json\/wp\/v2\/posts\/380296\/revisions"}],"wp:attachment":[{"href":"https:\/\/hudo.com\/si\/wp-json\/wp\/v2\/media?parent=380296"}],"wp:term":[{"taxonomy":"category","embeddable":true,"href":"https:\/\/hudo.com\/si\/wp-json\/wp\/v2\/categories?post=380296"},{"taxonomy":"post_tag","embeddable":true,"href":"https:\/\/hudo.com\/si\/wp-json\/wp\/v2\/tags?post=380296"},{"taxonomy":"source","embeddable":true,"href":"https:\/\/hudo.com\/si\/wp-json\/wp\/v2\/source?post=380296"},{"taxonomy":"supertag","embeddable":true,"href":"https:\/\/hudo.com\/si\/wp-json\/wp\/v2\/supertag?post=380296"}],"curies":[{"name":"wp","href":"https:\/\/api.w.org\/{rel}","templated":true}]}}