{"id":380546,"date":"2018-11-08T10:10:10","date_gmt":"2018-11-08T09:10:10","guid":{"rendered":"http:\/\/hudo.com\/si\/?p=380546"},"modified":"2018-11-08T12:22:42","modified_gmt":"2018-11-08T11:22:42","slug":"deklica-je-zaradi-tega-kar-vsakodnevno-videvamo-na-ulicah-dobila-hude-opekline","status":"publish","type":"post","link":"https:\/\/hudo.com\/si\/lifestyle\/deklica-je-zaradi-tega-kar-vsakodnevno-videvamo-na-ulicah-dobila-hude-opekline\/","title":{"rendered":"Deklica je zaradi tega, kar vsakodnevno videvamo na ulicah, dobila hude opekline"},"content":{"rendered":"<p>Mama Simone Pickering je na Facebooku objavila fotografije opekline druge stopnje, ki jo je njena 18-mese\u010dna h\u010di dobila na podplatih, ko je stopila na vro\u010d kovinski pokrov ja\u0161ka v parku.<\/p>\n<p>Med igro v parku na jugu Brisbanea je deklica po naklju\u010dju stopila na pokrov ja\u0161ka in \u010deprav je bila njena mama le nekaj metrov stran, ni mogla dovolj hitro ste\u010di, da bi jo re\u0161ila pred opeklinami.<\/p>\n<p>Simone je rekla, da je sli\u0161ala stra\u0161en klic, preden je svojo h\u010der videla &#8220;prilepljeno&#8221; na pokrov.<\/p>\n<p>Z mo\u017eem sta h\u010der takoj odpeljala v bolni\u0161nico, kjer so ji zdravniki dali sredstva proti bole\u010dinam in jo operirali.<\/p>\n<p><div class=\"embed-notice\">Za ogled vstavljene vsebine morate omogo\u010diti <a href=\"#\" onclick=\"Optanon.ToggleInfoDisplay()\">shranjevanje pi\u0161kotkov v napravi<\/a><\/div><iframe loading=\"lazy\" style=\"border: none; overflow: hidden;\"  class=\"optanon-category-C0002-C0003-C0004\" optanon-src=\"https:\/\/www.facebook.com\/plugins\/post.php?href=https%3A%2F%2Fwww.facebook.com%2Fsimone.pickering1%2Fposts%2F2152398874779481&amp;width=500\" width=\"500\" height=\"695\" frameborder=\"0\" scrolling=\"no\"><\/iframe><\/p>\n<p>&#8220;Pogled na njeno malo telo, popolnoma otrplo in obdano s cevkami, me je popolnoma zlomilo,&#8221; je napisala Pickeringova na Facebooku.<\/p>\n<p>Dodala je, da je mislila, glede na to, da je bilo zunaj 25 stopinj celzija, da je v redu, \u010de se h\u010di igra brez \u010devljev. Za celoten primer krivi mestni svet, ki je odlo\u010dil, da bodo nevaren pokrov postavili v park, kjer se igrajo otroci.<\/p>\n<p><div class=\"embed-notice\">Za ogled vstavljene vsebine morate omogo\u010diti <a href=\"#\" onclick=\"Optanon.ToggleInfoDisplay()\">shranjevanje pi\u0161kotkov v napravi<\/a><\/div><iframe loading=\"lazy\" style=\"border: none; overflow: hidden;\"  class=\"optanon-category-C0002-C0003-C0004\" optanon-src=\"https:\/\/www.facebook.com\/plugins\/post.php?href=https%3A%2F%2Fwww.facebook.com%2Fphoto.php%3Ffbid%3D2152398804779488%26set%3Da.210038315682223%26type%3D3&amp;width=500\" width=\"500\" height=\"472\" frameborder=\"0\" scrolling=\"no\"><\/iframe><\/p>\n","protected":false},"excerpt":{"rendered":"<p>18-mese\u010dna deklica je zaradi tega, kar vsakodnevno videvamo na ulicah, na podplatih dobila opekline druge stopnje.<\/p>\n","protected":false},"author":6,"featured_media":380547,"comment_status":"closed","ping_status":"closed","sticky":false,"template":"","format":"standard","meta":{"footnotes":""},"categories":[1091],"tags":[9683,1652],"source":[4511],"supertag":[],"acf":[],"yoast_head":"<!-- This site is optimized with the Yoast SEO plugin v21.3 - https:\/\/yoast.com\/wordpress\/plugins\/seo\/ -->\n<title>Deklica je zaradi tega, kar vsakodnevno videvamo na ulicah, dobila hude opekline - Hudo Slovenija<\/title>\n<meta name=\"robots\" content=\"index, follow, max-snippet:-1, max-image-preview:large, max-video-preview:-1\" \/>\n<link rel=\"canonical\" href=\"https:\/\/hudo.com\/si\/lifestyle\/deklica-je-zaradi-tega-kar-vsakodnevno-videvamo-na-ulicah-dobila-hude-opekline\/\" \/>\n<meta property=\"og:locale\" content=\"sl_SI\" \/>\n<meta property=\"og:type\" content=\"article\" \/>\n<meta property=\"og:title\" content=\"Deklica je zaradi tega, kar vsakodnevno videvamo na ulicah, dobila hude opekline - Hudo Slovenija\" \/>\n<meta property=\"og:description\" content=\"18-mese\u010dna deklica je zaradi tega, kar vsakodnevno videvamo na ulicah, na podplatih dobila opekline druge stopnje.\" \/>\n<meta property=\"og:url\" content=\"https:\/\/hudo.com\/si\/lifestyle\/deklica-je-zaradi-tega-kar-vsakodnevno-videvamo-na-ulicah-dobila-hude-opekline\/\" \/>\n<meta property=\"og:site_name\" content=\"Hudo Slovenija\" \/>\n<meta property=\"article:publisher\" content=\"https:\/\/www.facebook.com\/hudo.si\" \/>\n<meta property=\"article:published_time\" content=\"2018-11-08T09:10:10+00:00\" \/>\n<meta property=\"article:modified_time\" content=\"2018-11-08T11:22:42+00:00\" \/>\n<meta property=\"og:image\" content=\"https:\/\/hudo.com\/si\/wp-content\/uploads\/sites\/2\/2018\/11\/noga_face_07112018.jpg\" \/>\n\t<meta property=\"og:image:width\" content=\"765\" \/>\n\t<meta property=\"og:image:height\" content=\"402\" \/>\n\t<meta property=\"og:image:type\" content=\"image\/jpeg\" \/>\n<meta name=\"author\" content=\"A. G.\" \/>\n<meta name=\"twitter:card\" content=\"summary_large_image\" \/>\n<meta name=\"twitter:creator\" content=\"@hudo_si\" \/>\n<meta name=\"twitter:site\" content=\"@hudo_si\" \/>\n<meta name=\"twitter:label1\" content=\"Written by\" \/>\n\t<meta name=\"twitter:data1\" content=\"A. G.\" \/>\n\t<meta name=\"twitter:label2\" content=\"Est. reading time\" \/>\n\t<meta name=\"twitter:data2\" content=\"1 minuta\" \/>\n<script type=\"application\/ld+json\" class=\"yoast-schema-graph\">{\"@context\":\"https:\/\/schema.org\",\"@graph\":[{\"@type\":\"Article\",\"@id\":\"https:\/\/hudo.com\/si\/lifestyle\/deklica-je-zaradi-tega-kar-vsakodnevno-videvamo-na-ulicah-dobila-hude-opekline\/#article\",\"isPartOf\":{\"@id\":\"https:\/\/hudo.com\/si\/lifestyle\/deklica-je-zaradi-tega-kar-vsakodnevno-videvamo-na-ulicah-dobila-hude-opekline\/\"},\"author\":{\"name\":\"A. G.\",\"@id\":\"https:\/\/hudo.com\/si\/#\/schema\/person\/f95639a66e0dd2c682b0568634e85b8b\"},\"headline\":\"Deklica je zaradi tega, kar vsakodnevno videvamo na ulicah, dobila hude opekline\",\"datePublished\":\"2018-11-08T09:10:10+00:00\",\"dateModified\":\"2018-11-08T11:22:42+00:00\",\"mainEntityOfPage\":{\"@id\":\"https:\/\/hudo.com\/si\/lifestyle\/deklica-je-zaradi-tega-kar-vsakodnevno-videvamo-na-ulicah-dobila-hude-opekline\/\"},\"wordCount\":193,\"publisher\":{\"@id\":\"https:\/\/hudo.com\/si\/#organization\"},\"keywords\":[\"opekline\",\"otroci\"],\"articleSection\":[\"Lifestyle\"],\"inLanguage\":\"sl-SI\"},{\"@type\":\"WebPage\",\"@id\":\"https:\/\/hudo.com\/si\/lifestyle\/deklica-je-zaradi-tega-kar-vsakodnevno-videvamo-na-ulicah-dobila-hude-opekline\/\",\"url\":\"https:\/\/hudo.com\/si\/lifestyle\/deklica-je-zaradi-tega-kar-vsakodnevno-videvamo-na-ulicah-dobila-hude-opekline\/\",\"name\":\"Deklica je zaradi tega, kar vsakodnevno videvamo na ulicah, dobila hude opekline - Hudo Slovenija\",\"isPartOf\":{\"@id\":\"https:\/\/hudo.com\/si\/#website\"},\"datePublished\":\"2018-11-08T09:10:10+00:00\",\"dateModified\":\"2018-11-08T11:22:42+00:00\",\"breadcrumb\":{\"@id\":\"https:\/\/hudo.com\/si\/lifestyle\/deklica-je-zaradi-tega-kar-vsakodnevno-videvamo-na-ulicah-dobila-hude-opekline\/#breadcrumb\"},\"inLanguage\":\"sl-SI\",\"potentialAction\":[{\"@type\":\"ReadAction\",\"target\":[\"https:\/\/hudo.com\/si\/lifestyle\/deklica-je-zaradi-tega-kar-vsakodnevno-videvamo-na-ulicah-dobila-hude-opekline\/\"]}]},{\"@type\":\"BreadcrumbList\",\"@id\":\"https:\/\/hudo.com\/si\/lifestyle\/deklica-je-zaradi-tega-kar-vsakodnevno-videvamo-na-ulicah-dobila-hude-opekline\/#breadcrumb\",\"itemListElement\":[{\"@type\":\"ListItem\",\"position\":1,\"name\":\"Home\",\"item\":\"https:\/\/hudo.com\/si\/\"},{\"@type\":\"ListItem\",\"position\":2,\"name\":\"Deklica je zaradi tega, kar vsakodnevno videvamo na ulicah, dobila hude opekline\"}]},{\"@type\":\"WebSite\",\"@id\":\"https:\/\/hudo.com\/si\/#website\",\"url\":\"https:\/\/hudo.com\/si\/\",\"name\":\"Hudo Slovenija\",\"description\":\"Vse novice iz Slovenije in sveta\",\"publisher\":{\"@id\":\"https:\/\/hudo.com\/si\/#organization\"},\"potentialAction\":[{\"@type\":\"SearchAction\",\"target\":{\"@type\":\"EntryPoint\",\"urlTemplate\":\"https:\/\/hudo.com\/si\/?s={search_term_string}\"},\"query-input\":\"required name=search_term_string\"}],\"inLanguage\":\"sl-SI\"},{\"@type\":\"Organization\",\"@id\":\"https:\/\/hudo.com\/si\/#organization\",\"name\":\"VSN Media\",\"url\":\"https:\/\/hudo.com\/si\/\",\"logo\":{\"@type\":\"ImageObject\",\"inLanguage\":\"sl-SI\",\"@id\":\"https:\/\/hudo.com\/si\/#\/schema\/logo\/image\/\",\"url\":\"https:\/\/hudo.com\/si\/wp-content\/uploads\/sites\/2\/2021\/03\/hudo-app-2.png\",\"contentUrl\":\"https:\/\/hudo.com\/si\/wp-content\/uploads\/sites\/2\/2021\/03\/hudo-app-2.png\",\"width\":2185,\"height\":2167,\"caption\":\"VSN Media\"},\"image\":{\"@id\":\"https:\/\/hudo.com\/si\/#\/schema\/logo\/image\/\"},\"sameAs\":[\"https:\/\/www.facebook.com\/hudo.si\",\"https:\/\/twitter.com\/hudo_si\"]},{\"@type\":\"Person\",\"@id\":\"https:\/\/hudo.com\/si\/#\/schema\/person\/f95639a66e0dd2c682b0568634e85b8b\",\"name\":\"A. G.\",\"image\":{\"@type\":\"ImageObject\",\"inLanguage\":\"sl-SI\",\"@id\":\"https:\/\/hudo.com\/si\/#\/schema\/person\/image\/\",\"url\":\"https:\/\/secure.gravatar.com\/avatar\/9f44de561c70d5d80348d3ed0f4b142d?s=96&d=mm&r=g\",\"contentUrl\":\"https:\/\/secure.gravatar.com\/avatar\/9f44de561c70d5d80348d3ed0f4b142d?s=96&d=mm&r=g\",\"caption\":\"A. G.\"},\"url\":\"https:\/\/hudo.com\/si\/author\/alenkagrmek\/\"}]}<\/script>\n<!-- \/ Yoast SEO plugin. -->","yoast_head_json":{"title":"Deklica je zaradi tega, kar vsakodnevno videvamo na ulicah, dobila hude opekline - Hudo Slovenija","robots":{"index":"index","follow":"follow","max-snippet":"max-snippet:-1","max-image-preview":"max-image-preview:large","max-video-preview":"max-video-preview:-1"},"canonical":"https:\/\/hudo.com\/si\/lifestyle\/deklica-je-zaradi-tega-kar-vsakodnevno-videvamo-na-ulicah-dobila-hude-opekline\/","og_locale":"sl_SI","og_type":"article","og_title":"Deklica je zaradi tega, kar vsakodnevno videvamo na ulicah, dobila hude opekline - Hudo Slovenija","og_description":"18-mese\u010dna deklica je zaradi tega, kar vsakodnevno videvamo na ulicah, na podplatih dobila opekline druge stopnje.","og_url":"https:\/\/hudo.com\/si\/lifestyle\/deklica-je-zaradi-tega-kar-vsakodnevno-videvamo-na-ulicah-dobila-hude-opekline\/","og_site_name":"Hudo Slovenija","article_publisher":"https:\/\/www.facebook.com\/hudo.si","article_published_time":"2018-11-08T09:10:10+00:00","article_modified_time":"2018-11-08T11:22:42+00:00","og_image":[{"width":765,"height":402,"url":"https:\/\/hudo.com\/si\/wp-content\/uploads\/sites\/2\/2018\/11\/noga_face_07112018.jpg","type":"image\/jpeg"}],"author":"A. G.","twitter_card":"summary_large_image","twitter_creator":"@hudo_si","twitter_site":"@hudo_si","twitter_misc":{"Written by":"A. G.","Est. reading time":"1 minuta"},"schema":{"@context":"https:\/\/schema.org","@graph":[{"@type":"Article","@id":"https:\/\/hudo.com\/si\/lifestyle\/deklica-je-zaradi-tega-kar-vsakodnevno-videvamo-na-ulicah-dobila-hude-opekline\/#article","isPartOf":{"@id":"https:\/\/hudo.com\/si\/lifestyle\/deklica-je-zaradi-tega-kar-vsakodnevno-videvamo-na-ulicah-dobila-hude-opekline\/"},"author":{"name":"A. G.","@id":"https:\/\/hudo.com\/si\/#\/schema\/person\/f95639a66e0dd2c682b0568634e85b8b"},"headline":"Deklica je zaradi tega, kar vsakodnevno videvamo na ulicah, dobila hude opekline","datePublished":"2018-11-08T09:10:10+00:00","dateModified":"2018-11-08T11:22:42+00:00","mainEntityOfPage":{"@id":"https:\/\/hudo.com\/si\/lifestyle\/deklica-je-zaradi-tega-kar-vsakodnevno-videvamo-na-ulicah-dobila-hude-opekline\/"},"wordCount":193,"publisher":{"@id":"https:\/\/hudo.com\/si\/#organization"},"keywords":["opekline","otroci"],"articleSection":["Lifestyle"],"inLanguage":"sl-SI"},{"@type":"WebPage","@id":"https:\/\/hudo.com\/si\/lifestyle\/deklica-je-zaradi-tega-kar-vsakodnevno-videvamo-na-ulicah-dobila-hude-opekline\/","url":"https:\/\/hudo.com\/si\/lifestyle\/deklica-je-zaradi-tega-kar-vsakodnevno-videvamo-na-ulicah-dobila-hude-opekline\/","name":"Deklica je zaradi tega, kar vsakodnevno videvamo na ulicah, dobila hude opekline - Hudo Slovenija","isPartOf":{"@id":"https:\/\/hudo.com\/si\/#website"},"datePublished":"2018-11-08T09:10:10+00:00","dateModified":"2018-11-08T11:22:42+00:00","breadcrumb":{"@id":"https:\/\/hudo.com\/si\/lifestyle\/deklica-je-zaradi-tega-kar-vsakodnevno-videvamo-na-ulicah-dobila-hude-opekline\/#breadcrumb"},"inLanguage":"sl-SI","potentialAction":[{"@type":"ReadAction","target":["https:\/\/hudo.com\/si\/lifestyle\/deklica-je-zaradi-tega-kar-vsakodnevno-videvamo-na-ulicah-dobila-hude-opekline\/"]}]},{"@type":"BreadcrumbList","@id":"https:\/\/hudo.com\/si\/lifestyle\/deklica-je-zaradi-tega-kar-vsakodnevno-videvamo-na-ulicah-dobila-hude-opekline\/#breadcrumb","itemListElement":[{"@type":"ListItem","position":1,"name":"Home","item":"https:\/\/hudo.com\/si\/"},{"@type":"ListItem","position":2,"name":"Deklica je zaradi tega, kar vsakodnevno videvamo na ulicah, dobila hude opekline"}]},{"@type":"WebSite","@id":"https:\/\/hudo.com\/si\/#website","url":"https:\/\/hudo.com\/si\/","name":"Hudo Slovenija","description":"Vse novice iz Slovenije in sveta","publisher":{"@id":"https:\/\/hudo.com\/si\/#organization"},"potentialAction":[{"@type":"SearchAction","target":{"@type":"EntryPoint","urlTemplate":"https:\/\/hudo.com\/si\/?s={search_term_string}"},"query-input":"required name=search_term_string"}],"inLanguage":"sl-SI"},{"@type":"Organization","@id":"https:\/\/hudo.com\/si\/#organization","name":"VSN Media","url":"https:\/\/hudo.com\/si\/","logo":{"@type":"ImageObject","inLanguage":"sl-SI","@id":"https:\/\/hudo.com\/si\/#\/schema\/logo\/image\/","url":"https:\/\/hudo.com\/si\/wp-content\/uploads\/sites\/2\/2021\/03\/hudo-app-2.png","contentUrl":"https:\/\/hudo.com\/si\/wp-content\/uploads\/sites\/2\/2021\/03\/hudo-app-2.png","width":2185,"height":2167,"caption":"VSN Media"},"image":{"@id":"https:\/\/hudo.com\/si\/#\/schema\/logo\/image\/"},"sameAs":["https:\/\/www.facebook.com\/hudo.si","https:\/\/twitter.com\/hudo_si"]},{"@type":"Person","@id":"https:\/\/hudo.com\/si\/#\/schema\/person\/f95639a66e0dd2c682b0568634e85b8b","name":"A. G.","image":{"@type":"ImageObject","inLanguage":"sl-SI","@id":"https:\/\/hudo.com\/si\/#\/schema\/person\/image\/","url":"https:\/\/secure.gravatar.com\/avatar\/9f44de561c70d5d80348d3ed0f4b142d?s=96&d=mm&r=g","contentUrl":"https:\/\/secure.gravatar.com\/avatar\/9f44de561c70d5d80348d3ed0f4b142d?s=96&d=mm&r=g","caption":"A. G."},"url":"https:\/\/hudo.com\/si\/author\/alenkagrmek\/"}]}},"amp_enabled":true,"_links":{"self":[{"href":"https:\/\/hudo.com\/si\/wp-json\/wp\/v2\/posts\/380546"}],"collection":[{"href":"https:\/\/hudo.com\/si\/wp-json\/wp\/v2\/posts"}],"about":[{"href":"https:\/\/hudo.com\/si\/wp-json\/wp\/v2\/types\/post"}],"author":[{"embeddable":true,"href":"https:\/\/hudo.com\/si\/wp-json\/wp\/v2\/users\/6"}],"replies":[{"embeddable":true,"href":"https:\/\/hudo.com\/si\/wp-json\/wp\/v2\/comments?post=380546"}],"version-history":[{"count":4,"href":"https:\/\/hudo.com\/si\/wp-json\/wp\/v2\/posts\/380546\/revisions"}],"predecessor-version":[{"id":380564,"href":"https:\/\/hudo.com\/si\/wp-json\/wp\/v2\/posts\/380546\/revisions\/380564"}],"wp:featuredmedia":[{"embeddable":true,"href":"https:\/\/hudo.com\/si\/wp-json\/wp\/v2\/media\/380547"}],"wp:attachment":[{"href":"https:\/\/hudo.com\/si\/wp-json\/wp\/v2\/media?parent=380546"}],"wp:term":[{"taxonomy":"category","embeddable":true,"href":"https:\/\/hudo.com\/si\/wp-json\/wp\/v2\/categories?post=380546"},{"taxonomy":"post_tag","embeddable":true,"href":"https:\/\/hudo.com\/si\/wp-json\/wp\/v2\/tags?post=380546"},{"taxonomy":"source","embeddable":true,"href":"https:\/\/hudo.com\/si\/wp-json\/wp\/v2\/source?post=380546"},{"taxonomy":"supertag","embeddable":true,"href":"https:\/\/hudo.com\/si\/wp-json\/wp\/v2\/supertag?post=380546"}],"curies":[{"name":"wp","href":"https:\/\/api.w.org\/{rel}","templated":true}]}}