{"id":380604,"date":"2018-11-08T14:34:04","date_gmt":"2018-11-08T13:34:04","guid":{"rendered":"http:\/\/hudo.com\/si\/?p=380604"},"modified":"2018-11-08T14:34:04","modified_gmt":"2018-11-08T13:34:04","slug":"princ-charles-kot-kralj-ne-bo-javno-izrazal-stalisc-nisem-tako-neumen","status":"publish","type":"post","link":"https:\/\/hudo.com\/si\/aktualno\/princ-charles-kot-kralj-ne-bo-javno-izrazal-stalisc-nisem-tako-neumen\/","title":{"rendered":"Princ Charles kot kralj ne bo javno izra\u017eal stali\u0161\u010d: &#8220;Nisem tako neumen&#8221;"},"content":{"rendered":"<p>Na vpra\u0161anje o njegovem javnem zavzemanju na dolo\u010denih podro\u010djih, kot sta okolje in urbanisti\u010dni razvoj, je Charles odgovoril, da je pri tem sku\u0161al biti &#8220;nestrankarski&#8221;. Nekateri to opisujejo kot &#8220;vme\u0161avanje v politiko&#8221;. Kot monarh bo medtem upo\u0161teval &#8220;ustavna merila&#8221;, je dejal.<\/p>\n<p>&#8220;Treba se je zavedati, da je naenkrat prostor samo za enega suverena, ne za dva,&#8221; je povedal v enourni oddaji, ki jo bo BBC predvajal drevi. &#8220;Ne more\u0161 biti suveren, \u010de si vali\u017eanski princ in prestolonaslednik,&#8221; je poudaril.<\/p>\n<p>&#8220;Zamisel, da bi ravnal tako kot sedaj, \u010de bom nasledil (kraljico), je povesem nesmiselna, saj sta polo\u017eaja povsem razli\u010dna,&#8221; je dodal. Na vpra\u0161anje, ali bo \u0161e naprej javno izra\u017eal svoja stali\u0161\u010da, pa je odgovoril nikalno. &#8220;Nisem tako neumen,&#8221; je poudaril.<\/p>\n<blockquote class=\"wp-embedded-content\" data-secret=\"lo5Vq752jM\"><p><a href=\"https:\/\/zenska.hudo.com\/vip\/tuja-scena\/princ-charles-praznuje-70-let-o-njem-razkrili-otroka-camilla-deloholik-ki-se-z-vnuki-plazi-po-kolenih\/\">Princ Charles praznuje 70 let &#8211; to so o njem razkrili otroka in Camilla: Deloholik, ki se z vnuki plazi po kolenih<\/a><\/p><\/blockquote>\n<p><div class=\"embed-notice\">Za ogled vstavljene vsebine morate omogo\u010diti <a href=\"#\" onclick=\"Optanon.ToggleInfoDisplay()\">shranjevanje pi\u0161kotkov v napravi<\/a><\/div><iframe class=\"wp-embedded-content\" sandbox=\"allow-scripts\" security=\"restricted\" style=\"position: absolute; clip: rect(1px, 1px, 1px, 1px);\" title=\"&#8220;Princ Charles praznuje 70 let &#8211; to so o njem razkrili otroka in Camilla: Deloholik, ki se z vnuki plazi po kolenih&#8221; &#8212; \u017denska.si\"  class=\"optanon-category-C0002-C0003-C0004\" optanon-src=\"https:\/\/zenska.hudo.com\/vip\/tuja-scena\/princ-charles-praznuje-70-let-o-njem-razkrili-otroka-camilla-deloholik-ki-se-z-vnuki-plazi-po-kolenih\/embed\/#?secret=lo5Vq752jM\" data-secret=\"lo5Vq752jM\" width=\"500\" height=\"282\" frameborder=\"0\" marginwidth=\"0\" marginheight=\"0\" scrolling=\"no\"><\/iframe><\/p>\n","protected":false},"excerpt":{"rendered":"<p>Vali\u017eanski princ Charles je dejal, da kot britanski kralj ne bo ve\u010d javno izra\u017eal svojih stali\u0161\u010d, je povedal v dokumentarnem filmu britanskega BBC ob svojem 70. rojstnem dnevu, ki ga bo praznoval prihodnji teden.<\/p>\n","protected":false},"author":8,"featured_media":380605,"comment_status":"closed","ping_status":"closed","sticky":false,"template":"","format":"standard","meta":{"footnotes":""},"categories":[1179],"tags":[4405],"source":[4511],"supertag":[6103],"acf":[],"yoast_head":"<!-- This site is optimized with the Yoast SEO plugin v21.3 - https:\/\/yoast.com\/wordpress\/plugins\/seo\/ -->\n<title>Princ Charles kot kralj ne bo javno izra\u017eal stali\u0161\u010d: &quot;Nisem tako neumen&quot; - Hudo Slovenija<\/title>\n<meta name=\"robots\" content=\"index, follow, max-snippet:-1, max-image-preview:large, max-video-preview:-1\" \/>\n<link rel=\"canonical\" href=\"https:\/\/hudo.com\/si\/aktualno\/princ-charles-kot-kralj-ne-bo-javno-izrazal-stalisc-nisem-tako-neumen\/\" \/>\n<meta property=\"og:locale\" content=\"sl_SI\" \/>\n<meta property=\"og:type\" content=\"article\" \/>\n<meta property=\"og:title\" content=\"Princ Charles kot kralj ne bo javno izra\u017eal stali\u0161\u010d: &quot;Nisem tako neumen&quot; - Hudo Slovenija\" \/>\n<meta property=\"og:description\" content=\"Vali\u017eanski princ Charles je dejal, da kot britanski kralj ne bo ve\u010d javno izra\u017eal svojih stali\u0161\u010d, je povedal v dokumentarnem filmu britanskega BBC ob svojem 70. rojstnem dnevu, ki ga bo praznoval prihodnji teden.\" \/>\n<meta property=\"og:url\" content=\"https:\/\/hudo.com\/si\/aktualno\/princ-charles-kot-kralj-ne-bo-javno-izrazal-stalisc-nisem-tako-neumen\/\" \/>\n<meta property=\"og:site_name\" content=\"Hudo Slovenija\" \/>\n<meta property=\"article:publisher\" content=\"https:\/\/www.facebook.com\/hudo.si\" \/>\n<meta property=\"article:published_time\" content=\"2018-11-08T13:34:04+00:00\" \/>\n<meta property=\"og:image\" content=\"https:\/\/hudo.com\/si\/wp-content\/uploads\/sites\/2\/2018\/11\/profimedia-0372613873.jpg\" \/>\n\t<meta property=\"og:image:width\" content=\"1054\" \/>\n\t<meta property=\"og:image:height\" content=\"1250\" \/>\n\t<meta property=\"og:image:type\" content=\"image\/jpeg\" \/>\n<meta name=\"author\" content=\"M. N., STA\" \/>\n<meta name=\"twitter:card\" content=\"summary_large_image\" \/>\n<meta name=\"twitter:creator\" content=\"@hudo_si\" \/>\n<meta name=\"twitter:site\" content=\"@hudo_si\" \/>\n<meta name=\"twitter:label1\" content=\"Written by\" \/>\n\t<meta name=\"twitter:data1\" content=\"M. N., STA\" \/>\n\t<meta name=\"twitter:label2\" content=\"Est. reading time\" \/>\n\t<meta name=\"twitter:data2\" content=\"1 minuta\" \/>\n<script type=\"application\/ld+json\" class=\"yoast-schema-graph\">{\"@context\":\"https:\/\/schema.org\",\"@graph\":[{\"@type\":\"Article\",\"@id\":\"https:\/\/hudo.com\/si\/aktualno\/princ-charles-kot-kralj-ne-bo-javno-izrazal-stalisc-nisem-tako-neumen\/#article\",\"isPartOf\":{\"@id\":\"https:\/\/hudo.com\/si\/aktualno\/princ-charles-kot-kralj-ne-bo-javno-izrazal-stalisc-nisem-tako-neumen\/\"},\"author\":{\"name\":\"M. N., STA\",\"@id\":\"https:\/\/hudo.com\/si\/#\/schema\/person\/c2f10ce65d2e6ede2aeda5be2a0611fa\"},\"headline\":\"Princ Charles kot kralj ne bo javno izra\u017eal stali\u0161\u010d: &#8220;Nisem tako neumen&#8221;\",\"datePublished\":\"2018-11-08T13:34:04+00:00\",\"dateModified\":\"2018-11-08T13:34:04+00:00\",\"mainEntityOfPage\":{\"@id\":\"https:\/\/hudo.com\/si\/aktualno\/princ-charles-kot-kralj-ne-bo-javno-izrazal-stalisc-nisem-tako-neumen\/\"},\"wordCount\":153,\"publisher\":{\"@id\":\"https:\/\/hudo.com\/si\/#organization\"},\"keywords\":[\"princ Charles\"],\"articleSection\":[\"Aktualno\"],\"inLanguage\":\"sl-SI\"},{\"@type\":\"WebPage\",\"@id\":\"https:\/\/hudo.com\/si\/aktualno\/princ-charles-kot-kralj-ne-bo-javno-izrazal-stalisc-nisem-tako-neumen\/\",\"url\":\"https:\/\/hudo.com\/si\/aktualno\/princ-charles-kot-kralj-ne-bo-javno-izrazal-stalisc-nisem-tako-neumen\/\",\"name\":\"Princ Charles kot kralj ne bo javno izra\u017eal stali\u0161\u010d: \\\"Nisem tako neumen\\\" - Hudo Slovenija\",\"isPartOf\":{\"@id\":\"https:\/\/hudo.com\/si\/#website\"},\"datePublished\":\"2018-11-08T13:34:04+00:00\",\"dateModified\":\"2018-11-08T13:34:04+00:00\",\"breadcrumb\":{\"@id\":\"https:\/\/hudo.com\/si\/aktualno\/princ-charles-kot-kralj-ne-bo-javno-izrazal-stalisc-nisem-tako-neumen\/#breadcrumb\"},\"inLanguage\":\"sl-SI\",\"potentialAction\":[{\"@type\":\"ReadAction\",\"target\":[\"https:\/\/hudo.com\/si\/aktualno\/princ-charles-kot-kralj-ne-bo-javno-izrazal-stalisc-nisem-tako-neumen\/\"]}]},{\"@type\":\"BreadcrumbList\",\"@id\":\"https:\/\/hudo.com\/si\/aktualno\/princ-charles-kot-kralj-ne-bo-javno-izrazal-stalisc-nisem-tako-neumen\/#breadcrumb\",\"itemListElement\":[{\"@type\":\"ListItem\",\"position\":1,\"name\":\"Home\",\"item\":\"https:\/\/hudo.com\/si\/\"},{\"@type\":\"ListItem\",\"position\":2,\"name\":\"Princ Charles kot kralj ne bo javno izra\u017eal stali\u0161\u010d: &#8220;Nisem tako neumen&#8221;\"}]},{\"@type\":\"WebSite\",\"@id\":\"https:\/\/hudo.com\/si\/#website\",\"url\":\"https:\/\/hudo.com\/si\/\",\"name\":\"Hudo Slovenija\",\"description\":\"Vse novice iz Slovenije in sveta\",\"publisher\":{\"@id\":\"https:\/\/hudo.com\/si\/#organization\"},\"potentialAction\":[{\"@type\":\"SearchAction\",\"target\":{\"@type\":\"EntryPoint\",\"urlTemplate\":\"https:\/\/hudo.com\/si\/?s={search_term_string}\"},\"query-input\":\"required name=search_term_string\"}],\"inLanguage\":\"sl-SI\"},{\"@type\":\"Organization\",\"@id\":\"https:\/\/hudo.com\/si\/#organization\",\"name\":\"VSN Media\",\"url\":\"https:\/\/hudo.com\/si\/\",\"logo\":{\"@type\":\"ImageObject\",\"inLanguage\":\"sl-SI\",\"@id\":\"https:\/\/hudo.com\/si\/#\/schema\/logo\/image\/\",\"url\":\"https:\/\/hudo.com\/si\/wp-content\/uploads\/sites\/2\/2021\/03\/hudo-app-2.png\",\"contentUrl\":\"https:\/\/hudo.com\/si\/wp-content\/uploads\/sites\/2\/2021\/03\/hudo-app-2.png\",\"width\":2185,\"height\":2167,\"caption\":\"VSN Media\"},\"image\":{\"@id\":\"https:\/\/hudo.com\/si\/#\/schema\/logo\/image\/\"},\"sameAs\":[\"https:\/\/www.facebook.com\/hudo.si\",\"https:\/\/twitter.com\/hudo_si\"]},{\"@type\":\"Person\",\"@id\":\"https:\/\/hudo.com\/si\/#\/schema\/person\/c2f10ce65d2e6ede2aeda5be2a0611fa\",\"name\":\"M. N., STA\",\"image\":{\"@type\":\"ImageObject\",\"inLanguage\":\"sl-SI\",\"@id\":\"https:\/\/hudo.com\/si\/#\/schema\/person\/image\/\",\"url\":\"https:\/\/secure.gravatar.com\/avatar\/f370d38daa10467f755c5c766a4cac20?s=96&d=mm&r=g\",\"contentUrl\":\"https:\/\/secure.gravatar.com\/avatar\/f370d38daa10467f755c5c766a4cac20?s=96&d=mm&r=g\",\"caption\":\"M. N., STA\"},\"url\":\"https:\/\/hudo.com\/si\/author\/mana\/\"}]}<\/script>\n<!-- \/ Yoast SEO plugin. -->","yoast_head_json":{"title":"Princ Charles kot kralj ne bo javno izra\u017eal stali\u0161\u010d: \"Nisem tako neumen\" - Hudo Slovenija","robots":{"index":"index","follow":"follow","max-snippet":"max-snippet:-1","max-image-preview":"max-image-preview:large","max-video-preview":"max-video-preview:-1"},"canonical":"https:\/\/hudo.com\/si\/aktualno\/princ-charles-kot-kralj-ne-bo-javno-izrazal-stalisc-nisem-tako-neumen\/","og_locale":"sl_SI","og_type":"article","og_title":"Princ Charles kot kralj ne bo javno izra\u017eal stali\u0161\u010d: \"Nisem tako neumen\" - Hudo Slovenija","og_description":"Vali\u017eanski princ Charles je dejal, da kot britanski kralj ne bo ve\u010d javno izra\u017eal svojih stali\u0161\u010d, je povedal v dokumentarnem filmu britanskega BBC ob svojem 70. rojstnem dnevu, ki ga bo praznoval prihodnji teden.","og_url":"https:\/\/hudo.com\/si\/aktualno\/princ-charles-kot-kralj-ne-bo-javno-izrazal-stalisc-nisem-tako-neumen\/","og_site_name":"Hudo Slovenija","article_publisher":"https:\/\/www.facebook.com\/hudo.si","article_published_time":"2018-11-08T13:34:04+00:00","og_image":[{"width":1054,"height":1250,"url":"https:\/\/hudo.com\/si\/wp-content\/uploads\/sites\/2\/2018\/11\/profimedia-0372613873.jpg","type":"image\/jpeg"}],"author":"M. N., STA","twitter_card":"summary_large_image","twitter_creator":"@hudo_si","twitter_site":"@hudo_si","twitter_misc":{"Written by":"M. N., STA","Est. reading time":"1 minuta"},"schema":{"@context":"https:\/\/schema.org","@graph":[{"@type":"Article","@id":"https:\/\/hudo.com\/si\/aktualno\/princ-charles-kot-kralj-ne-bo-javno-izrazal-stalisc-nisem-tako-neumen\/#article","isPartOf":{"@id":"https:\/\/hudo.com\/si\/aktualno\/princ-charles-kot-kralj-ne-bo-javno-izrazal-stalisc-nisem-tako-neumen\/"},"author":{"name":"M. N., STA","@id":"https:\/\/hudo.com\/si\/#\/schema\/person\/c2f10ce65d2e6ede2aeda5be2a0611fa"},"headline":"Princ Charles kot kralj ne bo javno izra\u017eal stali\u0161\u010d: &#8220;Nisem tako neumen&#8221;","datePublished":"2018-11-08T13:34:04+00:00","dateModified":"2018-11-08T13:34:04+00:00","mainEntityOfPage":{"@id":"https:\/\/hudo.com\/si\/aktualno\/princ-charles-kot-kralj-ne-bo-javno-izrazal-stalisc-nisem-tako-neumen\/"},"wordCount":153,"publisher":{"@id":"https:\/\/hudo.com\/si\/#organization"},"keywords":["princ Charles"],"articleSection":["Aktualno"],"inLanguage":"sl-SI"},{"@type":"WebPage","@id":"https:\/\/hudo.com\/si\/aktualno\/princ-charles-kot-kralj-ne-bo-javno-izrazal-stalisc-nisem-tako-neumen\/","url":"https:\/\/hudo.com\/si\/aktualno\/princ-charles-kot-kralj-ne-bo-javno-izrazal-stalisc-nisem-tako-neumen\/","name":"Princ Charles kot kralj ne bo javno izra\u017eal stali\u0161\u010d: \"Nisem tako neumen\" - Hudo Slovenija","isPartOf":{"@id":"https:\/\/hudo.com\/si\/#website"},"datePublished":"2018-11-08T13:34:04+00:00","dateModified":"2018-11-08T13:34:04+00:00","breadcrumb":{"@id":"https:\/\/hudo.com\/si\/aktualno\/princ-charles-kot-kralj-ne-bo-javno-izrazal-stalisc-nisem-tako-neumen\/#breadcrumb"},"inLanguage":"sl-SI","potentialAction":[{"@type":"ReadAction","target":["https:\/\/hudo.com\/si\/aktualno\/princ-charles-kot-kralj-ne-bo-javno-izrazal-stalisc-nisem-tako-neumen\/"]}]},{"@type":"BreadcrumbList","@id":"https:\/\/hudo.com\/si\/aktualno\/princ-charles-kot-kralj-ne-bo-javno-izrazal-stalisc-nisem-tako-neumen\/#breadcrumb","itemListElement":[{"@type":"ListItem","position":1,"name":"Home","item":"https:\/\/hudo.com\/si\/"},{"@type":"ListItem","position":2,"name":"Princ Charles kot kralj ne bo javno izra\u017eal stali\u0161\u010d: &#8220;Nisem tako neumen&#8221;"}]},{"@type":"WebSite","@id":"https:\/\/hudo.com\/si\/#website","url":"https:\/\/hudo.com\/si\/","name":"Hudo Slovenija","description":"Vse novice iz Slovenije in sveta","publisher":{"@id":"https:\/\/hudo.com\/si\/#organization"},"potentialAction":[{"@type":"SearchAction","target":{"@type":"EntryPoint","urlTemplate":"https:\/\/hudo.com\/si\/?s={search_term_string}"},"query-input":"required name=search_term_string"}],"inLanguage":"sl-SI"},{"@type":"Organization","@id":"https:\/\/hudo.com\/si\/#organization","name":"VSN Media","url":"https:\/\/hudo.com\/si\/","logo":{"@type":"ImageObject","inLanguage":"sl-SI","@id":"https:\/\/hudo.com\/si\/#\/schema\/logo\/image\/","url":"https:\/\/hudo.com\/si\/wp-content\/uploads\/sites\/2\/2021\/03\/hudo-app-2.png","contentUrl":"https:\/\/hudo.com\/si\/wp-content\/uploads\/sites\/2\/2021\/03\/hudo-app-2.png","width":2185,"height":2167,"caption":"VSN Media"},"image":{"@id":"https:\/\/hudo.com\/si\/#\/schema\/logo\/image\/"},"sameAs":["https:\/\/www.facebook.com\/hudo.si","https:\/\/twitter.com\/hudo_si"]},{"@type":"Person","@id":"https:\/\/hudo.com\/si\/#\/schema\/person\/c2f10ce65d2e6ede2aeda5be2a0611fa","name":"M. N., STA","image":{"@type":"ImageObject","inLanguage":"sl-SI","@id":"https:\/\/hudo.com\/si\/#\/schema\/person\/image\/","url":"https:\/\/secure.gravatar.com\/avatar\/f370d38daa10467f755c5c766a4cac20?s=96&d=mm&r=g","contentUrl":"https:\/\/secure.gravatar.com\/avatar\/f370d38daa10467f755c5c766a4cac20?s=96&d=mm&r=g","caption":"M. N., STA"},"url":"https:\/\/hudo.com\/si\/author\/mana\/"}]}},"amp_enabled":true,"_links":{"self":[{"href":"https:\/\/hudo.com\/si\/wp-json\/wp\/v2\/posts\/380604"}],"collection":[{"href":"https:\/\/hudo.com\/si\/wp-json\/wp\/v2\/posts"}],"about":[{"href":"https:\/\/hudo.com\/si\/wp-json\/wp\/v2\/types\/post"}],"author":[{"embeddable":true,"href":"https:\/\/hudo.com\/si\/wp-json\/wp\/v2\/users\/8"}],"replies":[{"embeddable":true,"href":"https:\/\/hudo.com\/si\/wp-json\/wp\/v2\/comments?post=380604"}],"version-history":[{"count":1,"href":"https:\/\/hudo.com\/si\/wp-json\/wp\/v2\/posts\/380604\/revisions"}],"predecessor-version":[{"id":380606,"href":"https:\/\/hudo.com\/si\/wp-json\/wp\/v2\/posts\/380604\/revisions\/380606"}],"wp:featuredmedia":[{"embeddable":true,"href":"https:\/\/hudo.com\/si\/wp-json\/wp\/v2\/media\/380605"}],"wp:attachment":[{"href":"https:\/\/hudo.com\/si\/wp-json\/wp\/v2\/media?parent=380604"}],"wp:term":[{"taxonomy":"category","embeddable":true,"href":"https:\/\/hudo.com\/si\/wp-json\/wp\/v2\/categories?post=380604"},{"taxonomy":"post_tag","embeddable":true,"href":"https:\/\/hudo.com\/si\/wp-json\/wp\/v2\/tags?post=380604"},{"taxonomy":"source","embeddable":true,"href":"https:\/\/hudo.com\/si\/wp-json\/wp\/v2\/source?post=380604"},{"taxonomy":"supertag","embeddable":true,"href":"https:\/\/hudo.com\/si\/wp-json\/wp\/v2\/supertag?post=380604"}],"curies":[{"name":"wp","href":"https:\/\/api.w.org\/{rel}","templated":true}]}}