{"id":380627,"date":"2018-11-08T18:24:35","date_gmt":"2018-11-08T17:24:35","guid":{"rendered":"http:\/\/hudo.com\/si\/?p=380627"},"modified":"2018-11-08T18:24:35","modified_gmt":"2018-11-08T17:24:35","slug":"policija-se-je-opravicila-jelincicu","status":"publish","type":"post","link":"https:\/\/hudo.com\/si\/aktualno\/policija-se-je-opravicila-jelincicu\/","title":{"rendered":"Policija se je opravi\u010dila Jelin\u010di\u010du"},"content":{"rendered":"<p>Jelin\u010di\u010du je bilo vabilo na zasli\u0161anje poslano kot osumljencu kaznivega dejanja raz\u017ealitve po 158. \u010dlenu kazenskega zakonika, in sicer za 15. november.<\/p>\n<p>Kot so danes za STA sporo\u010dili s policije, je v. d. generalnega direktorja policije Tatjana Bobnar takoj po seznanitvi z omenjenim primerom odredila strokovni nadzor, v katerem preverjajo celoten postopek. &#8220;Na podlagi ugotovitev strokovnega nadzora, ki \u0161e intenzivno poteka, bomo v nadaljevanju zaradi strokovnih napak tudi ustrezno ukrepali,&#8221; so napovedali.<\/p>\n<p>Iz do sedaj znanih podatkov po navedbah policije ka\u017ee, da gre v omenjenem primeru za sum kaznivega dejanja, ki se ugotavlja v postopku, katerega spro\u017ei zasebni to\u017eilec, oziroma za kaznivo dejanje, katerega storilec se preganja na zasebno to\u017ebo. V takem postopku policija nima pristojnosti.<\/p>\n<p>Zato so policisti v sredo Jelin\u010di\u010du poslali pisno opravi\u010dilo oziroma obvestilo, da je vabilo na zasli\u0161anje preklicano. V sredo so ga iz istega razloga policisti tudi iskali. Kot je Jelin\u010di\u010d povedal na dana\u0161nji novinarski konferenci, sta ga v sredo res obiskala policista, vendar ni \u017eelel govoriti z njima in je zahteval pisno obvestilo.<\/p>\n<p>Policisti so tudi prijavitelja, poslanca Levice Franca Tr\u010dka, obvestili, da gre za pregon na zasebno to\u017ebo. V Levici so za STA povedali, da se bodo o morebitnih nadaljnjih korakih \u0161e odlo\u010dili.<\/p>\n<p>O okoli\u0161\u010dinah primera in dosedanjem postopku policije pa bo policija, kot so pojasnili, s poro\u010dilom obvestila pristojno dr\u017eavno to\u017eilstvo.<\/p>\n<p>Jelin\u010di\u010d je bil na dana\u0161nji novinarski konferenci kriti\u010den do policije in je ocenil, da za tem stojijo dolo\u010dene osebe iz koalicije. Ob tem se je vpra\u0161al, ali imamo \u0161e vedno politi\u010dno policijo, in dejal, da ga je strah reakcij dr\u017eavnih organov, omenjal je tudi vohunjenje in prislu\u0161kovanje. A v Levici vztrajajo, da je bila prijava na policijo podana na podlagi objavljenega posnetka na Jelin\u010di\u010devem Facebook profilu. Jelin\u010di\u010d sicer izjav ne zanika in pri njih vztraja.<\/p>\n","protected":false},"excerpt":{"rendered":"<p>Policija je preklicala vabilo predsedniku SNS Zmagu Jelin\u010di\u010du na zasli\u0161anje zaradi domnevno spornih izjav o Levici in se mu opravi\u010dila, so za STA pojasnili na Generalni policijski upravi. Ugotovili so, da gre v omenjenem primeru za sum kaznivega dejanja, katerega storilec se preganja na zasebno to\u017ebo. V takem postopku policija nima pristojnosti.<\/p>\n","protected":false},"author":8,"featured_media":328703,"comment_status":"closed","ping_status":"closed","sticky":false,"template":"","format":"standard","meta":{"footnotes":""},"categories":[1179],"tags":[1728,1595,5813],"source":[4511],"supertag":[],"acf":[],"yoast_head":"<!-- This site is optimized with the Yoast SEO plugin v21.3 - https:\/\/yoast.com\/wordpress\/plugins\/seo\/ -->\n<title>Policija se je opravi\u010dila Jelin\u010di\u010du - Hudo Slovenija<\/title>\n<meta name=\"robots\" content=\"index, follow, max-snippet:-1, max-image-preview:large, max-video-preview:-1\" \/>\n<link rel=\"canonical\" href=\"https:\/\/hudo.com\/si\/aktualno\/policija-se-je-opravicila-jelincicu\/\" \/>\n<meta property=\"og:locale\" content=\"sl_SI\" \/>\n<meta property=\"og:type\" content=\"article\" \/>\n<meta property=\"og:title\" content=\"Policija se je opravi\u010dila Jelin\u010di\u010du - Hudo Slovenija\" \/>\n<meta property=\"og:description\" content=\"Policija je preklicala vabilo predsedniku SNS Zmagu Jelin\u010di\u010du na zasli\u0161anje zaradi domnevno spornih izjav o Levici in se mu opravi\u010dila, so za STA pojasnili na Generalni policijski upravi. Ugotovili so, da gre v omenjenem primeru za sum kaznivega dejanja, katerega storilec se preganja na zasebno to\u017ebo. V takem postopku policija nima pristojnosti.\" \/>\n<meta property=\"og:url\" content=\"https:\/\/hudo.com\/si\/aktualno\/policija-se-je-opravicila-jelincicu\/\" \/>\n<meta property=\"og:site_name\" content=\"Hudo Slovenija\" \/>\n<meta property=\"article:publisher\" content=\"https:\/\/www.facebook.com\/hudo.si\" \/>\n<meta property=\"article:published_time\" content=\"2018-11-08T17:24:35+00:00\" \/>\n<meta property=\"og:image\" content=\"https:\/\/hudo.com\/si\/wp-content\/uploads\/sites\/2\/2017\/12\/20081117-00109384.jpg\" \/>\n\t<meta property=\"og:image:width\" content=\"479\" \/>\n\t<meta property=\"og:image:height\" content=\"640\" \/>\n\t<meta property=\"og:image:type\" content=\"image\/jpeg\" \/>\n<meta name=\"author\" content=\"M. N., STA\" \/>\n<meta name=\"twitter:card\" content=\"summary_large_image\" \/>\n<meta name=\"twitter:creator\" content=\"@hudo_si\" \/>\n<meta name=\"twitter:site\" content=\"@hudo_si\" \/>\n<meta name=\"twitter:label1\" content=\"Written by\" \/>\n\t<meta name=\"twitter:data1\" content=\"M. N., STA\" \/>\n\t<meta name=\"twitter:label2\" content=\"Est. reading time\" \/>\n\t<meta name=\"twitter:data2\" content=\"2 minuti\" \/>\n<script type=\"application\/ld+json\" class=\"yoast-schema-graph\">{\"@context\":\"https:\/\/schema.org\",\"@graph\":[{\"@type\":\"Article\",\"@id\":\"https:\/\/hudo.com\/si\/aktualno\/policija-se-je-opravicila-jelincicu\/#article\",\"isPartOf\":{\"@id\":\"https:\/\/hudo.com\/si\/aktualno\/policija-se-je-opravicila-jelincicu\/\"},\"author\":{\"name\":\"M. N., STA\",\"@id\":\"https:\/\/hudo.com\/si\/#\/schema\/person\/c2f10ce65d2e6ede2aeda5be2a0611fa\"},\"headline\":\"Policija se je opravi\u010dila Jelin\u010di\u010du\",\"datePublished\":\"2018-11-08T17:24:35+00:00\",\"dateModified\":\"2018-11-08T17:24:35+00:00\",\"mainEntityOfPage\":{\"@id\":\"https:\/\/hudo.com\/si\/aktualno\/policija-se-je-opravicila-jelincicu\/\"},\"wordCount\":333,\"publisher\":{\"@id\":\"https:\/\/hudo.com\/si\/#organization\"},\"keywords\":[\"policija\",\"Slovenija\",\"zmago jelin\u010di\u010d\"],\"articleSection\":[\"Aktualno\"],\"inLanguage\":\"sl-SI\"},{\"@type\":\"WebPage\",\"@id\":\"https:\/\/hudo.com\/si\/aktualno\/policija-se-je-opravicila-jelincicu\/\",\"url\":\"https:\/\/hudo.com\/si\/aktualno\/policija-se-je-opravicila-jelincicu\/\",\"name\":\"Policija se je opravi\u010dila Jelin\u010di\u010du - Hudo Slovenija\",\"isPartOf\":{\"@id\":\"https:\/\/hudo.com\/si\/#website\"},\"datePublished\":\"2018-11-08T17:24:35+00:00\",\"dateModified\":\"2018-11-08T17:24:35+00:00\",\"breadcrumb\":{\"@id\":\"https:\/\/hudo.com\/si\/aktualno\/policija-se-je-opravicila-jelincicu\/#breadcrumb\"},\"inLanguage\":\"sl-SI\",\"potentialAction\":[{\"@type\":\"ReadAction\",\"target\":[\"https:\/\/hudo.com\/si\/aktualno\/policija-se-je-opravicila-jelincicu\/\"]}]},{\"@type\":\"BreadcrumbList\",\"@id\":\"https:\/\/hudo.com\/si\/aktualno\/policija-se-je-opravicila-jelincicu\/#breadcrumb\",\"itemListElement\":[{\"@type\":\"ListItem\",\"position\":1,\"name\":\"Home\",\"item\":\"https:\/\/hudo.com\/si\/\"},{\"@type\":\"ListItem\",\"position\":2,\"name\":\"Policija se je opravi\u010dila Jelin\u010di\u010du\"}]},{\"@type\":\"WebSite\",\"@id\":\"https:\/\/hudo.com\/si\/#website\",\"url\":\"https:\/\/hudo.com\/si\/\",\"name\":\"Hudo Slovenija\",\"description\":\"Vse novice iz Slovenije in sveta\",\"publisher\":{\"@id\":\"https:\/\/hudo.com\/si\/#organization\"},\"potentialAction\":[{\"@type\":\"SearchAction\",\"target\":{\"@type\":\"EntryPoint\",\"urlTemplate\":\"https:\/\/hudo.com\/si\/?s={search_term_string}\"},\"query-input\":\"required name=search_term_string\"}],\"inLanguage\":\"sl-SI\"},{\"@type\":\"Organization\",\"@id\":\"https:\/\/hudo.com\/si\/#organization\",\"name\":\"VSN Media\",\"url\":\"https:\/\/hudo.com\/si\/\",\"logo\":{\"@type\":\"ImageObject\",\"inLanguage\":\"sl-SI\",\"@id\":\"https:\/\/hudo.com\/si\/#\/schema\/logo\/image\/\",\"url\":\"https:\/\/hudo.com\/si\/wp-content\/uploads\/sites\/2\/2021\/03\/hudo-app-2.png\",\"contentUrl\":\"https:\/\/hudo.com\/si\/wp-content\/uploads\/sites\/2\/2021\/03\/hudo-app-2.png\",\"width\":2185,\"height\":2167,\"caption\":\"VSN Media\"},\"image\":{\"@id\":\"https:\/\/hudo.com\/si\/#\/schema\/logo\/image\/\"},\"sameAs\":[\"https:\/\/www.facebook.com\/hudo.si\",\"https:\/\/twitter.com\/hudo_si\"]},{\"@type\":\"Person\",\"@id\":\"https:\/\/hudo.com\/si\/#\/schema\/person\/c2f10ce65d2e6ede2aeda5be2a0611fa\",\"name\":\"M. N., STA\",\"image\":{\"@type\":\"ImageObject\",\"inLanguage\":\"sl-SI\",\"@id\":\"https:\/\/hudo.com\/si\/#\/schema\/person\/image\/\",\"url\":\"https:\/\/secure.gravatar.com\/avatar\/f370d38daa10467f755c5c766a4cac20?s=96&d=mm&r=g\",\"contentUrl\":\"https:\/\/secure.gravatar.com\/avatar\/f370d38daa10467f755c5c766a4cac20?s=96&d=mm&r=g\",\"caption\":\"M. N., STA\"},\"url\":\"https:\/\/hudo.com\/si\/author\/mana\/\"}]}<\/script>\n<!-- \/ Yoast SEO plugin. -->","yoast_head_json":{"title":"Policija se je opravi\u010dila Jelin\u010di\u010du - Hudo Slovenija","robots":{"index":"index","follow":"follow","max-snippet":"max-snippet:-1","max-image-preview":"max-image-preview:large","max-video-preview":"max-video-preview:-1"},"canonical":"https:\/\/hudo.com\/si\/aktualno\/policija-se-je-opravicila-jelincicu\/","og_locale":"sl_SI","og_type":"article","og_title":"Policija se je opravi\u010dila Jelin\u010di\u010du - Hudo Slovenija","og_description":"Policija je preklicala vabilo predsedniku SNS Zmagu Jelin\u010di\u010du na zasli\u0161anje zaradi domnevno spornih izjav o Levici in se mu opravi\u010dila, so za STA pojasnili na Generalni policijski upravi. Ugotovili so, da gre v omenjenem primeru za sum kaznivega dejanja, katerega storilec se preganja na zasebno to\u017ebo. V takem postopku policija nima pristojnosti.","og_url":"https:\/\/hudo.com\/si\/aktualno\/policija-se-je-opravicila-jelincicu\/","og_site_name":"Hudo Slovenija","article_publisher":"https:\/\/www.facebook.com\/hudo.si","article_published_time":"2018-11-08T17:24:35+00:00","og_image":[{"width":479,"height":640,"url":"https:\/\/hudo.com\/si\/wp-content\/uploads\/sites\/2\/2017\/12\/20081117-00109384.jpg","type":"image\/jpeg"}],"author":"M. N., STA","twitter_card":"summary_large_image","twitter_creator":"@hudo_si","twitter_site":"@hudo_si","twitter_misc":{"Written by":"M. N., STA","Est. reading time":"2 minuti"},"schema":{"@context":"https:\/\/schema.org","@graph":[{"@type":"Article","@id":"https:\/\/hudo.com\/si\/aktualno\/policija-se-je-opravicila-jelincicu\/#article","isPartOf":{"@id":"https:\/\/hudo.com\/si\/aktualno\/policija-se-je-opravicila-jelincicu\/"},"author":{"name":"M. N., STA","@id":"https:\/\/hudo.com\/si\/#\/schema\/person\/c2f10ce65d2e6ede2aeda5be2a0611fa"},"headline":"Policija se je opravi\u010dila Jelin\u010di\u010du","datePublished":"2018-11-08T17:24:35+00:00","dateModified":"2018-11-08T17:24:35+00:00","mainEntityOfPage":{"@id":"https:\/\/hudo.com\/si\/aktualno\/policija-se-je-opravicila-jelincicu\/"},"wordCount":333,"publisher":{"@id":"https:\/\/hudo.com\/si\/#organization"},"keywords":["policija","Slovenija","zmago jelin\u010di\u010d"],"articleSection":["Aktualno"],"inLanguage":"sl-SI"},{"@type":"WebPage","@id":"https:\/\/hudo.com\/si\/aktualno\/policija-se-je-opravicila-jelincicu\/","url":"https:\/\/hudo.com\/si\/aktualno\/policija-se-je-opravicila-jelincicu\/","name":"Policija se je opravi\u010dila Jelin\u010di\u010du - Hudo Slovenija","isPartOf":{"@id":"https:\/\/hudo.com\/si\/#website"},"datePublished":"2018-11-08T17:24:35+00:00","dateModified":"2018-11-08T17:24:35+00:00","breadcrumb":{"@id":"https:\/\/hudo.com\/si\/aktualno\/policija-se-je-opravicila-jelincicu\/#breadcrumb"},"inLanguage":"sl-SI","potentialAction":[{"@type":"ReadAction","target":["https:\/\/hudo.com\/si\/aktualno\/policija-se-je-opravicila-jelincicu\/"]}]},{"@type":"BreadcrumbList","@id":"https:\/\/hudo.com\/si\/aktualno\/policija-se-je-opravicila-jelincicu\/#breadcrumb","itemListElement":[{"@type":"ListItem","position":1,"name":"Home","item":"https:\/\/hudo.com\/si\/"},{"@type":"ListItem","position":2,"name":"Policija se je opravi\u010dila Jelin\u010di\u010du"}]},{"@type":"WebSite","@id":"https:\/\/hudo.com\/si\/#website","url":"https:\/\/hudo.com\/si\/","name":"Hudo Slovenija","description":"Vse novice iz Slovenije in sveta","publisher":{"@id":"https:\/\/hudo.com\/si\/#organization"},"potentialAction":[{"@type":"SearchAction","target":{"@type":"EntryPoint","urlTemplate":"https:\/\/hudo.com\/si\/?s={search_term_string}"},"query-input":"required name=search_term_string"}],"inLanguage":"sl-SI"},{"@type":"Organization","@id":"https:\/\/hudo.com\/si\/#organization","name":"VSN Media","url":"https:\/\/hudo.com\/si\/","logo":{"@type":"ImageObject","inLanguage":"sl-SI","@id":"https:\/\/hudo.com\/si\/#\/schema\/logo\/image\/","url":"https:\/\/hudo.com\/si\/wp-content\/uploads\/sites\/2\/2021\/03\/hudo-app-2.png","contentUrl":"https:\/\/hudo.com\/si\/wp-content\/uploads\/sites\/2\/2021\/03\/hudo-app-2.png","width":2185,"height":2167,"caption":"VSN Media"},"image":{"@id":"https:\/\/hudo.com\/si\/#\/schema\/logo\/image\/"},"sameAs":["https:\/\/www.facebook.com\/hudo.si","https:\/\/twitter.com\/hudo_si"]},{"@type":"Person","@id":"https:\/\/hudo.com\/si\/#\/schema\/person\/c2f10ce65d2e6ede2aeda5be2a0611fa","name":"M. N., STA","image":{"@type":"ImageObject","inLanguage":"sl-SI","@id":"https:\/\/hudo.com\/si\/#\/schema\/person\/image\/","url":"https:\/\/secure.gravatar.com\/avatar\/f370d38daa10467f755c5c766a4cac20?s=96&d=mm&r=g","contentUrl":"https:\/\/secure.gravatar.com\/avatar\/f370d38daa10467f755c5c766a4cac20?s=96&d=mm&r=g","caption":"M. N., STA"},"url":"https:\/\/hudo.com\/si\/author\/mana\/"}]}},"amp_enabled":true,"_links":{"self":[{"href":"https:\/\/hudo.com\/si\/wp-json\/wp\/v2\/posts\/380627"}],"collection":[{"href":"https:\/\/hudo.com\/si\/wp-json\/wp\/v2\/posts"}],"about":[{"href":"https:\/\/hudo.com\/si\/wp-json\/wp\/v2\/types\/post"}],"author":[{"embeddable":true,"href":"https:\/\/hudo.com\/si\/wp-json\/wp\/v2\/users\/8"}],"replies":[{"embeddable":true,"href":"https:\/\/hudo.com\/si\/wp-json\/wp\/v2\/comments?post=380627"}],"version-history":[{"count":1,"href":"https:\/\/hudo.com\/si\/wp-json\/wp\/v2\/posts\/380627\/revisions"}],"predecessor-version":[{"id":380628,"href":"https:\/\/hudo.com\/si\/wp-json\/wp\/v2\/posts\/380627\/revisions\/380628"}],"wp:featuredmedia":[{"embeddable":true,"href":"https:\/\/hudo.com\/si\/wp-json\/wp\/v2\/media\/328703"}],"wp:attachment":[{"href":"https:\/\/hudo.com\/si\/wp-json\/wp\/v2\/media?parent=380627"}],"wp:term":[{"taxonomy":"category","embeddable":true,"href":"https:\/\/hudo.com\/si\/wp-json\/wp\/v2\/categories?post=380627"},{"taxonomy":"post_tag","embeddable":true,"href":"https:\/\/hudo.com\/si\/wp-json\/wp\/v2\/tags?post=380627"},{"taxonomy":"source","embeddable":true,"href":"https:\/\/hudo.com\/si\/wp-json\/wp\/v2\/source?post=380627"},{"taxonomy":"supertag","embeddable":true,"href":"https:\/\/hudo.com\/si\/wp-json\/wp\/v2\/supertag?post=380627"}],"curies":[{"name":"wp","href":"https:\/\/api.w.org\/{rel}","templated":true}]}}