{"id":380675,"date":"2018-11-09T11:33:42","date_gmt":"2018-11-09T10:33:42","guid":{"rendered":"http:\/\/hudo.com\/si\/?p=380675"},"modified":"2018-11-09T11:33:42","modified_gmt":"2018-11-09T10:33:42","slug":"minister-leben-odstranite-plovila-iz-jernejevega-kanala-sicer-bo-na-vase-stroske-storila-drzava","status":"publish","type":"post","link":"https:\/\/hudo.com\/si\/aktualno\/minister-leben-odstranite-plovila-iz-jernejevega-kanala-sicer-bo-na-vase-stroske-storila-drzava\/","title":{"rendered":"Minister Leben: &#8221;Odstranite plovila iz Jernejevega kanala, sicer bo to na va\u0161e stro\u0161ke storila dr\u017eava!&#8221;"},"content":{"rendered":"<p>Javni poziv skupaj evidenco opu\u0161\u010denih plovil odlo\u010dbo in\u0161pektorata je objavljen na spletni strani direkcije za vode, so sporo\u010dili z ministrstva za okolje in prostor.<\/p>\n<p>Objava poziva sledi izjavam ministra za okolje Jureta Lebna, ki je prej\u0161nji mesec napovedal konkretne aktivnosti in roke za sanacijo zate\u010denega stanja na obmo\u010dju Jernejevega kanala, kjer se gnetejo zapu\u0161\u010dena plovila, med njimi tudi potopljena, \u0161tevilni pa kanal uporabljajo za priveze na \u010drno.<\/p>\n<p>Kot je tedaj napovedal Leben, bo pozivu lastnikom potopljenih plovil &#8211; teh so na\u0161teli 25 &#8211; do konca januarja sledila odstranitev, pri \u010demer bodo znanim lastnikom odstranitev tudi zara\u010dunali. Zatem naj bi v drugi fazi nadaljevali z in\u0161pekcijskimi postopki nad mirujo\u010dimi plovili, torej tistimi, ki niso v uporabi, v tretji fazi pa nad vsemi plovili, ki vplujejo in izplujejo iz kanala.<\/p>\n","protected":false},"excerpt":{"rendered":"<p>Skladno z napovedmi ministra Jureta Lebna je Direkcija RS za vode danes objavila javni poziv lastnikom opu\u0161\u010denih plovil, da ta do 31. decembra odstranijo iz vodnega in priobalnega zemlji\u0161\u010da Jernejevega kanala pri Se\u010di. Po tem roku bo v skladu z odlo\u010dbo in\u0161pektorata za okolje in prostor opu\u0161\u010dena plovila odstranila direkcija.<\/p>\n","protected":false},"author":7,"featured_media":380676,"comment_status":"closed","ping_status":"closed","sticky":false,"template":"","format":"standard","meta":{"footnotes":""},"categories":[1179],"tags":[12339,9948,1595],"source":[4511],"supertag":[],"acf":[],"yoast_head":"<!-- This site is optimized with the Yoast SEO plugin v21.3 - https:\/\/yoast.com\/wordpress\/plugins\/seo\/ -->\n<title>Minister Leben: &#039;&#039;Odstranite plovila iz Jernejevega kanala, sicer bo to na va\u0161e stro\u0161ke storila dr\u017eava!&#039;&#039; - Hudo Slovenija<\/title>\n<meta name=\"robots\" content=\"index, follow, max-snippet:-1, max-image-preview:large, max-video-preview:-1\" \/>\n<link rel=\"canonical\" href=\"https:\/\/hudo.com\/si\/aktualno\/minister-leben-odstranite-plovila-iz-jernejevega-kanala-sicer-bo-na-vase-stroske-storila-drzava\/\" \/>\n<meta property=\"og:locale\" content=\"sl_SI\" \/>\n<meta property=\"og:type\" content=\"article\" \/>\n<meta property=\"og:title\" content=\"Minister Leben: &#039;&#039;Odstranite plovila iz Jernejevega kanala, sicer bo to na va\u0161e stro\u0161ke storila dr\u017eava!&#039;&#039; - Hudo Slovenija\" \/>\n<meta property=\"og:description\" content=\"Skladno z napovedmi ministra Jureta Lebna je Direkcija RS za vode danes objavila javni poziv lastnikom opu\u0161\u010denih plovil, da ta do 31. decembra odstranijo iz vodnega in priobalnega zemlji\u0161\u010da Jernejevega kanala pri Se\u010di. Po tem roku bo v skladu z odlo\u010dbo in\u0161pektorata za okolje in prostor opu\u0161\u010dena plovila odstranila direkcija.\" \/>\n<meta property=\"og:url\" content=\"https:\/\/hudo.com\/si\/aktualno\/minister-leben-odstranite-plovila-iz-jernejevega-kanala-sicer-bo-na-vase-stroske-storila-drzava\/\" \/>\n<meta property=\"og:site_name\" content=\"Hudo Slovenija\" \/>\n<meta property=\"article:publisher\" content=\"https:\/\/www.facebook.com\/hudo.si\" \/>\n<meta property=\"article:published_time\" content=\"2018-11-09T10:33:42+00:00\" \/>\n<meta property=\"og:image\" content=\"https:\/\/hudo.com\/si\/wp-content\/uploads\/sites\/2\/2018\/11\/20181027-00894534.jpg\" \/>\n\t<meta property=\"og:image:width\" content=\"640\" \/>\n\t<meta property=\"og:image:height\" content=\"480\" \/>\n\t<meta property=\"og:image:type\" content=\"image\/jpeg\" \/>\n<meta name=\"author\" content=\"A. P., STA\" \/>\n<meta name=\"twitter:card\" content=\"summary_large_image\" \/>\n<meta name=\"twitter:creator\" content=\"@hudo_si\" \/>\n<meta name=\"twitter:site\" content=\"@hudo_si\" \/>\n<meta name=\"twitter:label1\" content=\"Written by\" \/>\n\t<meta name=\"twitter:data1\" content=\"A. P., STA\" \/>\n\t<meta name=\"twitter:label2\" content=\"Est. reading time\" \/>\n\t<meta name=\"twitter:data2\" content=\"1 minuta\" \/>\n<script type=\"application\/ld+json\" class=\"yoast-schema-graph\">{\"@context\":\"https:\/\/schema.org\",\"@graph\":[{\"@type\":\"Article\",\"@id\":\"https:\/\/hudo.com\/si\/aktualno\/minister-leben-odstranite-plovila-iz-jernejevega-kanala-sicer-bo-na-vase-stroske-storila-drzava\/#article\",\"isPartOf\":{\"@id\":\"https:\/\/hudo.com\/si\/aktualno\/minister-leben-odstranite-plovila-iz-jernejevega-kanala-sicer-bo-na-vase-stroske-storila-drzava\/\"},\"author\":{\"name\":\"A. P., STA\",\"@id\":\"https:\/\/hudo.com\/si\/#\/schema\/person\/18f09c02475ba9e606e941a565b80cff\"},\"headline\":\"Minister Leben: &#8221;Odstranite plovila iz Jernejevega kanala, sicer bo to na va\u0161e stro\u0161ke storila dr\u017eava!&#8221;\",\"datePublished\":\"2018-11-09T10:33:42+00:00\",\"dateModified\":\"2018-11-09T10:33:42+00:00\",\"mainEntityOfPage\":{\"@id\":\"https:\/\/hudo.com\/si\/aktualno\/minister-leben-odstranite-plovila-iz-jernejevega-kanala-sicer-bo-na-vase-stroske-storila-drzava\/\"},\"wordCount\":158,\"publisher\":{\"@id\":\"https:\/\/hudo.com\/si\/#organization\"},\"keywords\":[\"jernejev kanal\",\"jure leben\",\"Slovenija\"],\"articleSection\":[\"Aktualno\"],\"inLanguage\":\"sl-SI\"},{\"@type\":\"WebPage\",\"@id\":\"https:\/\/hudo.com\/si\/aktualno\/minister-leben-odstranite-plovila-iz-jernejevega-kanala-sicer-bo-na-vase-stroske-storila-drzava\/\",\"url\":\"https:\/\/hudo.com\/si\/aktualno\/minister-leben-odstranite-plovila-iz-jernejevega-kanala-sicer-bo-na-vase-stroske-storila-drzava\/\",\"name\":\"Minister Leben: ''Odstranite plovila iz Jernejevega kanala, sicer bo to na va\u0161e stro\u0161ke storila dr\u017eava!'' - Hudo Slovenija\",\"isPartOf\":{\"@id\":\"https:\/\/hudo.com\/si\/#website\"},\"datePublished\":\"2018-11-09T10:33:42+00:00\",\"dateModified\":\"2018-11-09T10:33:42+00:00\",\"breadcrumb\":{\"@id\":\"https:\/\/hudo.com\/si\/aktualno\/minister-leben-odstranite-plovila-iz-jernejevega-kanala-sicer-bo-na-vase-stroske-storila-drzava\/#breadcrumb\"},\"inLanguage\":\"sl-SI\",\"potentialAction\":[{\"@type\":\"ReadAction\",\"target\":[\"https:\/\/hudo.com\/si\/aktualno\/minister-leben-odstranite-plovila-iz-jernejevega-kanala-sicer-bo-na-vase-stroske-storila-drzava\/\"]}]},{\"@type\":\"BreadcrumbList\",\"@id\":\"https:\/\/hudo.com\/si\/aktualno\/minister-leben-odstranite-plovila-iz-jernejevega-kanala-sicer-bo-na-vase-stroske-storila-drzava\/#breadcrumb\",\"itemListElement\":[{\"@type\":\"ListItem\",\"position\":1,\"name\":\"Home\",\"item\":\"https:\/\/hudo.com\/si\/\"},{\"@type\":\"ListItem\",\"position\":2,\"name\":\"Minister Leben: &#8221;Odstranite plovila iz Jernejevega kanala, sicer bo to na va\u0161e stro\u0161ke storila dr\u017eava!&#8221;\"}]},{\"@type\":\"WebSite\",\"@id\":\"https:\/\/hudo.com\/si\/#website\",\"url\":\"https:\/\/hudo.com\/si\/\",\"name\":\"Hudo Slovenija\",\"description\":\"Vse novice iz Slovenije in sveta\",\"publisher\":{\"@id\":\"https:\/\/hudo.com\/si\/#organization\"},\"potentialAction\":[{\"@type\":\"SearchAction\",\"target\":{\"@type\":\"EntryPoint\",\"urlTemplate\":\"https:\/\/hudo.com\/si\/?s={search_term_string}\"},\"query-input\":\"required name=search_term_string\"}],\"inLanguage\":\"sl-SI\"},{\"@type\":\"Organization\",\"@id\":\"https:\/\/hudo.com\/si\/#organization\",\"name\":\"VSN Media\",\"url\":\"https:\/\/hudo.com\/si\/\",\"logo\":{\"@type\":\"ImageObject\",\"inLanguage\":\"sl-SI\",\"@id\":\"https:\/\/hudo.com\/si\/#\/schema\/logo\/image\/\",\"url\":\"https:\/\/hudo.com\/si\/wp-content\/uploads\/sites\/2\/2021\/03\/hudo-app-2.png\",\"contentUrl\":\"https:\/\/hudo.com\/si\/wp-content\/uploads\/sites\/2\/2021\/03\/hudo-app-2.png\",\"width\":2185,\"height\":2167,\"caption\":\"VSN Media\"},\"image\":{\"@id\":\"https:\/\/hudo.com\/si\/#\/schema\/logo\/image\/\"},\"sameAs\":[\"https:\/\/www.facebook.com\/hudo.si\",\"https:\/\/twitter.com\/hudo_si\"]},{\"@type\":\"Person\",\"@id\":\"https:\/\/hudo.com\/si\/#\/schema\/person\/18f09c02475ba9e606e941a565b80cff\",\"name\":\"A. P., STA\",\"image\":{\"@type\":\"ImageObject\",\"inLanguage\":\"sl-SI\",\"@id\":\"https:\/\/hudo.com\/si\/#\/schema\/person\/image\/\",\"url\":\"https:\/\/secure.gravatar.com\/avatar\/03eac8e609f5f04383125d80eaeaaf3e?s=96&d=mm&r=g\",\"contentUrl\":\"https:\/\/secure.gravatar.com\/avatar\/03eac8e609f5f04383125d80eaeaaf3e?s=96&d=mm&r=g\",\"caption\":\"A. P., STA\"},\"url\":\"https:\/\/hudo.com\/si\/author\/lubu\/\"}]}<\/script>\n<!-- \/ Yoast SEO plugin. -->","yoast_head_json":{"title":"Minister Leben: ''Odstranite plovila iz Jernejevega kanala, sicer bo to na va\u0161e stro\u0161ke storila dr\u017eava!'' - Hudo Slovenija","robots":{"index":"index","follow":"follow","max-snippet":"max-snippet:-1","max-image-preview":"max-image-preview:large","max-video-preview":"max-video-preview:-1"},"canonical":"https:\/\/hudo.com\/si\/aktualno\/minister-leben-odstranite-plovila-iz-jernejevega-kanala-sicer-bo-na-vase-stroske-storila-drzava\/","og_locale":"sl_SI","og_type":"article","og_title":"Minister Leben: ''Odstranite plovila iz Jernejevega kanala, sicer bo to na va\u0161e stro\u0161ke storila dr\u017eava!'' - Hudo Slovenija","og_description":"Skladno z napovedmi ministra Jureta Lebna je Direkcija RS za vode danes objavila javni poziv lastnikom opu\u0161\u010denih plovil, da ta do 31. decembra odstranijo iz vodnega in priobalnega zemlji\u0161\u010da Jernejevega kanala pri Se\u010di. Po tem roku bo v skladu z odlo\u010dbo in\u0161pektorata za okolje in prostor opu\u0161\u010dena plovila odstranila direkcija.","og_url":"https:\/\/hudo.com\/si\/aktualno\/minister-leben-odstranite-plovila-iz-jernejevega-kanala-sicer-bo-na-vase-stroske-storila-drzava\/","og_site_name":"Hudo Slovenija","article_publisher":"https:\/\/www.facebook.com\/hudo.si","article_published_time":"2018-11-09T10:33:42+00:00","og_image":[{"width":640,"height":480,"url":"https:\/\/hudo.com\/si\/wp-content\/uploads\/sites\/2\/2018\/11\/20181027-00894534.jpg","type":"image\/jpeg"}],"author":"A. P., STA","twitter_card":"summary_large_image","twitter_creator":"@hudo_si","twitter_site":"@hudo_si","twitter_misc":{"Written by":"A. P., STA","Est. reading time":"1 minuta"},"schema":{"@context":"https:\/\/schema.org","@graph":[{"@type":"Article","@id":"https:\/\/hudo.com\/si\/aktualno\/minister-leben-odstranite-plovila-iz-jernejevega-kanala-sicer-bo-na-vase-stroske-storila-drzava\/#article","isPartOf":{"@id":"https:\/\/hudo.com\/si\/aktualno\/minister-leben-odstranite-plovila-iz-jernejevega-kanala-sicer-bo-na-vase-stroske-storila-drzava\/"},"author":{"name":"A. P., STA","@id":"https:\/\/hudo.com\/si\/#\/schema\/person\/18f09c02475ba9e606e941a565b80cff"},"headline":"Minister Leben: &#8221;Odstranite plovila iz Jernejevega kanala, sicer bo to na va\u0161e stro\u0161ke storila dr\u017eava!&#8221;","datePublished":"2018-11-09T10:33:42+00:00","dateModified":"2018-11-09T10:33:42+00:00","mainEntityOfPage":{"@id":"https:\/\/hudo.com\/si\/aktualno\/minister-leben-odstranite-plovila-iz-jernejevega-kanala-sicer-bo-na-vase-stroske-storila-drzava\/"},"wordCount":158,"publisher":{"@id":"https:\/\/hudo.com\/si\/#organization"},"keywords":["jernejev kanal","jure leben","Slovenija"],"articleSection":["Aktualno"],"inLanguage":"sl-SI"},{"@type":"WebPage","@id":"https:\/\/hudo.com\/si\/aktualno\/minister-leben-odstranite-plovila-iz-jernejevega-kanala-sicer-bo-na-vase-stroske-storila-drzava\/","url":"https:\/\/hudo.com\/si\/aktualno\/minister-leben-odstranite-plovila-iz-jernejevega-kanala-sicer-bo-na-vase-stroske-storila-drzava\/","name":"Minister Leben: ''Odstranite plovila iz Jernejevega kanala, sicer bo to na va\u0161e stro\u0161ke storila dr\u017eava!'' - Hudo Slovenija","isPartOf":{"@id":"https:\/\/hudo.com\/si\/#website"},"datePublished":"2018-11-09T10:33:42+00:00","dateModified":"2018-11-09T10:33:42+00:00","breadcrumb":{"@id":"https:\/\/hudo.com\/si\/aktualno\/minister-leben-odstranite-plovila-iz-jernejevega-kanala-sicer-bo-na-vase-stroske-storila-drzava\/#breadcrumb"},"inLanguage":"sl-SI","potentialAction":[{"@type":"ReadAction","target":["https:\/\/hudo.com\/si\/aktualno\/minister-leben-odstranite-plovila-iz-jernejevega-kanala-sicer-bo-na-vase-stroske-storila-drzava\/"]}]},{"@type":"BreadcrumbList","@id":"https:\/\/hudo.com\/si\/aktualno\/minister-leben-odstranite-plovila-iz-jernejevega-kanala-sicer-bo-na-vase-stroske-storila-drzava\/#breadcrumb","itemListElement":[{"@type":"ListItem","position":1,"name":"Home","item":"https:\/\/hudo.com\/si\/"},{"@type":"ListItem","position":2,"name":"Minister Leben: &#8221;Odstranite plovila iz Jernejevega kanala, sicer bo to na va\u0161e stro\u0161ke storila dr\u017eava!&#8221;"}]},{"@type":"WebSite","@id":"https:\/\/hudo.com\/si\/#website","url":"https:\/\/hudo.com\/si\/","name":"Hudo Slovenija","description":"Vse novice iz Slovenije in sveta","publisher":{"@id":"https:\/\/hudo.com\/si\/#organization"},"potentialAction":[{"@type":"SearchAction","target":{"@type":"EntryPoint","urlTemplate":"https:\/\/hudo.com\/si\/?s={search_term_string}"},"query-input":"required name=search_term_string"}],"inLanguage":"sl-SI"},{"@type":"Organization","@id":"https:\/\/hudo.com\/si\/#organization","name":"VSN Media","url":"https:\/\/hudo.com\/si\/","logo":{"@type":"ImageObject","inLanguage":"sl-SI","@id":"https:\/\/hudo.com\/si\/#\/schema\/logo\/image\/","url":"https:\/\/hudo.com\/si\/wp-content\/uploads\/sites\/2\/2021\/03\/hudo-app-2.png","contentUrl":"https:\/\/hudo.com\/si\/wp-content\/uploads\/sites\/2\/2021\/03\/hudo-app-2.png","width":2185,"height":2167,"caption":"VSN Media"},"image":{"@id":"https:\/\/hudo.com\/si\/#\/schema\/logo\/image\/"},"sameAs":["https:\/\/www.facebook.com\/hudo.si","https:\/\/twitter.com\/hudo_si"]},{"@type":"Person","@id":"https:\/\/hudo.com\/si\/#\/schema\/person\/18f09c02475ba9e606e941a565b80cff","name":"A. P., STA","image":{"@type":"ImageObject","inLanguage":"sl-SI","@id":"https:\/\/hudo.com\/si\/#\/schema\/person\/image\/","url":"https:\/\/secure.gravatar.com\/avatar\/03eac8e609f5f04383125d80eaeaaf3e?s=96&d=mm&r=g","contentUrl":"https:\/\/secure.gravatar.com\/avatar\/03eac8e609f5f04383125d80eaeaaf3e?s=96&d=mm&r=g","caption":"A. P., STA"},"url":"https:\/\/hudo.com\/si\/author\/lubu\/"}]}},"amp_enabled":true,"_links":{"self":[{"href":"https:\/\/hudo.com\/si\/wp-json\/wp\/v2\/posts\/380675"}],"collection":[{"href":"https:\/\/hudo.com\/si\/wp-json\/wp\/v2\/posts"}],"about":[{"href":"https:\/\/hudo.com\/si\/wp-json\/wp\/v2\/types\/post"}],"author":[{"embeddable":true,"href":"https:\/\/hudo.com\/si\/wp-json\/wp\/v2\/users\/7"}],"replies":[{"embeddable":true,"href":"https:\/\/hudo.com\/si\/wp-json\/wp\/v2\/comments?post=380675"}],"version-history":[{"count":1,"href":"https:\/\/hudo.com\/si\/wp-json\/wp\/v2\/posts\/380675\/revisions"}],"predecessor-version":[{"id":380677,"href":"https:\/\/hudo.com\/si\/wp-json\/wp\/v2\/posts\/380675\/revisions\/380677"}],"wp:featuredmedia":[{"embeddable":true,"href":"https:\/\/hudo.com\/si\/wp-json\/wp\/v2\/media\/380676"}],"wp:attachment":[{"href":"https:\/\/hudo.com\/si\/wp-json\/wp\/v2\/media?parent=380675"}],"wp:term":[{"taxonomy":"category","embeddable":true,"href":"https:\/\/hudo.com\/si\/wp-json\/wp\/v2\/categories?post=380675"},{"taxonomy":"post_tag","embeddable":true,"href":"https:\/\/hudo.com\/si\/wp-json\/wp\/v2\/tags?post=380675"},{"taxonomy":"source","embeddable":true,"href":"https:\/\/hudo.com\/si\/wp-json\/wp\/v2\/source?post=380675"},{"taxonomy":"supertag","embeddable":true,"href":"https:\/\/hudo.com\/si\/wp-json\/wp\/v2\/supertag?post=380675"}],"curies":[{"name":"wp","href":"https:\/\/api.w.org\/{rel}","templated":true}]}}