{"id":380678,"date":"2018-11-09T10:22:30","date_gmt":"2018-11-09T09:22:30","guid":{"rendered":"https:\/\/hudo.com\/si\/2018\/11\/09\/facebook-in-twitter-bosta-morala-ravnati-bolj-odgovorno-in-ucinkovito-v-boju-proti-laznim-novicam\/"},"modified":"2018-11-09T10:22:30","modified_gmt":"2018-11-09T09:22:30","slug":"facebook-in-twitter-bosta-morala-ravnati-bolj-odgovorno-in-ucinkovito-v-boju-proti-laznim-novicam","status":"publish","type":"post","link":"https:\/\/hudo.com\/si\/lifestyle\/facebook-in-twitter-bosta-morala-ravnati-bolj-odgovorno-in-ucinkovito-v-boju-proti-laznim-novicam\/","title":{"rendered":"Facebook in Twitter bosta morala ravnati bolj odgovorno in u\u010dinkovito v boju proti la\u017enim novicam"},"content":{"rendered":"<figure>\n\t\t\t\t\t<img loading=\"lazy\" decoding=\"async\" width=\"660\" height=\"320\" src=\"data:image\/gif;base64,R0lGODlhAQABAAAAACH5BAEKAAEALAAAAAABAAEAAAICTAEAOw==\" class=\"lazyload\" data-src=\"https:\/\/moski.hudo.com\/wp-content\/uploads\/2018\/11\/profimedia-0368223472-320x155.jpg\" data-srcset=\"https:\/\/moski.hudo.com\/wp-content\/uploads\/2018\/11\/profimedia-0368223472-660x320.jpg 660w,https:\/\/moski.hudo.com\/wp-content\/uploads\/2018\/11\/profimedia-0368223472-320x155.jpg 330w\" sizes=\"(max-width: 660px) 100vw, 660px\"\/><figcaption>Aprila letos se je \u0161ef Facebooka Mark Zuckerberg zagovarjal pred ameri\u0161kim kongresom zaradi neukrepanja proti la\u017enim novicam in sovra\u017enem govoru na njegovem dru\u017eabnem omre\u017eju (foto: profimedia)<\/figcaption><\/figure>\n<p>&#8220;Mislim, da smo zaenkrat opravili le 10 odstotkov zelo dolge poti proti bolj varnim dru\u017ebenim omre\u017ejem,&#8221; je opozoril vodja oddelka za tehnologijo pri Nacionalnem odboru ameri\u0161ke demokratske stranke (DNC) Raffi Krikorian.<\/p>\n<h2>Konec potiskanja glav v pesek?<\/h2>\n<p>Po njegovi oceni tehnolo\u0161ki giganti trenutno niso dovolj aktivni na tem podro\u010dju, poro\u010da francoska tiskovna agencija AFP. &#8220;Vdiranje je ena tistih stvari, ki jih ne bomo odkrili. \u010ce se dogaja vdor, ga ne bomo videli, medtem pa lahko dnevno opazujemo \u0161irjenje dezinformacij,&#8221; je dodal Krikorian.<\/p>\n<p>Krikorian je bil le eden od \u0161tevilnih strokovnjakov, ki so v \u010detrtek na konferenci Web Summit pozvali k ve\u010dji regulaciji interneta in dru\u017ebenih omre\u017eij.<\/p>\n<p>O\u010de svetovnega spleta Tim Berners-Lee je pozval podjetja in vlade, naj oblikujejo novo &#8220;pogodbo&#8221; za splet, da bi postal internet varen in dostopen za vse.<\/p>\n<p>Tudi \u017evi\u017ega\u010d Christopher Wylie, ki je razkril afero okoli Cambridge Analytica, je pozval k ve\u010dji vladni regulaciji dru\u017ebenih omre\u017eij in spletnega ogla\u0161evanja. Predlagal je \u0161e, da bi morali biti znanstveniki, ki se ukvarjajo z obdelavo podatkov, podvr\u017eeni eti\u010dnemu kodeksu, kakor so na primer zdravniki.<\/p>\n<p>Afera okoli Cambridge Analytica o zlorabi podatkov je bila budnica, je dodala evropska komisarka za pravosodje Vera Jourova. &#8220;Pri\u0161el je \u010das, da se nagovori netransparentno politi\u010dno ogla\u0161evanje in zlorabo osebnih podatkov. V na\u0161em spletnem \u017eivljenju gro\u017enja zaradi vme\u0161avanja in manipulacije \u0161e nikoli ni bila tako visoka,&#8221; je povedala.<\/p>\n<p>Soustanovitelj Twitterja Ev Williams je pojasnil, da se dru\u017ebena omre\u017eja zavedajo negativnih posledic svojih sistemov ter da je treba storiti ve\u010d, da se za\u0161\u010diti ljudi pred dezinformacijami in zlorabami. Sicer upa, da se bo podro\u010dje \u010dim prej reguliralo, a je opozoril, da bo te\u017eko najti pravo pot.<\/p>\n","protected":false},"excerpt":{"rendered":"<p>Dru\u017ebena omre\u017eja potrebujejo bolj\u0161o regulacijo, s katero bi prepre\u010dili \u0161irjenje la\u017enih novic in spodkopavanje demokracije, so v \u010detrtek opozorili strokovnjaki s podro\u010dja tehnologije na konferenci v Lizboni. Dodali so, da je pred tehnolo\u0161kimi podjetji \u0161e dolga pot, preden bodo omre\u017eja naredili bolj varna.<\/p>\n","protected":false},"author":1,"featured_media":0,"comment_status":"closed","ping_status":"closed","sticky":false,"template":"","format":"standard","meta":{"footnotes":""},"categories":[1091],"tags":[1390,2053,7711,7513,3783],"source":[1522,1518,1527],"supertag":[],"acf":[],"yoast_head":"<!-- This site is optimized with the Yoast SEO plugin v21.3 - https:\/\/yoast.com\/wordpress\/plugins\/seo\/ -->\n<title>Facebook in Twitter bosta morala ravnati bolj odgovorno in u\u010dinkovito v boju proti la\u017enim novicam - Hudo Slovenija<\/title>\n<meta name=\"robots\" content=\"index, follow, max-snippet:-1, max-image-preview:large, max-video-preview:-1\" \/>\n<link rel=\"canonical\" href=\"https:\/\/hudo.com\/si\/lifestyle\/facebook-in-twitter-bosta-morala-ravnati-bolj-odgovorno-in-ucinkovito-v-boju-proti-laznim-novicam\/\" \/>\n<meta property=\"og:locale\" content=\"sl_SI\" \/>\n<meta property=\"og:type\" content=\"article\" \/>\n<meta property=\"og:title\" content=\"Facebook in Twitter bosta morala ravnati bolj odgovorno in u\u010dinkovito v boju proti la\u017enim novicam - Hudo Slovenija\" \/>\n<meta property=\"og:description\" content=\"Dru\u017ebena omre\u017eja potrebujejo bolj\u0161o regulacijo, s katero bi prepre\u010dili \u0161irjenje la\u017enih novic in spodkopavanje demokracije, so v \u010detrtek opozorili strokovnjaki s podro\u010dja tehnologije na konferenci v Lizboni. Dodali so, da je pred tehnolo\u0161kimi podjetji \u0161e dolga pot, preden bodo omre\u017eja naredili bolj varna.\" \/>\n<meta property=\"og:url\" content=\"https:\/\/hudo.com\/si\/lifestyle\/facebook-in-twitter-bosta-morala-ravnati-bolj-odgovorno-in-ucinkovito-v-boju-proti-laznim-novicam\/\" \/>\n<meta property=\"og:site_name\" content=\"Hudo Slovenija\" \/>\n<meta property=\"article:publisher\" content=\"https:\/\/www.facebook.com\/hudo.si\" \/>\n<meta property=\"article:published_time\" content=\"2018-11-09T09:22:30+00:00\" \/>\n<meta property=\"og:image\" content=\"https:\/\/hudo.com\/si\/wp-content\/uploads\/sites\/2\/2018\/11\/profimedia-0368223472.jpg\" \/>\n\t<meta property=\"og:image:width\" content=\"1250\" \/>\n\t<meta property=\"og:image:height\" content=\"833\" \/>\n\t<meta property=\"og:image:type\" content=\"image\/jpeg\" \/>\n<meta name=\"author\" content=\"hudo\" \/>\n<meta name=\"twitter:card\" content=\"summary_large_image\" \/>\n<meta name=\"twitter:creator\" content=\"@hudo_si\" \/>\n<meta name=\"twitter:site\" content=\"@hudo_si\" \/>\n<meta name=\"twitter:label1\" content=\"Written by\" \/>\n\t<meta name=\"twitter:data1\" content=\"hudo\" \/>\n\t<meta name=\"twitter:label2\" content=\"Est. reading time\" \/>\n\t<meta name=\"twitter:data2\" content=\"2 minuti\" \/>\n<script type=\"application\/ld+json\" class=\"yoast-schema-graph\">{\"@context\":\"https:\/\/schema.org\",\"@graph\":[{\"@type\":\"Article\",\"@id\":\"https:\/\/hudo.com\/si\/lifestyle\/facebook-in-twitter-bosta-morala-ravnati-bolj-odgovorno-in-ucinkovito-v-boju-proti-laznim-novicam\/#article\",\"isPartOf\":{\"@id\":\"https:\/\/hudo.com\/si\/lifestyle\/facebook-in-twitter-bosta-morala-ravnati-bolj-odgovorno-in-ucinkovito-v-boju-proti-laznim-novicam\/\"},\"author\":{\"name\":\"hudo\",\"@id\":\"https:\/\/hudo.com\/si\/#\/schema\/person\/601cf3379633985b20f7e50f2bb47707\"},\"headline\":\"Facebook in Twitter bosta morala ravnati bolj odgovorno in u\u010dinkovito v boju proti la\u017enim novicam\",\"datePublished\":\"2018-11-09T09:22:30+00:00\",\"dateModified\":\"2018-11-09T09:22:30+00:00\",\"mainEntityOfPage\":{\"@id\":\"https:\/\/hudo.com\/si\/lifestyle\/facebook-in-twitter-bosta-morala-ravnati-bolj-odgovorno-in-ucinkovito-v-boju-proti-laznim-novicam\/\"},\"wordCount\":344,\"publisher\":{\"@id\":\"https:\/\/hudo.com\/si\/#organization\"},\"keywords\":[\"dru\u017ebena omre\u017eja\",\"Facebook\",\"la\u017ene novice\",\"sovra\u017eni govor\",\"twitter\"],\"articleSection\":[\"Lifestyle\"],\"inLanguage\":\"sl-SI\"},{\"@type\":\"WebPage\",\"@id\":\"https:\/\/hudo.com\/si\/lifestyle\/facebook-in-twitter-bosta-morala-ravnati-bolj-odgovorno-in-ucinkovito-v-boju-proti-laznim-novicam\/\",\"url\":\"https:\/\/hudo.com\/si\/lifestyle\/facebook-in-twitter-bosta-morala-ravnati-bolj-odgovorno-in-ucinkovito-v-boju-proti-laznim-novicam\/\",\"name\":\"Facebook in Twitter bosta morala ravnati bolj odgovorno in u\u010dinkovito v boju proti la\u017enim novicam - Hudo Slovenija\",\"isPartOf\":{\"@id\":\"https:\/\/hudo.com\/si\/#website\"},\"datePublished\":\"2018-11-09T09:22:30+00:00\",\"dateModified\":\"2018-11-09T09:22:30+00:00\",\"breadcrumb\":{\"@id\":\"https:\/\/hudo.com\/si\/lifestyle\/facebook-in-twitter-bosta-morala-ravnati-bolj-odgovorno-in-ucinkovito-v-boju-proti-laznim-novicam\/#breadcrumb\"},\"inLanguage\":\"sl-SI\",\"potentialAction\":[{\"@type\":\"ReadAction\",\"target\":[\"https:\/\/hudo.com\/si\/lifestyle\/facebook-in-twitter-bosta-morala-ravnati-bolj-odgovorno-in-ucinkovito-v-boju-proti-laznim-novicam\/\"]}]},{\"@type\":\"BreadcrumbList\",\"@id\":\"https:\/\/hudo.com\/si\/lifestyle\/facebook-in-twitter-bosta-morala-ravnati-bolj-odgovorno-in-ucinkovito-v-boju-proti-laznim-novicam\/#breadcrumb\",\"itemListElement\":[{\"@type\":\"ListItem\",\"position\":1,\"name\":\"Home\",\"item\":\"https:\/\/hudo.com\/si\/\"},{\"@type\":\"ListItem\",\"position\":2,\"name\":\"Facebook in Twitter bosta morala ravnati bolj odgovorno in u\u010dinkovito v boju proti la\u017enim novicam\"}]},{\"@type\":\"WebSite\",\"@id\":\"https:\/\/hudo.com\/si\/#website\",\"url\":\"https:\/\/hudo.com\/si\/\",\"name\":\"Hudo Slovenija\",\"description\":\"Vse novice iz Slovenije in sveta\",\"publisher\":{\"@id\":\"https:\/\/hudo.com\/si\/#organization\"},\"potentialAction\":[{\"@type\":\"SearchAction\",\"target\":{\"@type\":\"EntryPoint\",\"urlTemplate\":\"https:\/\/hudo.com\/si\/?s={search_term_string}\"},\"query-input\":\"required name=search_term_string\"}],\"inLanguage\":\"sl-SI\"},{\"@type\":\"Organization\",\"@id\":\"https:\/\/hudo.com\/si\/#organization\",\"name\":\"VSN Media\",\"url\":\"https:\/\/hudo.com\/si\/\",\"logo\":{\"@type\":\"ImageObject\",\"inLanguage\":\"sl-SI\",\"@id\":\"https:\/\/hudo.com\/si\/#\/schema\/logo\/image\/\",\"url\":\"https:\/\/hudo.com\/si\/wp-content\/uploads\/sites\/2\/2021\/03\/hudo-app-2.png\",\"contentUrl\":\"https:\/\/hudo.com\/si\/wp-content\/uploads\/sites\/2\/2021\/03\/hudo-app-2.png\",\"width\":2185,\"height\":2167,\"caption\":\"VSN Media\"},\"image\":{\"@id\":\"https:\/\/hudo.com\/si\/#\/schema\/logo\/image\/\"},\"sameAs\":[\"https:\/\/www.facebook.com\/hudo.si\",\"https:\/\/twitter.com\/hudo_si\"]},{\"@type\":\"Person\",\"@id\":\"https:\/\/hudo.com\/si\/#\/schema\/person\/601cf3379633985b20f7e50f2bb47707\",\"name\":\"hudo\",\"image\":{\"@type\":\"ImageObject\",\"inLanguage\":\"sl-SI\",\"@id\":\"https:\/\/hudo.com\/si\/#\/schema\/person\/image\/\",\"url\":\"https:\/\/secure.gravatar.com\/avatar\/c4ca25fa72cace7a696b52ff5db9e095?s=96&d=mm&r=g\",\"contentUrl\":\"https:\/\/secure.gravatar.com\/avatar\/c4ca25fa72cace7a696b52ff5db9e095?s=96&d=mm&r=g\",\"caption\":\"hudo\"},\"url\":\"https:\/\/hudo.com\/si\/author\/hudo\/\"}]}<\/script>\n<!-- \/ Yoast SEO plugin. -->","yoast_head_json":{"title":"Facebook in Twitter bosta morala ravnati bolj odgovorno in u\u010dinkovito v boju proti la\u017enim novicam - Hudo Slovenija","robots":{"index":"index","follow":"follow","max-snippet":"max-snippet:-1","max-image-preview":"max-image-preview:large","max-video-preview":"max-video-preview:-1"},"canonical":"https:\/\/hudo.com\/si\/lifestyle\/facebook-in-twitter-bosta-morala-ravnati-bolj-odgovorno-in-ucinkovito-v-boju-proti-laznim-novicam\/","og_locale":"sl_SI","og_type":"article","og_title":"Facebook in Twitter bosta morala ravnati bolj odgovorno in u\u010dinkovito v boju proti la\u017enim novicam - Hudo Slovenija","og_description":"Dru\u017ebena omre\u017eja potrebujejo bolj\u0161o regulacijo, s katero bi prepre\u010dili \u0161irjenje la\u017enih novic in spodkopavanje demokracije, so v \u010detrtek opozorili strokovnjaki s podro\u010dja tehnologije na konferenci v Lizboni. Dodali so, da je pred tehnolo\u0161kimi podjetji \u0161e dolga pot, preden bodo omre\u017eja naredili bolj varna.","og_url":"https:\/\/hudo.com\/si\/lifestyle\/facebook-in-twitter-bosta-morala-ravnati-bolj-odgovorno-in-ucinkovito-v-boju-proti-laznim-novicam\/","og_site_name":"Hudo Slovenija","article_publisher":"https:\/\/www.facebook.com\/hudo.si","article_published_time":"2018-11-09T09:22:30+00:00","og_image":[{"width":1250,"height":833,"url":"https:\/\/hudo.com\/si\/wp-content\/uploads\/sites\/2\/2018\/11\/profimedia-0368223472.jpg","type":"image\/jpeg"}],"author":"hudo","twitter_card":"summary_large_image","twitter_creator":"@hudo_si","twitter_site":"@hudo_si","twitter_misc":{"Written by":"hudo","Est. reading time":"2 minuti"},"schema":{"@context":"https:\/\/schema.org","@graph":[{"@type":"Article","@id":"https:\/\/hudo.com\/si\/lifestyle\/facebook-in-twitter-bosta-morala-ravnati-bolj-odgovorno-in-ucinkovito-v-boju-proti-laznim-novicam\/#article","isPartOf":{"@id":"https:\/\/hudo.com\/si\/lifestyle\/facebook-in-twitter-bosta-morala-ravnati-bolj-odgovorno-in-ucinkovito-v-boju-proti-laznim-novicam\/"},"author":{"name":"hudo","@id":"https:\/\/hudo.com\/si\/#\/schema\/person\/601cf3379633985b20f7e50f2bb47707"},"headline":"Facebook in Twitter bosta morala ravnati bolj odgovorno in u\u010dinkovito v boju proti la\u017enim novicam","datePublished":"2018-11-09T09:22:30+00:00","dateModified":"2018-11-09T09:22:30+00:00","mainEntityOfPage":{"@id":"https:\/\/hudo.com\/si\/lifestyle\/facebook-in-twitter-bosta-morala-ravnati-bolj-odgovorno-in-ucinkovito-v-boju-proti-laznim-novicam\/"},"wordCount":344,"publisher":{"@id":"https:\/\/hudo.com\/si\/#organization"},"keywords":["dru\u017ebena omre\u017eja","Facebook","la\u017ene novice","sovra\u017eni govor","twitter"],"articleSection":["Lifestyle"],"inLanguage":"sl-SI"},{"@type":"WebPage","@id":"https:\/\/hudo.com\/si\/lifestyle\/facebook-in-twitter-bosta-morala-ravnati-bolj-odgovorno-in-ucinkovito-v-boju-proti-laznim-novicam\/","url":"https:\/\/hudo.com\/si\/lifestyle\/facebook-in-twitter-bosta-morala-ravnati-bolj-odgovorno-in-ucinkovito-v-boju-proti-laznim-novicam\/","name":"Facebook in Twitter bosta morala ravnati bolj odgovorno in u\u010dinkovito v boju proti la\u017enim novicam - Hudo Slovenija","isPartOf":{"@id":"https:\/\/hudo.com\/si\/#website"},"datePublished":"2018-11-09T09:22:30+00:00","dateModified":"2018-11-09T09:22:30+00:00","breadcrumb":{"@id":"https:\/\/hudo.com\/si\/lifestyle\/facebook-in-twitter-bosta-morala-ravnati-bolj-odgovorno-in-ucinkovito-v-boju-proti-laznim-novicam\/#breadcrumb"},"inLanguage":"sl-SI","potentialAction":[{"@type":"ReadAction","target":["https:\/\/hudo.com\/si\/lifestyle\/facebook-in-twitter-bosta-morala-ravnati-bolj-odgovorno-in-ucinkovito-v-boju-proti-laznim-novicam\/"]}]},{"@type":"BreadcrumbList","@id":"https:\/\/hudo.com\/si\/lifestyle\/facebook-in-twitter-bosta-morala-ravnati-bolj-odgovorno-in-ucinkovito-v-boju-proti-laznim-novicam\/#breadcrumb","itemListElement":[{"@type":"ListItem","position":1,"name":"Home","item":"https:\/\/hudo.com\/si\/"},{"@type":"ListItem","position":2,"name":"Facebook in Twitter bosta morala ravnati bolj odgovorno in u\u010dinkovito v boju proti la\u017enim novicam"}]},{"@type":"WebSite","@id":"https:\/\/hudo.com\/si\/#website","url":"https:\/\/hudo.com\/si\/","name":"Hudo Slovenija","description":"Vse novice iz Slovenije in sveta","publisher":{"@id":"https:\/\/hudo.com\/si\/#organization"},"potentialAction":[{"@type":"SearchAction","target":{"@type":"EntryPoint","urlTemplate":"https:\/\/hudo.com\/si\/?s={search_term_string}"},"query-input":"required name=search_term_string"}],"inLanguage":"sl-SI"},{"@type":"Organization","@id":"https:\/\/hudo.com\/si\/#organization","name":"VSN Media","url":"https:\/\/hudo.com\/si\/","logo":{"@type":"ImageObject","inLanguage":"sl-SI","@id":"https:\/\/hudo.com\/si\/#\/schema\/logo\/image\/","url":"https:\/\/hudo.com\/si\/wp-content\/uploads\/sites\/2\/2021\/03\/hudo-app-2.png","contentUrl":"https:\/\/hudo.com\/si\/wp-content\/uploads\/sites\/2\/2021\/03\/hudo-app-2.png","width":2185,"height":2167,"caption":"VSN Media"},"image":{"@id":"https:\/\/hudo.com\/si\/#\/schema\/logo\/image\/"},"sameAs":["https:\/\/www.facebook.com\/hudo.si","https:\/\/twitter.com\/hudo_si"]},{"@type":"Person","@id":"https:\/\/hudo.com\/si\/#\/schema\/person\/601cf3379633985b20f7e50f2bb47707","name":"hudo","image":{"@type":"ImageObject","inLanguage":"sl-SI","@id":"https:\/\/hudo.com\/si\/#\/schema\/person\/image\/","url":"https:\/\/secure.gravatar.com\/avatar\/c4ca25fa72cace7a696b52ff5db9e095?s=96&d=mm&r=g","contentUrl":"https:\/\/secure.gravatar.com\/avatar\/c4ca25fa72cace7a696b52ff5db9e095?s=96&d=mm&r=g","caption":"hudo"},"url":"https:\/\/hudo.com\/si\/author\/hudo\/"}]}},"amp_enabled":true,"_links":{"self":[{"href":"https:\/\/hudo.com\/si\/wp-json\/wp\/v2\/posts\/380678"}],"collection":[{"href":"https:\/\/hudo.com\/si\/wp-json\/wp\/v2\/posts"}],"about":[{"href":"https:\/\/hudo.com\/si\/wp-json\/wp\/v2\/types\/post"}],"author":[{"embeddable":true,"href":"https:\/\/hudo.com\/si\/wp-json\/wp\/v2\/users\/1"}],"replies":[{"embeddable":true,"href":"https:\/\/hudo.com\/si\/wp-json\/wp\/v2\/comments?post=380678"}],"version-history":[{"count":0,"href":"https:\/\/hudo.com\/si\/wp-json\/wp\/v2\/posts\/380678\/revisions"}],"wp:attachment":[{"href":"https:\/\/hudo.com\/si\/wp-json\/wp\/v2\/media?parent=380678"}],"wp:term":[{"taxonomy":"category","embeddable":true,"href":"https:\/\/hudo.com\/si\/wp-json\/wp\/v2\/categories?post=380678"},{"taxonomy":"post_tag","embeddable":true,"href":"https:\/\/hudo.com\/si\/wp-json\/wp\/v2\/tags?post=380678"},{"taxonomy":"source","embeddable":true,"href":"https:\/\/hudo.com\/si\/wp-json\/wp\/v2\/source?post=380678"},{"taxonomy":"supertag","embeddable":true,"href":"https:\/\/hudo.com\/si\/wp-json\/wp\/v2\/supertag?post=380678"}],"curies":[{"name":"wp","href":"https:\/\/api.w.org\/{rel}","templated":true}]}}