{"id":380843,"date":"2018-11-12T18:44:53","date_gmt":"2018-11-12T17:44:53","guid":{"rendered":"http:\/\/hudo.com\/si\/?p=380843"},"modified":"2018-11-12T18:44:53","modified_gmt":"2018-11-12T17:44:53","slug":"na-krvavcu-pogresanega-36-letnika-se-niso-nasli-pa-nasli-njegov-mobilni-telefon","status":"publish","type":"post","link":"https:\/\/hudo.com\/si\/aktualno\/na-krvavcu-pogresanega-36-letnika-se-niso-nasli-pa-nasli-njegov-mobilni-telefon\/","title":{"rendered":"Na Krvavcu pogre\u0161anega 36-letnika \u0161e niso na\u0161li, so pa na\u0161li njegov mobilni telefon"},"content":{"rendered":"<p>Kot so sporo\u010dili s Policijske uprave Kranj, je danes v iskalni akciji sodelovali okoli 20 oseb, ve\u010dinoma policistov in gorskih re\u0161evalcev, ter policijski helikopter. Za pogre\u0161anim 36-letnikom iz Trebnjega, ki so ga nazadnje videli, ko se je v soboto pono\u010di s Krvavca sam pe\u0161 odpravil v dolino, je sicer \u017ee v soboto stekla obse\u017ena iskalna akcija.<\/p>\n<p>Poleg policistov, svojcev in njegovih prijateljev so ga v soboto do poznega ve\u010dera organizirano iskali prostovoljni gasilci, gorski re\u0161evalci in vodniki re\u0161evalnih psov. Skupaj ga je iskalo okoli 70 ljudi, v iskanju pa je sodeloval tudi policijski helikopter. Iskalna akcija se je v nedeljo nadaljevala v podobnem obsegu, s pomo\u010djo helikopterja pa tudi danes.<\/p>\n<p>Iskanje je bilo zaenkrat osredoto\u010deno na Krvavec z okolico. Pogre\u0161anega doslej \u0161e niso na\u0161li, pod hotelom Krvavec pa so \u017ee v za\u010detku iskanja na\u0161li njegov mobilni telefon, vendar glede na polo\u017eaj policisti domnevajo, da ga je nekdo na\u0161el in tja postavil.<\/p>\n<p>V kolikor ima kdo kakr\u0161nekoli informacije v zvezi s tem, ga policisti prosijo, naj zaradi razjasnitve okoli\u0161\u010din pokli\u010de na interventno \u0161tevilko 113 ali anonimno \u0161tevilko 080 1200.<\/p>\n","protected":false},"excerpt":{"rendered":"<p>Policisti in gorski re\u0161evalci so danes s pomo\u010djo helikopterja na obmo\u010dju Krvavca nadaljevali iskanje 36-letnega Klemena Musulina, ki je pogre\u0161an od sobote. Pogre\u0161anega \u0161e vedno niso na\u0161li, so pa odkrili njegov telefon, za katerega domnevajo, da ga je nekdo na\u0161el in postavil na mesto pod hotelom. Policija v zvezi s tem prosi za informacije.<\/p>\n","protected":false},"author":8,"featured_media":380844,"comment_status":"closed","ping_status":"closed","sticky":false,"template":"","format":"standard","meta":{"footnotes":""},"categories":[1179],"tags":[12353,12180,1595],"source":[4511],"supertag":[],"acf":[],"yoast_head":"<!-- This site is optimized with the Yoast SEO plugin v21.3 - https:\/\/yoast.com\/wordpress\/plugins\/seo\/ -->\n<title>Na Krvavcu pogre\u0161anega 36-letnika \u0161e niso na\u0161li, so pa na\u0161li njegov mobilni telefon - Hudo Slovenija<\/title>\n<meta name=\"robots\" content=\"index, follow, max-snippet:-1, max-image-preview:large, max-video-preview:-1\" \/>\n<link rel=\"canonical\" href=\"https:\/\/hudo.com\/si\/aktualno\/na-krvavcu-pogresanega-36-letnika-se-niso-nasli-pa-nasli-njegov-mobilni-telefon\/\" \/>\n<meta property=\"og:locale\" content=\"sl_SI\" \/>\n<meta property=\"og:type\" content=\"article\" \/>\n<meta property=\"og:title\" content=\"Na Krvavcu pogre\u0161anega 36-letnika \u0161e niso na\u0161li, so pa na\u0161li njegov mobilni telefon - Hudo Slovenija\" \/>\n<meta property=\"og:description\" content=\"Policisti in gorski re\u0161evalci so danes s pomo\u010djo helikopterja na obmo\u010dju Krvavca nadaljevali iskanje 36-letnega Klemena Musulina, ki je pogre\u0161an od sobote. Pogre\u0161anega \u0161e vedno niso na\u0161li, so pa odkrili njegov telefon, za katerega domnevajo, da ga je nekdo na\u0161el in postavil na mesto pod hotelom. Policija v zvezi s tem prosi za informacije.\" \/>\n<meta property=\"og:url\" content=\"https:\/\/hudo.com\/si\/aktualno\/na-krvavcu-pogresanega-36-letnika-se-niso-nasli-pa-nasli-njegov-mobilni-telefon\/\" \/>\n<meta property=\"og:site_name\" content=\"Hudo Slovenija\" \/>\n<meta property=\"article:publisher\" content=\"https:\/\/www.facebook.com\/hudo.si\" \/>\n<meta property=\"article:published_time\" content=\"2018-11-12T17:44:53+00:00\" \/>\n<meta property=\"og:image\" content=\"https:\/\/hudo.com\/si\/wp-content\/uploads\/sites\/2\/2018\/11\/20181111-00897117-1.jpg\" \/>\n\t<meta property=\"og:image:width\" content=\"640\" \/>\n\t<meta property=\"og:image:height\" content=\"464\" \/>\n\t<meta property=\"og:image:type\" content=\"image\/jpeg\" \/>\n<meta name=\"author\" content=\"M. N., STA\" \/>\n<meta name=\"twitter:card\" content=\"summary_large_image\" \/>\n<meta name=\"twitter:creator\" content=\"@hudo_si\" \/>\n<meta name=\"twitter:site\" content=\"@hudo_si\" \/>\n<meta name=\"twitter:label1\" content=\"Written by\" \/>\n\t<meta name=\"twitter:data1\" content=\"M. N., STA\" \/>\n\t<meta name=\"twitter:label2\" content=\"Est. reading time\" \/>\n\t<meta name=\"twitter:data2\" content=\"1 minuta\" \/>\n<script type=\"application\/ld+json\" class=\"yoast-schema-graph\">{\"@context\":\"https:\/\/schema.org\",\"@graph\":[{\"@type\":\"Article\",\"@id\":\"https:\/\/hudo.com\/si\/aktualno\/na-krvavcu-pogresanega-36-letnika-se-niso-nasli-pa-nasli-njegov-mobilni-telefon\/#article\",\"isPartOf\":{\"@id\":\"https:\/\/hudo.com\/si\/aktualno\/na-krvavcu-pogresanega-36-letnika-se-niso-nasli-pa-nasli-njegov-mobilni-telefon\/\"},\"author\":{\"name\":\"M. N., STA\",\"@id\":\"https:\/\/hudo.com\/si\/#\/schema\/person\/c2f10ce65d2e6ede2aeda5be2a0611fa\"},\"headline\":\"Na Krvavcu pogre\u0161anega 36-letnika \u0161e niso na\u0161li, so pa na\u0161li njegov mobilni telefon\",\"datePublished\":\"2018-11-12T17:44:53+00:00\",\"dateModified\":\"2018-11-12T17:44:53+00:00\",\"mainEntityOfPage\":{\"@id\":\"https:\/\/hudo.com\/si\/aktualno\/na-krvavcu-pogresanega-36-letnika-se-niso-nasli-pa-nasli-njegov-mobilni-telefon\/\"},\"wordCount\":209,\"publisher\":{\"@id\":\"https:\/\/hudo.com\/si\/#organization\"},\"keywords\":[\"klemen musulin\",\"pogre\u0161ana oseba\",\"Slovenija\"],\"articleSection\":[\"Aktualno\"],\"inLanguage\":\"sl-SI\"},{\"@type\":\"WebPage\",\"@id\":\"https:\/\/hudo.com\/si\/aktualno\/na-krvavcu-pogresanega-36-letnika-se-niso-nasli-pa-nasli-njegov-mobilni-telefon\/\",\"url\":\"https:\/\/hudo.com\/si\/aktualno\/na-krvavcu-pogresanega-36-letnika-se-niso-nasli-pa-nasli-njegov-mobilni-telefon\/\",\"name\":\"Na Krvavcu pogre\u0161anega 36-letnika \u0161e niso na\u0161li, so pa na\u0161li njegov mobilni telefon - Hudo Slovenija\",\"isPartOf\":{\"@id\":\"https:\/\/hudo.com\/si\/#website\"},\"datePublished\":\"2018-11-12T17:44:53+00:00\",\"dateModified\":\"2018-11-12T17:44:53+00:00\",\"breadcrumb\":{\"@id\":\"https:\/\/hudo.com\/si\/aktualno\/na-krvavcu-pogresanega-36-letnika-se-niso-nasli-pa-nasli-njegov-mobilni-telefon\/#breadcrumb\"},\"inLanguage\":\"sl-SI\",\"potentialAction\":[{\"@type\":\"ReadAction\",\"target\":[\"https:\/\/hudo.com\/si\/aktualno\/na-krvavcu-pogresanega-36-letnika-se-niso-nasli-pa-nasli-njegov-mobilni-telefon\/\"]}]},{\"@type\":\"BreadcrumbList\",\"@id\":\"https:\/\/hudo.com\/si\/aktualno\/na-krvavcu-pogresanega-36-letnika-se-niso-nasli-pa-nasli-njegov-mobilni-telefon\/#breadcrumb\",\"itemListElement\":[{\"@type\":\"ListItem\",\"position\":1,\"name\":\"Home\",\"item\":\"https:\/\/hudo.com\/si\/\"},{\"@type\":\"ListItem\",\"position\":2,\"name\":\"Na Krvavcu pogre\u0161anega 36-letnika \u0161e niso na\u0161li, so pa na\u0161li njegov mobilni telefon\"}]},{\"@type\":\"WebSite\",\"@id\":\"https:\/\/hudo.com\/si\/#website\",\"url\":\"https:\/\/hudo.com\/si\/\",\"name\":\"Hudo Slovenija\",\"description\":\"Vse novice iz Slovenije in sveta\",\"publisher\":{\"@id\":\"https:\/\/hudo.com\/si\/#organization\"},\"potentialAction\":[{\"@type\":\"SearchAction\",\"target\":{\"@type\":\"EntryPoint\",\"urlTemplate\":\"https:\/\/hudo.com\/si\/?s={search_term_string}\"},\"query-input\":\"required name=search_term_string\"}],\"inLanguage\":\"sl-SI\"},{\"@type\":\"Organization\",\"@id\":\"https:\/\/hudo.com\/si\/#organization\",\"name\":\"VSN Media\",\"url\":\"https:\/\/hudo.com\/si\/\",\"logo\":{\"@type\":\"ImageObject\",\"inLanguage\":\"sl-SI\",\"@id\":\"https:\/\/hudo.com\/si\/#\/schema\/logo\/image\/\",\"url\":\"https:\/\/hudo.com\/si\/wp-content\/uploads\/sites\/2\/2021\/03\/hudo-app-2.png\",\"contentUrl\":\"https:\/\/hudo.com\/si\/wp-content\/uploads\/sites\/2\/2021\/03\/hudo-app-2.png\",\"width\":2185,\"height\":2167,\"caption\":\"VSN Media\"},\"image\":{\"@id\":\"https:\/\/hudo.com\/si\/#\/schema\/logo\/image\/\"},\"sameAs\":[\"https:\/\/www.facebook.com\/hudo.si\",\"https:\/\/twitter.com\/hudo_si\"]},{\"@type\":\"Person\",\"@id\":\"https:\/\/hudo.com\/si\/#\/schema\/person\/c2f10ce65d2e6ede2aeda5be2a0611fa\",\"name\":\"M. N., STA\",\"image\":{\"@type\":\"ImageObject\",\"inLanguage\":\"sl-SI\",\"@id\":\"https:\/\/hudo.com\/si\/#\/schema\/person\/image\/\",\"url\":\"https:\/\/secure.gravatar.com\/avatar\/f370d38daa10467f755c5c766a4cac20?s=96&d=mm&r=g\",\"contentUrl\":\"https:\/\/secure.gravatar.com\/avatar\/f370d38daa10467f755c5c766a4cac20?s=96&d=mm&r=g\",\"caption\":\"M. N., STA\"},\"url\":\"https:\/\/hudo.com\/si\/author\/mana\/\"}]}<\/script>\n<!-- \/ Yoast SEO plugin. -->","yoast_head_json":{"title":"Na Krvavcu pogre\u0161anega 36-letnika \u0161e niso na\u0161li, so pa na\u0161li njegov mobilni telefon - Hudo Slovenija","robots":{"index":"index","follow":"follow","max-snippet":"max-snippet:-1","max-image-preview":"max-image-preview:large","max-video-preview":"max-video-preview:-1"},"canonical":"https:\/\/hudo.com\/si\/aktualno\/na-krvavcu-pogresanega-36-letnika-se-niso-nasli-pa-nasli-njegov-mobilni-telefon\/","og_locale":"sl_SI","og_type":"article","og_title":"Na Krvavcu pogre\u0161anega 36-letnika \u0161e niso na\u0161li, so pa na\u0161li njegov mobilni telefon - Hudo Slovenija","og_description":"Policisti in gorski re\u0161evalci so danes s pomo\u010djo helikopterja na obmo\u010dju Krvavca nadaljevali iskanje 36-letnega Klemena Musulina, ki je pogre\u0161an od sobote. Pogre\u0161anega \u0161e vedno niso na\u0161li, so pa odkrili njegov telefon, za katerega domnevajo, da ga je nekdo na\u0161el in postavil na mesto pod hotelom. Policija v zvezi s tem prosi za informacije.","og_url":"https:\/\/hudo.com\/si\/aktualno\/na-krvavcu-pogresanega-36-letnika-se-niso-nasli-pa-nasli-njegov-mobilni-telefon\/","og_site_name":"Hudo Slovenija","article_publisher":"https:\/\/www.facebook.com\/hudo.si","article_published_time":"2018-11-12T17:44:53+00:00","og_image":[{"width":640,"height":464,"url":"https:\/\/hudo.com\/si\/wp-content\/uploads\/sites\/2\/2018\/11\/20181111-00897117-1.jpg","type":"image\/jpeg"}],"author":"M. N., STA","twitter_card":"summary_large_image","twitter_creator":"@hudo_si","twitter_site":"@hudo_si","twitter_misc":{"Written by":"M. N., STA","Est. reading time":"1 minuta"},"schema":{"@context":"https:\/\/schema.org","@graph":[{"@type":"Article","@id":"https:\/\/hudo.com\/si\/aktualno\/na-krvavcu-pogresanega-36-letnika-se-niso-nasli-pa-nasli-njegov-mobilni-telefon\/#article","isPartOf":{"@id":"https:\/\/hudo.com\/si\/aktualno\/na-krvavcu-pogresanega-36-letnika-se-niso-nasli-pa-nasli-njegov-mobilni-telefon\/"},"author":{"name":"M. N., STA","@id":"https:\/\/hudo.com\/si\/#\/schema\/person\/c2f10ce65d2e6ede2aeda5be2a0611fa"},"headline":"Na Krvavcu pogre\u0161anega 36-letnika \u0161e niso na\u0161li, so pa na\u0161li njegov mobilni telefon","datePublished":"2018-11-12T17:44:53+00:00","dateModified":"2018-11-12T17:44:53+00:00","mainEntityOfPage":{"@id":"https:\/\/hudo.com\/si\/aktualno\/na-krvavcu-pogresanega-36-letnika-se-niso-nasli-pa-nasli-njegov-mobilni-telefon\/"},"wordCount":209,"publisher":{"@id":"https:\/\/hudo.com\/si\/#organization"},"keywords":["klemen musulin","pogre\u0161ana oseba","Slovenija"],"articleSection":["Aktualno"],"inLanguage":"sl-SI"},{"@type":"WebPage","@id":"https:\/\/hudo.com\/si\/aktualno\/na-krvavcu-pogresanega-36-letnika-se-niso-nasli-pa-nasli-njegov-mobilni-telefon\/","url":"https:\/\/hudo.com\/si\/aktualno\/na-krvavcu-pogresanega-36-letnika-se-niso-nasli-pa-nasli-njegov-mobilni-telefon\/","name":"Na Krvavcu pogre\u0161anega 36-letnika \u0161e niso na\u0161li, so pa na\u0161li njegov mobilni telefon - Hudo Slovenija","isPartOf":{"@id":"https:\/\/hudo.com\/si\/#website"},"datePublished":"2018-11-12T17:44:53+00:00","dateModified":"2018-11-12T17:44:53+00:00","breadcrumb":{"@id":"https:\/\/hudo.com\/si\/aktualno\/na-krvavcu-pogresanega-36-letnika-se-niso-nasli-pa-nasli-njegov-mobilni-telefon\/#breadcrumb"},"inLanguage":"sl-SI","potentialAction":[{"@type":"ReadAction","target":["https:\/\/hudo.com\/si\/aktualno\/na-krvavcu-pogresanega-36-letnika-se-niso-nasli-pa-nasli-njegov-mobilni-telefon\/"]}]},{"@type":"BreadcrumbList","@id":"https:\/\/hudo.com\/si\/aktualno\/na-krvavcu-pogresanega-36-letnika-se-niso-nasli-pa-nasli-njegov-mobilni-telefon\/#breadcrumb","itemListElement":[{"@type":"ListItem","position":1,"name":"Home","item":"https:\/\/hudo.com\/si\/"},{"@type":"ListItem","position":2,"name":"Na Krvavcu pogre\u0161anega 36-letnika \u0161e niso na\u0161li, so pa na\u0161li njegov mobilni telefon"}]},{"@type":"WebSite","@id":"https:\/\/hudo.com\/si\/#website","url":"https:\/\/hudo.com\/si\/","name":"Hudo Slovenija","description":"Vse novice iz Slovenije in sveta","publisher":{"@id":"https:\/\/hudo.com\/si\/#organization"},"potentialAction":[{"@type":"SearchAction","target":{"@type":"EntryPoint","urlTemplate":"https:\/\/hudo.com\/si\/?s={search_term_string}"},"query-input":"required name=search_term_string"}],"inLanguage":"sl-SI"},{"@type":"Organization","@id":"https:\/\/hudo.com\/si\/#organization","name":"VSN Media","url":"https:\/\/hudo.com\/si\/","logo":{"@type":"ImageObject","inLanguage":"sl-SI","@id":"https:\/\/hudo.com\/si\/#\/schema\/logo\/image\/","url":"https:\/\/hudo.com\/si\/wp-content\/uploads\/sites\/2\/2021\/03\/hudo-app-2.png","contentUrl":"https:\/\/hudo.com\/si\/wp-content\/uploads\/sites\/2\/2021\/03\/hudo-app-2.png","width":2185,"height":2167,"caption":"VSN Media"},"image":{"@id":"https:\/\/hudo.com\/si\/#\/schema\/logo\/image\/"},"sameAs":["https:\/\/www.facebook.com\/hudo.si","https:\/\/twitter.com\/hudo_si"]},{"@type":"Person","@id":"https:\/\/hudo.com\/si\/#\/schema\/person\/c2f10ce65d2e6ede2aeda5be2a0611fa","name":"M. N., STA","image":{"@type":"ImageObject","inLanguage":"sl-SI","@id":"https:\/\/hudo.com\/si\/#\/schema\/person\/image\/","url":"https:\/\/secure.gravatar.com\/avatar\/f370d38daa10467f755c5c766a4cac20?s=96&d=mm&r=g","contentUrl":"https:\/\/secure.gravatar.com\/avatar\/f370d38daa10467f755c5c766a4cac20?s=96&d=mm&r=g","caption":"M. N., STA"},"url":"https:\/\/hudo.com\/si\/author\/mana\/"}]}},"amp_enabled":true,"_links":{"self":[{"href":"https:\/\/hudo.com\/si\/wp-json\/wp\/v2\/posts\/380843"}],"collection":[{"href":"https:\/\/hudo.com\/si\/wp-json\/wp\/v2\/posts"}],"about":[{"href":"https:\/\/hudo.com\/si\/wp-json\/wp\/v2\/types\/post"}],"author":[{"embeddable":true,"href":"https:\/\/hudo.com\/si\/wp-json\/wp\/v2\/users\/8"}],"replies":[{"embeddable":true,"href":"https:\/\/hudo.com\/si\/wp-json\/wp\/v2\/comments?post=380843"}],"version-history":[{"count":1,"href":"https:\/\/hudo.com\/si\/wp-json\/wp\/v2\/posts\/380843\/revisions"}],"predecessor-version":[{"id":380845,"href":"https:\/\/hudo.com\/si\/wp-json\/wp\/v2\/posts\/380843\/revisions\/380845"}],"wp:featuredmedia":[{"embeddable":true,"href":"https:\/\/hudo.com\/si\/wp-json\/wp\/v2\/media\/380844"}],"wp:attachment":[{"href":"https:\/\/hudo.com\/si\/wp-json\/wp\/v2\/media?parent=380843"}],"wp:term":[{"taxonomy":"category","embeddable":true,"href":"https:\/\/hudo.com\/si\/wp-json\/wp\/v2\/categories?post=380843"},{"taxonomy":"post_tag","embeddable":true,"href":"https:\/\/hudo.com\/si\/wp-json\/wp\/v2\/tags?post=380843"},{"taxonomy":"source","embeddable":true,"href":"https:\/\/hudo.com\/si\/wp-json\/wp\/v2\/source?post=380843"},{"taxonomy":"supertag","embeddable":true,"href":"https:\/\/hudo.com\/si\/wp-json\/wp\/v2\/supertag?post=380843"}],"curies":[{"name":"wp","href":"https:\/\/api.w.org\/{rel}","templated":true}]}}