{"id":380863,"date":"2018-11-13T09:38:03","date_gmt":"2018-11-13T08:38:03","guid":{"rendered":"http:\/\/hudo.com\/si\/?p=380863"},"modified":"2018-11-13T09:38:03","modified_gmt":"2018-11-13T08:38:03","slug":"zaradi-genocida-nad-ljudstvom-rohingya-mjanmarska-predsednica-izgubila-castni-naziv","status":"publish","type":"post","link":"https:\/\/hudo.com\/si\/aktualno\/zaradi-genocida-nad-ljudstvom-rohingya-mjanmarska-predsednica-izgubila-castni-naziv\/","title":{"rendered":"Zaradi genocida nad ljudstvom Rohingya mjanmarska predsednica izgubila \u010dastni naziv"},"content":{"rendered":"<p>Amnesty International je omenjeno nagrado Nobelovi nagrajenki za mir podelil leta 2009, ko je bila \u0161e v hi\u0161nem priporu.<\/p>\n<p>&#8220;Danes smo globoko osupli, da ne predstavljate ve\u010d simbola upanja, poguma in ve\u010dne obrambe \u010dlovekovih pravic,&#8221; je v pismu de facto mjanmarski voditeljici zapisal generalni sekretar organizacije Kumi Naidoo.<\/p>\n<p>&#8220;Amnesty International ne more ve\u010d opravi\u010devati va\u0161ega statusa prejemnice nagrade ambasador vesti, zato vam jo z veliko \u017ealostjo odvzemamo,&#8221; je dodal.<\/p>\n<p>Iz organizacije so sporo\u010dili, da so 73-letno Suu Kyijevo o odlo\u010ditvi obvestili v nedeljo. Do zdaj se ni javno odzvala, poro\u010da francoska tiskovna agencija AFP.<\/p>\n<p>Aung San Suu Kyi je u\u017eivala sloves borke za svobodo, ki se je postavila po robu voja\u0161ki hunti v Mjanmaru, zaradi \u010desar je 15 let pre\u017eivela v hi\u0161nem priporu. Ves \u010das je obljubljala, da bo v ve\u010dinsko budisti\u010dno dr\u017eavo pripeljala demokracijo.<\/p>\n<p>Njena stranka Narodna liga za demokracijo je nato leta 2015 zmagala na volitvah. To je prineslo upanje v popravo krivic, ki so se zgodile med ve\u010d kot 50-letno voja\u0161ko vladavino.<\/p>\n<p>Toda Suu Kyijeva svojega polo\u017eaja ni izkoristila za to, da bi stopila v bran preganjanim Rohingom. Njena vlada se prav tako spopada z mo\u010dno raz\u0161irjeno korupcijo in lokalnimi konflikti.<\/p>\n<p>Med posredovanjem mjanmarskih varnostnih sil proti Rohingom v zvezni dr\u017eavi Rakhine je bilo ubitih ve\u010d tiso\u010d pripadnikov te manj\u0161ine, 720.000 pa jih je zbe\u017ealo v sosednji Banglade\u0161. Mjanmarska vojska je trdila, da je bila voja\u0161ka operacija potrebna za boj proti terorizmu.<\/p>\n<p>Amnesty International priznava, da vlada Suu Kyijeve nima neposrednega vpliva na varnostne sile, ji pa o\u010dita, da se je postavila za zlo\u010dine in da ovira mednarodne preiskave zlo\u010dinov.<\/p>\n<p>Suu Kyijevi so nedavno odvzeli \u010dastno kanadsko dr\u017eavljanstvo, ostala pa je tudi brez vrste manj\u0161ih nagrad razli\u010dnih univerz ter lokalnih in regionalnih oblasti.<\/p>\n","protected":false},"excerpt":{"rendered":"<p>Mednarodna nevladna organizacija za \u010dlovekove pravice Amnesty International je mjanmarski voditeljici Aung San Suu Kyi odvzela svoje najvi\u0161je priznanje &#8211; nagrado ambasador vesti. Razlog za to je njena brezbri\u017enost do grozodejstev, ki jih je mjanmarska vojska zagre\u0161ila nad pripadniki muslimanske manj\u0161ine Rohingya.<\/p>\n","protected":false},"author":7,"featured_media":380867,"comment_status":"closed","ping_status":"closed","sticky":false,"template":"","format":"standard","meta":{"footnotes":""},"categories":[1179],"tags":[5738,11823,8881],"source":[4511],"supertag":[],"acf":[],"yoast_head":"<!-- This site is optimized with the Yoast SEO plugin v21.3 - https:\/\/yoast.com\/wordpress\/plugins\/seo\/ -->\n<title>Zaradi genocida nad ljudstvom Rohingya mjanmarska predsednica izgubila \u010dastni naziv - Hudo Slovenija<\/title>\n<meta name=\"robots\" content=\"index, follow, max-snippet:-1, max-image-preview:large, max-video-preview:-1\" \/>\n<link rel=\"canonical\" href=\"https:\/\/hudo.com\/si\/aktualno\/zaradi-genocida-nad-ljudstvom-rohingya-mjanmarska-predsednica-izgubila-castni-naziv\/\" \/>\n<meta property=\"og:locale\" content=\"sl_SI\" \/>\n<meta property=\"og:type\" content=\"article\" \/>\n<meta property=\"og:title\" content=\"Zaradi genocida nad ljudstvom Rohingya mjanmarska predsednica izgubila \u010dastni naziv - Hudo Slovenija\" \/>\n<meta property=\"og:description\" content=\"Mednarodna nevladna organizacija za \u010dlovekove pravice Amnesty International je mjanmarski voditeljici Aung San Suu Kyi odvzela svoje najvi\u0161je priznanje - nagrado ambasador vesti. Razlog za to je njena brezbri\u017enost do grozodejstev, ki jih je mjanmarska vojska zagre\u0161ila nad pripadniki muslimanske manj\u0161ine Rohingya.\" \/>\n<meta property=\"og:url\" content=\"https:\/\/hudo.com\/si\/aktualno\/zaradi-genocida-nad-ljudstvom-rohingya-mjanmarska-predsednica-izgubila-castni-naziv\/\" \/>\n<meta property=\"og:site_name\" content=\"Hudo Slovenija\" \/>\n<meta property=\"article:publisher\" content=\"https:\/\/www.facebook.com\/hudo.si\" \/>\n<meta property=\"article:published_time\" content=\"2018-11-13T08:38:03+00:00\" \/>\n<meta property=\"og:image\" content=\"https:\/\/hudo.com\/si\/wp-content\/uploads\/sites\/2\/2018\/11\/profimedia-0089480156.jpg\" \/>\n\t<meta property=\"og:image:width\" content=\"1250\" \/>\n\t<meta property=\"og:image:height\" content=\"946\" \/>\n\t<meta property=\"og:image:type\" content=\"image\/jpeg\" \/>\n<meta name=\"author\" content=\"A. P., STA\" \/>\n<meta name=\"twitter:card\" content=\"summary_large_image\" \/>\n<meta name=\"twitter:creator\" content=\"@hudo_si\" \/>\n<meta name=\"twitter:site\" content=\"@hudo_si\" \/>\n<meta name=\"twitter:label1\" content=\"Written by\" \/>\n\t<meta name=\"twitter:data1\" content=\"A. P., STA\" \/>\n\t<meta name=\"twitter:label2\" content=\"Est. reading time\" \/>\n\t<meta name=\"twitter:data2\" content=\"2 minuti\" \/>\n<script type=\"application\/ld+json\" class=\"yoast-schema-graph\">{\"@context\":\"https:\/\/schema.org\",\"@graph\":[{\"@type\":\"Article\",\"@id\":\"https:\/\/hudo.com\/si\/aktualno\/zaradi-genocida-nad-ljudstvom-rohingya-mjanmarska-predsednica-izgubila-castni-naziv\/#article\",\"isPartOf\":{\"@id\":\"https:\/\/hudo.com\/si\/aktualno\/zaradi-genocida-nad-ljudstvom-rohingya-mjanmarska-predsednica-izgubila-castni-naziv\/\"},\"author\":{\"name\":\"A. P., STA\",\"@id\":\"https:\/\/hudo.com\/si\/#\/schema\/person\/18f09c02475ba9e606e941a565b80cff\"},\"headline\":\"Zaradi genocida nad ljudstvom Rohingya mjanmarska predsednica izgubila \u010dastni naziv\",\"datePublished\":\"2018-11-13T08:38:03+00:00\",\"dateModified\":\"2018-11-13T08:38:03+00:00\",\"mainEntityOfPage\":{\"@id\":\"https:\/\/hudo.com\/si\/aktualno\/zaradi-genocida-nad-ljudstvom-rohingya-mjanmarska-predsednica-izgubila-castni-naziv\/\"},\"wordCount\":320,\"publisher\":{\"@id\":\"https:\/\/hudo.com\/si\/#organization\"},\"keywords\":[\"genocid\",\"ljudstvo Rohingya\",\"mjanmar\"],\"articleSection\":[\"Aktualno\"],\"inLanguage\":\"sl-SI\"},{\"@type\":\"WebPage\",\"@id\":\"https:\/\/hudo.com\/si\/aktualno\/zaradi-genocida-nad-ljudstvom-rohingya-mjanmarska-predsednica-izgubila-castni-naziv\/\",\"url\":\"https:\/\/hudo.com\/si\/aktualno\/zaradi-genocida-nad-ljudstvom-rohingya-mjanmarska-predsednica-izgubila-castni-naziv\/\",\"name\":\"Zaradi genocida nad ljudstvom Rohingya mjanmarska predsednica izgubila \u010dastni naziv - Hudo Slovenija\",\"isPartOf\":{\"@id\":\"https:\/\/hudo.com\/si\/#website\"},\"datePublished\":\"2018-11-13T08:38:03+00:00\",\"dateModified\":\"2018-11-13T08:38:03+00:00\",\"breadcrumb\":{\"@id\":\"https:\/\/hudo.com\/si\/aktualno\/zaradi-genocida-nad-ljudstvom-rohingya-mjanmarska-predsednica-izgubila-castni-naziv\/#breadcrumb\"},\"inLanguage\":\"sl-SI\",\"potentialAction\":[{\"@type\":\"ReadAction\",\"target\":[\"https:\/\/hudo.com\/si\/aktualno\/zaradi-genocida-nad-ljudstvom-rohingya-mjanmarska-predsednica-izgubila-castni-naziv\/\"]}]},{\"@type\":\"BreadcrumbList\",\"@id\":\"https:\/\/hudo.com\/si\/aktualno\/zaradi-genocida-nad-ljudstvom-rohingya-mjanmarska-predsednica-izgubila-castni-naziv\/#breadcrumb\",\"itemListElement\":[{\"@type\":\"ListItem\",\"position\":1,\"name\":\"Home\",\"item\":\"https:\/\/hudo.com\/si\/\"},{\"@type\":\"ListItem\",\"position\":2,\"name\":\"Zaradi genocida nad ljudstvom Rohingya mjanmarska predsednica izgubila \u010dastni naziv\"}]},{\"@type\":\"WebSite\",\"@id\":\"https:\/\/hudo.com\/si\/#website\",\"url\":\"https:\/\/hudo.com\/si\/\",\"name\":\"Hudo Slovenija\",\"description\":\"Vse novice iz Slovenije in sveta\",\"publisher\":{\"@id\":\"https:\/\/hudo.com\/si\/#organization\"},\"potentialAction\":[{\"@type\":\"SearchAction\",\"target\":{\"@type\":\"EntryPoint\",\"urlTemplate\":\"https:\/\/hudo.com\/si\/?s={search_term_string}\"},\"query-input\":\"required name=search_term_string\"}],\"inLanguage\":\"sl-SI\"},{\"@type\":\"Organization\",\"@id\":\"https:\/\/hudo.com\/si\/#organization\",\"name\":\"VSN Media\",\"url\":\"https:\/\/hudo.com\/si\/\",\"logo\":{\"@type\":\"ImageObject\",\"inLanguage\":\"sl-SI\",\"@id\":\"https:\/\/hudo.com\/si\/#\/schema\/logo\/image\/\",\"url\":\"https:\/\/hudo.com\/si\/wp-content\/uploads\/sites\/2\/2021\/03\/hudo-app-2.png\",\"contentUrl\":\"https:\/\/hudo.com\/si\/wp-content\/uploads\/sites\/2\/2021\/03\/hudo-app-2.png\",\"width\":2185,\"height\":2167,\"caption\":\"VSN Media\"},\"image\":{\"@id\":\"https:\/\/hudo.com\/si\/#\/schema\/logo\/image\/\"},\"sameAs\":[\"https:\/\/www.facebook.com\/hudo.si\",\"https:\/\/twitter.com\/hudo_si\"]},{\"@type\":\"Person\",\"@id\":\"https:\/\/hudo.com\/si\/#\/schema\/person\/18f09c02475ba9e606e941a565b80cff\",\"name\":\"A. P., STA\",\"image\":{\"@type\":\"ImageObject\",\"inLanguage\":\"sl-SI\",\"@id\":\"https:\/\/hudo.com\/si\/#\/schema\/person\/image\/\",\"url\":\"https:\/\/secure.gravatar.com\/avatar\/03eac8e609f5f04383125d80eaeaaf3e?s=96&d=mm&r=g\",\"contentUrl\":\"https:\/\/secure.gravatar.com\/avatar\/03eac8e609f5f04383125d80eaeaaf3e?s=96&d=mm&r=g\",\"caption\":\"A. P., STA\"},\"url\":\"https:\/\/hudo.com\/si\/author\/lubu\/\"}]}<\/script>\n<!-- \/ Yoast SEO plugin. -->","yoast_head_json":{"title":"Zaradi genocida nad ljudstvom Rohingya mjanmarska predsednica izgubila \u010dastni naziv - Hudo Slovenija","robots":{"index":"index","follow":"follow","max-snippet":"max-snippet:-1","max-image-preview":"max-image-preview:large","max-video-preview":"max-video-preview:-1"},"canonical":"https:\/\/hudo.com\/si\/aktualno\/zaradi-genocida-nad-ljudstvom-rohingya-mjanmarska-predsednica-izgubila-castni-naziv\/","og_locale":"sl_SI","og_type":"article","og_title":"Zaradi genocida nad ljudstvom Rohingya mjanmarska predsednica izgubila \u010dastni naziv - Hudo Slovenija","og_description":"Mednarodna nevladna organizacija za \u010dlovekove pravice Amnesty International je mjanmarski voditeljici Aung San Suu Kyi odvzela svoje najvi\u0161je priznanje - nagrado ambasador vesti. Razlog za to je njena brezbri\u017enost do grozodejstev, ki jih je mjanmarska vojska zagre\u0161ila nad pripadniki muslimanske manj\u0161ine Rohingya.","og_url":"https:\/\/hudo.com\/si\/aktualno\/zaradi-genocida-nad-ljudstvom-rohingya-mjanmarska-predsednica-izgubila-castni-naziv\/","og_site_name":"Hudo Slovenija","article_publisher":"https:\/\/www.facebook.com\/hudo.si","article_published_time":"2018-11-13T08:38:03+00:00","og_image":[{"width":1250,"height":946,"url":"https:\/\/hudo.com\/si\/wp-content\/uploads\/sites\/2\/2018\/11\/profimedia-0089480156.jpg","type":"image\/jpeg"}],"author":"A. P., STA","twitter_card":"summary_large_image","twitter_creator":"@hudo_si","twitter_site":"@hudo_si","twitter_misc":{"Written by":"A. P., STA","Est. reading time":"2 minuti"},"schema":{"@context":"https:\/\/schema.org","@graph":[{"@type":"Article","@id":"https:\/\/hudo.com\/si\/aktualno\/zaradi-genocida-nad-ljudstvom-rohingya-mjanmarska-predsednica-izgubila-castni-naziv\/#article","isPartOf":{"@id":"https:\/\/hudo.com\/si\/aktualno\/zaradi-genocida-nad-ljudstvom-rohingya-mjanmarska-predsednica-izgubila-castni-naziv\/"},"author":{"name":"A. P., STA","@id":"https:\/\/hudo.com\/si\/#\/schema\/person\/18f09c02475ba9e606e941a565b80cff"},"headline":"Zaradi genocida nad ljudstvom Rohingya mjanmarska predsednica izgubila \u010dastni naziv","datePublished":"2018-11-13T08:38:03+00:00","dateModified":"2018-11-13T08:38:03+00:00","mainEntityOfPage":{"@id":"https:\/\/hudo.com\/si\/aktualno\/zaradi-genocida-nad-ljudstvom-rohingya-mjanmarska-predsednica-izgubila-castni-naziv\/"},"wordCount":320,"publisher":{"@id":"https:\/\/hudo.com\/si\/#organization"},"keywords":["genocid","ljudstvo Rohingya","mjanmar"],"articleSection":["Aktualno"],"inLanguage":"sl-SI"},{"@type":"WebPage","@id":"https:\/\/hudo.com\/si\/aktualno\/zaradi-genocida-nad-ljudstvom-rohingya-mjanmarska-predsednica-izgubila-castni-naziv\/","url":"https:\/\/hudo.com\/si\/aktualno\/zaradi-genocida-nad-ljudstvom-rohingya-mjanmarska-predsednica-izgubila-castni-naziv\/","name":"Zaradi genocida nad ljudstvom Rohingya mjanmarska predsednica izgubila \u010dastni naziv - Hudo Slovenija","isPartOf":{"@id":"https:\/\/hudo.com\/si\/#website"},"datePublished":"2018-11-13T08:38:03+00:00","dateModified":"2018-11-13T08:38:03+00:00","breadcrumb":{"@id":"https:\/\/hudo.com\/si\/aktualno\/zaradi-genocida-nad-ljudstvom-rohingya-mjanmarska-predsednica-izgubila-castni-naziv\/#breadcrumb"},"inLanguage":"sl-SI","potentialAction":[{"@type":"ReadAction","target":["https:\/\/hudo.com\/si\/aktualno\/zaradi-genocida-nad-ljudstvom-rohingya-mjanmarska-predsednica-izgubila-castni-naziv\/"]}]},{"@type":"BreadcrumbList","@id":"https:\/\/hudo.com\/si\/aktualno\/zaradi-genocida-nad-ljudstvom-rohingya-mjanmarska-predsednica-izgubila-castni-naziv\/#breadcrumb","itemListElement":[{"@type":"ListItem","position":1,"name":"Home","item":"https:\/\/hudo.com\/si\/"},{"@type":"ListItem","position":2,"name":"Zaradi genocida nad ljudstvom Rohingya mjanmarska predsednica izgubila \u010dastni naziv"}]},{"@type":"WebSite","@id":"https:\/\/hudo.com\/si\/#website","url":"https:\/\/hudo.com\/si\/","name":"Hudo Slovenija","description":"Vse novice iz Slovenije in sveta","publisher":{"@id":"https:\/\/hudo.com\/si\/#organization"},"potentialAction":[{"@type":"SearchAction","target":{"@type":"EntryPoint","urlTemplate":"https:\/\/hudo.com\/si\/?s={search_term_string}"},"query-input":"required name=search_term_string"}],"inLanguage":"sl-SI"},{"@type":"Organization","@id":"https:\/\/hudo.com\/si\/#organization","name":"VSN Media","url":"https:\/\/hudo.com\/si\/","logo":{"@type":"ImageObject","inLanguage":"sl-SI","@id":"https:\/\/hudo.com\/si\/#\/schema\/logo\/image\/","url":"https:\/\/hudo.com\/si\/wp-content\/uploads\/sites\/2\/2021\/03\/hudo-app-2.png","contentUrl":"https:\/\/hudo.com\/si\/wp-content\/uploads\/sites\/2\/2021\/03\/hudo-app-2.png","width":2185,"height":2167,"caption":"VSN Media"},"image":{"@id":"https:\/\/hudo.com\/si\/#\/schema\/logo\/image\/"},"sameAs":["https:\/\/www.facebook.com\/hudo.si","https:\/\/twitter.com\/hudo_si"]},{"@type":"Person","@id":"https:\/\/hudo.com\/si\/#\/schema\/person\/18f09c02475ba9e606e941a565b80cff","name":"A. P., STA","image":{"@type":"ImageObject","inLanguage":"sl-SI","@id":"https:\/\/hudo.com\/si\/#\/schema\/person\/image\/","url":"https:\/\/secure.gravatar.com\/avatar\/03eac8e609f5f04383125d80eaeaaf3e?s=96&d=mm&r=g","contentUrl":"https:\/\/secure.gravatar.com\/avatar\/03eac8e609f5f04383125d80eaeaaf3e?s=96&d=mm&r=g","caption":"A. P., STA"},"url":"https:\/\/hudo.com\/si\/author\/lubu\/"}]}},"amp_enabled":true,"_links":{"self":[{"href":"https:\/\/hudo.com\/si\/wp-json\/wp\/v2\/posts\/380863"}],"collection":[{"href":"https:\/\/hudo.com\/si\/wp-json\/wp\/v2\/posts"}],"about":[{"href":"https:\/\/hudo.com\/si\/wp-json\/wp\/v2\/types\/post"}],"author":[{"embeddable":true,"href":"https:\/\/hudo.com\/si\/wp-json\/wp\/v2\/users\/7"}],"replies":[{"embeddable":true,"href":"https:\/\/hudo.com\/si\/wp-json\/wp\/v2\/comments?post=380863"}],"version-history":[{"count":1,"href":"https:\/\/hudo.com\/si\/wp-json\/wp\/v2\/posts\/380863\/revisions"}],"predecessor-version":[{"id":380868,"href":"https:\/\/hudo.com\/si\/wp-json\/wp\/v2\/posts\/380863\/revisions\/380868"}],"wp:featuredmedia":[{"embeddable":true,"href":"https:\/\/hudo.com\/si\/wp-json\/wp\/v2\/media\/380867"}],"wp:attachment":[{"href":"https:\/\/hudo.com\/si\/wp-json\/wp\/v2\/media?parent=380863"}],"wp:term":[{"taxonomy":"category","embeddable":true,"href":"https:\/\/hudo.com\/si\/wp-json\/wp\/v2\/categories?post=380863"},{"taxonomy":"post_tag","embeddable":true,"href":"https:\/\/hudo.com\/si\/wp-json\/wp\/v2\/tags?post=380863"},{"taxonomy":"source","embeddable":true,"href":"https:\/\/hudo.com\/si\/wp-json\/wp\/v2\/source?post=380863"},{"taxonomy":"supertag","embeddable":true,"href":"https:\/\/hudo.com\/si\/wp-json\/wp\/v2\/supertag?post=380863"}],"curies":[{"name":"wp","href":"https:\/\/api.w.org\/{rel}","templated":true}]}}