{"id":380992,"date":"2018-11-15T07:50:26","date_gmt":"2018-11-15T06:50:26","guid":{"rendered":"http:\/\/hudo.com\/si\/?p=380992"},"modified":"2018-11-15T07:50:26","modified_gmt":"2018-11-15T06:50:26","slug":"melania-iz-bele-hise-pregnala-pomembno-svetovalko-hrvaskih-korenin","status":"publish","type":"post","link":"https:\/\/hudo.com\/si\/aktualno\/melania-iz-bele-hise-pregnala-pomembno-svetovalko-hrvaskih-korenin\/","title":{"rendered":"Melania iz Bele hi\u0161e pregnala pomembno svetovalko hrva\u0161kih korenin"},"content":{"rendered":"<div class=\"text\">\n<p>Kot je utemeljila Melania Trump, si Ricardelova &#8220;ve\u010d ne zaslu\u017ei, da bi slu\u017eila tej Beli hi\u0161i&#8221;. Tiskovna predstavnica Bele hi\u0161e Sarah Sanders je v sredo zve\u010der po lokalnem \u010dasu po poro\u010danju francoske tiskovne agencije AFP pojasnila, da je Ricardelova &#8220;zapustila Belo hi\u0161o in so ji dodelili novo vlogo znotraj administracije&#8221;.<\/p>\n<p>Po poro\u010danju ameri\u0161kih medijih naj bi bili v ozadju zahteve prve dame ZDA spori s \u010dlani Trumpove dru\u017eine in tudi obrambnim sekretarjem Jimom Mattisom. Prav tako naj bi pri\u0161lo do nesoglasij na turneji ameri\u0161ke prve dame po Afriki prej\u0161nji mesec.<\/p>\n<p>58-letna Mira Ricardel je sicer hrva\u0161kega porekla; rojena je bila kot Mira Radielovi\u0107. Njen o\u010de je bil Hrvat iz Bosne in Hercegovine, ki je potem, ko je pre\u017eivel tragedijo v Pliberku po koncu druge svetovne vojne, emigriral v ZDA. Po ve\u010d visokih polo\u017eajih v obrambnem ministrstvu jo je John Bolton letos imenoval za svojo namestnico.<\/p>\n<\/div>\n","protected":false},"excerpt":{"rendered":"<p>Visoko predstavnico Bele hi\u0161e Miro Ricardel so na zahtevo prve dame ZDA Melanie Trump umaknili iz Bele hi\u0161e. Prva dama ZDA je v torek uradno zahtevala, da odslovijo namestnico svetovalca za nacionalno varnost Johna Boltona. \u0160lo je za zelo redko zahtevo predsednikove soproge.<\/p>\n","protected":false},"author":5,"featured_media":372127,"comment_status":"closed","ping_status":"closed","sticky":false,"template":"","format":"standard","meta":{"footnotes":""},"categories":[1179],"tags":[5385,1681,12366,1682],"source":[4511],"supertag":[],"acf":[],"yoast_head":"<!-- This site is optimized with the Yoast SEO plugin v21.3 - https:\/\/yoast.com\/wordpress\/plugins\/seo\/ -->\n<title>Melania iz Bele hi\u0161e pregnala pomembno svetovalko hrva\u0161kih korenin - Hudo Slovenija<\/title>\n<meta name=\"robots\" content=\"index, follow, max-snippet:-1, max-image-preview:large, max-video-preview:-1\" \/>\n<link rel=\"canonical\" href=\"https:\/\/hudo.com\/si\/aktualno\/melania-iz-bele-hise-pregnala-pomembno-svetovalko-hrvaskih-korenin\/\" \/>\n<meta property=\"og:locale\" content=\"sl_SI\" \/>\n<meta property=\"og:type\" content=\"article\" \/>\n<meta property=\"og:title\" content=\"Melania iz Bele hi\u0161e pregnala pomembno svetovalko hrva\u0161kih korenin - Hudo Slovenija\" \/>\n<meta property=\"og:description\" content=\"Visoko predstavnico Bele hi\u0161e Miro Ricardel so na zahtevo prve dame ZDA Melanie Trump umaknili iz Bele hi\u0161e. Prva dama ZDA je v torek uradno zahtevala, da odslovijo namestnico svetovalca za nacionalno varnost Johna Boltona. \u0160lo je za zelo redko zahtevo predsednikove soproge.\" \/>\n<meta property=\"og:url\" content=\"https:\/\/hudo.com\/si\/aktualno\/melania-iz-bele-hise-pregnala-pomembno-svetovalko-hrvaskih-korenin\/\" \/>\n<meta property=\"og:site_name\" content=\"Hudo Slovenija\" \/>\n<meta property=\"article:publisher\" content=\"https:\/\/www.facebook.com\/hudo.si\" \/>\n<meta property=\"article:published_time\" content=\"2018-11-15T06:50:26+00:00\" \/>\n<meta property=\"og:image\" content=\"https:\/\/hudo.com\/si\/wp-content\/uploads\/sites\/2\/2018\/06\/profimedia-0370990811.jpg\" \/>\n\t<meta property=\"og:image:width\" content=\"1250\" \/>\n\t<meta property=\"og:image:height\" content=\"944\" \/>\n\t<meta property=\"og:image:type\" content=\"image\/jpeg\" \/>\n<meta name=\"author\" content=\"A. G., STA\" \/>\n<meta name=\"twitter:card\" content=\"summary_large_image\" \/>\n<meta name=\"twitter:creator\" content=\"@hudo_si\" \/>\n<meta name=\"twitter:site\" content=\"@hudo_si\" \/>\n<meta name=\"twitter:label1\" content=\"Written by\" \/>\n\t<meta name=\"twitter:data1\" content=\"A. G., STA\" \/>\n\t<meta name=\"twitter:label2\" content=\"Est. reading time\" \/>\n\t<meta name=\"twitter:data2\" content=\"1 minuta\" \/>\n<script type=\"application\/ld+json\" class=\"yoast-schema-graph\">{\"@context\":\"https:\/\/schema.org\",\"@graph\":[{\"@type\":\"Article\",\"@id\":\"https:\/\/hudo.com\/si\/aktualno\/melania-iz-bele-hise-pregnala-pomembno-svetovalko-hrvaskih-korenin\/#article\",\"isPartOf\":{\"@id\":\"https:\/\/hudo.com\/si\/aktualno\/melania-iz-bele-hise-pregnala-pomembno-svetovalko-hrvaskih-korenin\/\"},\"author\":{\"name\":\"A. G., STA\",\"@id\":\"https:\/\/hudo.com\/si\/#\/schema\/person\/2391667a63ea075ba94f2f2dc6b77537\"},\"headline\":\"Melania iz Bele hi\u0161e pregnala pomembno svetovalko hrva\u0161kih korenin\",\"datePublished\":\"2018-11-15T06:50:26+00:00\",\"dateModified\":\"2018-11-15T06:50:26+00:00\",\"mainEntityOfPage\":{\"@id\":\"https:\/\/hudo.com\/si\/aktualno\/melania-iz-bele-hise-pregnala-pomembno-svetovalko-hrvaskih-korenin\/\"},\"wordCount\":173,\"publisher\":{\"@id\":\"https:\/\/hudo.com\/si\/#organization\"},\"keywords\":[\"Bela hi\u0161a\",\"Melania Trump\",\"Mira Ricardel\",\"ZDA\"],\"articleSection\":[\"Aktualno\"],\"inLanguage\":\"sl-SI\"},{\"@type\":\"WebPage\",\"@id\":\"https:\/\/hudo.com\/si\/aktualno\/melania-iz-bele-hise-pregnala-pomembno-svetovalko-hrvaskih-korenin\/\",\"url\":\"https:\/\/hudo.com\/si\/aktualno\/melania-iz-bele-hise-pregnala-pomembno-svetovalko-hrvaskih-korenin\/\",\"name\":\"Melania iz Bele hi\u0161e pregnala pomembno svetovalko hrva\u0161kih korenin - Hudo Slovenija\",\"isPartOf\":{\"@id\":\"https:\/\/hudo.com\/si\/#website\"},\"datePublished\":\"2018-11-15T06:50:26+00:00\",\"dateModified\":\"2018-11-15T06:50:26+00:00\",\"breadcrumb\":{\"@id\":\"https:\/\/hudo.com\/si\/aktualno\/melania-iz-bele-hise-pregnala-pomembno-svetovalko-hrvaskih-korenin\/#breadcrumb\"},\"inLanguage\":\"sl-SI\",\"potentialAction\":[{\"@type\":\"ReadAction\",\"target\":[\"https:\/\/hudo.com\/si\/aktualno\/melania-iz-bele-hise-pregnala-pomembno-svetovalko-hrvaskih-korenin\/\"]}]},{\"@type\":\"BreadcrumbList\",\"@id\":\"https:\/\/hudo.com\/si\/aktualno\/melania-iz-bele-hise-pregnala-pomembno-svetovalko-hrvaskih-korenin\/#breadcrumb\",\"itemListElement\":[{\"@type\":\"ListItem\",\"position\":1,\"name\":\"Home\",\"item\":\"https:\/\/hudo.com\/si\/\"},{\"@type\":\"ListItem\",\"position\":2,\"name\":\"Melania iz Bele hi\u0161e pregnala pomembno svetovalko hrva\u0161kih korenin\"}]},{\"@type\":\"WebSite\",\"@id\":\"https:\/\/hudo.com\/si\/#website\",\"url\":\"https:\/\/hudo.com\/si\/\",\"name\":\"Hudo Slovenija\",\"description\":\"Vse novice iz Slovenije in sveta\",\"publisher\":{\"@id\":\"https:\/\/hudo.com\/si\/#organization\"},\"potentialAction\":[{\"@type\":\"SearchAction\",\"target\":{\"@type\":\"EntryPoint\",\"urlTemplate\":\"https:\/\/hudo.com\/si\/?s={search_term_string}\"},\"query-input\":\"required name=search_term_string\"}],\"inLanguage\":\"sl-SI\"},{\"@type\":\"Organization\",\"@id\":\"https:\/\/hudo.com\/si\/#organization\",\"name\":\"VSN Media\",\"url\":\"https:\/\/hudo.com\/si\/\",\"logo\":{\"@type\":\"ImageObject\",\"inLanguage\":\"sl-SI\",\"@id\":\"https:\/\/hudo.com\/si\/#\/schema\/logo\/image\/\",\"url\":\"https:\/\/hudo.com\/si\/wp-content\/uploads\/sites\/2\/2021\/03\/hudo-app-2.png\",\"contentUrl\":\"https:\/\/hudo.com\/si\/wp-content\/uploads\/sites\/2\/2021\/03\/hudo-app-2.png\",\"width\":2185,\"height\":2167,\"caption\":\"VSN Media\"},\"image\":{\"@id\":\"https:\/\/hudo.com\/si\/#\/schema\/logo\/image\/\"},\"sameAs\":[\"https:\/\/www.facebook.com\/hudo.si\",\"https:\/\/twitter.com\/hudo_si\"]},{\"@type\":\"Person\",\"@id\":\"https:\/\/hudo.com\/si\/#\/schema\/person\/2391667a63ea075ba94f2f2dc6b77537\",\"name\":\"A. G., STA\",\"image\":{\"@type\":\"ImageObject\",\"inLanguage\":\"sl-SI\",\"@id\":\"https:\/\/hudo.com\/si\/#\/schema\/person\/image\/\",\"url\":\"https:\/\/secure.gravatar.com\/avatar\/e13d22ac3e442658d5025fbbe6238a79?s=96&d=mm&r=g\",\"contentUrl\":\"https:\/\/secure.gravatar.com\/avatar\/e13d22ac3e442658d5025fbbe6238a79?s=96&d=mm&r=g\",\"caption\":\"A. G., STA\"},\"url\":\"https:\/\/hudo.com\/si\/author\/alenka\/\"}]}<\/script>\n<!-- \/ Yoast SEO plugin. -->","yoast_head_json":{"title":"Melania iz Bele hi\u0161e pregnala pomembno svetovalko hrva\u0161kih korenin - Hudo Slovenija","robots":{"index":"index","follow":"follow","max-snippet":"max-snippet:-1","max-image-preview":"max-image-preview:large","max-video-preview":"max-video-preview:-1"},"canonical":"https:\/\/hudo.com\/si\/aktualno\/melania-iz-bele-hise-pregnala-pomembno-svetovalko-hrvaskih-korenin\/","og_locale":"sl_SI","og_type":"article","og_title":"Melania iz Bele hi\u0161e pregnala pomembno svetovalko hrva\u0161kih korenin - Hudo Slovenija","og_description":"Visoko predstavnico Bele hi\u0161e Miro Ricardel so na zahtevo prve dame ZDA Melanie Trump umaknili iz Bele hi\u0161e. Prva dama ZDA je v torek uradno zahtevala, da odslovijo namestnico svetovalca za nacionalno varnost Johna Boltona. \u0160lo je za zelo redko zahtevo predsednikove soproge.","og_url":"https:\/\/hudo.com\/si\/aktualno\/melania-iz-bele-hise-pregnala-pomembno-svetovalko-hrvaskih-korenin\/","og_site_name":"Hudo Slovenija","article_publisher":"https:\/\/www.facebook.com\/hudo.si","article_published_time":"2018-11-15T06:50:26+00:00","og_image":[{"width":1250,"height":944,"url":"https:\/\/hudo.com\/si\/wp-content\/uploads\/sites\/2\/2018\/06\/profimedia-0370990811.jpg","type":"image\/jpeg"}],"author":"A. G., STA","twitter_card":"summary_large_image","twitter_creator":"@hudo_si","twitter_site":"@hudo_si","twitter_misc":{"Written by":"A. G., STA","Est. reading time":"1 minuta"},"schema":{"@context":"https:\/\/schema.org","@graph":[{"@type":"Article","@id":"https:\/\/hudo.com\/si\/aktualno\/melania-iz-bele-hise-pregnala-pomembno-svetovalko-hrvaskih-korenin\/#article","isPartOf":{"@id":"https:\/\/hudo.com\/si\/aktualno\/melania-iz-bele-hise-pregnala-pomembno-svetovalko-hrvaskih-korenin\/"},"author":{"name":"A. G., STA","@id":"https:\/\/hudo.com\/si\/#\/schema\/person\/2391667a63ea075ba94f2f2dc6b77537"},"headline":"Melania iz Bele hi\u0161e pregnala pomembno svetovalko hrva\u0161kih korenin","datePublished":"2018-11-15T06:50:26+00:00","dateModified":"2018-11-15T06:50:26+00:00","mainEntityOfPage":{"@id":"https:\/\/hudo.com\/si\/aktualno\/melania-iz-bele-hise-pregnala-pomembno-svetovalko-hrvaskih-korenin\/"},"wordCount":173,"publisher":{"@id":"https:\/\/hudo.com\/si\/#organization"},"keywords":["Bela hi\u0161a","Melania Trump","Mira Ricardel","ZDA"],"articleSection":["Aktualno"],"inLanguage":"sl-SI"},{"@type":"WebPage","@id":"https:\/\/hudo.com\/si\/aktualno\/melania-iz-bele-hise-pregnala-pomembno-svetovalko-hrvaskih-korenin\/","url":"https:\/\/hudo.com\/si\/aktualno\/melania-iz-bele-hise-pregnala-pomembno-svetovalko-hrvaskih-korenin\/","name":"Melania iz Bele hi\u0161e pregnala pomembno svetovalko hrva\u0161kih korenin - Hudo Slovenija","isPartOf":{"@id":"https:\/\/hudo.com\/si\/#website"},"datePublished":"2018-11-15T06:50:26+00:00","dateModified":"2018-11-15T06:50:26+00:00","breadcrumb":{"@id":"https:\/\/hudo.com\/si\/aktualno\/melania-iz-bele-hise-pregnala-pomembno-svetovalko-hrvaskih-korenin\/#breadcrumb"},"inLanguage":"sl-SI","potentialAction":[{"@type":"ReadAction","target":["https:\/\/hudo.com\/si\/aktualno\/melania-iz-bele-hise-pregnala-pomembno-svetovalko-hrvaskih-korenin\/"]}]},{"@type":"BreadcrumbList","@id":"https:\/\/hudo.com\/si\/aktualno\/melania-iz-bele-hise-pregnala-pomembno-svetovalko-hrvaskih-korenin\/#breadcrumb","itemListElement":[{"@type":"ListItem","position":1,"name":"Home","item":"https:\/\/hudo.com\/si\/"},{"@type":"ListItem","position":2,"name":"Melania iz Bele hi\u0161e pregnala pomembno svetovalko hrva\u0161kih korenin"}]},{"@type":"WebSite","@id":"https:\/\/hudo.com\/si\/#website","url":"https:\/\/hudo.com\/si\/","name":"Hudo Slovenija","description":"Vse novice iz Slovenije in sveta","publisher":{"@id":"https:\/\/hudo.com\/si\/#organization"},"potentialAction":[{"@type":"SearchAction","target":{"@type":"EntryPoint","urlTemplate":"https:\/\/hudo.com\/si\/?s={search_term_string}"},"query-input":"required name=search_term_string"}],"inLanguage":"sl-SI"},{"@type":"Organization","@id":"https:\/\/hudo.com\/si\/#organization","name":"VSN Media","url":"https:\/\/hudo.com\/si\/","logo":{"@type":"ImageObject","inLanguage":"sl-SI","@id":"https:\/\/hudo.com\/si\/#\/schema\/logo\/image\/","url":"https:\/\/hudo.com\/si\/wp-content\/uploads\/sites\/2\/2021\/03\/hudo-app-2.png","contentUrl":"https:\/\/hudo.com\/si\/wp-content\/uploads\/sites\/2\/2021\/03\/hudo-app-2.png","width":2185,"height":2167,"caption":"VSN Media"},"image":{"@id":"https:\/\/hudo.com\/si\/#\/schema\/logo\/image\/"},"sameAs":["https:\/\/www.facebook.com\/hudo.si","https:\/\/twitter.com\/hudo_si"]},{"@type":"Person","@id":"https:\/\/hudo.com\/si\/#\/schema\/person\/2391667a63ea075ba94f2f2dc6b77537","name":"A. G., STA","image":{"@type":"ImageObject","inLanguage":"sl-SI","@id":"https:\/\/hudo.com\/si\/#\/schema\/person\/image\/","url":"https:\/\/secure.gravatar.com\/avatar\/e13d22ac3e442658d5025fbbe6238a79?s=96&d=mm&r=g","contentUrl":"https:\/\/secure.gravatar.com\/avatar\/e13d22ac3e442658d5025fbbe6238a79?s=96&d=mm&r=g","caption":"A. G., STA"},"url":"https:\/\/hudo.com\/si\/author\/alenka\/"}]}},"amp_enabled":true,"_links":{"self":[{"href":"https:\/\/hudo.com\/si\/wp-json\/wp\/v2\/posts\/380992"}],"collection":[{"href":"https:\/\/hudo.com\/si\/wp-json\/wp\/v2\/posts"}],"about":[{"href":"https:\/\/hudo.com\/si\/wp-json\/wp\/v2\/types\/post"}],"author":[{"embeddable":true,"href":"https:\/\/hudo.com\/si\/wp-json\/wp\/v2\/users\/5"}],"replies":[{"embeddable":true,"href":"https:\/\/hudo.com\/si\/wp-json\/wp\/v2\/comments?post=380992"}],"version-history":[{"count":1,"href":"https:\/\/hudo.com\/si\/wp-json\/wp\/v2\/posts\/380992\/revisions"}],"predecessor-version":[{"id":380993,"href":"https:\/\/hudo.com\/si\/wp-json\/wp\/v2\/posts\/380992\/revisions\/380993"}],"wp:featuredmedia":[{"embeddable":true,"href":"https:\/\/hudo.com\/si\/wp-json\/wp\/v2\/media\/372127"}],"wp:attachment":[{"href":"https:\/\/hudo.com\/si\/wp-json\/wp\/v2\/media?parent=380992"}],"wp:term":[{"taxonomy":"category","embeddable":true,"href":"https:\/\/hudo.com\/si\/wp-json\/wp\/v2\/categories?post=380992"},{"taxonomy":"post_tag","embeddable":true,"href":"https:\/\/hudo.com\/si\/wp-json\/wp\/v2\/tags?post=380992"},{"taxonomy":"source","embeddable":true,"href":"https:\/\/hudo.com\/si\/wp-json\/wp\/v2\/source?post=380992"},{"taxonomy":"supertag","embeddable":true,"href":"https:\/\/hudo.com\/si\/wp-json\/wp\/v2\/supertag?post=380992"}],"curies":[{"name":"wp","href":"https:\/\/api.w.org\/{rel}","templated":true}]}}