{"id":380994,"date":"2018-11-15T07:58:41","date_gmt":"2018-11-15T06:58:41","guid":{"rendered":"http:\/\/hudo.com\/si\/?p=380994"},"modified":"2018-11-15T07:58:41","modified_gmt":"2018-11-15T06:58:41","slug":"od-danes-na-vozilih-obvezna-zimska-oprema-kmalu-sneg-tudi-pri-nas","status":"publish","type":"post","link":"https:\/\/hudo.com\/si\/aktualno\/od-danes-na-vozilih-obvezna-zimska-oprema-kmalu-sneg-tudi-pri-nas\/","title":{"rendered":"Od danes na vozilih obvezna zimska oprema, kmalu sneg tudi pri nas"},"content":{"rendered":"<div class=\"text\">\n<p>V skladu z zakonodajo se na slovenskih cestah pozimi kot ustrezna zimska oprema smatra, \u010de je vozilo opremljeno s \u0161tirimi zimskimi pnevmatikami. Alternativa temu so letne pnevmatike, \u010de ima voznik v prtlja\u017eniku \u0161e sne\u017ene verige.<\/p>\n<p>A vodja sektorja prometne policije pri generalni policijski upravi Ivan Kapun opozarja, da se je treba zavedati, da lahko zimske razmere, ko se sneg oprijema vozi\u0161\u010da in ni ve\u010d stika pnevmatike z asfaltno podlago, ko je led in podobno, nastopijo tudi pred ali po teh datumih. &#8220;Zakon dolo\u010da, da je treba tudi v takih primerih vozila opremiti z zimsko opremo. To pomeni, da \u010de ima voznik na avtu letne pnevmatike, mora nanje namestiti verige,&#8221; je opozoril Kapun.<\/p>\n<p>Vozniki naj pravo\u010dasno poskrbijo za menjavo pnevmatik, ki naj jo opravi strokovno usposobljen vulkanizer in ne doma\u010di mojster, svetujejo na AMZS. Pozorni naj bodo na globino profila na zimskih pnevmatikah, a v mislih naj imajo tudi njihovo starost. Starej\u0161a pnevmatika se bo namre\u010d prav tako slab\u0161e odzivala na poledici ali snegu.<\/p>\n<p>Na policiji voznike pozivajo, naj \u010dim bolj upo\u0161tevajo nasvete in priporo\u010dila ter tako poskrbijo ne le za svojo, temve\u010d tudi za varnost drugih udele\u017eencev v prometu. Kapun je opozoril tudi na globe, ki grozijo voznikom v primeru neupo\u0161tevanja zakonskih zapovedi. 40 evrov je globa za voznika vozila brez ustrezne zimske opreme, 500 evrov in pet kazenskih to\u010dk tvega voznik, \u010digar vozilo nima predpisane opreme in se zaradi tega ustavi na cesti ali ovira promet.<\/p>\n<p>200 evrov globe tvega voznik, ki ne o\u010disti motornega ali priklopnega vozila tako, da na njem ni snega, ledu, vode ali drugih snovi, ki bi se lahko raztresale ali razlivale z njega. Stekla vozila in vzvratna ogledala morajo biti \u010dista, da vozniku omogo\u010dajo normalno vidljivost.<\/p>\n<p>Globa 300 evrov lahko doleti voznika, ki pozimi ali v zimskih razmerah ne upo\u0161teva prometne signalizacije, ki ozna\u010duje zimske razmere, zaradi katerih je prepovedan ali omejen promet na dolo\u010denem delu ceste, 1000 evrov globe pa tvega pravna oseba, samostojni podjetnik posameznik ali posameznik, ki samostojno opravlja dejavnost (njihova odgovorna oseba pa globo 120 evrov), \u010de vozilo pozimi ali v zimskih razmerah nima ustrezne zimske opreme, \u010de se zaradi neustrezne zimske opreme ustavi na cesti in ovira promet ter ob neupo\u0161tevanju prometne signalizacije, ki prepoveduje promet ali omejuje promet na dolo\u010denem delu ceste.<\/p>\n<\/div>\n","protected":false},"excerpt":{"rendered":"<p>Vsa vozila morajo biti od danes pa do 15. marca prihodnje leto opremljena z zimsko opremo. Zakonski zapovedi se pridru\u017euje tudi vreme, v prihodnjih dneh bo namre\u010d po neobi\u010dajno dolgem obdobju (pre)toplega vremena na\u0161e kraje predvidoma doseglo tudi zimsko vreme.<\/p>\n","protected":false},"author":5,"featured_media":380995,"comment_status":"closed","ping_status":"closed","sticky":false,"template":"","format":"standard","meta":{"footnotes":""},"categories":[1179],"tags":[2112,6994,1595,2113,2149],"source":[4511],"supertag":[],"acf":[],"yoast_head":"<!-- This site is optimized with the Yoast SEO plugin v21.3 - https:\/\/yoast.com\/wordpress\/plugins\/seo\/ -->\n<title>Od danes na vozilih obvezna zimska oprema, kmalu sneg tudi pri nas - Hudo Slovenija<\/title>\n<meta name=\"robots\" content=\"index, follow, max-snippet:-1, max-image-preview:large, max-video-preview:-1\" \/>\n<link rel=\"canonical\" href=\"https:\/\/hudo.com\/si\/aktualno\/od-danes-na-vozilih-obvezna-zimska-oprema-kmalu-sneg-tudi-pri-nas\/\" \/>\n<meta property=\"og:locale\" content=\"sl_SI\" \/>\n<meta property=\"og:type\" content=\"article\" \/>\n<meta property=\"og:title\" content=\"Od danes na vozilih obvezna zimska oprema, kmalu sneg tudi pri nas - Hudo Slovenija\" \/>\n<meta property=\"og:description\" content=\"Vsa vozila morajo biti od danes pa do 15. marca prihodnje leto opremljena z zimsko opremo. Zakonski zapovedi se pridru\u017euje tudi vreme, v prihodnjih dneh bo namre\u010d po neobi\u010dajno dolgem obdobju (pre)toplega vremena na\u0161e kraje predvidoma doseglo tudi zimsko vreme.\" \/>\n<meta property=\"og:url\" content=\"https:\/\/hudo.com\/si\/aktualno\/od-danes-na-vozilih-obvezna-zimska-oprema-kmalu-sneg-tudi-pri-nas\/\" \/>\n<meta property=\"og:site_name\" content=\"Hudo Slovenija\" \/>\n<meta property=\"article:publisher\" content=\"https:\/\/www.facebook.com\/hudo.si\" \/>\n<meta property=\"article:published_time\" content=\"2018-11-15T06:58:41+00:00\" \/>\n<meta property=\"og:image\" content=\"https:\/\/hudo.com\/si\/wp-content\/uploads\/sites\/2\/2018\/11\/profimedia-0216271541.jpg\" \/>\n\t<meta property=\"og:image:width\" content=\"1250\" \/>\n\t<meta property=\"og:image:height\" content=\"833\" \/>\n\t<meta property=\"og:image:type\" content=\"image\/jpeg\" \/>\n<meta name=\"author\" content=\"A. G., STA\" \/>\n<meta name=\"twitter:card\" content=\"summary_large_image\" \/>\n<meta name=\"twitter:creator\" content=\"@hudo_si\" \/>\n<meta name=\"twitter:site\" content=\"@hudo_si\" \/>\n<meta name=\"twitter:label1\" content=\"Written by\" \/>\n\t<meta name=\"twitter:data1\" content=\"A. G., STA\" \/>\n\t<meta name=\"twitter:label2\" content=\"Est. reading time\" \/>\n\t<meta name=\"twitter:data2\" content=\"2 minuti\" \/>\n<script type=\"application\/ld+json\" class=\"yoast-schema-graph\">{\"@context\":\"https:\/\/schema.org\",\"@graph\":[{\"@type\":\"Article\",\"@id\":\"https:\/\/hudo.com\/si\/aktualno\/od-danes-na-vozilih-obvezna-zimska-oprema-kmalu-sneg-tudi-pri-nas\/#article\",\"isPartOf\":{\"@id\":\"https:\/\/hudo.com\/si\/aktualno\/od-danes-na-vozilih-obvezna-zimska-oprema-kmalu-sneg-tudi-pri-nas\/\"},\"author\":{\"name\":\"A. G., STA\",\"@id\":\"https:\/\/hudo.com\/si\/#\/schema\/person\/2391667a63ea075ba94f2f2dc6b77537\"},\"headline\":\"Od danes na vozilih obvezna zimska oprema, kmalu sneg tudi pri nas\",\"datePublished\":\"2018-11-15T06:58:41+00:00\",\"dateModified\":\"2018-11-15T06:58:41+00:00\",\"mainEntityOfPage\":{\"@id\":\"https:\/\/hudo.com\/si\/aktualno\/od-danes-na-vozilih-obvezna-zimska-oprema-kmalu-sneg-tudi-pri-nas\/\"},\"wordCount\":400,\"publisher\":{\"@id\":\"https:\/\/hudo.com\/si\/#organization\"},\"keywords\":[\"ceste\",\"obvezna zimska oprema na vozilih\",\"Slovenija\",\"varnost\",\"vreme\"],\"articleSection\":[\"Aktualno\"],\"inLanguage\":\"sl-SI\"},{\"@type\":\"WebPage\",\"@id\":\"https:\/\/hudo.com\/si\/aktualno\/od-danes-na-vozilih-obvezna-zimska-oprema-kmalu-sneg-tudi-pri-nas\/\",\"url\":\"https:\/\/hudo.com\/si\/aktualno\/od-danes-na-vozilih-obvezna-zimska-oprema-kmalu-sneg-tudi-pri-nas\/\",\"name\":\"Od danes na vozilih obvezna zimska oprema, kmalu sneg tudi pri nas - Hudo Slovenija\",\"isPartOf\":{\"@id\":\"https:\/\/hudo.com\/si\/#website\"},\"datePublished\":\"2018-11-15T06:58:41+00:00\",\"dateModified\":\"2018-11-15T06:58:41+00:00\",\"breadcrumb\":{\"@id\":\"https:\/\/hudo.com\/si\/aktualno\/od-danes-na-vozilih-obvezna-zimska-oprema-kmalu-sneg-tudi-pri-nas\/#breadcrumb\"},\"inLanguage\":\"sl-SI\",\"potentialAction\":[{\"@type\":\"ReadAction\",\"target\":[\"https:\/\/hudo.com\/si\/aktualno\/od-danes-na-vozilih-obvezna-zimska-oprema-kmalu-sneg-tudi-pri-nas\/\"]}]},{\"@type\":\"BreadcrumbList\",\"@id\":\"https:\/\/hudo.com\/si\/aktualno\/od-danes-na-vozilih-obvezna-zimska-oprema-kmalu-sneg-tudi-pri-nas\/#breadcrumb\",\"itemListElement\":[{\"@type\":\"ListItem\",\"position\":1,\"name\":\"Home\",\"item\":\"https:\/\/hudo.com\/si\/\"},{\"@type\":\"ListItem\",\"position\":2,\"name\":\"Od danes na vozilih obvezna zimska oprema, kmalu sneg tudi pri nas\"}]},{\"@type\":\"WebSite\",\"@id\":\"https:\/\/hudo.com\/si\/#website\",\"url\":\"https:\/\/hudo.com\/si\/\",\"name\":\"Hudo Slovenija\",\"description\":\"Vse novice iz Slovenije in sveta\",\"publisher\":{\"@id\":\"https:\/\/hudo.com\/si\/#organization\"},\"potentialAction\":[{\"@type\":\"SearchAction\",\"target\":{\"@type\":\"EntryPoint\",\"urlTemplate\":\"https:\/\/hudo.com\/si\/?s={search_term_string}\"},\"query-input\":\"required name=search_term_string\"}],\"inLanguage\":\"sl-SI\"},{\"@type\":\"Organization\",\"@id\":\"https:\/\/hudo.com\/si\/#organization\",\"name\":\"VSN Media\",\"url\":\"https:\/\/hudo.com\/si\/\",\"logo\":{\"@type\":\"ImageObject\",\"inLanguage\":\"sl-SI\",\"@id\":\"https:\/\/hudo.com\/si\/#\/schema\/logo\/image\/\",\"url\":\"https:\/\/hudo.com\/si\/wp-content\/uploads\/sites\/2\/2021\/03\/hudo-app-2.png\",\"contentUrl\":\"https:\/\/hudo.com\/si\/wp-content\/uploads\/sites\/2\/2021\/03\/hudo-app-2.png\",\"width\":2185,\"height\":2167,\"caption\":\"VSN Media\"},\"image\":{\"@id\":\"https:\/\/hudo.com\/si\/#\/schema\/logo\/image\/\"},\"sameAs\":[\"https:\/\/www.facebook.com\/hudo.si\",\"https:\/\/twitter.com\/hudo_si\"]},{\"@type\":\"Person\",\"@id\":\"https:\/\/hudo.com\/si\/#\/schema\/person\/2391667a63ea075ba94f2f2dc6b77537\",\"name\":\"A. G., STA\",\"image\":{\"@type\":\"ImageObject\",\"inLanguage\":\"sl-SI\",\"@id\":\"https:\/\/hudo.com\/si\/#\/schema\/person\/image\/\",\"url\":\"https:\/\/secure.gravatar.com\/avatar\/e13d22ac3e442658d5025fbbe6238a79?s=96&d=mm&r=g\",\"contentUrl\":\"https:\/\/secure.gravatar.com\/avatar\/e13d22ac3e442658d5025fbbe6238a79?s=96&d=mm&r=g\",\"caption\":\"A. G., STA\"},\"url\":\"https:\/\/hudo.com\/si\/author\/alenka\/\"}]}<\/script>\n<!-- \/ Yoast SEO plugin. -->","yoast_head_json":{"title":"Od danes na vozilih obvezna zimska oprema, kmalu sneg tudi pri nas - Hudo Slovenija","robots":{"index":"index","follow":"follow","max-snippet":"max-snippet:-1","max-image-preview":"max-image-preview:large","max-video-preview":"max-video-preview:-1"},"canonical":"https:\/\/hudo.com\/si\/aktualno\/od-danes-na-vozilih-obvezna-zimska-oprema-kmalu-sneg-tudi-pri-nas\/","og_locale":"sl_SI","og_type":"article","og_title":"Od danes na vozilih obvezna zimska oprema, kmalu sneg tudi pri nas - Hudo Slovenija","og_description":"Vsa vozila morajo biti od danes pa do 15. marca prihodnje leto opremljena z zimsko opremo. Zakonski zapovedi se pridru\u017euje tudi vreme, v prihodnjih dneh bo namre\u010d po neobi\u010dajno dolgem obdobju (pre)toplega vremena na\u0161e kraje predvidoma doseglo tudi zimsko vreme.","og_url":"https:\/\/hudo.com\/si\/aktualno\/od-danes-na-vozilih-obvezna-zimska-oprema-kmalu-sneg-tudi-pri-nas\/","og_site_name":"Hudo Slovenija","article_publisher":"https:\/\/www.facebook.com\/hudo.si","article_published_time":"2018-11-15T06:58:41+00:00","og_image":[{"width":1250,"height":833,"url":"https:\/\/hudo.com\/si\/wp-content\/uploads\/sites\/2\/2018\/11\/profimedia-0216271541.jpg","type":"image\/jpeg"}],"author":"A. G., STA","twitter_card":"summary_large_image","twitter_creator":"@hudo_si","twitter_site":"@hudo_si","twitter_misc":{"Written by":"A. G., STA","Est. reading time":"2 minuti"},"schema":{"@context":"https:\/\/schema.org","@graph":[{"@type":"Article","@id":"https:\/\/hudo.com\/si\/aktualno\/od-danes-na-vozilih-obvezna-zimska-oprema-kmalu-sneg-tudi-pri-nas\/#article","isPartOf":{"@id":"https:\/\/hudo.com\/si\/aktualno\/od-danes-na-vozilih-obvezna-zimska-oprema-kmalu-sneg-tudi-pri-nas\/"},"author":{"name":"A. G., STA","@id":"https:\/\/hudo.com\/si\/#\/schema\/person\/2391667a63ea075ba94f2f2dc6b77537"},"headline":"Od danes na vozilih obvezna zimska oprema, kmalu sneg tudi pri nas","datePublished":"2018-11-15T06:58:41+00:00","dateModified":"2018-11-15T06:58:41+00:00","mainEntityOfPage":{"@id":"https:\/\/hudo.com\/si\/aktualno\/od-danes-na-vozilih-obvezna-zimska-oprema-kmalu-sneg-tudi-pri-nas\/"},"wordCount":400,"publisher":{"@id":"https:\/\/hudo.com\/si\/#organization"},"keywords":["ceste","obvezna zimska oprema na vozilih","Slovenija","varnost","vreme"],"articleSection":["Aktualno"],"inLanguage":"sl-SI"},{"@type":"WebPage","@id":"https:\/\/hudo.com\/si\/aktualno\/od-danes-na-vozilih-obvezna-zimska-oprema-kmalu-sneg-tudi-pri-nas\/","url":"https:\/\/hudo.com\/si\/aktualno\/od-danes-na-vozilih-obvezna-zimska-oprema-kmalu-sneg-tudi-pri-nas\/","name":"Od danes na vozilih obvezna zimska oprema, kmalu sneg tudi pri nas - Hudo Slovenija","isPartOf":{"@id":"https:\/\/hudo.com\/si\/#website"},"datePublished":"2018-11-15T06:58:41+00:00","dateModified":"2018-11-15T06:58:41+00:00","breadcrumb":{"@id":"https:\/\/hudo.com\/si\/aktualno\/od-danes-na-vozilih-obvezna-zimska-oprema-kmalu-sneg-tudi-pri-nas\/#breadcrumb"},"inLanguage":"sl-SI","potentialAction":[{"@type":"ReadAction","target":["https:\/\/hudo.com\/si\/aktualno\/od-danes-na-vozilih-obvezna-zimska-oprema-kmalu-sneg-tudi-pri-nas\/"]}]},{"@type":"BreadcrumbList","@id":"https:\/\/hudo.com\/si\/aktualno\/od-danes-na-vozilih-obvezna-zimska-oprema-kmalu-sneg-tudi-pri-nas\/#breadcrumb","itemListElement":[{"@type":"ListItem","position":1,"name":"Home","item":"https:\/\/hudo.com\/si\/"},{"@type":"ListItem","position":2,"name":"Od danes na vozilih obvezna zimska oprema, kmalu sneg tudi pri nas"}]},{"@type":"WebSite","@id":"https:\/\/hudo.com\/si\/#website","url":"https:\/\/hudo.com\/si\/","name":"Hudo Slovenija","description":"Vse novice iz Slovenije in sveta","publisher":{"@id":"https:\/\/hudo.com\/si\/#organization"},"potentialAction":[{"@type":"SearchAction","target":{"@type":"EntryPoint","urlTemplate":"https:\/\/hudo.com\/si\/?s={search_term_string}"},"query-input":"required name=search_term_string"}],"inLanguage":"sl-SI"},{"@type":"Organization","@id":"https:\/\/hudo.com\/si\/#organization","name":"VSN Media","url":"https:\/\/hudo.com\/si\/","logo":{"@type":"ImageObject","inLanguage":"sl-SI","@id":"https:\/\/hudo.com\/si\/#\/schema\/logo\/image\/","url":"https:\/\/hudo.com\/si\/wp-content\/uploads\/sites\/2\/2021\/03\/hudo-app-2.png","contentUrl":"https:\/\/hudo.com\/si\/wp-content\/uploads\/sites\/2\/2021\/03\/hudo-app-2.png","width":2185,"height":2167,"caption":"VSN Media"},"image":{"@id":"https:\/\/hudo.com\/si\/#\/schema\/logo\/image\/"},"sameAs":["https:\/\/www.facebook.com\/hudo.si","https:\/\/twitter.com\/hudo_si"]},{"@type":"Person","@id":"https:\/\/hudo.com\/si\/#\/schema\/person\/2391667a63ea075ba94f2f2dc6b77537","name":"A. G., STA","image":{"@type":"ImageObject","inLanguage":"sl-SI","@id":"https:\/\/hudo.com\/si\/#\/schema\/person\/image\/","url":"https:\/\/secure.gravatar.com\/avatar\/e13d22ac3e442658d5025fbbe6238a79?s=96&d=mm&r=g","contentUrl":"https:\/\/secure.gravatar.com\/avatar\/e13d22ac3e442658d5025fbbe6238a79?s=96&d=mm&r=g","caption":"A. G., STA"},"url":"https:\/\/hudo.com\/si\/author\/alenka\/"}]}},"amp_enabled":true,"_links":{"self":[{"href":"https:\/\/hudo.com\/si\/wp-json\/wp\/v2\/posts\/380994"}],"collection":[{"href":"https:\/\/hudo.com\/si\/wp-json\/wp\/v2\/posts"}],"about":[{"href":"https:\/\/hudo.com\/si\/wp-json\/wp\/v2\/types\/post"}],"author":[{"embeddable":true,"href":"https:\/\/hudo.com\/si\/wp-json\/wp\/v2\/users\/5"}],"replies":[{"embeddable":true,"href":"https:\/\/hudo.com\/si\/wp-json\/wp\/v2\/comments?post=380994"}],"version-history":[{"count":1,"href":"https:\/\/hudo.com\/si\/wp-json\/wp\/v2\/posts\/380994\/revisions"}],"predecessor-version":[{"id":380996,"href":"https:\/\/hudo.com\/si\/wp-json\/wp\/v2\/posts\/380994\/revisions\/380996"}],"wp:featuredmedia":[{"embeddable":true,"href":"https:\/\/hudo.com\/si\/wp-json\/wp\/v2\/media\/380995"}],"wp:attachment":[{"href":"https:\/\/hudo.com\/si\/wp-json\/wp\/v2\/media?parent=380994"}],"wp:term":[{"taxonomy":"category","embeddable":true,"href":"https:\/\/hudo.com\/si\/wp-json\/wp\/v2\/categories?post=380994"},{"taxonomy":"post_tag","embeddable":true,"href":"https:\/\/hudo.com\/si\/wp-json\/wp\/v2\/tags?post=380994"},{"taxonomy":"source","embeddable":true,"href":"https:\/\/hudo.com\/si\/wp-json\/wp\/v2\/source?post=380994"},{"taxonomy":"supertag","embeddable":true,"href":"https:\/\/hudo.com\/si\/wp-json\/wp\/v2\/supertag?post=380994"}],"curies":[{"name":"wp","href":"https:\/\/api.w.org\/{rel}","templated":true}]}}