{"id":381036,"date":"2018-11-15T12:32:23","date_gmt":"2018-11-15T11:32:23","guid":{"rendered":"http:\/\/hudo.com\/si\/?p=381036"},"modified":"2018-11-15T13:58:28","modified_gmt":"2018-11-15T12:58:28","slug":"cerar-vlada-podpira-dogovor-zn-o-migracijah","status":"publish","type":"post","link":"https:\/\/hudo.com\/si\/aktualno\/cerar-vlada-podpira-dogovor-zn-o-migracijah\/","title":{"rendered":"Cerar: Vlada podpira dogovor ZN o migracijah"},"content":{"rendered":"<div class=\"text\">\n<div class=\"text\">\n<p>Cerar je zavrnil kritike opozicije na ra\u010dun dogovora in poudaril, da je ta pozitiven, ker prina\u0161a ve\u010d mo\u017enosti, da bomo skupaj z drugimi prepre\u010devali mno\u017ei\u010dne migracije, kakr\u0161nim smo bili pri\u010da leta 2015.<\/p>\n<p>Proti nezakonitim migracijam je namre\u010d treba nastopiti skupaj in jih ne dovoliti, je poudaril minister. &#8220;\u010ce bodo sku\u0161ali nezakoniti migranti priti v Slovenijo ali sosednje dr\u017eave, bomo vse dr\u017eave sodelovale pri tem, da to prepre\u010dimo, ker Slovenija ne bo zmogla sama,&#8221; je poudaril.<\/p>\n<p>Glede odstopa Avstrije in Mad\u017earske od dogovora je minister povedal, da je to posledica notranjepoliti\u010dnih razmer, ki jih ne \u017eeli komentirati. Je pa izpostavil, da je vlada prav zaradi teh spremenjenih okoli\u0161\u010din znova natan\u010dno pregledala dogovor. &#8220;Ugotovili smo, da ni nobenega razloga, da bi Slovenija odstopila od tega dogovora,&#8221; je pojasnil Cerar. &#8220;Izstop teh dr\u017eav ni v korist niti teh dveh dr\u017eav niti celotne evropske niti globalne skupnosti,&#8221; je \u0161e poudaril.<\/p>\n<p>Dejal je, da dogovor ne vzpostavlja nobene nove kategorije migrantov in tudi pravice do migriranja ne opredeljuje kot temeljne \u010dlovekove pravice. Poleg tega lo\u010duje med legalnimi in nelegalnimi migracijami, je dodal.<\/p>\n<p>Dogovor po njegovih besedah omogo\u010da tudi boj proti vsem vrstam kriminala, naslavlja pa tudi vpra\u0161anje, kako prepre\u010diti krize v dr\u017eavah izvora, se boriti proti podnebnim spremembam in ekonomskim razmeram, ki so vzrok migracij.<\/p>\n<p>Javnost je Cerar v lu\u010di napovedanih protestov opozicije \u0161e pozval, naj ne naseda zastra\u0161evanju, ki ne temelji na resni\u010dnih dejstvih. Ta strah je po njegovih besedah &#8220;zelo \u0161kodljiv za Slovenijo&#8221;.<\/p>\n<p>Globalni dogovor o varnih, urejenih in zakonitih migracijah, kot je uradni naziv dokumenta, dolo\u010da 23 ciljev za varnej\u0161i in bolj urejen pretok ljudi. Slovenija je podprla pripravo dogovora, a je Cerar vladi predlagal, naj se glede na spremenjene okoli\u0161\u010dine znova opredeli do njega. Vlado namre\u010d sestavlja nova koalicija, poleg tega je ve\u010d dr\u017eav odstopilo od dogovora ali ima pomisleke.<\/p>\n<p>O zadevi bo v petek razpravljal odbor DZ za zunanjo politiko, v sredo pa na izredni seji na zahtevo opozicije \u0161e celoten DZ. Cerar je dejal, da bo na obeh sejah znova pojasnil stali\u0161\u010da vlade.<\/p>\n<p>Opozicijske SDS, NSi in SNS dogovoru nasprotujejo, predsednik republike Borut Pahor pa je v sredo ocenil, da je za Slovenijo sprejemljiv.<\/p>\n<p>Dogovoru so doslej podporo odrekle ZDA, Mad\u017earska, \u010ce\u0161ka, Bolgarija in Avstrija.<\/p>\n<\/div>\n<\/div>\n","protected":false},"excerpt":{"rendered":"<p>Slovenija bo decembra v Marake\u0161u sodelovala pri sprejemanju dogovora ZN o migracijah, je danes po seji vlade sporo\u010dil zunanji minister Miro Cerar. Kot je poudaril, je to politi\u010dni dokument, ki ne terja sprememb nacionalne zakonodaje in vsaki dr\u017eavi dovoljuje, da ohrani polno suverenost.<\/p>\n","protected":false},"author":5,"featured_media":283685,"comment_status":"closed","ping_status":"closed","sticky":false,"template":"","format":"standard","meta":{"footnotes":""},"categories":[1179],"tags":[4776,2173,1595,5064],"source":[4511],"supertag":[],"acf":[],"yoast_head":"<!-- This site is optimized with the Yoast SEO plugin v21.3 - https:\/\/yoast.com\/wordpress\/plugins\/seo\/ -->\n<title>Cerar: Vlada podpira dogovor ZN o migracijah - Hudo Slovenija<\/title>\n<meta name=\"robots\" content=\"index, follow, max-snippet:-1, max-image-preview:large, max-video-preview:-1\" \/>\n<link rel=\"canonical\" href=\"https:\/\/hudo.com\/si\/aktualno\/cerar-vlada-podpira-dogovor-zn-o-migracijah\/\" \/>\n<meta property=\"og:locale\" content=\"sl_SI\" \/>\n<meta property=\"og:type\" content=\"article\" \/>\n<meta property=\"og:title\" content=\"Cerar: Vlada podpira dogovor ZN o migracijah - Hudo Slovenija\" \/>\n<meta property=\"og:description\" content=\"Slovenija bo decembra v Marake\u0161u sodelovala pri sprejemanju dogovora ZN o migracijah, je danes po seji vlade sporo\u010dil zunanji minister Miro Cerar. Kot je poudaril, je to politi\u010dni dokument, ki ne terja sprememb nacionalne zakonodaje in vsaki dr\u017eavi dovoljuje, da ohrani polno suverenost.\" \/>\n<meta property=\"og:url\" content=\"https:\/\/hudo.com\/si\/aktualno\/cerar-vlada-podpira-dogovor-zn-o-migracijah\/\" \/>\n<meta property=\"og:site_name\" content=\"Hudo Slovenija\" \/>\n<meta property=\"article:publisher\" content=\"https:\/\/www.facebook.com\/hudo.si\" \/>\n<meta property=\"article:published_time\" content=\"2018-11-15T11:32:23+00:00\" \/>\n<meta property=\"article:modified_time\" content=\"2018-11-15T12:58:28+00:00\" \/>\n<meta property=\"og:image\" content=\"https:\/\/hudo.com\/si\/wp-content\/uploads\/sites\/2\/2017\/08\/profimedia-0338820141.jpg\" \/>\n\t<meta property=\"og:image:width\" content=\"1250\" \/>\n\t<meta property=\"og:image:height\" content=\"856\" \/>\n\t<meta property=\"og:image:type\" content=\"image\/jpeg\" \/>\n<meta name=\"author\" content=\"A. G., STA\" \/>\n<meta name=\"twitter:card\" content=\"summary_large_image\" \/>\n<meta name=\"twitter:creator\" content=\"@hudo_si\" \/>\n<meta name=\"twitter:site\" content=\"@hudo_si\" \/>\n<meta name=\"twitter:label1\" content=\"Written by\" \/>\n\t<meta name=\"twitter:data1\" content=\"A. G., STA\" \/>\n\t<meta name=\"twitter:label2\" content=\"Est. reading time\" \/>\n\t<meta name=\"twitter:data2\" content=\"2 minuti\" \/>\n<script type=\"application\/ld+json\" class=\"yoast-schema-graph\">{\"@context\":\"https:\/\/schema.org\",\"@graph\":[{\"@type\":\"Article\",\"@id\":\"https:\/\/hudo.com\/si\/aktualno\/cerar-vlada-podpira-dogovor-zn-o-migracijah\/#article\",\"isPartOf\":{\"@id\":\"https:\/\/hudo.com\/si\/aktualno\/cerar-vlada-podpira-dogovor-zn-o-migracijah\/\"},\"author\":{\"name\":\"A. G., STA\",\"@id\":\"https:\/\/hudo.com\/si\/#\/schema\/person\/2391667a63ea075ba94f2f2dc6b77537\"},\"headline\":\"Cerar: Vlada podpira dogovor ZN o migracijah\",\"datePublished\":\"2018-11-15T11:32:23+00:00\",\"dateModified\":\"2018-11-15T12:58:28+00:00\",\"mainEntityOfPage\":{\"@id\":\"https:\/\/hudo.com\/si\/aktualno\/cerar-vlada-podpira-dogovor-zn-o-migracijah\/\"},\"wordCount\":404,\"publisher\":{\"@id\":\"https:\/\/hudo.com\/si\/#organization\"},\"keywords\":[\"migracije\",\"Miro Cerar\",\"Slovenija\",\"zdru\u017eeni narodi\"],\"articleSection\":[\"Aktualno\"],\"inLanguage\":\"sl-SI\"},{\"@type\":\"WebPage\",\"@id\":\"https:\/\/hudo.com\/si\/aktualno\/cerar-vlada-podpira-dogovor-zn-o-migracijah\/\",\"url\":\"https:\/\/hudo.com\/si\/aktualno\/cerar-vlada-podpira-dogovor-zn-o-migracijah\/\",\"name\":\"Cerar: Vlada podpira dogovor ZN o migracijah - Hudo Slovenija\",\"isPartOf\":{\"@id\":\"https:\/\/hudo.com\/si\/#website\"},\"datePublished\":\"2018-11-15T11:32:23+00:00\",\"dateModified\":\"2018-11-15T12:58:28+00:00\",\"breadcrumb\":{\"@id\":\"https:\/\/hudo.com\/si\/aktualno\/cerar-vlada-podpira-dogovor-zn-o-migracijah\/#breadcrumb\"},\"inLanguage\":\"sl-SI\",\"potentialAction\":[{\"@type\":\"ReadAction\",\"target\":[\"https:\/\/hudo.com\/si\/aktualno\/cerar-vlada-podpira-dogovor-zn-o-migracijah\/\"]}]},{\"@type\":\"BreadcrumbList\",\"@id\":\"https:\/\/hudo.com\/si\/aktualno\/cerar-vlada-podpira-dogovor-zn-o-migracijah\/#breadcrumb\",\"itemListElement\":[{\"@type\":\"ListItem\",\"position\":1,\"name\":\"Home\",\"item\":\"https:\/\/hudo.com\/si\/\"},{\"@type\":\"ListItem\",\"position\":2,\"name\":\"Cerar: Vlada podpira dogovor ZN o migracijah\"}]},{\"@type\":\"WebSite\",\"@id\":\"https:\/\/hudo.com\/si\/#website\",\"url\":\"https:\/\/hudo.com\/si\/\",\"name\":\"Hudo Slovenija\",\"description\":\"Vse novice iz Slovenije in sveta\",\"publisher\":{\"@id\":\"https:\/\/hudo.com\/si\/#organization\"},\"potentialAction\":[{\"@type\":\"SearchAction\",\"target\":{\"@type\":\"EntryPoint\",\"urlTemplate\":\"https:\/\/hudo.com\/si\/?s={search_term_string}\"},\"query-input\":\"required name=search_term_string\"}],\"inLanguage\":\"sl-SI\"},{\"@type\":\"Organization\",\"@id\":\"https:\/\/hudo.com\/si\/#organization\",\"name\":\"VSN Media\",\"url\":\"https:\/\/hudo.com\/si\/\",\"logo\":{\"@type\":\"ImageObject\",\"inLanguage\":\"sl-SI\",\"@id\":\"https:\/\/hudo.com\/si\/#\/schema\/logo\/image\/\",\"url\":\"https:\/\/hudo.com\/si\/wp-content\/uploads\/sites\/2\/2021\/03\/hudo-app-2.png\",\"contentUrl\":\"https:\/\/hudo.com\/si\/wp-content\/uploads\/sites\/2\/2021\/03\/hudo-app-2.png\",\"width\":2185,\"height\":2167,\"caption\":\"VSN Media\"},\"image\":{\"@id\":\"https:\/\/hudo.com\/si\/#\/schema\/logo\/image\/\"},\"sameAs\":[\"https:\/\/www.facebook.com\/hudo.si\",\"https:\/\/twitter.com\/hudo_si\"]},{\"@type\":\"Person\",\"@id\":\"https:\/\/hudo.com\/si\/#\/schema\/person\/2391667a63ea075ba94f2f2dc6b77537\",\"name\":\"A. G., STA\",\"image\":{\"@type\":\"ImageObject\",\"inLanguage\":\"sl-SI\",\"@id\":\"https:\/\/hudo.com\/si\/#\/schema\/person\/image\/\",\"url\":\"https:\/\/secure.gravatar.com\/avatar\/e13d22ac3e442658d5025fbbe6238a79?s=96&d=mm&r=g\",\"contentUrl\":\"https:\/\/secure.gravatar.com\/avatar\/e13d22ac3e442658d5025fbbe6238a79?s=96&d=mm&r=g\",\"caption\":\"A. G., STA\"},\"url\":\"https:\/\/hudo.com\/si\/author\/alenka\/\"}]}<\/script>\n<!-- \/ Yoast SEO plugin. -->","yoast_head_json":{"title":"Cerar: Vlada podpira dogovor ZN o migracijah - Hudo Slovenija","robots":{"index":"index","follow":"follow","max-snippet":"max-snippet:-1","max-image-preview":"max-image-preview:large","max-video-preview":"max-video-preview:-1"},"canonical":"https:\/\/hudo.com\/si\/aktualno\/cerar-vlada-podpira-dogovor-zn-o-migracijah\/","og_locale":"sl_SI","og_type":"article","og_title":"Cerar: Vlada podpira dogovor ZN o migracijah - Hudo Slovenija","og_description":"Slovenija bo decembra v Marake\u0161u sodelovala pri sprejemanju dogovora ZN o migracijah, je danes po seji vlade sporo\u010dil zunanji minister Miro Cerar. Kot je poudaril, je to politi\u010dni dokument, ki ne terja sprememb nacionalne zakonodaje in vsaki dr\u017eavi dovoljuje, da ohrani polno suverenost.","og_url":"https:\/\/hudo.com\/si\/aktualno\/cerar-vlada-podpira-dogovor-zn-o-migracijah\/","og_site_name":"Hudo Slovenija","article_publisher":"https:\/\/www.facebook.com\/hudo.si","article_published_time":"2018-11-15T11:32:23+00:00","article_modified_time":"2018-11-15T12:58:28+00:00","og_image":[{"width":1250,"height":856,"url":"https:\/\/hudo.com\/si\/wp-content\/uploads\/sites\/2\/2017\/08\/profimedia-0338820141.jpg","type":"image\/jpeg"}],"author":"A. G., STA","twitter_card":"summary_large_image","twitter_creator":"@hudo_si","twitter_site":"@hudo_si","twitter_misc":{"Written by":"A. G., STA","Est. reading time":"2 minuti"},"schema":{"@context":"https:\/\/schema.org","@graph":[{"@type":"Article","@id":"https:\/\/hudo.com\/si\/aktualno\/cerar-vlada-podpira-dogovor-zn-o-migracijah\/#article","isPartOf":{"@id":"https:\/\/hudo.com\/si\/aktualno\/cerar-vlada-podpira-dogovor-zn-o-migracijah\/"},"author":{"name":"A. G., STA","@id":"https:\/\/hudo.com\/si\/#\/schema\/person\/2391667a63ea075ba94f2f2dc6b77537"},"headline":"Cerar: Vlada podpira dogovor ZN o migracijah","datePublished":"2018-11-15T11:32:23+00:00","dateModified":"2018-11-15T12:58:28+00:00","mainEntityOfPage":{"@id":"https:\/\/hudo.com\/si\/aktualno\/cerar-vlada-podpira-dogovor-zn-o-migracijah\/"},"wordCount":404,"publisher":{"@id":"https:\/\/hudo.com\/si\/#organization"},"keywords":["migracije","Miro Cerar","Slovenija","zdru\u017eeni narodi"],"articleSection":["Aktualno"],"inLanguage":"sl-SI"},{"@type":"WebPage","@id":"https:\/\/hudo.com\/si\/aktualno\/cerar-vlada-podpira-dogovor-zn-o-migracijah\/","url":"https:\/\/hudo.com\/si\/aktualno\/cerar-vlada-podpira-dogovor-zn-o-migracijah\/","name":"Cerar: Vlada podpira dogovor ZN o migracijah - Hudo Slovenija","isPartOf":{"@id":"https:\/\/hudo.com\/si\/#website"},"datePublished":"2018-11-15T11:32:23+00:00","dateModified":"2018-11-15T12:58:28+00:00","breadcrumb":{"@id":"https:\/\/hudo.com\/si\/aktualno\/cerar-vlada-podpira-dogovor-zn-o-migracijah\/#breadcrumb"},"inLanguage":"sl-SI","potentialAction":[{"@type":"ReadAction","target":["https:\/\/hudo.com\/si\/aktualno\/cerar-vlada-podpira-dogovor-zn-o-migracijah\/"]}]},{"@type":"BreadcrumbList","@id":"https:\/\/hudo.com\/si\/aktualno\/cerar-vlada-podpira-dogovor-zn-o-migracijah\/#breadcrumb","itemListElement":[{"@type":"ListItem","position":1,"name":"Home","item":"https:\/\/hudo.com\/si\/"},{"@type":"ListItem","position":2,"name":"Cerar: Vlada podpira dogovor ZN o migracijah"}]},{"@type":"WebSite","@id":"https:\/\/hudo.com\/si\/#website","url":"https:\/\/hudo.com\/si\/","name":"Hudo Slovenija","description":"Vse novice iz Slovenije in sveta","publisher":{"@id":"https:\/\/hudo.com\/si\/#organization"},"potentialAction":[{"@type":"SearchAction","target":{"@type":"EntryPoint","urlTemplate":"https:\/\/hudo.com\/si\/?s={search_term_string}"},"query-input":"required name=search_term_string"}],"inLanguage":"sl-SI"},{"@type":"Organization","@id":"https:\/\/hudo.com\/si\/#organization","name":"VSN Media","url":"https:\/\/hudo.com\/si\/","logo":{"@type":"ImageObject","inLanguage":"sl-SI","@id":"https:\/\/hudo.com\/si\/#\/schema\/logo\/image\/","url":"https:\/\/hudo.com\/si\/wp-content\/uploads\/sites\/2\/2021\/03\/hudo-app-2.png","contentUrl":"https:\/\/hudo.com\/si\/wp-content\/uploads\/sites\/2\/2021\/03\/hudo-app-2.png","width":2185,"height":2167,"caption":"VSN Media"},"image":{"@id":"https:\/\/hudo.com\/si\/#\/schema\/logo\/image\/"},"sameAs":["https:\/\/www.facebook.com\/hudo.si","https:\/\/twitter.com\/hudo_si"]},{"@type":"Person","@id":"https:\/\/hudo.com\/si\/#\/schema\/person\/2391667a63ea075ba94f2f2dc6b77537","name":"A. G., STA","image":{"@type":"ImageObject","inLanguage":"sl-SI","@id":"https:\/\/hudo.com\/si\/#\/schema\/person\/image\/","url":"https:\/\/secure.gravatar.com\/avatar\/e13d22ac3e442658d5025fbbe6238a79?s=96&d=mm&r=g","contentUrl":"https:\/\/secure.gravatar.com\/avatar\/e13d22ac3e442658d5025fbbe6238a79?s=96&d=mm&r=g","caption":"A. G., STA"},"url":"https:\/\/hudo.com\/si\/author\/alenka\/"}]}},"amp_enabled":true,"_links":{"self":[{"href":"https:\/\/hudo.com\/si\/wp-json\/wp\/v2\/posts\/381036"}],"collection":[{"href":"https:\/\/hudo.com\/si\/wp-json\/wp\/v2\/posts"}],"about":[{"href":"https:\/\/hudo.com\/si\/wp-json\/wp\/v2\/types\/post"}],"author":[{"embeddable":true,"href":"https:\/\/hudo.com\/si\/wp-json\/wp\/v2\/users\/5"}],"replies":[{"embeddable":true,"href":"https:\/\/hudo.com\/si\/wp-json\/wp\/v2\/comments?post=381036"}],"version-history":[{"count":2,"href":"https:\/\/hudo.com\/si\/wp-json\/wp\/v2\/posts\/381036\/revisions"}],"predecessor-version":[{"id":381045,"href":"https:\/\/hudo.com\/si\/wp-json\/wp\/v2\/posts\/381036\/revisions\/381045"}],"wp:featuredmedia":[{"embeddable":true,"href":"https:\/\/hudo.com\/si\/wp-json\/wp\/v2\/media\/283685"}],"wp:attachment":[{"href":"https:\/\/hudo.com\/si\/wp-json\/wp\/v2\/media?parent=381036"}],"wp:term":[{"taxonomy":"category","embeddable":true,"href":"https:\/\/hudo.com\/si\/wp-json\/wp\/v2\/categories?post=381036"},{"taxonomy":"post_tag","embeddable":true,"href":"https:\/\/hudo.com\/si\/wp-json\/wp\/v2\/tags?post=381036"},{"taxonomy":"source","embeddable":true,"href":"https:\/\/hudo.com\/si\/wp-json\/wp\/v2\/source?post=381036"},{"taxonomy":"supertag","embeddable":true,"href":"https:\/\/hudo.com\/si\/wp-json\/wp\/v2\/supertag?post=381036"}],"curies":[{"name":"wp","href":"https:\/\/api.w.org\/{rel}","templated":true}]}}