{"id":381170,"date":"2018-11-18T08:53:57","date_gmt":"2018-11-18T07:53:57","guid":{"rendered":"http:\/\/hudo.com\/si\/?p=381170"},"modified":"2018-11-18T08:54:42","modified_gmt":"2018-11-18T07:54:42","slug":"ob-mednarodem-dnevu-moskih-najsrecnejsi-moski-zivijo-v-goriski-regiji-najbolj-nesrecni-pa-na-koroskem","status":"publish","type":"post","link":"https:\/\/hudo.com\/si\/aktualno\/ob-mednarodem-dnevu-moskih-najsrecnejsi-moski-zivijo-v-goriski-regiji-najbolj-nesrecni-pa-na-koroskem\/","title":{"rendered":"Ob mednarodem dnevu mo\u0161kih: Najsre\u010dnej\u0161i mo\u0161ki \u017eivijo v gori\u0161ki regiji, najbolj nesre\u010dni pa na Koro\u0161kem"},"content":{"rendered":"<p>V Sloveniji je v za\u010detku leta \u017eivelo 2.066.800 ljudi, med katerimi je bilo mo\u0161kih 49,7 odstotka. Dele\u017e mo\u0161kih je ve\u010dji od dele\u017ea \u017eensk v koro\u0161ki, savinjski, posavski, primorsko-notranjski in gori\u0161ki statisti\u010dni regiji in v jugovzhodni Sloveniji. V preostalih \u0161estih regijah, torej pomurski, podravski, gorenjski, zasavski, obalno-kra\u0161ki in osrednjeslovenski, je dele\u017e \u017eensk ve\u010dji.<\/p>\n<p>Najpogostej\u0161e mo\u0161ko ime je bilo v za\u010detku januarja v celotni Sloveniji Franc, na ravni statisti\u010dnih regij pa le v \u0161tirih, in sicer podravski, savinjski, zasavski in primorsko-notranjski. V \u0161tirih regijah se ime Franc ni uvrstilo niti med tri najpogostej\u0161a. To so bile obalno-kra\u0161ka, kjer je bilo najve\u010d Markov, gori\u0161ka, kjer je bilo najve\u010d Ivanov, osrednjeslovenska, kjer je bilo najve\u010d Janezov, in jugovzhodna Slovenija, kjer je bilo najve\u010d Jo\u017eetov.<\/p>\n<p>Med mladimi do 29. leta starosti je bila slika najpogostej\u0161ih mo\u0161kih imen po regijah bolj homogena. Najpogostej\u0161e ime v skoraj vseh regijah je bilo Luka. Izjemi sta bili koro\u0161ka in jugovzhodna Slovenija, saj je bilo v prvi najve\u010d \u017danov, v drugi pa Janov.<\/p>\n<p><b>Mo\u0161ki v pomurski regiji v povpre\u010dju najstarej\u0161i<\/b><\/p>\n<p>V povpre\u010dju najstarej\u0161i so mo\u0161ki v pomurski regiji. Njihova povpre\u010dna starost je bila 43,4 leta, kar je skoraj dve leti ve\u010d od slovenskega povpre\u010dja, ki zna\u0161a 41,7 leta. V povpre\u010dju najmlaj\u0161i so bili mo\u0161ki v osrednjeslovenski regiji, ki so imeli 40,3 leta.<\/p>\n<p>De\u010dki, ki so se leta 2017 rodili v pomurski regiji, lahko pri\u010dakujejo najkraj\u0161o \u017eivljenjsko dobo, in sicer 76,7 leta. To je kar tri leta manj, kot lahko pri\u010dakujejo njihovi vrstniki iz primorsko-notranjske regije, ki lahko pri\u010dakujejo najdalj\u0161o \u017eivljenjsko dobo oz. skoraj 80 let. Skoraj toliko lahko pri\u010dakujejo tudi njihovi vrstniki, rojeni v osrednjeslovenski in obalno-kra\u0161ki statisti\u010dni regiji.<\/p>\n<p>Povpre\u010dna starost mo\u0161kih, umrlih lani, je bila najvi\u0161ja v primorsko-notranjski regiji, kjer so umrli povpre\u010dno stari 76,3 leta. Najni\u017eja je bila v jugovzhodni Sloveniji in v savinjski regiji, kjer so umrli povpre\u010dno v starosti 73 let.<\/p>\n<p><b>Najvi\u0161jo bruto pla\u010do so imeli mo\u0161ki v osrednjeslovenski regiji<\/b><\/p>\n<p>V Sloveniji po podatkih Evropske komisije mo\u0161ki povpre\u010dno za enako delo zaslu\u017eijo ve\u010d kot \u017eenske. Pla\u010dna vrzel med spoloma zna\u0161a 7,8 odstotka, kar pomeni, da \u017eenske zaslu\u017eijo v povpre\u010dju 7,8 odstotka manj. V EU ta razlika v povpre\u010dju zna\u0161a 16,2 odstotka.<\/p>\n<p>Najvi\u0161jo povpre\u010dno mese\u010dno bruto pla\u010do oz. 1937 evrov so lani imeli mo\u0161ki v osrednjeslovenski regiji, najni\u017ejo oz. 1575 evrov pa mo\u0161ki v pomurski.<\/p>\n<p>Stopnja rev\u0161\u010dine je bila med mo\u0161kimi lani 12-odstotna, kar je 2,5 odstotni to\u010dki manj od stopnje rev\u0161\u010dine med \u017eenskami.<\/p>\n<p><b>Najmanj\u0161i dele\u017e izobra\u017eenih v pomurski regiji, najvi\u0161ji v osrednjeslovenski<\/b><\/p>\n<p>Pomurska regija izstopa po najni\u017ejem dele\u017eu mladih prebivalcev in posledi\u010dno tudi po najni\u017ejem dele\u017eu u\u010dencev, dijakov in \u0161tudentov, ki je le \u0161estodstoten. Prav tako izstopa po najni\u017ejem dele\u017eu starej\u0161ih od 15 let s terciarno izobrazbo, saj jo ima v povpre\u010dju vsak sedmi. Najve\u010d mo\u0161kih z vi\u0161jo ali visoko \u0161olo pa biva v osrednjeslovenski regiji, kjer ima tak\u0161no izobrazbo povpre\u010dno vsak \u010detrti. V \u0161olskem letu 2016\/2017 sta bila v tej regiji najvi\u0161ja tudi dele\u017e u\u010dencev, dijakov, \u0161tudentov, ki je zna\u0161al 11 odstotkov, in dele\u017e vpisanih na doktorski \u0161tudij.<\/p>\n<p><b>Najvi\u0161ji dele\u017e kadilcev v zasavski regiji, najni\u017eji v gori\u0161ki<\/b><\/p>\n<p>Dele\u017e mo\u0161kih, starih 16 let ali ve\u010d, ki so se po priporo\u010dilih Svetovne zdravstvene organizacije rekreirali v zadostni meri, je bil najvi\u0161ji v obalno-kra\u0161ki regiji. Tam so se namre\u010d 2,5 ure ali ve\u010d na teden rekreirali povpre\u010dno trije od \u0161tirih, medtem ko se v posavski regiji tretjina mo\u0161kih sploh ni ukvarjala z nobeno \u0161portno ali rekreativno dejavnostjo.<\/p>\n<p>V zasavski regiji je bil lani med osebami, starimi 16 let ali ve\u010d, najvi\u0161ji dele\u017e kadilcev. Vsak dan je kadilo 26 odstotkov mo\u0161kih. Dele\u017e vsakodnevnih kadilcev je bil najni\u017eji v gori\u0161ki regiji, kjer je zna\u0161al 15 odstotkov.<\/p>\n<p>Najvi\u0161ji dele\u017e mo\u0161kih, ki so vsak dan ali skoraj vsak dan u\u017eivali alkohol, je bil najvi\u0161ji v obalno-kra\u0161ki regiji in je zna\u0161al 15 odstotkov. V pomurski, koro\u0161ki in primorsko-notranjski regiji pa je bilo mo\u0161kih s tako razvado najmanj, in sicer v vsaki po \u0161est odstotkov.<\/p>\n<p>Najvi\u0161ji dele\u017e mo\u0161kih, ki so u\u017eivali sadje dvakrat ali ve\u010dkrat na dan, je bil v obalno-kra\u0161ki regiji, najni\u017eji pa v koro\u0161ki in zasavski regiji.<\/p>\n<p><b>Med odraslimi mo\u0161kimi je o\u010detov ve\u010d kot pol milijona<\/b><\/p>\n<p>V Sloveniji je bilo glede na popis 2015 na za\u010detku leta 2015 med odraslimi mo\u0161kimi ve\u010d kot pol milijona o\u010detov, skoraj 313.000 med njimi pa jih je \u017eivelo v dru\u017einah skupaj s svojimi otroki. Z ve\u010dino teh je poleg otrok \u017eivela tudi \u017eena ali zunajzakonska partnerka, vsak 12. o\u010de pa je \u017eivel sam z otroki.<\/p>\n<p>V primorsko-notranjski in gori\u0161ki regiji so bili pri porodu svojih otrok lani navzo\u010di skoraj vsi o\u010detje, v pomurski regiji pa manj kot polovica.<\/p>\n<p>Pomurska in gori\u0161ka regija izstopata po dele\u017eu mo\u0161kih, starih 40 let ali ve\u010d, ki so \u017eiveli v skupnem gospodinjstvu z vsaj enim star\u0161em. V vsaki jih je bilo devet odstotkov. Najmanj oz. sedem odstotkov jih je bilo v osrednjeslovenski regiji.<\/p>\n<p>S svojim \u017eivljenjem so bili v povpre\u010dju lani najbolj zadovoljni mo\u0161ki v gori\u0161ki regiji, kjer so ga na lestvici od 1 do 10 ocenili s 7,5. Najni\u017eja samoocena 6,6 pa je bila v koro\u0161ki regiji.<\/p>\n<p>Mednarodni dan mo\u0161kih, 19. november, obele\u017eujejo v ve\u010d kot 70 dr\u017eavah sveta. Pozornost ob tem dnevu namenjajo zdravju mo\u0161kih in pomenu dobrih odnosov med spoloma, izpostavljajo pa tudi pomen pozitivne vloge v dru\u017ebi in dru\u017eini. Obele\u017eevanje tega dne je leta 1992 spro\u017eil Thomas Oaster, ki je vodil center za mo\u0161ke \u0161tudije na univerzi v Missouriju v Kansas Cityju.<\/p>\n","protected":false},"excerpt":{"rendered":"<p>Najvi\u0161jo povpre\u010dno mese\u010dno bruto pla\u010do so lani imeli mo\u0161ki v osrednjeslovenski regiji, najni\u017ejo pa v pomurski. Najbolj zadovoljni s svojim \u017eivljenjem so bili mo\u0161ki v gori\u0161ki regiji, najmanj pa v koro\u0161ki, so navedli na dr\u017eavnem statisti\u010dnem uradu ob mednarodnem dnevu mo\u0161kih, 19. novembru.<\/p>\n","protected":false},"author":8,"featured_media":381171,"comment_status":"closed","ping_status":"closed","sticky":false,"template":"","format":"standard","meta":{"footnotes":""},"categories":[1179],"tags":[12384,3564,1595],"source":[4511],"supertag":[],"acf":[],"yoast_head":"<!-- This site is optimized with the Yoast SEO plugin v21.3 - https:\/\/yoast.com\/wordpress\/plugins\/seo\/ -->\n<title>Ob mednarodem dnevu mo\u0161kih: Najsre\u010dnej\u0161i mo\u0161ki \u017eivijo v gori\u0161ki regiji, najbolj nesre\u010dni pa na Koro\u0161kem - Hudo Slovenija<\/title>\n<meta name=\"robots\" content=\"index, follow, max-snippet:-1, max-image-preview:large, max-video-preview:-1\" \/>\n<link rel=\"canonical\" href=\"https:\/\/hudo.com\/si\/aktualno\/ob-mednarodem-dnevu-moskih-najsrecnejsi-moski-zivijo-v-goriski-regiji-najbolj-nesrecni-pa-na-koroskem\/\" \/>\n<meta property=\"og:locale\" content=\"sl_SI\" \/>\n<meta property=\"og:type\" content=\"article\" \/>\n<meta property=\"og:title\" content=\"Ob mednarodem dnevu mo\u0161kih: Najsre\u010dnej\u0161i mo\u0161ki \u017eivijo v gori\u0161ki regiji, najbolj nesre\u010dni pa na Koro\u0161kem - Hudo Slovenija\" \/>\n<meta property=\"og:description\" content=\"Najvi\u0161jo povpre\u010dno mese\u010dno bruto pla\u010do so lani imeli mo\u0161ki v osrednjeslovenski regiji, najni\u017ejo pa v pomurski. Najbolj zadovoljni s svojim \u017eivljenjem so bili mo\u0161ki v gori\u0161ki regiji, najmanj pa v koro\u0161ki, so navedli na dr\u017eavnem statisti\u010dnem uradu ob mednarodnem dnevu mo\u0161kih, 19. novembru.\" \/>\n<meta property=\"og:url\" content=\"https:\/\/hudo.com\/si\/aktualno\/ob-mednarodem-dnevu-moskih-najsrecnejsi-moski-zivijo-v-goriski-regiji-najbolj-nesrecni-pa-na-koroskem\/\" \/>\n<meta property=\"og:site_name\" content=\"Hudo Slovenija\" \/>\n<meta property=\"article:publisher\" content=\"https:\/\/www.facebook.com\/hudo.si\" \/>\n<meta property=\"article:published_time\" content=\"2018-11-18T07:53:57+00:00\" \/>\n<meta property=\"article:modified_time\" content=\"2018-11-18T07:54:42+00:00\" \/>\n<meta property=\"og:image\" content=\"https:\/\/hudo.com\/si\/wp-content\/uploads\/sites\/2\/2018\/11\/profimedia-0152037451.jpg\" \/>\n\t<meta property=\"og:image:width\" content=\"1250\" \/>\n\t<meta property=\"og:image:height\" content=\"900\" \/>\n\t<meta property=\"og:image:type\" content=\"image\/jpeg\" \/>\n<meta name=\"author\" content=\"M. N., STA\" \/>\n<meta name=\"twitter:card\" content=\"summary_large_image\" \/>\n<meta name=\"twitter:creator\" content=\"@hudo_si\" \/>\n<meta name=\"twitter:site\" content=\"@hudo_si\" \/>\n<meta name=\"twitter:label1\" content=\"Written by\" \/>\n\t<meta name=\"twitter:data1\" content=\"M. N., STA\" \/>\n\t<meta name=\"twitter:label2\" content=\"Est. reading time\" \/>\n\t<meta name=\"twitter:data2\" content=\"5 minut\" \/>\n<script type=\"application\/ld+json\" class=\"yoast-schema-graph\">{\"@context\":\"https:\/\/schema.org\",\"@graph\":[{\"@type\":\"Article\",\"@id\":\"https:\/\/hudo.com\/si\/aktualno\/ob-mednarodem-dnevu-moskih-najsrecnejsi-moski-zivijo-v-goriski-regiji-najbolj-nesrecni-pa-na-koroskem\/#article\",\"isPartOf\":{\"@id\":\"https:\/\/hudo.com\/si\/aktualno\/ob-mednarodem-dnevu-moskih-najsrecnejsi-moski-zivijo-v-goriski-regiji-najbolj-nesrecni-pa-na-koroskem\/\"},\"author\":{\"name\":\"M. N., STA\",\"@id\":\"https:\/\/hudo.com\/si\/#\/schema\/person\/c2f10ce65d2e6ede2aeda5be2a0611fa\"},\"headline\":\"Ob mednarodem dnevu mo\u0161kih: Najsre\u010dnej\u0161i mo\u0161ki \u017eivijo v gori\u0161ki regiji, najbolj nesre\u010dni pa na Koro\u0161kem\",\"datePublished\":\"2018-11-18T07:53:57+00:00\",\"dateModified\":\"2018-11-18T07:54:42+00:00\",\"mainEntityOfPage\":{\"@id\":\"https:\/\/hudo.com\/si\/aktualno\/ob-mednarodem-dnevu-moskih-najsrecnejsi-moski-zivijo-v-goriski-regiji-najbolj-nesrecni-pa-na-koroskem\/\"},\"wordCount\":1019,\"publisher\":{\"@id\":\"https:\/\/hudo.com\/si\/#organization\"},\"keywords\":[\"mednarodni dan mo\u0161kih\",\"mo\u0161ki\",\"Slovenija\"],\"articleSection\":[\"Aktualno\"],\"inLanguage\":\"sl-SI\"},{\"@type\":\"WebPage\",\"@id\":\"https:\/\/hudo.com\/si\/aktualno\/ob-mednarodem-dnevu-moskih-najsrecnejsi-moski-zivijo-v-goriski-regiji-najbolj-nesrecni-pa-na-koroskem\/\",\"url\":\"https:\/\/hudo.com\/si\/aktualno\/ob-mednarodem-dnevu-moskih-najsrecnejsi-moski-zivijo-v-goriski-regiji-najbolj-nesrecni-pa-na-koroskem\/\",\"name\":\"Ob mednarodem dnevu mo\u0161kih: Najsre\u010dnej\u0161i mo\u0161ki \u017eivijo v gori\u0161ki regiji, najbolj nesre\u010dni pa na Koro\u0161kem - Hudo Slovenija\",\"isPartOf\":{\"@id\":\"https:\/\/hudo.com\/si\/#website\"},\"datePublished\":\"2018-11-18T07:53:57+00:00\",\"dateModified\":\"2018-11-18T07:54:42+00:00\",\"breadcrumb\":{\"@id\":\"https:\/\/hudo.com\/si\/aktualno\/ob-mednarodem-dnevu-moskih-najsrecnejsi-moski-zivijo-v-goriski-regiji-najbolj-nesrecni-pa-na-koroskem\/#breadcrumb\"},\"inLanguage\":\"sl-SI\",\"potentialAction\":[{\"@type\":\"ReadAction\",\"target\":[\"https:\/\/hudo.com\/si\/aktualno\/ob-mednarodem-dnevu-moskih-najsrecnejsi-moski-zivijo-v-goriski-regiji-najbolj-nesrecni-pa-na-koroskem\/\"]}]},{\"@type\":\"BreadcrumbList\",\"@id\":\"https:\/\/hudo.com\/si\/aktualno\/ob-mednarodem-dnevu-moskih-najsrecnejsi-moski-zivijo-v-goriski-regiji-najbolj-nesrecni-pa-na-koroskem\/#breadcrumb\",\"itemListElement\":[{\"@type\":\"ListItem\",\"position\":1,\"name\":\"Home\",\"item\":\"https:\/\/hudo.com\/si\/\"},{\"@type\":\"ListItem\",\"position\":2,\"name\":\"Ob mednarodem dnevu mo\u0161kih: Najsre\u010dnej\u0161i mo\u0161ki \u017eivijo v gori\u0161ki regiji, najbolj nesre\u010dni pa na Koro\u0161kem\"}]},{\"@type\":\"WebSite\",\"@id\":\"https:\/\/hudo.com\/si\/#website\",\"url\":\"https:\/\/hudo.com\/si\/\",\"name\":\"Hudo Slovenija\",\"description\":\"Vse novice iz Slovenije in sveta\",\"publisher\":{\"@id\":\"https:\/\/hudo.com\/si\/#organization\"},\"potentialAction\":[{\"@type\":\"SearchAction\",\"target\":{\"@type\":\"EntryPoint\",\"urlTemplate\":\"https:\/\/hudo.com\/si\/?s={search_term_string}\"},\"query-input\":\"required name=search_term_string\"}],\"inLanguage\":\"sl-SI\"},{\"@type\":\"Organization\",\"@id\":\"https:\/\/hudo.com\/si\/#organization\",\"name\":\"VSN Media\",\"url\":\"https:\/\/hudo.com\/si\/\",\"logo\":{\"@type\":\"ImageObject\",\"inLanguage\":\"sl-SI\",\"@id\":\"https:\/\/hudo.com\/si\/#\/schema\/logo\/image\/\",\"url\":\"https:\/\/hudo.com\/si\/wp-content\/uploads\/sites\/2\/2021\/03\/hudo-app-2.png\",\"contentUrl\":\"https:\/\/hudo.com\/si\/wp-content\/uploads\/sites\/2\/2021\/03\/hudo-app-2.png\",\"width\":2185,\"height\":2167,\"caption\":\"VSN Media\"},\"image\":{\"@id\":\"https:\/\/hudo.com\/si\/#\/schema\/logo\/image\/\"},\"sameAs\":[\"https:\/\/www.facebook.com\/hudo.si\",\"https:\/\/twitter.com\/hudo_si\"]},{\"@type\":\"Person\",\"@id\":\"https:\/\/hudo.com\/si\/#\/schema\/person\/c2f10ce65d2e6ede2aeda5be2a0611fa\",\"name\":\"M. N., STA\",\"image\":{\"@type\":\"ImageObject\",\"inLanguage\":\"sl-SI\",\"@id\":\"https:\/\/hudo.com\/si\/#\/schema\/person\/image\/\",\"url\":\"https:\/\/secure.gravatar.com\/avatar\/f370d38daa10467f755c5c766a4cac20?s=96&d=mm&r=g\",\"contentUrl\":\"https:\/\/secure.gravatar.com\/avatar\/f370d38daa10467f755c5c766a4cac20?s=96&d=mm&r=g\",\"caption\":\"M. N., STA\"},\"url\":\"https:\/\/hudo.com\/si\/author\/mana\/\"}]}<\/script>\n<!-- \/ Yoast SEO plugin. -->","yoast_head_json":{"title":"Ob mednarodem dnevu mo\u0161kih: Najsre\u010dnej\u0161i mo\u0161ki \u017eivijo v gori\u0161ki regiji, najbolj nesre\u010dni pa na Koro\u0161kem - Hudo Slovenija","robots":{"index":"index","follow":"follow","max-snippet":"max-snippet:-1","max-image-preview":"max-image-preview:large","max-video-preview":"max-video-preview:-1"},"canonical":"https:\/\/hudo.com\/si\/aktualno\/ob-mednarodem-dnevu-moskih-najsrecnejsi-moski-zivijo-v-goriski-regiji-najbolj-nesrecni-pa-na-koroskem\/","og_locale":"sl_SI","og_type":"article","og_title":"Ob mednarodem dnevu mo\u0161kih: Najsre\u010dnej\u0161i mo\u0161ki \u017eivijo v gori\u0161ki regiji, najbolj nesre\u010dni pa na Koro\u0161kem - Hudo Slovenija","og_description":"Najvi\u0161jo povpre\u010dno mese\u010dno bruto pla\u010do so lani imeli mo\u0161ki v osrednjeslovenski regiji, najni\u017ejo pa v pomurski. Najbolj zadovoljni s svojim \u017eivljenjem so bili mo\u0161ki v gori\u0161ki regiji, najmanj pa v koro\u0161ki, so navedli na dr\u017eavnem statisti\u010dnem uradu ob mednarodnem dnevu mo\u0161kih, 19. novembru.","og_url":"https:\/\/hudo.com\/si\/aktualno\/ob-mednarodem-dnevu-moskih-najsrecnejsi-moski-zivijo-v-goriski-regiji-najbolj-nesrecni-pa-na-koroskem\/","og_site_name":"Hudo Slovenija","article_publisher":"https:\/\/www.facebook.com\/hudo.si","article_published_time":"2018-11-18T07:53:57+00:00","article_modified_time":"2018-11-18T07:54:42+00:00","og_image":[{"width":1250,"height":900,"url":"https:\/\/hudo.com\/si\/wp-content\/uploads\/sites\/2\/2018\/11\/profimedia-0152037451.jpg","type":"image\/jpeg"}],"author":"M. N., STA","twitter_card":"summary_large_image","twitter_creator":"@hudo_si","twitter_site":"@hudo_si","twitter_misc":{"Written by":"M. N., STA","Est. reading time":"5 minut"},"schema":{"@context":"https:\/\/schema.org","@graph":[{"@type":"Article","@id":"https:\/\/hudo.com\/si\/aktualno\/ob-mednarodem-dnevu-moskih-najsrecnejsi-moski-zivijo-v-goriski-regiji-najbolj-nesrecni-pa-na-koroskem\/#article","isPartOf":{"@id":"https:\/\/hudo.com\/si\/aktualno\/ob-mednarodem-dnevu-moskih-najsrecnejsi-moski-zivijo-v-goriski-regiji-najbolj-nesrecni-pa-na-koroskem\/"},"author":{"name":"M. N., STA","@id":"https:\/\/hudo.com\/si\/#\/schema\/person\/c2f10ce65d2e6ede2aeda5be2a0611fa"},"headline":"Ob mednarodem dnevu mo\u0161kih: Najsre\u010dnej\u0161i mo\u0161ki \u017eivijo v gori\u0161ki regiji, najbolj nesre\u010dni pa na Koro\u0161kem","datePublished":"2018-11-18T07:53:57+00:00","dateModified":"2018-11-18T07:54:42+00:00","mainEntityOfPage":{"@id":"https:\/\/hudo.com\/si\/aktualno\/ob-mednarodem-dnevu-moskih-najsrecnejsi-moski-zivijo-v-goriski-regiji-najbolj-nesrecni-pa-na-koroskem\/"},"wordCount":1019,"publisher":{"@id":"https:\/\/hudo.com\/si\/#organization"},"keywords":["mednarodni dan mo\u0161kih","mo\u0161ki","Slovenija"],"articleSection":["Aktualno"],"inLanguage":"sl-SI"},{"@type":"WebPage","@id":"https:\/\/hudo.com\/si\/aktualno\/ob-mednarodem-dnevu-moskih-najsrecnejsi-moski-zivijo-v-goriski-regiji-najbolj-nesrecni-pa-na-koroskem\/","url":"https:\/\/hudo.com\/si\/aktualno\/ob-mednarodem-dnevu-moskih-najsrecnejsi-moski-zivijo-v-goriski-regiji-najbolj-nesrecni-pa-na-koroskem\/","name":"Ob mednarodem dnevu mo\u0161kih: Najsre\u010dnej\u0161i mo\u0161ki \u017eivijo v gori\u0161ki regiji, najbolj nesre\u010dni pa na Koro\u0161kem - Hudo Slovenija","isPartOf":{"@id":"https:\/\/hudo.com\/si\/#website"},"datePublished":"2018-11-18T07:53:57+00:00","dateModified":"2018-11-18T07:54:42+00:00","breadcrumb":{"@id":"https:\/\/hudo.com\/si\/aktualno\/ob-mednarodem-dnevu-moskih-najsrecnejsi-moski-zivijo-v-goriski-regiji-najbolj-nesrecni-pa-na-koroskem\/#breadcrumb"},"inLanguage":"sl-SI","potentialAction":[{"@type":"ReadAction","target":["https:\/\/hudo.com\/si\/aktualno\/ob-mednarodem-dnevu-moskih-najsrecnejsi-moski-zivijo-v-goriski-regiji-najbolj-nesrecni-pa-na-koroskem\/"]}]},{"@type":"BreadcrumbList","@id":"https:\/\/hudo.com\/si\/aktualno\/ob-mednarodem-dnevu-moskih-najsrecnejsi-moski-zivijo-v-goriski-regiji-najbolj-nesrecni-pa-na-koroskem\/#breadcrumb","itemListElement":[{"@type":"ListItem","position":1,"name":"Home","item":"https:\/\/hudo.com\/si\/"},{"@type":"ListItem","position":2,"name":"Ob mednarodem dnevu mo\u0161kih: Najsre\u010dnej\u0161i mo\u0161ki \u017eivijo v gori\u0161ki regiji, najbolj nesre\u010dni pa na Koro\u0161kem"}]},{"@type":"WebSite","@id":"https:\/\/hudo.com\/si\/#website","url":"https:\/\/hudo.com\/si\/","name":"Hudo Slovenija","description":"Vse novice iz Slovenije in sveta","publisher":{"@id":"https:\/\/hudo.com\/si\/#organization"},"potentialAction":[{"@type":"SearchAction","target":{"@type":"EntryPoint","urlTemplate":"https:\/\/hudo.com\/si\/?s={search_term_string}"},"query-input":"required name=search_term_string"}],"inLanguage":"sl-SI"},{"@type":"Organization","@id":"https:\/\/hudo.com\/si\/#organization","name":"VSN Media","url":"https:\/\/hudo.com\/si\/","logo":{"@type":"ImageObject","inLanguage":"sl-SI","@id":"https:\/\/hudo.com\/si\/#\/schema\/logo\/image\/","url":"https:\/\/hudo.com\/si\/wp-content\/uploads\/sites\/2\/2021\/03\/hudo-app-2.png","contentUrl":"https:\/\/hudo.com\/si\/wp-content\/uploads\/sites\/2\/2021\/03\/hudo-app-2.png","width":2185,"height":2167,"caption":"VSN Media"},"image":{"@id":"https:\/\/hudo.com\/si\/#\/schema\/logo\/image\/"},"sameAs":["https:\/\/www.facebook.com\/hudo.si","https:\/\/twitter.com\/hudo_si"]},{"@type":"Person","@id":"https:\/\/hudo.com\/si\/#\/schema\/person\/c2f10ce65d2e6ede2aeda5be2a0611fa","name":"M. N., STA","image":{"@type":"ImageObject","inLanguage":"sl-SI","@id":"https:\/\/hudo.com\/si\/#\/schema\/person\/image\/","url":"https:\/\/secure.gravatar.com\/avatar\/f370d38daa10467f755c5c766a4cac20?s=96&d=mm&r=g","contentUrl":"https:\/\/secure.gravatar.com\/avatar\/f370d38daa10467f755c5c766a4cac20?s=96&d=mm&r=g","caption":"M. N., STA"},"url":"https:\/\/hudo.com\/si\/author\/mana\/"}]}},"amp_enabled":true,"_links":{"self":[{"href":"https:\/\/hudo.com\/si\/wp-json\/wp\/v2\/posts\/381170"}],"collection":[{"href":"https:\/\/hudo.com\/si\/wp-json\/wp\/v2\/posts"}],"about":[{"href":"https:\/\/hudo.com\/si\/wp-json\/wp\/v2\/types\/post"}],"author":[{"embeddable":true,"href":"https:\/\/hudo.com\/si\/wp-json\/wp\/v2\/users\/8"}],"replies":[{"embeddable":true,"href":"https:\/\/hudo.com\/si\/wp-json\/wp\/v2\/comments?post=381170"}],"version-history":[{"count":1,"href":"https:\/\/hudo.com\/si\/wp-json\/wp\/v2\/posts\/381170\/revisions"}],"predecessor-version":[{"id":381172,"href":"https:\/\/hudo.com\/si\/wp-json\/wp\/v2\/posts\/381170\/revisions\/381172"}],"wp:featuredmedia":[{"embeddable":true,"href":"https:\/\/hudo.com\/si\/wp-json\/wp\/v2\/media\/381171"}],"wp:attachment":[{"href":"https:\/\/hudo.com\/si\/wp-json\/wp\/v2\/media?parent=381170"}],"wp:term":[{"taxonomy":"category","embeddable":true,"href":"https:\/\/hudo.com\/si\/wp-json\/wp\/v2\/categories?post=381170"},{"taxonomy":"post_tag","embeddable":true,"href":"https:\/\/hudo.com\/si\/wp-json\/wp\/v2\/tags?post=381170"},{"taxonomy":"source","embeddable":true,"href":"https:\/\/hudo.com\/si\/wp-json\/wp\/v2\/source?post=381170"},{"taxonomy":"supertag","embeddable":true,"href":"https:\/\/hudo.com\/si\/wp-json\/wp\/v2\/supertag?post=381170"}],"curies":[{"name":"wp","href":"https:\/\/api.w.org\/{rel}","templated":true}]}}