{"id":381297,"date":"2018-11-20T07:35:50","date_gmt":"2018-11-20T06:35:50","guid":{"rendered":"http:\/\/hudo.com\/si\/?p=381297"},"modified":"2018-11-20T07:35:50","modified_gmt":"2018-11-20T06:35:50","slug":"vecji-del-drzave-zajelo-obilno-snezenje-na-cestah-ze-stevilne-nevsecnosti","status":"publish","type":"post","link":"https:\/\/hudo.com\/si\/aktualno\/vecji-del-drzave-zajelo-obilno-snezenje-na-cestah-ze-stevilne-nevsecnosti\/","title":{"rendered":"Ve\u010dji del dr\u017eave zajelo obilno sne\u017eenje, na cestah \u017ee \u0161tevilne nev\u0161e\u010dnosti"},"content":{"rendered":"<div class=\"text\">\n<p>V skladu z napovedmi meteorologov je ve\u010dji del dr\u017eave zajelo sne\u017eenje. Sneg se marsikje \u017ee oprijemlje cesti\u0161\u010da.<\/p>\n<p>Zastoji ne nastajajo le na primorski avtocesti, pa\u010d pa tudi na nekaterih drugih cestah. Prometnoinformacijski center poro\u010da o sedemkilometrskem zastoju na cesti med Vrhom nad \u017delimljami in \u0160kofljico.<\/p>\n<p>Zaradi zimskih razmer je zaprta regionalna cesta Razdrto-Podnanos, za priklopnike in polpriklopnike pa je prepovedan promet na cestah \u010crni Vrh-Col in Idrija-Godovi\u010d ter na mejnih prehodih Petrina in Babno Polje na hrva\u0161ki strani. Verige so obvezne na prelazu Korensko sedlo, na avstrijski strani prelaza Ljubelj, italijanski strani prelaza Predel ter na cesti \u010crni Vrh-Col. Cesta \u010dez prelaz Vr\u0161i\u010d ter cesta Strmec-Mangart sta zaprti.<\/p>\n<p>Na Primorskem piha \u0161e mo\u010dna burja, zaradi \u010desar na tamkaj\u0161njih cestah veljajo \u0161e nekatere druge omejitve. Kot napovedujejo na Agenciji RS za okolje (Arso), bodo zjutraj in dopoldne najmo\u010dnej\u0161i sunki burje predvsem v Vipavski dolini \u0161e presegali hitrost 100 kilometrov na uro. Predvsem na prehodu med Notranjsko in Primorsko bo veter gradil sne\u017ene zamete.<\/p>\n<p>Po napovedih Arsa bo zjutraj in dopoldne \u0161e sne\u017eilo, sredi dneva pa bodo padavine oslabele. Sneg bo od juga prehajal v rahel de\u017e, ki bo do ve\u010dera ve\u010dinoma ponehal. Najvi\u0161je dnevne temperature bodo v notranjosti segle do treh stopinj, na primorskem pa do osmih.<\/p>\n<p>Po dana\u0161njem sne\u017eenju pa na Arsu napovedujejo vsaj tri dni bolj ali manj suhega vremena.<\/p>\n<\/div>\n","protected":false},"excerpt":{"rendered":"<p>Ve\u010dji del dr\u017eave je zajelo dokaj obilno sne\u017eenje, zaradi \u010desar se na cestah \u017ee pojavljajo \u0161tevilne nev\u0161e\u010dnosti. Zaradi zdrsa tovornega vozila je tako zaprta primorska avtocesta na razcepu Gabrk iz smeri Se\u017eane proti Ljubljani. Na \u0161tajerski avtocesti od Lukovice proti Ljubljani je nastal 13-kilometrski zastoj, poro\u010da prometnoinformacijski center.<\/p>\n","protected":false},"author":5,"featured_media":357124,"comment_status":"closed","ping_status":"closed","sticky":false,"template":"","format":"standard","meta":{"footnotes":""},"categories":[1179],"tags":[4432,1595,1919],"source":[4511],"supertag":[],"acf":[],"yoast_head":"<!-- This site is optimized with the Yoast SEO plugin v21.3 - https:\/\/yoast.com\/wordpress\/plugins\/seo\/ -->\n<title>Ve\u010dji del dr\u017eave zajelo obilno sne\u017eenje, na cestah \u017ee \u0161tevilne nev\u0161e\u010dnosti - Hudo Slovenija<\/title>\n<meta name=\"robots\" content=\"index, follow, max-snippet:-1, max-image-preview:large, max-video-preview:-1\" \/>\n<link rel=\"canonical\" href=\"https:\/\/hudo.com\/si\/aktualno\/vecji-del-drzave-zajelo-obilno-snezenje-na-cestah-ze-stevilne-nevsecnosti\/\" \/>\n<meta property=\"og:locale\" content=\"sl_SI\" \/>\n<meta property=\"og:type\" content=\"article\" \/>\n<meta property=\"og:title\" content=\"Ve\u010dji del dr\u017eave zajelo obilno sne\u017eenje, na cestah \u017ee \u0161tevilne nev\u0161e\u010dnosti - Hudo Slovenija\" \/>\n<meta property=\"og:description\" content=\"Ve\u010dji del dr\u017eave je zajelo dokaj obilno sne\u017eenje, zaradi \u010desar se na cestah \u017ee pojavljajo \u0161tevilne nev\u0161e\u010dnosti. Zaradi zdrsa tovornega vozila je tako zaprta primorska avtocesta na razcepu Gabrk iz smeri Se\u017eane proti Ljubljani. Na \u0161tajerski avtocesti od Lukovice proti Ljubljani je nastal 13-kilometrski zastoj, poro\u010da prometnoinformacijski center.\" \/>\n<meta property=\"og:url\" content=\"https:\/\/hudo.com\/si\/aktualno\/vecji-del-drzave-zajelo-obilno-snezenje-na-cestah-ze-stevilne-nevsecnosti\/\" \/>\n<meta property=\"og:site_name\" content=\"Hudo Slovenija\" \/>\n<meta property=\"article:publisher\" content=\"https:\/\/www.facebook.com\/hudo.si\" \/>\n<meta property=\"article:published_time\" content=\"2018-11-20T06:35:50+00:00\" \/>\n<meta property=\"og:image\" content=\"https:\/\/hudo.com\/si\/wp-content\/uploads\/sites\/2\/2018\/02\/profimedia-0362132364.jpg\" \/>\n\t<meta property=\"og:image:width\" content=\"1250\" \/>\n\t<meta property=\"og:image:height\" content=\"833\" \/>\n\t<meta property=\"og:image:type\" content=\"image\/jpeg\" \/>\n<meta name=\"author\" content=\"A. G., STA\" \/>\n<meta name=\"twitter:card\" content=\"summary_large_image\" \/>\n<meta name=\"twitter:creator\" content=\"@hudo_si\" \/>\n<meta name=\"twitter:site\" content=\"@hudo_si\" \/>\n<meta name=\"twitter:label1\" content=\"Written by\" \/>\n\t<meta name=\"twitter:data1\" content=\"A. G., STA\" \/>\n\t<meta name=\"twitter:label2\" content=\"Est. reading time\" \/>\n\t<meta name=\"twitter:data2\" content=\"1 minuta\" \/>\n<script type=\"application\/ld+json\" class=\"yoast-schema-graph\">{\"@context\":\"https:\/\/schema.org\",\"@graph\":[{\"@type\":\"Article\",\"@id\":\"https:\/\/hudo.com\/si\/aktualno\/vecji-del-drzave-zajelo-obilno-snezenje-na-cestah-ze-stevilne-nevsecnosti\/#article\",\"isPartOf\":{\"@id\":\"https:\/\/hudo.com\/si\/aktualno\/vecji-del-drzave-zajelo-obilno-snezenje-na-cestah-ze-stevilne-nevsecnosti\/\"},\"author\":{\"name\":\"A. G., STA\",\"@id\":\"https:\/\/hudo.com\/si\/#\/schema\/person\/2391667a63ea075ba94f2f2dc6b77537\"},\"headline\":\"Ve\u010dji del dr\u017eave zajelo obilno sne\u017eenje, na cestah \u017ee \u0161tevilne nev\u0161e\u010dnosti\",\"datePublished\":\"2018-11-20T06:35:50+00:00\",\"dateModified\":\"2018-11-20T06:35:50+00:00\",\"mainEntityOfPage\":{\"@id\":\"https:\/\/hudo.com\/si\/aktualno\/vecji-del-drzave-zajelo-obilno-snezenje-na-cestah-ze-stevilne-nevsecnosti\/\"},\"wordCount\":254,\"publisher\":{\"@id\":\"https:\/\/hudo.com\/si\/#organization\"},\"keywords\":[\"promet\",\"Slovenija\",\"sneg\"],\"articleSection\":[\"Aktualno\"],\"inLanguage\":\"sl-SI\"},{\"@type\":\"WebPage\",\"@id\":\"https:\/\/hudo.com\/si\/aktualno\/vecji-del-drzave-zajelo-obilno-snezenje-na-cestah-ze-stevilne-nevsecnosti\/\",\"url\":\"https:\/\/hudo.com\/si\/aktualno\/vecji-del-drzave-zajelo-obilno-snezenje-na-cestah-ze-stevilne-nevsecnosti\/\",\"name\":\"Ve\u010dji del dr\u017eave zajelo obilno sne\u017eenje, na cestah \u017ee \u0161tevilne nev\u0161e\u010dnosti - Hudo Slovenija\",\"isPartOf\":{\"@id\":\"https:\/\/hudo.com\/si\/#website\"},\"datePublished\":\"2018-11-20T06:35:50+00:00\",\"dateModified\":\"2018-11-20T06:35:50+00:00\",\"breadcrumb\":{\"@id\":\"https:\/\/hudo.com\/si\/aktualno\/vecji-del-drzave-zajelo-obilno-snezenje-na-cestah-ze-stevilne-nevsecnosti\/#breadcrumb\"},\"inLanguage\":\"sl-SI\",\"potentialAction\":[{\"@type\":\"ReadAction\",\"target\":[\"https:\/\/hudo.com\/si\/aktualno\/vecji-del-drzave-zajelo-obilno-snezenje-na-cestah-ze-stevilne-nevsecnosti\/\"]}]},{\"@type\":\"BreadcrumbList\",\"@id\":\"https:\/\/hudo.com\/si\/aktualno\/vecji-del-drzave-zajelo-obilno-snezenje-na-cestah-ze-stevilne-nevsecnosti\/#breadcrumb\",\"itemListElement\":[{\"@type\":\"ListItem\",\"position\":1,\"name\":\"Home\",\"item\":\"https:\/\/hudo.com\/si\/\"},{\"@type\":\"ListItem\",\"position\":2,\"name\":\"Ve\u010dji del dr\u017eave zajelo obilno sne\u017eenje, na cestah \u017ee \u0161tevilne nev\u0161e\u010dnosti\"}]},{\"@type\":\"WebSite\",\"@id\":\"https:\/\/hudo.com\/si\/#website\",\"url\":\"https:\/\/hudo.com\/si\/\",\"name\":\"Hudo Slovenija\",\"description\":\"Vse novice iz Slovenije in sveta\",\"publisher\":{\"@id\":\"https:\/\/hudo.com\/si\/#organization\"},\"potentialAction\":[{\"@type\":\"SearchAction\",\"target\":{\"@type\":\"EntryPoint\",\"urlTemplate\":\"https:\/\/hudo.com\/si\/?s={search_term_string}\"},\"query-input\":\"required name=search_term_string\"}],\"inLanguage\":\"sl-SI\"},{\"@type\":\"Organization\",\"@id\":\"https:\/\/hudo.com\/si\/#organization\",\"name\":\"VSN Media\",\"url\":\"https:\/\/hudo.com\/si\/\",\"logo\":{\"@type\":\"ImageObject\",\"inLanguage\":\"sl-SI\",\"@id\":\"https:\/\/hudo.com\/si\/#\/schema\/logo\/image\/\",\"url\":\"https:\/\/hudo.com\/si\/wp-content\/uploads\/sites\/2\/2021\/03\/hudo-app-2.png\",\"contentUrl\":\"https:\/\/hudo.com\/si\/wp-content\/uploads\/sites\/2\/2021\/03\/hudo-app-2.png\",\"width\":2185,\"height\":2167,\"caption\":\"VSN Media\"},\"image\":{\"@id\":\"https:\/\/hudo.com\/si\/#\/schema\/logo\/image\/\"},\"sameAs\":[\"https:\/\/www.facebook.com\/hudo.si\",\"https:\/\/twitter.com\/hudo_si\"]},{\"@type\":\"Person\",\"@id\":\"https:\/\/hudo.com\/si\/#\/schema\/person\/2391667a63ea075ba94f2f2dc6b77537\",\"name\":\"A. G., STA\",\"image\":{\"@type\":\"ImageObject\",\"inLanguage\":\"sl-SI\",\"@id\":\"https:\/\/hudo.com\/si\/#\/schema\/person\/image\/\",\"url\":\"https:\/\/secure.gravatar.com\/avatar\/e13d22ac3e442658d5025fbbe6238a79?s=96&d=mm&r=g\",\"contentUrl\":\"https:\/\/secure.gravatar.com\/avatar\/e13d22ac3e442658d5025fbbe6238a79?s=96&d=mm&r=g\",\"caption\":\"A. G., STA\"},\"url\":\"https:\/\/hudo.com\/si\/author\/alenka\/\"}]}<\/script>\n<!-- \/ Yoast SEO plugin. -->","yoast_head_json":{"title":"Ve\u010dji del dr\u017eave zajelo obilno sne\u017eenje, na cestah \u017ee \u0161tevilne nev\u0161e\u010dnosti - Hudo Slovenija","robots":{"index":"index","follow":"follow","max-snippet":"max-snippet:-1","max-image-preview":"max-image-preview:large","max-video-preview":"max-video-preview:-1"},"canonical":"https:\/\/hudo.com\/si\/aktualno\/vecji-del-drzave-zajelo-obilno-snezenje-na-cestah-ze-stevilne-nevsecnosti\/","og_locale":"sl_SI","og_type":"article","og_title":"Ve\u010dji del dr\u017eave zajelo obilno sne\u017eenje, na cestah \u017ee \u0161tevilne nev\u0161e\u010dnosti - Hudo Slovenija","og_description":"Ve\u010dji del dr\u017eave je zajelo dokaj obilno sne\u017eenje, zaradi \u010desar se na cestah \u017ee pojavljajo \u0161tevilne nev\u0161e\u010dnosti. Zaradi zdrsa tovornega vozila je tako zaprta primorska avtocesta na razcepu Gabrk iz smeri Se\u017eane proti Ljubljani. Na \u0161tajerski avtocesti od Lukovice proti Ljubljani je nastal 13-kilometrski zastoj, poro\u010da prometnoinformacijski center.","og_url":"https:\/\/hudo.com\/si\/aktualno\/vecji-del-drzave-zajelo-obilno-snezenje-na-cestah-ze-stevilne-nevsecnosti\/","og_site_name":"Hudo Slovenija","article_publisher":"https:\/\/www.facebook.com\/hudo.si","article_published_time":"2018-11-20T06:35:50+00:00","og_image":[{"width":1250,"height":833,"url":"https:\/\/hudo.com\/si\/wp-content\/uploads\/sites\/2\/2018\/02\/profimedia-0362132364.jpg","type":"image\/jpeg"}],"author":"A. G., STA","twitter_card":"summary_large_image","twitter_creator":"@hudo_si","twitter_site":"@hudo_si","twitter_misc":{"Written by":"A. G., STA","Est. reading time":"1 minuta"},"schema":{"@context":"https:\/\/schema.org","@graph":[{"@type":"Article","@id":"https:\/\/hudo.com\/si\/aktualno\/vecji-del-drzave-zajelo-obilno-snezenje-na-cestah-ze-stevilne-nevsecnosti\/#article","isPartOf":{"@id":"https:\/\/hudo.com\/si\/aktualno\/vecji-del-drzave-zajelo-obilno-snezenje-na-cestah-ze-stevilne-nevsecnosti\/"},"author":{"name":"A. G., STA","@id":"https:\/\/hudo.com\/si\/#\/schema\/person\/2391667a63ea075ba94f2f2dc6b77537"},"headline":"Ve\u010dji del dr\u017eave zajelo obilno sne\u017eenje, na cestah \u017ee \u0161tevilne nev\u0161e\u010dnosti","datePublished":"2018-11-20T06:35:50+00:00","dateModified":"2018-11-20T06:35:50+00:00","mainEntityOfPage":{"@id":"https:\/\/hudo.com\/si\/aktualno\/vecji-del-drzave-zajelo-obilno-snezenje-na-cestah-ze-stevilne-nevsecnosti\/"},"wordCount":254,"publisher":{"@id":"https:\/\/hudo.com\/si\/#organization"},"keywords":["promet","Slovenija","sneg"],"articleSection":["Aktualno"],"inLanguage":"sl-SI"},{"@type":"WebPage","@id":"https:\/\/hudo.com\/si\/aktualno\/vecji-del-drzave-zajelo-obilno-snezenje-na-cestah-ze-stevilne-nevsecnosti\/","url":"https:\/\/hudo.com\/si\/aktualno\/vecji-del-drzave-zajelo-obilno-snezenje-na-cestah-ze-stevilne-nevsecnosti\/","name":"Ve\u010dji del dr\u017eave zajelo obilno sne\u017eenje, na cestah \u017ee \u0161tevilne nev\u0161e\u010dnosti - Hudo Slovenija","isPartOf":{"@id":"https:\/\/hudo.com\/si\/#website"},"datePublished":"2018-11-20T06:35:50+00:00","dateModified":"2018-11-20T06:35:50+00:00","breadcrumb":{"@id":"https:\/\/hudo.com\/si\/aktualno\/vecji-del-drzave-zajelo-obilno-snezenje-na-cestah-ze-stevilne-nevsecnosti\/#breadcrumb"},"inLanguage":"sl-SI","potentialAction":[{"@type":"ReadAction","target":["https:\/\/hudo.com\/si\/aktualno\/vecji-del-drzave-zajelo-obilno-snezenje-na-cestah-ze-stevilne-nevsecnosti\/"]}]},{"@type":"BreadcrumbList","@id":"https:\/\/hudo.com\/si\/aktualno\/vecji-del-drzave-zajelo-obilno-snezenje-na-cestah-ze-stevilne-nevsecnosti\/#breadcrumb","itemListElement":[{"@type":"ListItem","position":1,"name":"Home","item":"https:\/\/hudo.com\/si\/"},{"@type":"ListItem","position":2,"name":"Ve\u010dji del dr\u017eave zajelo obilno sne\u017eenje, na cestah \u017ee \u0161tevilne nev\u0161e\u010dnosti"}]},{"@type":"WebSite","@id":"https:\/\/hudo.com\/si\/#website","url":"https:\/\/hudo.com\/si\/","name":"Hudo Slovenija","description":"Vse novice iz Slovenije in sveta","publisher":{"@id":"https:\/\/hudo.com\/si\/#organization"},"potentialAction":[{"@type":"SearchAction","target":{"@type":"EntryPoint","urlTemplate":"https:\/\/hudo.com\/si\/?s={search_term_string}"},"query-input":"required name=search_term_string"}],"inLanguage":"sl-SI"},{"@type":"Organization","@id":"https:\/\/hudo.com\/si\/#organization","name":"VSN Media","url":"https:\/\/hudo.com\/si\/","logo":{"@type":"ImageObject","inLanguage":"sl-SI","@id":"https:\/\/hudo.com\/si\/#\/schema\/logo\/image\/","url":"https:\/\/hudo.com\/si\/wp-content\/uploads\/sites\/2\/2021\/03\/hudo-app-2.png","contentUrl":"https:\/\/hudo.com\/si\/wp-content\/uploads\/sites\/2\/2021\/03\/hudo-app-2.png","width":2185,"height":2167,"caption":"VSN Media"},"image":{"@id":"https:\/\/hudo.com\/si\/#\/schema\/logo\/image\/"},"sameAs":["https:\/\/www.facebook.com\/hudo.si","https:\/\/twitter.com\/hudo_si"]},{"@type":"Person","@id":"https:\/\/hudo.com\/si\/#\/schema\/person\/2391667a63ea075ba94f2f2dc6b77537","name":"A. G., STA","image":{"@type":"ImageObject","inLanguage":"sl-SI","@id":"https:\/\/hudo.com\/si\/#\/schema\/person\/image\/","url":"https:\/\/secure.gravatar.com\/avatar\/e13d22ac3e442658d5025fbbe6238a79?s=96&d=mm&r=g","contentUrl":"https:\/\/secure.gravatar.com\/avatar\/e13d22ac3e442658d5025fbbe6238a79?s=96&d=mm&r=g","caption":"A. G., STA"},"url":"https:\/\/hudo.com\/si\/author\/alenka\/"}]}},"amp_enabled":true,"_links":{"self":[{"href":"https:\/\/hudo.com\/si\/wp-json\/wp\/v2\/posts\/381297"}],"collection":[{"href":"https:\/\/hudo.com\/si\/wp-json\/wp\/v2\/posts"}],"about":[{"href":"https:\/\/hudo.com\/si\/wp-json\/wp\/v2\/types\/post"}],"author":[{"embeddable":true,"href":"https:\/\/hudo.com\/si\/wp-json\/wp\/v2\/users\/5"}],"replies":[{"embeddable":true,"href":"https:\/\/hudo.com\/si\/wp-json\/wp\/v2\/comments?post=381297"}],"version-history":[{"count":1,"href":"https:\/\/hudo.com\/si\/wp-json\/wp\/v2\/posts\/381297\/revisions"}],"predecessor-version":[{"id":381298,"href":"https:\/\/hudo.com\/si\/wp-json\/wp\/v2\/posts\/381297\/revisions\/381298"}],"wp:featuredmedia":[{"embeddable":true,"href":"https:\/\/hudo.com\/si\/wp-json\/wp\/v2\/media\/357124"}],"wp:attachment":[{"href":"https:\/\/hudo.com\/si\/wp-json\/wp\/v2\/media?parent=381297"}],"wp:term":[{"taxonomy":"category","embeddable":true,"href":"https:\/\/hudo.com\/si\/wp-json\/wp\/v2\/categories?post=381297"},{"taxonomy":"post_tag","embeddable":true,"href":"https:\/\/hudo.com\/si\/wp-json\/wp\/v2\/tags?post=381297"},{"taxonomy":"source","embeddable":true,"href":"https:\/\/hudo.com\/si\/wp-json\/wp\/v2\/source?post=381297"},{"taxonomy":"supertag","embeddable":true,"href":"https:\/\/hudo.com\/si\/wp-json\/wp\/v2\/supertag?post=381297"}],"curies":[{"name":"wp","href":"https:\/\/api.w.org\/{rel}","templated":true}]}}