{"id":381323,"date":"2018-11-20T11:12:20","date_gmt":"2018-11-20T10:12:20","guid":{"rendered":"http:\/\/hudo.com\/si\/?p=381323"},"modified":"2018-11-20T11:13:33","modified_gmt":"2018-11-20T10:13:33","slug":"v-bruslju-moski-z-nozem-zabodel-policista","status":"publish","type":"post","link":"https:\/\/hudo.com\/si\/aktualno\/v-bruslju-moski-z-nozem-zabodel-policista\/","title":{"rendered":"V Bruslju mo\u0161ki z no\u017eem zabodel policista"},"content":{"rendered":"<div class=\"text\">\n<p>Belgijski notranji minister Jan Jambon je po incidentu dejal, da mo\u0161ki ni bil na seznamu sumljivih oseb, ki ga vodi protiteroristi\u010dna enota. &#8220;Policija ga ne pozna kot nekoga, ki je skrajne\u017e ali terorist. Naj bi bil v psihiatri\u010dni oskrbi, a so ga pred nekaj \u010dasa izpustili,&#8221; je dejal minister.<\/p>\n<p>Preiskava incidenta sicer \u0161e poteka.<\/p>\n<p>Incident se je zgodil davi okoli 5.30 pred glavno policijsko postajo. Mo\u0161ki je zabodel policista, ki je utrpel la\u017ejo po\u0161kodbo. Drugi policist je nato ustrelil in la\u017eje ranil napadalca. Policista so po incidentu prepeljali v bolni\u0161nico, mo\u0161kega pa so aretirali.<\/p>\n<p>V Bruslju se bo sicer danes mudil francoski predsednik Emmanuel Macron, ki bo obiskal \u010detrt Molenbeek, kjer so \u017eiveli nekateri skrajne\u017ei, ki so izvedli teroristi\u010dni napad leta 2015 v Parizu, v katerem je umrlo 130 ljudi.<\/p>\n<\/div>\n","protected":false},"excerpt":{"rendered":"<p>Pred policijsko postajo v Bruslju je davi mo\u0161ki z no\u017eem ranil policista. Glede na informacije oblasti, napadalec ni bil na seznamu sumljivih imen, je bil pa pred kratkim v psihiatri\u010dni oskrbi, poro\u010da francoska tiskovna agencija AFP.<\/p>\n","protected":false},"author":5,"featured_media":291794,"comment_status":"closed","ping_status":"closed","sticky":false,"template":"","format":"standard","meta":{"footnotes":""},"categories":[1179],"tags":[4772,5163,10697,1728],"source":[4511],"supertag":[],"acf":[],"yoast_head":"<!-- This site is optimized with the Yoast SEO plugin v21.3 - https:\/\/yoast.com\/wordpress\/plugins\/seo\/ -->\n<title>V Bruslju mo\u0161ki z no\u017eem zabodel policista - Hudo Slovenija<\/title>\n<meta name=\"robots\" content=\"index, follow, max-snippet:-1, max-image-preview:large, max-video-preview:-1\" \/>\n<link rel=\"canonical\" href=\"https:\/\/hudo.com\/si\/aktualno\/v-bruslju-moski-z-nozem-zabodel-policista\/\" \/>\n<meta property=\"og:locale\" content=\"sl_SI\" \/>\n<meta property=\"og:type\" content=\"article\" \/>\n<meta property=\"og:title\" content=\"V Bruslju mo\u0161ki z no\u017eem zabodel policista - Hudo Slovenija\" \/>\n<meta property=\"og:description\" content=\"Pred policijsko postajo v Bruslju je davi mo\u0161ki z no\u017eem ranil policista. Glede na informacije oblasti, napadalec ni bil na seznamu sumljivih imen, je bil pa pred kratkim v psihiatri\u010dni oskrbi, poro\u010da francoska tiskovna agencija AFP.\" \/>\n<meta property=\"og:url\" content=\"https:\/\/hudo.com\/si\/aktualno\/v-bruslju-moski-z-nozem-zabodel-policista\/\" \/>\n<meta property=\"og:site_name\" content=\"Hudo Slovenija\" \/>\n<meta property=\"article:publisher\" content=\"https:\/\/www.facebook.com\/hudo.si\" \/>\n<meta property=\"article:published_time\" content=\"2018-11-20T10:12:20+00:00\" \/>\n<meta property=\"article:modified_time\" content=\"2018-11-20T10:13:33+00:00\" \/>\n<meta property=\"og:image\" content=\"https:\/\/hudo.com\/si\/wp-content\/uploads\/sites\/2\/2017\/08\/profimedia-0346906256-1.jpg\" \/>\n\t<meta property=\"og:image:width\" content=\"1250\" \/>\n\t<meta property=\"og:image:height\" content=\"925\" \/>\n\t<meta property=\"og:image:type\" content=\"image\/jpeg\" \/>\n<meta name=\"author\" content=\"A. G., STA\" \/>\n<meta name=\"twitter:card\" content=\"summary_large_image\" \/>\n<meta name=\"twitter:creator\" content=\"@hudo_si\" \/>\n<meta name=\"twitter:site\" content=\"@hudo_si\" \/>\n<meta name=\"twitter:label1\" content=\"Written by\" \/>\n\t<meta name=\"twitter:data1\" content=\"A. G., STA\" \/>\n\t<meta name=\"twitter:label2\" content=\"Est. reading time\" \/>\n\t<meta name=\"twitter:data2\" content=\"1 minuta\" \/>\n<script type=\"application\/ld+json\" class=\"yoast-schema-graph\">{\"@context\":\"https:\/\/schema.org\",\"@graph\":[{\"@type\":\"Article\",\"@id\":\"https:\/\/hudo.com\/si\/aktualno\/v-bruslju-moski-z-nozem-zabodel-policista\/#article\",\"isPartOf\":{\"@id\":\"https:\/\/hudo.com\/si\/aktualno\/v-bruslju-moski-z-nozem-zabodel-policista\/\"},\"author\":{\"name\":\"A. G., STA\",\"@id\":\"https:\/\/hudo.com\/si\/#\/schema\/person\/2391667a63ea075ba94f2f2dc6b77537\"},\"headline\":\"V Bruslju mo\u0161ki z no\u017eem zabodel policista\",\"datePublished\":\"2018-11-20T10:12:20+00:00\",\"dateModified\":\"2018-11-20T10:13:33+00:00\",\"mainEntityOfPage\":{\"@id\":\"https:\/\/hudo.com\/si\/aktualno\/v-bruslju-moski-z-nozem-zabodel-policista\/\"},\"wordCount\":147,\"publisher\":{\"@id\":\"https:\/\/hudo.com\/si\/#organization\"},\"keywords\":[\"Bruselj\",\"incident\",\"napad z no\u017eem\",\"policija\"],\"articleSection\":[\"Aktualno\"],\"inLanguage\":\"sl-SI\"},{\"@type\":\"WebPage\",\"@id\":\"https:\/\/hudo.com\/si\/aktualno\/v-bruslju-moski-z-nozem-zabodel-policista\/\",\"url\":\"https:\/\/hudo.com\/si\/aktualno\/v-bruslju-moski-z-nozem-zabodel-policista\/\",\"name\":\"V Bruslju mo\u0161ki z no\u017eem zabodel policista - Hudo Slovenija\",\"isPartOf\":{\"@id\":\"https:\/\/hudo.com\/si\/#website\"},\"datePublished\":\"2018-11-20T10:12:20+00:00\",\"dateModified\":\"2018-11-20T10:13:33+00:00\",\"breadcrumb\":{\"@id\":\"https:\/\/hudo.com\/si\/aktualno\/v-bruslju-moski-z-nozem-zabodel-policista\/#breadcrumb\"},\"inLanguage\":\"sl-SI\",\"potentialAction\":[{\"@type\":\"ReadAction\",\"target\":[\"https:\/\/hudo.com\/si\/aktualno\/v-bruslju-moski-z-nozem-zabodel-policista\/\"]}]},{\"@type\":\"BreadcrumbList\",\"@id\":\"https:\/\/hudo.com\/si\/aktualno\/v-bruslju-moski-z-nozem-zabodel-policista\/#breadcrumb\",\"itemListElement\":[{\"@type\":\"ListItem\",\"position\":1,\"name\":\"Home\",\"item\":\"https:\/\/hudo.com\/si\/\"},{\"@type\":\"ListItem\",\"position\":2,\"name\":\"V Bruslju mo\u0161ki z no\u017eem zabodel policista\"}]},{\"@type\":\"WebSite\",\"@id\":\"https:\/\/hudo.com\/si\/#website\",\"url\":\"https:\/\/hudo.com\/si\/\",\"name\":\"Hudo Slovenija\",\"description\":\"Vse novice iz Slovenije in sveta\",\"publisher\":{\"@id\":\"https:\/\/hudo.com\/si\/#organization\"},\"potentialAction\":[{\"@type\":\"SearchAction\",\"target\":{\"@type\":\"EntryPoint\",\"urlTemplate\":\"https:\/\/hudo.com\/si\/?s={search_term_string}\"},\"query-input\":\"required name=search_term_string\"}],\"inLanguage\":\"sl-SI\"},{\"@type\":\"Organization\",\"@id\":\"https:\/\/hudo.com\/si\/#organization\",\"name\":\"VSN Media\",\"url\":\"https:\/\/hudo.com\/si\/\",\"logo\":{\"@type\":\"ImageObject\",\"inLanguage\":\"sl-SI\",\"@id\":\"https:\/\/hudo.com\/si\/#\/schema\/logo\/image\/\",\"url\":\"https:\/\/hudo.com\/si\/wp-content\/uploads\/sites\/2\/2021\/03\/hudo-app-2.png\",\"contentUrl\":\"https:\/\/hudo.com\/si\/wp-content\/uploads\/sites\/2\/2021\/03\/hudo-app-2.png\",\"width\":2185,\"height\":2167,\"caption\":\"VSN Media\"},\"image\":{\"@id\":\"https:\/\/hudo.com\/si\/#\/schema\/logo\/image\/\"},\"sameAs\":[\"https:\/\/www.facebook.com\/hudo.si\",\"https:\/\/twitter.com\/hudo_si\"]},{\"@type\":\"Person\",\"@id\":\"https:\/\/hudo.com\/si\/#\/schema\/person\/2391667a63ea075ba94f2f2dc6b77537\",\"name\":\"A. G., STA\",\"image\":{\"@type\":\"ImageObject\",\"inLanguage\":\"sl-SI\",\"@id\":\"https:\/\/hudo.com\/si\/#\/schema\/person\/image\/\",\"url\":\"https:\/\/secure.gravatar.com\/avatar\/e13d22ac3e442658d5025fbbe6238a79?s=96&d=mm&r=g\",\"contentUrl\":\"https:\/\/secure.gravatar.com\/avatar\/e13d22ac3e442658d5025fbbe6238a79?s=96&d=mm&r=g\",\"caption\":\"A. G., STA\"},\"url\":\"https:\/\/hudo.com\/si\/author\/alenka\/\"}]}<\/script>\n<!-- \/ Yoast SEO plugin. -->","yoast_head_json":{"title":"V Bruslju mo\u0161ki z no\u017eem zabodel policista - Hudo Slovenija","robots":{"index":"index","follow":"follow","max-snippet":"max-snippet:-1","max-image-preview":"max-image-preview:large","max-video-preview":"max-video-preview:-1"},"canonical":"https:\/\/hudo.com\/si\/aktualno\/v-bruslju-moski-z-nozem-zabodel-policista\/","og_locale":"sl_SI","og_type":"article","og_title":"V Bruslju mo\u0161ki z no\u017eem zabodel policista - Hudo Slovenija","og_description":"Pred policijsko postajo v Bruslju je davi mo\u0161ki z no\u017eem ranil policista. Glede na informacije oblasti, napadalec ni bil na seznamu sumljivih imen, je bil pa pred kratkim v psihiatri\u010dni oskrbi, poro\u010da francoska tiskovna agencija AFP.","og_url":"https:\/\/hudo.com\/si\/aktualno\/v-bruslju-moski-z-nozem-zabodel-policista\/","og_site_name":"Hudo Slovenija","article_publisher":"https:\/\/www.facebook.com\/hudo.si","article_published_time":"2018-11-20T10:12:20+00:00","article_modified_time":"2018-11-20T10:13:33+00:00","og_image":[{"width":1250,"height":925,"url":"https:\/\/hudo.com\/si\/wp-content\/uploads\/sites\/2\/2017\/08\/profimedia-0346906256-1.jpg","type":"image\/jpeg"}],"author":"A. G., STA","twitter_card":"summary_large_image","twitter_creator":"@hudo_si","twitter_site":"@hudo_si","twitter_misc":{"Written by":"A. G., STA","Est. reading time":"1 minuta"},"schema":{"@context":"https:\/\/schema.org","@graph":[{"@type":"Article","@id":"https:\/\/hudo.com\/si\/aktualno\/v-bruslju-moski-z-nozem-zabodel-policista\/#article","isPartOf":{"@id":"https:\/\/hudo.com\/si\/aktualno\/v-bruslju-moski-z-nozem-zabodel-policista\/"},"author":{"name":"A. G., STA","@id":"https:\/\/hudo.com\/si\/#\/schema\/person\/2391667a63ea075ba94f2f2dc6b77537"},"headline":"V Bruslju mo\u0161ki z no\u017eem zabodel policista","datePublished":"2018-11-20T10:12:20+00:00","dateModified":"2018-11-20T10:13:33+00:00","mainEntityOfPage":{"@id":"https:\/\/hudo.com\/si\/aktualno\/v-bruslju-moski-z-nozem-zabodel-policista\/"},"wordCount":147,"publisher":{"@id":"https:\/\/hudo.com\/si\/#organization"},"keywords":["Bruselj","incident","napad z no\u017eem","policija"],"articleSection":["Aktualno"],"inLanguage":"sl-SI"},{"@type":"WebPage","@id":"https:\/\/hudo.com\/si\/aktualno\/v-bruslju-moski-z-nozem-zabodel-policista\/","url":"https:\/\/hudo.com\/si\/aktualno\/v-bruslju-moski-z-nozem-zabodel-policista\/","name":"V Bruslju mo\u0161ki z no\u017eem zabodel policista - Hudo Slovenija","isPartOf":{"@id":"https:\/\/hudo.com\/si\/#website"},"datePublished":"2018-11-20T10:12:20+00:00","dateModified":"2018-11-20T10:13:33+00:00","breadcrumb":{"@id":"https:\/\/hudo.com\/si\/aktualno\/v-bruslju-moski-z-nozem-zabodel-policista\/#breadcrumb"},"inLanguage":"sl-SI","potentialAction":[{"@type":"ReadAction","target":["https:\/\/hudo.com\/si\/aktualno\/v-bruslju-moski-z-nozem-zabodel-policista\/"]}]},{"@type":"BreadcrumbList","@id":"https:\/\/hudo.com\/si\/aktualno\/v-bruslju-moski-z-nozem-zabodel-policista\/#breadcrumb","itemListElement":[{"@type":"ListItem","position":1,"name":"Home","item":"https:\/\/hudo.com\/si\/"},{"@type":"ListItem","position":2,"name":"V Bruslju mo\u0161ki z no\u017eem zabodel policista"}]},{"@type":"WebSite","@id":"https:\/\/hudo.com\/si\/#website","url":"https:\/\/hudo.com\/si\/","name":"Hudo Slovenija","description":"Vse novice iz Slovenije in sveta","publisher":{"@id":"https:\/\/hudo.com\/si\/#organization"},"potentialAction":[{"@type":"SearchAction","target":{"@type":"EntryPoint","urlTemplate":"https:\/\/hudo.com\/si\/?s={search_term_string}"},"query-input":"required name=search_term_string"}],"inLanguage":"sl-SI"},{"@type":"Organization","@id":"https:\/\/hudo.com\/si\/#organization","name":"VSN Media","url":"https:\/\/hudo.com\/si\/","logo":{"@type":"ImageObject","inLanguage":"sl-SI","@id":"https:\/\/hudo.com\/si\/#\/schema\/logo\/image\/","url":"https:\/\/hudo.com\/si\/wp-content\/uploads\/sites\/2\/2021\/03\/hudo-app-2.png","contentUrl":"https:\/\/hudo.com\/si\/wp-content\/uploads\/sites\/2\/2021\/03\/hudo-app-2.png","width":2185,"height":2167,"caption":"VSN Media"},"image":{"@id":"https:\/\/hudo.com\/si\/#\/schema\/logo\/image\/"},"sameAs":["https:\/\/www.facebook.com\/hudo.si","https:\/\/twitter.com\/hudo_si"]},{"@type":"Person","@id":"https:\/\/hudo.com\/si\/#\/schema\/person\/2391667a63ea075ba94f2f2dc6b77537","name":"A. G., STA","image":{"@type":"ImageObject","inLanguage":"sl-SI","@id":"https:\/\/hudo.com\/si\/#\/schema\/person\/image\/","url":"https:\/\/secure.gravatar.com\/avatar\/e13d22ac3e442658d5025fbbe6238a79?s=96&d=mm&r=g","contentUrl":"https:\/\/secure.gravatar.com\/avatar\/e13d22ac3e442658d5025fbbe6238a79?s=96&d=mm&r=g","caption":"A. G., STA"},"url":"https:\/\/hudo.com\/si\/author\/alenka\/"}]}},"amp_enabled":true,"_links":{"self":[{"href":"https:\/\/hudo.com\/si\/wp-json\/wp\/v2\/posts\/381323"}],"collection":[{"href":"https:\/\/hudo.com\/si\/wp-json\/wp\/v2\/posts"}],"about":[{"href":"https:\/\/hudo.com\/si\/wp-json\/wp\/v2\/types\/post"}],"author":[{"embeddable":true,"href":"https:\/\/hudo.com\/si\/wp-json\/wp\/v2\/users\/5"}],"replies":[{"embeddable":true,"href":"https:\/\/hudo.com\/si\/wp-json\/wp\/v2\/comments?post=381323"}],"version-history":[{"count":1,"href":"https:\/\/hudo.com\/si\/wp-json\/wp\/v2\/posts\/381323\/revisions"}],"predecessor-version":[{"id":381324,"href":"https:\/\/hudo.com\/si\/wp-json\/wp\/v2\/posts\/381323\/revisions\/381324"}],"wp:featuredmedia":[{"embeddable":true,"href":"https:\/\/hudo.com\/si\/wp-json\/wp\/v2\/media\/291794"}],"wp:attachment":[{"href":"https:\/\/hudo.com\/si\/wp-json\/wp\/v2\/media?parent=381323"}],"wp:term":[{"taxonomy":"category","embeddable":true,"href":"https:\/\/hudo.com\/si\/wp-json\/wp\/v2\/categories?post=381323"},{"taxonomy":"post_tag","embeddable":true,"href":"https:\/\/hudo.com\/si\/wp-json\/wp\/v2\/tags?post=381323"},{"taxonomy":"source","embeddable":true,"href":"https:\/\/hudo.com\/si\/wp-json\/wp\/v2\/source?post=381323"},{"taxonomy":"supertag","embeddable":true,"href":"https:\/\/hudo.com\/si\/wp-json\/wp\/v2\/supertag?post=381323"}],"curies":[{"name":"wp","href":"https:\/\/api.w.org\/{rel}","templated":true}]}}