{"id":381393,"date":"2018-11-21T09:47:02","date_gmt":"2018-11-21T08:47:02","guid":{"rendered":"http:\/\/hudo.com\/si\/?p=381393"},"modified":"2018-11-21T09:47:02","modified_gmt":"2018-11-21T08:47:02","slug":"trump-pred-zahvalnim-dnem-pomilostil-purana-po-imenu-grahek-korencek","status":"publish","type":"post","link":"https:\/\/hudo.com\/si\/aktualno\/trump-pred-zahvalnim-dnem-pomilostil-purana-po-imenu-grahek-korencek\/","title":{"rendered":"Trump pred zahvalnim dnem pomilostil purana po imenu Grahek in Koren\u010dek"},"content":{"rendered":"<div class=\"story-lead\">\n<figure id=\"attachment_381396\" aria-describedby=\"caption-attachment-381396\" style=\"width: 1000px\" class=\"wp-caption alignnone\"><a href=\"http:\/\/hudo.com\/si\/wp-content\/uploads\/sites\/2\/2018\/11\/profimedia-0397414792.jpg\"><img loading=\"lazy\" decoding=\"async\" class=\"size-large wp-image-381396\" src=\"http:\/\/hudo.com\/si\/wp-content\/uploads\/sites\/2\/2018\/11\/profimedia-0397414792-1024x682.jpg\" alt=\"\" width=\"1000\" height=\"666\" srcset=\"https:\/\/hudo.com\/si\/wp-content\/uploads\/sites\/2\/2018\/11\/profimedia-0397414792-1024x682.jpg 1024w, https:\/\/hudo.com\/si\/wp-content\/uploads\/sites\/2\/2018\/11\/profimedia-0397414792-300x200.jpg 300w, https:\/\/hudo.com\/si\/wp-content\/uploads\/sites\/2\/2018\/11\/profimedia-0397414792-768x512.jpg 768w, https:\/\/hudo.com\/si\/wp-content\/uploads\/sites\/2\/2018\/11\/profimedia-0397414792-600x400.jpg 600w, https:\/\/hudo.com\/si\/wp-content\/uploads\/sites\/2\/2018\/11\/profimedia-0397414792.jpg 1250w\" sizes=\"(max-width: 1000px) 100vw, 1000px\" \/><\/a><figcaption id=\"caption-attachment-381396\" class=\"wp-caption-text\">Foto: Profimedia<\/figcaption><\/figure>\n<p class=\"story-lead-headline\">&#8220;Ta dva pti\u010da imata veliko sre\u010do,&#8221; je dejal Trump preden je pomilostil purana po imenu Grahek in Koren\u010dek (Peas in Carrots). Purana tako na zahvalni dan ne bosta kon\u010dala v pe\u010dici, ampak bosta do konca svojih dni lahko u\u017eivala v &#8220;puranjem gnezdu&#8221; v kampusu ene od univerz v Virginiji.<\/p>\n<div class=\"story-meta\">\n<figure id=\"attachment_381395\" aria-describedby=\"caption-attachment-381395\" style=\"width: 1000px\" class=\"wp-caption alignnone\"><a href=\"http:\/\/hudo.com\/si\/wp-content\/uploads\/sites\/2\/2018\/11\/profimedia-0397414811.jpg\"><img loading=\"lazy\" decoding=\"async\" class=\"size-large wp-image-381395\" src=\"http:\/\/hudo.com\/si\/wp-content\/uploads\/sites\/2\/2018\/11\/profimedia-0397414811-1024x682.jpg\" alt=\"\" width=\"1000\" height=\"666\" srcset=\"https:\/\/hudo.com\/si\/wp-content\/uploads\/sites\/2\/2018\/11\/profimedia-0397414811-1024x682.jpg 1024w, https:\/\/hudo.com\/si\/wp-content\/uploads\/sites\/2\/2018\/11\/profimedia-0397414811-300x200.jpg 300w, https:\/\/hudo.com\/si\/wp-content\/uploads\/sites\/2\/2018\/11\/profimedia-0397414811-768x512.jpg 768w, https:\/\/hudo.com\/si\/wp-content\/uploads\/sites\/2\/2018\/11\/profimedia-0397414811-600x400.jpg 600w, https:\/\/hudo.com\/si\/wp-content\/uploads\/sites\/2\/2018\/11\/profimedia-0397414811.jpg 1250w\" sizes=\"(max-width: 1000px) 100vw, 1000px\" \/><\/a><figcaption id=\"caption-attachment-381395\" class=\"wp-caption-text\">Foto: Profimedia<\/figcaption><\/figure>\n<\/div>\n<\/div>\n<div id=\"ss-storyContent\" class=\"story-content\">\n<div class=\"story-story\">\n<p>&#8220;\u0160e nikoli nisem videl tako lepega purana,&#8221; je \u0161e pripomnil Trump o Grahku. Sicer pa gre za tradicijo, ki sega ve\u010d kot 100 let nazaj, saj vse od 19. stoletja ameri\u0161ka predsedni\u0161ka dru\u017eina vsako leto pred praznikom prejme dva najlep\u0161a purana. Toda predsednik Abraham Lincoln je na pro\u0161njo svojega sina prvi\u010d ta dva purana pomilostil in jima prizanesel z \u017eivljenjem. Pomilostitev purana pa je postala vsakoletna tradicija v Beli hi\u0161i vse od kar jo je leta 1989 za\u010del predsednik George Bush starej\u0161i.<\/p>\n<figure id=\"attachment_381394\" aria-describedby=\"caption-attachment-381394\" style=\"width: 1000px\" class=\"wp-caption alignnone\"><a href=\"http:\/\/hudo.com\/si\/wp-content\/uploads\/sites\/2\/2018\/11\/profimedia-0397414815.jpg\"><img loading=\"lazy\" decoding=\"async\" class=\"size-large wp-image-381394\" src=\"http:\/\/hudo.com\/si\/wp-content\/uploads\/sites\/2\/2018\/11\/profimedia-0397414815-1024x768.jpg\" alt=\"\" width=\"1000\" height=\"750\" srcset=\"https:\/\/hudo.com\/si\/wp-content\/uploads\/sites\/2\/2018\/11\/profimedia-0397414815-1024x768.jpg 1024w, https:\/\/hudo.com\/si\/wp-content\/uploads\/sites\/2\/2018\/11\/profimedia-0397414815-300x225.jpg 300w, https:\/\/hudo.com\/si\/wp-content\/uploads\/sites\/2\/2018\/11\/profimedia-0397414815-768x576.jpg 768w, https:\/\/hudo.com\/si\/wp-content\/uploads\/sites\/2\/2018\/11\/profimedia-0397414815-600x450.jpg 600w, https:\/\/hudo.com\/si\/wp-content\/uploads\/sites\/2\/2018\/11\/profimedia-0397414815.jpg 1250w\" sizes=\"(max-width: 1000px) 100vw, 1000px\" \/><\/a><figcaption id=\"caption-attachment-381394\" class=\"wp-caption-text\">Foto: Profimedia<\/figcaption><\/figure>\n<p>Pred leto\u0161njim obredom pomilostitve sta sicer purana za\u010dasno bivala v hotelu Willard, hotelu s petimi zvezdicami v bli\u017eini Bele hi\u0161e. Oba tehtata pribli\u017eno 20 kilogamov, sode\u010d po tvitu iz Bele hi\u0161e pa ada poslu\u0161ata glasbo Elvisa Presleyja in country pevca Brada Paisleyja.<\/p>\n<figure id=\"attachment_381397\" aria-describedby=\"caption-attachment-381397\" style=\"width: 1000px\" class=\"wp-caption alignnone\"><a href=\"http:\/\/hudo.com\/si\/wp-content\/uploads\/sites\/2\/2018\/11\/profimedia-0397414807.jpg\"><img loading=\"lazy\" decoding=\"async\" class=\"size-large wp-image-381397\" src=\"http:\/\/hudo.com\/si\/wp-content\/uploads\/sites\/2\/2018\/11\/profimedia-0397414807-1024x682.jpg\" alt=\"\" width=\"1000\" height=\"666\" srcset=\"https:\/\/hudo.com\/si\/wp-content\/uploads\/sites\/2\/2018\/11\/profimedia-0397414807-1024x682.jpg 1024w, https:\/\/hudo.com\/si\/wp-content\/uploads\/sites\/2\/2018\/11\/profimedia-0397414807-300x200.jpg 300w, https:\/\/hudo.com\/si\/wp-content\/uploads\/sites\/2\/2018\/11\/profimedia-0397414807-768x512.jpg 768w, https:\/\/hudo.com\/si\/wp-content\/uploads\/sites\/2\/2018\/11\/profimedia-0397414807-600x400.jpg 600w, https:\/\/hudo.com\/si\/wp-content\/uploads\/sites\/2\/2018\/11\/profimedia-0397414807.jpg 1250w\" sizes=\"(max-width: 1000px) 100vw, 1000px\" \/><\/a><figcaption id=\"caption-attachment-381397\" class=\"wp-caption-text\">Foto: Profimedia<\/figcaption><\/figure>\n<\/div>\n<\/div>\n","protected":false},"excerpt":{"rendered":"<p>V Beli hi\u0161i ima predsednik ZDA vsako leto navado, da pred zahvalnim dnem pomilosti purana in ga tako re\u0161i, da bi kon\u010dal kot ve\u010derja. Letos je Donald Trump pomilostil kar dva purana.\u00a0<\/p>\n","protected":false},"author":8,"featured_media":381397,"comment_status":"closed","ping_status":"closed","sticky":false,"template":"","format":"standard","meta":{"footnotes":""},"categories":[1179],"tags":[1680],"source":[4511],"supertag":[6103],"acf":[],"yoast_head":"<!-- This site is optimized with the Yoast SEO plugin v21.3 - https:\/\/yoast.com\/wordpress\/plugins\/seo\/ -->\n<title>Trump pred zahvalnim dnem pomilostil purana po imenu Grahek in Koren\u010dek - Hudo Slovenija<\/title>\n<meta name=\"robots\" content=\"index, follow, max-snippet:-1, max-image-preview:large, max-video-preview:-1\" \/>\n<link rel=\"canonical\" href=\"https:\/\/hudo.com\/si\/aktualno\/trump-pred-zahvalnim-dnem-pomilostil-purana-po-imenu-grahek-korencek\/\" \/>\n<meta property=\"og:locale\" content=\"sl_SI\" \/>\n<meta property=\"og:type\" content=\"article\" \/>\n<meta property=\"og:title\" content=\"Trump pred zahvalnim dnem pomilostil purana po imenu Grahek in Koren\u010dek - Hudo Slovenija\" \/>\n<meta property=\"og:description\" content=\"V Beli hi\u0161i ima predsednik ZDA vsako leto navado, da pred zahvalnim dnem pomilosti purana in ga tako re\u0161i, da bi kon\u010dal kot ve\u010derja. Letos je Donald Trump pomilostil kar dva purana.\u00a0\" \/>\n<meta property=\"og:url\" content=\"https:\/\/hudo.com\/si\/aktualno\/trump-pred-zahvalnim-dnem-pomilostil-purana-po-imenu-grahek-korencek\/\" \/>\n<meta property=\"og:site_name\" content=\"Hudo Slovenija\" \/>\n<meta property=\"article:publisher\" content=\"https:\/\/www.facebook.com\/hudo.si\" \/>\n<meta property=\"article:published_time\" content=\"2018-11-21T08:47:02+00:00\" \/>\n<meta property=\"og:image\" content=\"https:\/\/hudo.com\/si\/wp-content\/uploads\/sites\/2\/2018\/11\/profimedia-0397414807.jpg\" \/>\n\t<meta property=\"og:image:width\" content=\"1250\" \/>\n\t<meta property=\"og:image:height\" content=\"833\" \/>\n\t<meta property=\"og:image:type\" content=\"image\/jpeg\" \/>\n<meta name=\"author\" content=\"M. N., STA\" \/>\n<meta name=\"twitter:card\" content=\"summary_large_image\" \/>\n<meta name=\"twitter:creator\" content=\"@hudo_si\" \/>\n<meta name=\"twitter:site\" content=\"@hudo_si\" \/>\n<meta name=\"twitter:label1\" content=\"Written by\" \/>\n\t<meta name=\"twitter:data1\" content=\"M. N., STA\" \/>\n\t<meta name=\"twitter:label2\" content=\"Est. reading time\" \/>\n\t<meta name=\"twitter:data2\" content=\"1 minuta\" \/>\n<script type=\"application\/ld+json\" class=\"yoast-schema-graph\">{\"@context\":\"https:\/\/schema.org\",\"@graph\":[{\"@type\":\"Article\",\"@id\":\"https:\/\/hudo.com\/si\/aktualno\/trump-pred-zahvalnim-dnem-pomilostil-purana-po-imenu-grahek-korencek\/#article\",\"isPartOf\":{\"@id\":\"https:\/\/hudo.com\/si\/aktualno\/trump-pred-zahvalnim-dnem-pomilostil-purana-po-imenu-grahek-korencek\/\"},\"author\":{\"name\":\"M. N., STA\",\"@id\":\"https:\/\/hudo.com\/si\/#\/schema\/person\/c2f10ce65d2e6ede2aeda5be2a0611fa\"},\"headline\":\"Trump pred zahvalnim dnem pomilostil purana po imenu Grahek in Koren\u010dek\",\"datePublished\":\"2018-11-21T08:47:02+00:00\",\"dateModified\":\"2018-11-21T08:47:02+00:00\",\"mainEntityOfPage\":{\"@id\":\"https:\/\/hudo.com\/si\/aktualno\/trump-pred-zahvalnim-dnem-pomilostil-purana-po-imenu-grahek-korencek\/\"},\"wordCount\":238,\"publisher\":{\"@id\":\"https:\/\/hudo.com\/si\/#organization\"},\"keywords\":[\"Donald Trump\"],\"articleSection\":[\"Aktualno\"],\"inLanguage\":\"sl-SI\"},{\"@type\":\"WebPage\",\"@id\":\"https:\/\/hudo.com\/si\/aktualno\/trump-pred-zahvalnim-dnem-pomilostil-purana-po-imenu-grahek-korencek\/\",\"url\":\"https:\/\/hudo.com\/si\/aktualno\/trump-pred-zahvalnim-dnem-pomilostil-purana-po-imenu-grahek-korencek\/\",\"name\":\"Trump pred zahvalnim dnem pomilostil purana po imenu Grahek in Koren\u010dek - Hudo Slovenija\",\"isPartOf\":{\"@id\":\"https:\/\/hudo.com\/si\/#website\"},\"datePublished\":\"2018-11-21T08:47:02+00:00\",\"dateModified\":\"2018-11-21T08:47:02+00:00\",\"breadcrumb\":{\"@id\":\"https:\/\/hudo.com\/si\/aktualno\/trump-pred-zahvalnim-dnem-pomilostil-purana-po-imenu-grahek-korencek\/#breadcrumb\"},\"inLanguage\":\"sl-SI\",\"potentialAction\":[{\"@type\":\"ReadAction\",\"target\":[\"https:\/\/hudo.com\/si\/aktualno\/trump-pred-zahvalnim-dnem-pomilostil-purana-po-imenu-grahek-korencek\/\"]}]},{\"@type\":\"BreadcrumbList\",\"@id\":\"https:\/\/hudo.com\/si\/aktualno\/trump-pred-zahvalnim-dnem-pomilostil-purana-po-imenu-grahek-korencek\/#breadcrumb\",\"itemListElement\":[{\"@type\":\"ListItem\",\"position\":1,\"name\":\"Home\",\"item\":\"https:\/\/hudo.com\/si\/\"},{\"@type\":\"ListItem\",\"position\":2,\"name\":\"Trump pred zahvalnim dnem pomilostil purana po imenu Grahek in Koren\u010dek\"}]},{\"@type\":\"WebSite\",\"@id\":\"https:\/\/hudo.com\/si\/#website\",\"url\":\"https:\/\/hudo.com\/si\/\",\"name\":\"Hudo Slovenija\",\"description\":\"Vse novice iz Slovenije in sveta\",\"publisher\":{\"@id\":\"https:\/\/hudo.com\/si\/#organization\"},\"potentialAction\":[{\"@type\":\"SearchAction\",\"target\":{\"@type\":\"EntryPoint\",\"urlTemplate\":\"https:\/\/hudo.com\/si\/?s={search_term_string}\"},\"query-input\":\"required name=search_term_string\"}],\"inLanguage\":\"sl-SI\"},{\"@type\":\"Organization\",\"@id\":\"https:\/\/hudo.com\/si\/#organization\",\"name\":\"VSN Media\",\"url\":\"https:\/\/hudo.com\/si\/\",\"logo\":{\"@type\":\"ImageObject\",\"inLanguage\":\"sl-SI\",\"@id\":\"https:\/\/hudo.com\/si\/#\/schema\/logo\/image\/\",\"url\":\"https:\/\/hudo.com\/si\/wp-content\/uploads\/sites\/2\/2021\/03\/hudo-app-2.png\",\"contentUrl\":\"https:\/\/hudo.com\/si\/wp-content\/uploads\/sites\/2\/2021\/03\/hudo-app-2.png\",\"width\":2185,\"height\":2167,\"caption\":\"VSN Media\"},\"image\":{\"@id\":\"https:\/\/hudo.com\/si\/#\/schema\/logo\/image\/\"},\"sameAs\":[\"https:\/\/www.facebook.com\/hudo.si\",\"https:\/\/twitter.com\/hudo_si\"]},{\"@type\":\"Person\",\"@id\":\"https:\/\/hudo.com\/si\/#\/schema\/person\/c2f10ce65d2e6ede2aeda5be2a0611fa\",\"name\":\"M. N., STA\",\"image\":{\"@type\":\"ImageObject\",\"inLanguage\":\"sl-SI\",\"@id\":\"https:\/\/hudo.com\/si\/#\/schema\/person\/image\/\",\"url\":\"https:\/\/secure.gravatar.com\/avatar\/f370d38daa10467f755c5c766a4cac20?s=96&d=mm&r=g\",\"contentUrl\":\"https:\/\/secure.gravatar.com\/avatar\/f370d38daa10467f755c5c766a4cac20?s=96&d=mm&r=g\",\"caption\":\"M. N., STA\"},\"url\":\"https:\/\/hudo.com\/si\/author\/mana\/\"}]}<\/script>\n<!-- \/ Yoast SEO plugin. -->","yoast_head_json":{"title":"Trump pred zahvalnim dnem pomilostil purana po imenu Grahek in Koren\u010dek - Hudo Slovenija","robots":{"index":"index","follow":"follow","max-snippet":"max-snippet:-1","max-image-preview":"max-image-preview:large","max-video-preview":"max-video-preview:-1"},"canonical":"https:\/\/hudo.com\/si\/aktualno\/trump-pred-zahvalnim-dnem-pomilostil-purana-po-imenu-grahek-korencek\/","og_locale":"sl_SI","og_type":"article","og_title":"Trump pred zahvalnim dnem pomilostil purana po imenu Grahek in Koren\u010dek - Hudo Slovenija","og_description":"V Beli hi\u0161i ima predsednik ZDA vsako leto navado, da pred zahvalnim dnem pomilosti purana in ga tako re\u0161i, da bi kon\u010dal kot ve\u010derja. Letos je Donald Trump pomilostil kar dva purana.\u00a0","og_url":"https:\/\/hudo.com\/si\/aktualno\/trump-pred-zahvalnim-dnem-pomilostil-purana-po-imenu-grahek-korencek\/","og_site_name":"Hudo Slovenija","article_publisher":"https:\/\/www.facebook.com\/hudo.si","article_published_time":"2018-11-21T08:47:02+00:00","og_image":[{"width":1250,"height":833,"url":"https:\/\/hudo.com\/si\/wp-content\/uploads\/sites\/2\/2018\/11\/profimedia-0397414807.jpg","type":"image\/jpeg"}],"author":"M. N., STA","twitter_card":"summary_large_image","twitter_creator":"@hudo_si","twitter_site":"@hudo_si","twitter_misc":{"Written by":"M. N., STA","Est. reading time":"1 minuta"},"schema":{"@context":"https:\/\/schema.org","@graph":[{"@type":"Article","@id":"https:\/\/hudo.com\/si\/aktualno\/trump-pred-zahvalnim-dnem-pomilostil-purana-po-imenu-grahek-korencek\/#article","isPartOf":{"@id":"https:\/\/hudo.com\/si\/aktualno\/trump-pred-zahvalnim-dnem-pomilostil-purana-po-imenu-grahek-korencek\/"},"author":{"name":"M. N., STA","@id":"https:\/\/hudo.com\/si\/#\/schema\/person\/c2f10ce65d2e6ede2aeda5be2a0611fa"},"headline":"Trump pred zahvalnim dnem pomilostil purana po imenu Grahek in Koren\u010dek","datePublished":"2018-11-21T08:47:02+00:00","dateModified":"2018-11-21T08:47:02+00:00","mainEntityOfPage":{"@id":"https:\/\/hudo.com\/si\/aktualno\/trump-pred-zahvalnim-dnem-pomilostil-purana-po-imenu-grahek-korencek\/"},"wordCount":238,"publisher":{"@id":"https:\/\/hudo.com\/si\/#organization"},"keywords":["Donald Trump"],"articleSection":["Aktualno"],"inLanguage":"sl-SI"},{"@type":"WebPage","@id":"https:\/\/hudo.com\/si\/aktualno\/trump-pred-zahvalnim-dnem-pomilostil-purana-po-imenu-grahek-korencek\/","url":"https:\/\/hudo.com\/si\/aktualno\/trump-pred-zahvalnim-dnem-pomilostil-purana-po-imenu-grahek-korencek\/","name":"Trump pred zahvalnim dnem pomilostil purana po imenu Grahek in Koren\u010dek - Hudo Slovenija","isPartOf":{"@id":"https:\/\/hudo.com\/si\/#website"},"datePublished":"2018-11-21T08:47:02+00:00","dateModified":"2018-11-21T08:47:02+00:00","breadcrumb":{"@id":"https:\/\/hudo.com\/si\/aktualno\/trump-pred-zahvalnim-dnem-pomilostil-purana-po-imenu-grahek-korencek\/#breadcrumb"},"inLanguage":"sl-SI","potentialAction":[{"@type":"ReadAction","target":["https:\/\/hudo.com\/si\/aktualno\/trump-pred-zahvalnim-dnem-pomilostil-purana-po-imenu-grahek-korencek\/"]}]},{"@type":"BreadcrumbList","@id":"https:\/\/hudo.com\/si\/aktualno\/trump-pred-zahvalnim-dnem-pomilostil-purana-po-imenu-grahek-korencek\/#breadcrumb","itemListElement":[{"@type":"ListItem","position":1,"name":"Home","item":"https:\/\/hudo.com\/si\/"},{"@type":"ListItem","position":2,"name":"Trump pred zahvalnim dnem pomilostil purana po imenu Grahek in Koren\u010dek"}]},{"@type":"WebSite","@id":"https:\/\/hudo.com\/si\/#website","url":"https:\/\/hudo.com\/si\/","name":"Hudo Slovenija","description":"Vse novice iz Slovenije in sveta","publisher":{"@id":"https:\/\/hudo.com\/si\/#organization"},"potentialAction":[{"@type":"SearchAction","target":{"@type":"EntryPoint","urlTemplate":"https:\/\/hudo.com\/si\/?s={search_term_string}"},"query-input":"required name=search_term_string"}],"inLanguage":"sl-SI"},{"@type":"Organization","@id":"https:\/\/hudo.com\/si\/#organization","name":"VSN Media","url":"https:\/\/hudo.com\/si\/","logo":{"@type":"ImageObject","inLanguage":"sl-SI","@id":"https:\/\/hudo.com\/si\/#\/schema\/logo\/image\/","url":"https:\/\/hudo.com\/si\/wp-content\/uploads\/sites\/2\/2021\/03\/hudo-app-2.png","contentUrl":"https:\/\/hudo.com\/si\/wp-content\/uploads\/sites\/2\/2021\/03\/hudo-app-2.png","width":2185,"height":2167,"caption":"VSN Media"},"image":{"@id":"https:\/\/hudo.com\/si\/#\/schema\/logo\/image\/"},"sameAs":["https:\/\/www.facebook.com\/hudo.si","https:\/\/twitter.com\/hudo_si"]},{"@type":"Person","@id":"https:\/\/hudo.com\/si\/#\/schema\/person\/c2f10ce65d2e6ede2aeda5be2a0611fa","name":"M. N., STA","image":{"@type":"ImageObject","inLanguage":"sl-SI","@id":"https:\/\/hudo.com\/si\/#\/schema\/person\/image\/","url":"https:\/\/secure.gravatar.com\/avatar\/f370d38daa10467f755c5c766a4cac20?s=96&d=mm&r=g","contentUrl":"https:\/\/secure.gravatar.com\/avatar\/f370d38daa10467f755c5c766a4cac20?s=96&d=mm&r=g","caption":"M. N., STA"},"url":"https:\/\/hudo.com\/si\/author\/mana\/"}]}},"amp_enabled":true,"_links":{"self":[{"href":"https:\/\/hudo.com\/si\/wp-json\/wp\/v2\/posts\/381393"}],"collection":[{"href":"https:\/\/hudo.com\/si\/wp-json\/wp\/v2\/posts"}],"about":[{"href":"https:\/\/hudo.com\/si\/wp-json\/wp\/v2\/types\/post"}],"author":[{"embeddable":true,"href":"https:\/\/hudo.com\/si\/wp-json\/wp\/v2\/users\/8"}],"replies":[{"embeddable":true,"href":"https:\/\/hudo.com\/si\/wp-json\/wp\/v2\/comments?post=381393"}],"version-history":[{"count":1,"href":"https:\/\/hudo.com\/si\/wp-json\/wp\/v2\/posts\/381393\/revisions"}],"predecessor-version":[{"id":381399,"href":"https:\/\/hudo.com\/si\/wp-json\/wp\/v2\/posts\/381393\/revisions\/381399"}],"wp:featuredmedia":[{"embeddable":true,"href":"https:\/\/hudo.com\/si\/wp-json\/wp\/v2\/media\/381397"}],"wp:attachment":[{"href":"https:\/\/hudo.com\/si\/wp-json\/wp\/v2\/media?parent=381393"}],"wp:term":[{"taxonomy":"category","embeddable":true,"href":"https:\/\/hudo.com\/si\/wp-json\/wp\/v2\/categories?post=381393"},{"taxonomy":"post_tag","embeddable":true,"href":"https:\/\/hudo.com\/si\/wp-json\/wp\/v2\/tags?post=381393"},{"taxonomy":"source","embeddable":true,"href":"https:\/\/hudo.com\/si\/wp-json\/wp\/v2\/source?post=381393"},{"taxonomy":"supertag","embeddable":true,"href":"https:\/\/hudo.com\/si\/wp-json\/wp\/v2\/supertag?post=381393"}],"curies":[{"name":"wp","href":"https:\/\/api.w.org\/{rel}","templated":true}]}}