{"id":381427,"date":"2018-11-21T16:09:52","date_gmt":"2018-11-21T15:09:52","guid":{"rendered":"http:\/\/hudo.com\/si\/?p=381427"},"modified":"2018-11-21T16:18:30","modified_gmt":"2018-11-21T15:18:30","slug":"v-sentilju-sredi-ceste-nastala-ogromna-luknja","status":"publish","type":"post","link":"https:\/\/hudo.com\/si\/aktualno\/v-sentilju-sredi-ceste-nastala-ogromna-luknja\/","title":{"rendered":"V \u0160entilju sredi ceste nastala ogromna luknja"},"content":{"rendered":"<div class=\"text\">\n<div class=\"text\">\n<p>Na obmo\u010dju \u0160entilja \u017ee nekaj \u010dasa poteka nadgradnja \u017eelezni\u0161kega odseka od Pesnice do \u0160entilja ter naprej do dr\u017eavne meje. Tam je zato vzpostavljena 50-dnevna popolna zapora \u017eelezni\u0161kega prometa, dela pa potekajo z najve\u010djo mo\u017eno intenzivnostjo in naj bi bila v glavnem zaklju\u010dena do 15. decembra.<\/p>\n<p>V sklopu del obnavljajo tudi predor, nad katerim poteka omenjena regionalna cesta in je bil zgrajen takoj po drugi svetovni vojni, te\u010de pa pribli\u017eno \u0161est metrov pod cesto. Kot je o udoru ceste danes povedal vodja sektorja za \u017eeleznice pri DRSI Dejan Jurkovi\u010d, je do tega pri\u0161lo pono\u010di pri obnovi talnega in stenskega oboka tunela, pri tem pa se je udrlo okoli deset kubi\u010dnih metrov materiala.<\/p>\n<p>&#8220;Skozi vso no\u010d smo dogajanje spremljali, zjutraj se je dodatno udrlo \u0161e okoli 30 kubi\u010dnih metrov, kar je na vozi\u0161\u010du povzro\u010dilo luknjo s premerom okoli dva metra. Trenutno smo \u017ee v fazi sanacije in z deli bomo kon\u010dali predvidoma v roku dveh ali treh dni,&#8221; je pojasnil Jurkovi\u010d in dodal, da zaradi udora za zdaj ne ra\u010dunajo, da bi se podalj\u0161al \u010das njihovih del in s tem povezane zapore \u017eelezni\u0161ke proge.<\/p>\n<p>Ob tem je razlo\u017eil, da do podobnih udorov pri sanaciji tunelov lahko pride, smola je le, da se je to zgodilo prav na cesti. Vseeno pa so na mo\u017enost takega dogodka vedno pripravljeni in so se zato lahko pravo\u010dasno odzvali. Doslej tudi niso dobili informacij, da bi morda pri\u0161lo do po\u0161kodbe katerega od instalacijskih kablov pod po\u0161kodovano cesto.<\/p>\n<p>Ker je \u0161lo za udor, ki so ga spremljali, tudi ni bil nih\u010de po\u0161kodovan ali kakorkoli ogro\u017een, pri tem pa zagotavlja, da se glede na pregledano stanje v predoru kaj takega ne more ponoviti na nobenem drugem mestu.<\/p>\n<p>Na direkciji za infrastrukturo so prej\u0161nji teden zagotovili, da dela potekajo v skladu z roki in se preve\u0161ajo v zaklju\u010dno fazo. Glavnina del, ki povzro\u010da vi\u0161je ravni hrupa, naj bi bila zaklju\u010dena predvidoma do konca novembra, po tem obdobju pa naj bi izvajali predvsem dela, ki bodo z vidika hrupa manj obremenjujo\u010da. Na 13 kilometrov dolgem gradbi\u0161\u010du je prisotnih skoraj 400 delavcev in 200 strojev, dela pa izvajajo 24 ur na dan.<\/p>\n<\/div>\n<\/div>\n","protected":false},"excerpt":{"rendered":"<p>V \u0160entilju je danes zaradi udora med deli v \u017eelezni\u0161kem predoru nastala po\u0161kodba tudi na regionalni cesti, ki te\u010de nad predorom. Zaradi udora so kri\u017ei\u0161\u010du ob uvozu na avtocesto iz smeri mednarodnega mejnega prehoda \u0160entilj spremenili re\u017eim prometa, po\u0161kodbe pa naj bi po zagotovilih Direkcije RS za infrastrukturo (DRSI) sanirali v nekaj dneh.<\/p>\n","protected":false},"author":5,"featured_media":381428,"comment_status":"closed","ping_status":"closed","sticky":false,"template":"","format":"standard","meta":{"footnotes":""},"categories":[1179],"tags":[9578,12408,1595],"source":[4511],"supertag":[],"acf":[],"yoast_head":"<!-- This site is optimized with the Yoast SEO plugin v21.3 - https:\/\/yoast.com\/wordpress\/plugins\/seo\/ -->\n<title>V \u0160entilju sredi ceste nastala ogromna luknja - Hudo Slovenija<\/title>\n<meta name=\"robots\" content=\"index, follow, max-snippet:-1, max-image-preview:large, max-video-preview:-1\" \/>\n<link rel=\"canonical\" href=\"https:\/\/hudo.com\/si\/aktualno\/v-sentilju-sredi-ceste-nastala-ogromna-luknja\/\" \/>\n<meta property=\"og:locale\" content=\"sl_SI\" \/>\n<meta property=\"og:type\" content=\"article\" \/>\n<meta property=\"og:title\" content=\"V \u0160entilju sredi ceste nastala ogromna luknja - Hudo Slovenija\" \/>\n<meta property=\"og:description\" content=\"V \u0160entilju je danes zaradi udora med deli v \u017eelezni\u0161kem predoru nastala po\u0161kodba tudi na regionalni cesti, ki te\u010de nad predorom. Zaradi udora so kri\u017ei\u0161\u010du ob uvozu na avtocesto iz smeri mednarodnega mejnega prehoda \u0160entilj spremenili re\u017eim prometa, po\u0161kodbe pa naj bi po zagotovilih Direkcije RS za infrastrukturo (DRSI) sanirali v nekaj dneh.\" \/>\n<meta property=\"og:url\" content=\"https:\/\/hudo.com\/si\/aktualno\/v-sentilju-sredi-ceste-nastala-ogromna-luknja\/\" \/>\n<meta property=\"og:site_name\" content=\"Hudo Slovenija\" \/>\n<meta property=\"article:publisher\" content=\"https:\/\/www.facebook.com\/hudo.si\" \/>\n<meta property=\"article:published_time\" content=\"2018-11-21T15:09:52+00:00\" \/>\n<meta property=\"article:modified_time\" content=\"2018-11-21T15:18:30+00:00\" \/>\n<meta property=\"og:image\" content=\"https:\/\/hudo.com\/si\/wp-content\/uploads\/sites\/2\/2018\/11\/20181121-00899841.jpg\" \/>\n\t<meta property=\"og:image:width\" content=\"640\" \/>\n\t<meta property=\"og:image:height\" content=\"426\" \/>\n\t<meta property=\"og:image:type\" content=\"image\/jpeg\" \/>\n<meta name=\"author\" content=\"A. G., STA\" \/>\n<meta name=\"twitter:card\" content=\"summary_large_image\" \/>\n<meta name=\"twitter:creator\" content=\"@hudo_si\" \/>\n<meta name=\"twitter:site\" content=\"@hudo_si\" \/>\n<meta name=\"twitter:label1\" content=\"Written by\" \/>\n\t<meta name=\"twitter:data1\" content=\"A. G., STA\" \/>\n\t<meta name=\"twitter:label2\" content=\"Est. reading time\" \/>\n\t<meta name=\"twitter:data2\" content=\"2 minuti\" \/>\n<script type=\"application\/ld+json\" class=\"yoast-schema-graph\">{\"@context\":\"https:\/\/schema.org\",\"@graph\":[{\"@type\":\"Article\",\"@id\":\"https:\/\/hudo.com\/si\/aktualno\/v-sentilju-sredi-ceste-nastala-ogromna-luknja\/#article\",\"isPartOf\":{\"@id\":\"https:\/\/hudo.com\/si\/aktualno\/v-sentilju-sredi-ceste-nastala-ogromna-luknja\/\"},\"author\":{\"name\":\"A. G., STA\",\"@id\":\"https:\/\/hudo.com\/si\/#\/schema\/person\/2391667a63ea075ba94f2f2dc6b77537\"},\"headline\":\"V \u0160entilju sredi ceste nastala ogromna luknja\",\"datePublished\":\"2018-11-21T15:09:52+00:00\",\"dateModified\":\"2018-11-21T15:18:30+00:00\",\"mainEntityOfPage\":{\"@id\":\"https:\/\/hudo.com\/si\/aktualno\/v-sentilju-sredi-ceste-nastala-ogromna-luknja\/\"},\"wordCount\":387,\"publisher\":{\"@id\":\"https:\/\/hudo.com\/si\/#organization\"},\"keywords\":[\"predor\",\"\u0160entilj\",\"Slovenija\"],\"articleSection\":[\"Aktualno\"],\"inLanguage\":\"sl-SI\"},{\"@type\":\"WebPage\",\"@id\":\"https:\/\/hudo.com\/si\/aktualno\/v-sentilju-sredi-ceste-nastala-ogromna-luknja\/\",\"url\":\"https:\/\/hudo.com\/si\/aktualno\/v-sentilju-sredi-ceste-nastala-ogromna-luknja\/\",\"name\":\"V \u0160entilju sredi ceste nastala ogromna luknja - Hudo Slovenija\",\"isPartOf\":{\"@id\":\"https:\/\/hudo.com\/si\/#website\"},\"datePublished\":\"2018-11-21T15:09:52+00:00\",\"dateModified\":\"2018-11-21T15:18:30+00:00\",\"breadcrumb\":{\"@id\":\"https:\/\/hudo.com\/si\/aktualno\/v-sentilju-sredi-ceste-nastala-ogromna-luknja\/#breadcrumb\"},\"inLanguage\":\"sl-SI\",\"potentialAction\":[{\"@type\":\"ReadAction\",\"target\":[\"https:\/\/hudo.com\/si\/aktualno\/v-sentilju-sredi-ceste-nastala-ogromna-luknja\/\"]}]},{\"@type\":\"BreadcrumbList\",\"@id\":\"https:\/\/hudo.com\/si\/aktualno\/v-sentilju-sredi-ceste-nastala-ogromna-luknja\/#breadcrumb\",\"itemListElement\":[{\"@type\":\"ListItem\",\"position\":1,\"name\":\"Home\",\"item\":\"https:\/\/hudo.com\/si\/\"},{\"@type\":\"ListItem\",\"position\":2,\"name\":\"V \u0160entilju sredi ceste nastala ogromna luknja\"}]},{\"@type\":\"WebSite\",\"@id\":\"https:\/\/hudo.com\/si\/#website\",\"url\":\"https:\/\/hudo.com\/si\/\",\"name\":\"Hudo Slovenija\",\"description\":\"Vse novice iz Slovenije in sveta\",\"publisher\":{\"@id\":\"https:\/\/hudo.com\/si\/#organization\"},\"potentialAction\":[{\"@type\":\"SearchAction\",\"target\":{\"@type\":\"EntryPoint\",\"urlTemplate\":\"https:\/\/hudo.com\/si\/?s={search_term_string}\"},\"query-input\":\"required name=search_term_string\"}],\"inLanguage\":\"sl-SI\"},{\"@type\":\"Organization\",\"@id\":\"https:\/\/hudo.com\/si\/#organization\",\"name\":\"VSN Media\",\"url\":\"https:\/\/hudo.com\/si\/\",\"logo\":{\"@type\":\"ImageObject\",\"inLanguage\":\"sl-SI\",\"@id\":\"https:\/\/hudo.com\/si\/#\/schema\/logo\/image\/\",\"url\":\"https:\/\/hudo.com\/si\/wp-content\/uploads\/sites\/2\/2021\/03\/hudo-app-2.png\",\"contentUrl\":\"https:\/\/hudo.com\/si\/wp-content\/uploads\/sites\/2\/2021\/03\/hudo-app-2.png\",\"width\":2185,\"height\":2167,\"caption\":\"VSN Media\"},\"image\":{\"@id\":\"https:\/\/hudo.com\/si\/#\/schema\/logo\/image\/\"},\"sameAs\":[\"https:\/\/www.facebook.com\/hudo.si\",\"https:\/\/twitter.com\/hudo_si\"]},{\"@type\":\"Person\",\"@id\":\"https:\/\/hudo.com\/si\/#\/schema\/person\/2391667a63ea075ba94f2f2dc6b77537\",\"name\":\"A. G., STA\",\"image\":{\"@type\":\"ImageObject\",\"inLanguage\":\"sl-SI\",\"@id\":\"https:\/\/hudo.com\/si\/#\/schema\/person\/image\/\",\"url\":\"https:\/\/secure.gravatar.com\/avatar\/e13d22ac3e442658d5025fbbe6238a79?s=96&d=mm&r=g\",\"contentUrl\":\"https:\/\/secure.gravatar.com\/avatar\/e13d22ac3e442658d5025fbbe6238a79?s=96&d=mm&r=g\",\"caption\":\"A. G., STA\"},\"url\":\"https:\/\/hudo.com\/si\/author\/alenka\/\"}]}<\/script>\n<!-- \/ Yoast SEO plugin. -->","yoast_head_json":{"title":"V \u0160entilju sredi ceste nastala ogromna luknja - Hudo Slovenija","robots":{"index":"index","follow":"follow","max-snippet":"max-snippet:-1","max-image-preview":"max-image-preview:large","max-video-preview":"max-video-preview:-1"},"canonical":"https:\/\/hudo.com\/si\/aktualno\/v-sentilju-sredi-ceste-nastala-ogromna-luknja\/","og_locale":"sl_SI","og_type":"article","og_title":"V \u0160entilju sredi ceste nastala ogromna luknja - Hudo Slovenija","og_description":"V \u0160entilju je danes zaradi udora med deli v \u017eelezni\u0161kem predoru nastala po\u0161kodba tudi na regionalni cesti, ki te\u010de nad predorom. Zaradi udora so kri\u017ei\u0161\u010du ob uvozu na avtocesto iz smeri mednarodnega mejnega prehoda \u0160entilj spremenili re\u017eim prometa, po\u0161kodbe pa naj bi po zagotovilih Direkcije RS za infrastrukturo (DRSI) sanirali v nekaj dneh.","og_url":"https:\/\/hudo.com\/si\/aktualno\/v-sentilju-sredi-ceste-nastala-ogromna-luknja\/","og_site_name":"Hudo Slovenija","article_publisher":"https:\/\/www.facebook.com\/hudo.si","article_published_time":"2018-11-21T15:09:52+00:00","article_modified_time":"2018-11-21T15:18:30+00:00","og_image":[{"width":640,"height":426,"url":"https:\/\/hudo.com\/si\/wp-content\/uploads\/sites\/2\/2018\/11\/20181121-00899841.jpg","type":"image\/jpeg"}],"author":"A. G., STA","twitter_card":"summary_large_image","twitter_creator":"@hudo_si","twitter_site":"@hudo_si","twitter_misc":{"Written by":"A. G., STA","Est. reading time":"2 minuti"},"schema":{"@context":"https:\/\/schema.org","@graph":[{"@type":"Article","@id":"https:\/\/hudo.com\/si\/aktualno\/v-sentilju-sredi-ceste-nastala-ogromna-luknja\/#article","isPartOf":{"@id":"https:\/\/hudo.com\/si\/aktualno\/v-sentilju-sredi-ceste-nastala-ogromna-luknja\/"},"author":{"name":"A. G., STA","@id":"https:\/\/hudo.com\/si\/#\/schema\/person\/2391667a63ea075ba94f2f2dc6b77537"},"headline":"V \u0160entilju sredi ceste nastala ogromna luknja","datePublished":"2018-11-21T15:09:52+00:00","dateModified":"2018-11-21T15:18:30+00:00","mainEntityOfPage":{"@id":"https:\/\/hudo.com\/si\/aktualno\/v-sentilju-sredi-ceste-nastala-ogromna-luknja\/"},"wordCount":387,"publisher":{"@id":"https:\/\/hudo.com\/si\/#organization"},"keywords":["predor","\u0160entilj","Slovenija"],"articleSection":["Aktualno"],"inLanguage":"sl-SI"},{"@type":"WebPage","@id":"https:\/\/hudo.com\/si\/aktualno\/v-sentilju-sredi-ceste-nastala-ogromna-luknja\/","url":"https:\/\/hudo.com\/si\/aktualno\/v-sentilju-sredi-ceste-nastala-ogromna-luknja\/","name":"V \u0160entilju sredi ceste nastala ogromna luknja - Hudo Slovenija","isPartOf":{"@id":"https:\/\/hudo.com\/si\/#website"},"datePublished":"2018-11-21T15:09:52+00:00","dateModified":"2018-11-21T15:18:30+00:00","breadcrumb":{"@id":"https:\/\/hudo.com\/si\/aktualno\/v-sentilju-sredi-ceste-nastala-ogromna-luknja\/#breadcrumb"},"inLanguage":"sl-SI","potentialAction":[{"@type":"ReadAction","target":["https:\/\/hudo.com\/si\/aktualno\/v-sentilju-sredi-ceste-nastala-ogromna-luknja\/"]}]},{"@type":"BreadcrumbList","@id":"https:\/\/hudo.com\/si\/aktualno\/v-sentilju-sredi-ceste-nastala-ogromna-luknja\/#breadcrumb","itemListElement":[{"@type":"ListItem","position":1,"name":"Home","item":"https:\/\/hudo.com\/si\/"},{"@type":"ListItem","position":2,"name":"V \u0160entilju sredi ceste nastala ogromna luknja"}]},{"@type":"WebSite","@id":"https:\/\/hudo.com\/si\/#website","url":"https:\/\/hudo.com\/si\/","name":"Hudo Slovenija","description":"Vse novice iz Slovenije in sveta","publisher":{"@id":"https:\/\/hudo.com\/si\/#organization"},"potentialAction":[{"@type":"SearchAction","target":{"@type":"EntryPoint","urlTemplate":"https:\/\/hudo.com\/si\/?s={search_term_string}"},"query-input":"required name=search_term_string"}],"inLanguage":"sl-SI"},{"@type":"Organization","@id":"https:\/\/hudo.com\/si\/#organization","name":"VSN Media","url":"https:\/\/hudo.com\/si\/","logo":{"@type":"ImageObject","inLanguage":"sl-SI","@id":"https:\/\/hudo.com\/si\/#\/schema\/logo\/image\/","url":"https:\/\/hudo.com\/si\/wp-content\/uploads\/sites\/2\/2021\/03\/hudo-app-2.png","contentUrl":"https:\/\/hudo.com\/si\/wp-content\/uploads\/sites\/2\/2021\/03\/hudo-app-2.png","width":2185,"height":2167,"caption":"VSN Media"},"image":{"@id":"https:\/\/hudo.com\/si\/#\/schema\/logo\/image\/"},"sameAs":["https:\/\/www.facebook.com\/hudo.si","https:\/\/twitter.com\/hudo_si"]},{"@type":"Person","@id":"https:\/\/hudo.com\/si\/#\/schema\/person\/2391667a63ea075ba94f2f2dc6b77537","name":"A. G., STA","image":{"@type":"ImageObject","inLanguage":"sl-SI","@id":"https:\/\/hudo.com\/si\/#\/schema\/person\/image\/","url":"https:\/\/secure.gravatar.com\/avatar\/e13d22ac3e442658d5025fbbe6238a79?s=96&d=mm&r=g","contentUrl":"https:\/\/secure.gravatar.com\/avatar\/e13d22ac3e442658d5025fbbe6238a79?s=96&d=mm&r=g","caption":"A. G., STA"},"url":"https:\/\/hudo.com\/si\/author\/alenka\/"}]}},"amp_enabled":true,"_links":{"self":[{"href":"https:\/\/hudo.com\/si\/wp-json\/wp\/v2\/posts\/381427"}],"collection":[{"href":"https:\/\/hudo.com\/si\/wp-json\/wp\/v2\/posts"}],"about":[{"href":"https:\/\/hudo.com\/si\/wp-json\/wp\/v2\/types\/post"}],"author":[{"embeddable":true,"href":"https:\/\/hudo.com\/si\/wp-json\/wp\/v2\/users\/5"}],"replies":[{"embeddable":true,"href":"https:\/\/hudo.com\/si\/wp-json\/wp\/v2\/comments?post=381427"}],"version-history":[{"count":2,"href":"https:\/\/hudo.com\/si\/wp-json\/wp\/v2\/posts\/381427\/revisions"}],"predecessor-version":[{"id":381432,"href":"https:\/\/hudo.com\/si\/wp-json\/wp\/v2\/posts\/381427\/revisions\/381432"}],"wp:featuredmedia":[{"embeddable":true,"href":"https:\/\/hudo.com\/si\/wp-json\/wp\/v2\/media\/381428"}],"wp:attachment":[{"href":"https:\/\/hudo.com\/si\/wp-json\/wp\/v2\/media?parent=381427"}],"wp:term":[{"taxonomy":"category","embeddable":true,"href":"https:\/\/hudo.com\/si\/wp-json\/wp\/v2\/categories?post=381427"},{"taxonomy":"post_tag","embeddable":true,"href":"https:\/\/hudo.com\/si\/wp-json\/wp\/v2\/tags?post=381427"},{"taxonomy":"source","embeddable":true,"href":"https:\/\/hudo.com\/si\/wp-json\/wp\/v2\/source?post=381427"},{"taxonomy":"supertag","embeddable":true,"href":"https:\/\/hudo.com\/si\/wp-json\/wp\/v2\/supertag?post=381427"}],"curies":[{"name":"wp","href":"https:\/\/api.w.org\/{rel}","templated":true}]}}