{"id":381678,"date":"2018-11-26T12:49:53","date_gmt":"2018-11-26T11:49:53","guid":{"rendered":"http:\/\/hudo.com\/si\/?p=381678"},"modified":"2018-11-26T12:49:53","modified_gmt":"2018-11-26T11:49:53","slug":"v-avstriji-zaradi-stavke-obstal-zelezniski-promet-tudi-cezmejni","status":"publish","type":"post","link":"https:\/\/hudo.com\/si\/aktualno\/v-avstriji-zaradi-stavke-obstal-zelezniski-promet-tudi-cezmejni\/","title":{"rendered":"V Avstriji zaradi stavke obstal \u017eelezni\u0161ki promet, tudi \u010dezmejni"},"content":{"rendered":"<div id=\"center\">\n<article class=\"articleui\">\n<div class=\"text\">\n<p>Po navedbah predstavnice \u00d6BB je obstalo 70 mednarodnih in 600 lokalnih vlakov, je poro\u010dala nem\u0161ka tiskovna agencija dpa.<\/p>\n<p>Kot so \u00d6BB objavile na svoji spletni strani, bo na Dunaju vozovnice \u00d6BB sprejemalo javno podjetje Wiener Linien, ki opravlja prevoze po prestolnici s podzemno \u017eeleznico, tramvaji in avtobusi. Poleg tega bo potnike z letalskimi vozovnicami za lete z dunajskega letali\u0161\u010da z glavne \u017eelezni\u0161ke postaje in postaje Westbahnhof prepeljala dru\u017eba Vienna Airport Lines.<\/p>\n<p>V zvezni de\u017eeli Predarlska bodo ves lokalni potni\u0161ki \u017eelezni\u0161ki promet opravili s 30 avtobusi in nadomestnimi \u017eelezni\u0161kimi prevozi. Prevoze od Linza do Gradca na dunajsko letali\u0161\u010de bodo opravili z avtobusi, so napovedali pri \u00d6BB.<\/p>\n<p>Stavko je organiziral sindikat Vida zaradi zahtev po vi\u0161jih pla\u010dah v okviru nove kolektivne pogodbe. Kot je po poro\u010danju avstrijske tiskovne agencije APA povedal vodja Vide Roman Hebenstreit, bodo vzporedno s stavko nadaljevali pogajanja.<\/p>\n<p>Strani sta se pogajali \u017ee tudi danes dopoldne. Kot je po poro\u010danju APA dejal glavni pogajalec na delodajalski strani Thomas Scheiber, je sindikalna stran 45 minut pred napovedanim za\u010detkom stavke pogajanja zapustila.<\/p>\n<p>Scheiber je minuli teden ob napovedi stavke povedal, da \u017eeleznice ponujajo triodstotno zvi\u0161anje pla\u010de ob dvoodstotni inflaciji, kar bi pomenilo realno zvi\u0161anje pla\u010d za odstotek, medtem ko bi vse zahteve sindikatov pripeljale do 10-odstotnega zvi\u0161anja. \u010ce bi pri\u0161lo do tega, bi morale \u017eeleznice zvi\u0161ati cene storitev ali dobiti ve\u010d denarja od dr\u017eave, je dodal.<\/p>\n<\/div>\n<\/article>\n<\/div>\n<div id=\"sidebar\"><\/div>\n","protected":false},"excerpt":{"rendered":"<p>V Avstriji se je opoldne za\u010dela predvidoma dvourna opozorilna stavka v avstrijskih dr\u017eavnih \u017eeleznicah \u00d6BB, zaradi katere je obstal ves \u017eelezni\u0161ki promet v dr\u017eavi, vklju\u010dno s \u010dezmejnim prometom. Del prevozov bodo nadomestili z avtobusi.<\/p>\n","protected":false},"author":8,"featured_media":381679,"comment_status":"closed","ping_status":"closed","sticky":false,"template":"","format":"standard","meta":{"footnotes":""},"categories":[1179],"tags":[1934,4534,5648],"source":[4511],"supertag":[6103],"acf":[],"yoast_head":"<!-- This site is optimized with the Yoast SEO plugin v21.3 - https:\/\/yoast.com\/wordpress\/plugins\/seo\/ -->\n<title>V Avstriji zaradi stavke obstal \u017eelezni\u0161ki promet, tudi \u010dezmejni - Hudo Slovenija<\/title>\n<meta name=\"robots\" content=\"index, follow, max-snippet:-1, max-image-preview:large, max-video-preview:-1\" \/>\n<link rel=\"canonical\" href=\"https:\/\/hudo.com\/si\/aktualno\/v-avstriji-zaradi-stavke-obstal-zelezniski-promet-tudi-cezmejni\/\" \/>\n<meta property=\"og:locale\" content=\"sl_SI\" \/>\n<meta property=\"og:type\" content=\"article\" \/>\n<meta property=\"og:title\" content=\"V Avstriji zaradi stavke obstal \u017eelezni\u0161ki promet, tudi \u010dezmejni - Hudo Slovenija\" \/>\n<meta property=\"og:description\" content=\"V Avstriji se je opoldne za\u010dela predvidoma dvourna opozorilna stavka v avstrijskih dr\u017eavnih \u017eeleznicah \u00d6BB, zaradi katere je obstal ves \u017eelezni\u0161ki promet v dr\u017eavi, vklju\u010dno s \u010dezmejnim prometom. Del prevozov bodo nadomestili z avtobusi.\" \/>\n<meta property=\"og:url\" content=\"https:\/\/hudo.com\/si\/aktualno\/v-avstriji-zaradi-stavke-obstal-zelezniski-promet-tudi-cezmejni\/\" \/>\n<meta property=\"og:site_name\" content=\"Hudo Slovenija\" \/>\n<meta property=\"article:publisher\" content=\"https:\/\/www.facebook.com\/hudo.si\" \/>\n<meta property=\"article:published_time\" content=\"2018-11-26T11:49:53+00:00\" \/>\n<meta property=\"og:image\" content=\"https:\/\/hudo.com\/si\/wp-content\/uploads\/sites\/2\/2018\/11\/profimedia-0384965199.jpg\" \/>\n\t<meta property=\"og:image:width\" content=\"1250\" \/>\n\t<meta property=\"og:image:height\" content=\"833\" \/>\n\t<meta property=\"og:image:type\" content=\"image\/jpeg\" \/>\n<meta name=\"author\" content=\"M. N., STA\" \/>\n<meta name=\"twitter:card\" content=\"summary_large_image\" \/>\n<meta name=\"twitter:creator\" content=\"@hudo_si\" \/>\n<meta name=\"twitter:site\" content=\"@hudo_si\" \/>\n<meta name=\"twitter:label1\" content=\"Written by\" \/>\n\t<meta name=\"twitter:data1\" content=\"M. N., STA\" \/>\n\t<meta name=\"twitter:label2\" content=\"Est. reading time\" \/>\n\t<meta name=\"twitter:data2\" content=\"1 minuta\" \/>\n<script type=\"application\/ld+json\" class=\"yoast-schema-graph\">{\"@context\":\"https:\/\/schema.org\",\"@graph\":[{\"@type\":\"Article\",\"@id\":\"https:\/\/hudo.com\/si\/aktualno\/v-avstriji-zaradi-stavke-obstal-zelezniski-promet-tudi-cezmejni\/#article\",\"isPartOf\":{\"@id\":\"https:\/\/hudo.com\/si\/aktualno\/v-avstriji-zaradi-stavke-obstal-zelezniski-promet-tudi-cezmejni\/\"},\"author\":{\"name\":\"M. N., STA\",\"@id\":\"https:\/\/hudo.com\/si\/#\/schema\/person\/c2f10ce65d2e6ede2aeda5be2a0611fa\"},\"headline\":\"V Avstriji zaradi stavke obstal \u017eelezni\u0161ki promet, tudi \u010dezmejni\",\"datePublished\":\"2018-11-26T11:49:53+00:00\",\"dateModified\":\"2018-11-26T11:49:53+00:00\",\"mainEntityOfPage\":{\"@id\":\"https:\/\/hudo.com\/si\/aktualno\/v-avstriji-zaradi-stavke-obstal-zelezniski-promet-tudi-cezmejni\/\"},\"wordCount\":253,\"publisher\":{\"@id\":\"https:\/\/hudo.com\/si\/#organization\"},\"keywords\":[\"Avstrija\",\"stavka\",\"\u017eelezni\u0161ki promet\"],\"articleSection\":[\"Aktualno\"],\"inLanguage\":\"sl-SI\"},{\"@type\":\"WebPage\",\"@id\":\"https:\/\/hudo.com\/si\/aktualno\/v-avstriji-zaradi-stavke-obstal-zelezniski-promet-tudi-cezmejni\/\",\"url\":\"https:\/\/hudo.com\/si\/aktualno\/v-avstriji-zaradi-stavke-obstal-zelezniski-promet-tudi-cezmejni\/\",\"name\":\"V Avstriji zaradi stavke obstal \u017eelezni\u0161ki promet, tudi \u010dezmejni - Hudo Slovenija\",\"isPartOf\":{\"@id\":\"https:\/\/hudo.com\/si\/#website\"},\"datePublished\":\"2018-11-26T11:49:53+00:00\",\"dateModified\":\"2018-11-26T11:49:53+00:00\",\"breadcrumb\":{\"@id\":\"https:\/\/hudo.com\/si\/aktualno\/v-avstriji-zaradi-stavke-obstal-zelezniski-promet-tudi-cezmejni\/#breadcrumb\"},\"inLanguage\":\"sl-SI\",\"potentialAction\":[{\"@type\":\"ReadAction\",\"target\":[\"https:\/\/hudo.com\/si\/aktualno\/v-avstriji-zaradi-stavke-obstal-zelezniski-promet-tudi-cezmejni\/\"]}]},{\"@type\":\"BreadcrumbList\",\"@id\":\"https:\/\/hudo.com\/si\/aktualno\/v-avstriji-zaradi-stavke-obstal-zelezniski-promet-tudi-cezmejni\/#breadcrumb\",\"itemListElement\":[{\"@type\":\"ListItem\",\"position\":1,\"name\":\"Home\",\"item\":\"https:\/\/hudo.com\/si\/\"},{\"@type\":\"ListItem\",\"position\":2,\"name\":\"V Avstriji zaradi stavke obstal \u017eelezni\u0161ki promet, tudi \u010dezmejni\"}]},{\"@type\":\"WebSite\",\"@id\":\"https:\/\/hudo.com\/si\/#website\",\"url\":\"https:\/\/hudo.com\/si\/\",\"name\":\"Hudo Slovenija\",\"description\":\"Vse novice iz Slovenije in sveta\",\"publisher\":{\"@id\":\"https:\/\/hudo.com\/si\/#organization\"},\"potentialAction\":[{\"@type\":\"SearchAction\",\"target\":{\"@type\":\"EntryPoint\",\"urlTemplate\":\"https:\/\/hudo.com\/si\/?s={search_term_string}\"},\"query-input\":\"required name=search_term_string\"}],\"inLanguage\":\"sl-SI\"},{\"@type\":\"Organization\",\"@id\":\"https:\/\/hudo.com\/si\/#organization\",\"name\":\"VSN Media\",\"url\":\"https:\/\/hudo.com\/si\/\",\"logo\":{\"@type\":\"ImageObject\",\"inLanguage\":\"sl-SI\",\"@id\":\"https:\/\/hudo.com\/si\/#\/schema\/logo\/image\/\",\"url\":\"https:\/\/hudo.com\/si\/wp-content\/uploads\/sites\/2\/2021\/03\/hudo-app-2.png\",\"contentUrl\":\"https:\/\/hudo.com\/si\/wp-content\/uploads\/sites\/2\/2021\/03\/hudo-app-2.png\",\"width\":2185,\"height\":2167,\"caption\":\"VSN Media\"},\"image\":{\"@id\":\"https:\/\/hudo.com\/si\/#\/schema\/logo\/image\/\"},\"sameAs\":[\"https:\/\/www.facebook.com\/hudo.si\",\"https:\/\/twitter.com\/hudo_si\"]},{\"@type\":\"Person\",\"@id\":\"https:\/\/hudo.com\/si\/#\/schema\/person\/c2f10ce65d2e6ede2aeda5be2a0611fa\",\"name\":\"M. N., STA\",\"image\":{\"@type\":\"ImageObject\",\"inLanguage\":\"sl-SI\",\"@id\":\"https:\/\/hudo.com\/si\/#\/schema\/person\/image\/\",\"url\":\"https:\/\/secure.gravatar.com\/avatar\/f370d38daa10467f755c5c766a4cac20?s=96&d=mm&r=g\",\"contentUrl\":\"https:\/\/secure.gravatar.com\/avatar\/f370d38daa10467f755c5c766a4cac20?s=96&d=mm&r=g\",\"caption\":\"M. N., STA\"},\"url\":\"https:\/\/hudo.com\/si\/author\/mana\/\"}]}<\/script>\n<!-- \/ Yoast SEO plugin. -->","yoast_head_json":{"title":"V Avstriji zaradi stavke obstal \u017eelezni\u0161ki promet, tudi \u010dezmejni - Hudo Slovenija","robots":{"index":"index","follow":"follow","max-snippet":"max-snippet:-1","max-image-preview":"max-image-preview:large","max-video-preview":"max-video-preview:-1"},"canonical":"https:\/\/hudo.com\/si\/aktualno\/v-avstriji-zaradi-stavke-obstal-zelezniski-promet-tudi-cezmejni\/","og_locale":"sl_SI","og_type":"article","og_title":"V Avstriji zaradi stavke obstal \u017eelezni\u0161ki promet, tudi \u010dezmejni - Hudo Slovenija","og_description":"V Avstriji se je opoldne za\u010dela predvidoma dvourna opozorilna stavka v avstrijskih dr\u017eavnih \u017eeleznicah \u00d6BB, zaradi katere je obstal ves \u017eelezni\u0161ki promet v dr\u017eavi, vklju\u010dno s \u010dezmejnim prometom. Del prevozov bodo nadomestili z avtobusi.","og_url":"https:\/\/hudo.com\/si\/aktualno\/v-avstriji-zaradi-stavke-obstal-zelezniski-promet-tudi-cezmejni\/","og_site_name":"Hudo Slovenija","article_publisher":"https:\/\/www.facebook.com\/hudo.si","article_published_time":"2018-11-26T11:49:53+00:00","og_image":[{"width":1250,"height":833,"url":"https:\/\/hudo.com\/si\/wp-content\/uploads\/sites\/2\/2018\/11\/profimedia-0384965199.jpg","type":"image\/jpeg"}],"author":"M. N., STA","twitter_card":"summary_large_image","twitter_creator":"@hudo_si","twitter_site":"@hudo_si","twitter_misc":{"Written by":"M. N., STA","Est. reading time":"1 minuta"},"schema":{"@context":"https:\/\/schema.org","@graph":[{"@type":"Article","@id":"https:\/\/hudo.com\/si\/aktualno\/v-avstriji-zaradi-stavke-obstal-zelezniski-promet-tudi-cezmejni\/#article","isPartOf":{"@id":"https:\/\/hudo.com\/si\/aktualno\/v-avstriji-zaradi-stavke-obstal-zelezniski-promet-tudi-cezmejni\/"},"author":{"name":"M. N., STA","@id":"https:\/\/hudo.com\/si\/#\/schema\/person\/c2f10ce65d2e6ede2aeda5be2a0611fa"},"headline":"V Avstriji zaradi stavke obstal \u017eelezni\u0161ki promet, tudi \u010dezmejni","datePublished":"2018-11-26T11:49:53+00:00","dateModified":"2018-11-26T11:49:53+00:00","mainEntityOfPage":{"@id":"https:\/\/hudo.com\/si\/aktualno\/v-avstriji-zaradi-stavke-obstal-zelezniski-promet-tudi-cezmejni\/"},"wordCount":253,"publisher":{"@id":"https:\/\/hudo.com\/si\/#organization"},"keywords":["Avstrija","stavka","\u017eelezni\u0161ki promet"],"articleSection":["Aktualno"],"inLanguage":"sl-SI"},{"@type":"WebPage","@id":"https:\/\/hudo.com\/si\/aktualno\/v-avstriji-zaradi-stavke-obstal-zelezniski-promet-tudi-cezmejni\/","url":"https:\/\/hudo.com\/si\/aktualno\/v-avstriji-zaradi-stavke-obstal-zelezniski-promet-tudi-cezmejni\/","name":"V Avstriji zaradi stavke obstal \u017eelezni\u0161ki promet, tudi \u010dezmejni - Hudo Slovenija","isPartOf":{"@id":"https:\/\/hudo.com\/si\/#website"},"datePublished":"2018-11-26T11:49:53+00:00","dateModified":"2018-11-26T11:49:53+00:00","breadcrumb":{"@id":"https:\/\/hudo.com\/si\/aktualno\/v-avstriji-zaradi-stavke-obstal-zelezniski-promet-tudi-cezmejni\/#breadcrumb"},"inLanguage":"sl-SI","potentialAction":[{"@type":"ReadAction","target":["https:\/\/hudo.com\/si\/aktualno\/v-avstriji-zaradi-stavke-obstal-zelezniski-promet-tudi-cezmejni\/"]}]},{"@type":"BreadcrumbList","@id":"https:\/\/hudo.com\/si\/aktualno\/v-avstriji-zaradi-stavke-obstal-zelezniski-promet-tudi-cezmejni\/#breadcrumb","itemListElement":[{"@type":"ListItem","position":1,"name":"Home","item":"https:\/\/hudo.com\/si\/"},{"@type":"ListItem","position":2,"name":"V Avstriji zaradi stavke obstal \u017eelezni\u0161ki promet, tudi \u010dezmejni"}]},{"@type":"WebSite","@id":"https:\/\/hudo.com\/si\/#website","url":"https:\/\/hudo.com\/si\/","name":"Hudo Slovenija","description":"Vse novice iz Slovenije in sveta","publisher":{"@id":"https:\/\/hudo.com\/si\/#organization"},"potentialAction":[{"@type":"SearchAction","target":{"@type":"EntryPoint","urlTemplate":"https:\/\/hudo.com\/si\/?s={search_term_string}"},"query-input":"required name=search_term_string"}],"inLanguage":"sl-SI"},{"@type":"Organization","@id":"https:\/\/hudo.com\/si\/#organization","name":"VSN Media","url":"https:\/\/hudo.com\/si\/","logo":{"@type":"ImageObject","inLanguage":"sl-SI","@id":"https:\/\/hudo.com\/si\/#\/schema\/logo\/image\/","url":"https:\/\/hudo.com\/si\/wp-content\/uploads\/sites\/2\/2021\/03\/hudo-app-2.png","contentUrl":"https:\/\/hudo.com\/si\/wp-content\/uploads\/sites\/2\/2021\/03\/hudo-app-2.png","width":2185,"height":2167,"caption":"VSN Media"},"image":{"@id":"https:\/\/hudo.com\/si\/#\/schema\/logo\/image\/"},"sameAs":["https:\/\/www.facebook.com\/hudo.si","https:\/\/twitter.com\/hudo_si"]},{"@type":"Person","@id":"https:\/\/hudo.com\/si\/#\/schema\/person\/c2f10ce65d2e6ede2aeda5be2a0611fa","name":"M. N., STA","image":{"@type":"ImageObject","inLanguage":"sl-SI","@id":"https:\/\/hudo.com\/si\/#\/schema\/person\/image\/","url":"https:\/\/secure.gravatar.com\/avatar\/f370d38daa10467f755c5c766a4cac20?s=96&d=mm&r=g","contentUrl":"https:\/\/secure.gravatar.com\/avatar\/f370d38daa10467f755c5c766a4cac20?s=96&d=mm&r=g","caption":"M. N., STA"},"url":"https:\/\/hudo.com\/si\/author\/mana\/"}]}},"amp_enabled":true,"_links":{"self":[{"href":"https:\/\/hudo.com\/si\/wp-json\/wp\/v2\/posts\/381678"}],"collection":[{"href":"https:\/\/hudo.com\/si\/wp-json\/wp\/v2\/posts"}],"about":[{"href":"https:\/\/hudo.com\/si\/wp-json\/wp\/v2\/types\/post"}],"author":[{"embeddable":true,"href":"https:\/\/hudo.com\/si\/wp-json\/wp\/v2\/users\/8"}],"replies":[{"embeddable":true,"href":"https:\/\/hudo.com\/si\/wp-json\/wp\/v2\/comments?post=381678"}],"version-history":[{"count":1,"href":"https:\/\/hudo.com\/si\/wp-json\/wp\/v2\/posts\/381678\/revisions"}],"predecessor-version":[{"id":381680,"href":"https:\/\/hudo.com\/si\/wp-json\/wp\/v2\/posts\/381678\/revisions\/381680"}],"wp:featuredmedia":[{"embeddable":true,"href":"https:\/\/hudo.com\/si\/wp-json\/wp\/v2\/media\/381679"}],"wp:attachment":[{"href":"https:\/\/hudo.com\/si\/wp-json\/wp\/v2\/media?parent=381678"}],"wp:term":[{"taxonomy":"category","embeddable":true,"href":"https:\/\/hudo.com\/si\/wp-json\/wp\/v2\/categories?post=381678"},{"taxonomy":"post_tag","embeddable":true,"href":"https:\/\/hudo.com\/si\/wp-json\/wp\/v2\/tags?post=381678"},{"taxonomy":"source","embeddable":true,"href":"https:\/\/hudo.com\/si\/wp-json\/wp\/v2\/source?post=381678"},{"taxonomy":"supertag","embeddable":true,"href":"https:\/\/hudo.com\/si\/wp-json\/wp\/v2\/supertag?post=381678"}],"curies":[{"name":"wp","href":"https:\/\/api.w.org\/{rel}","templated":true}]}}