{"id":381838,"date":"2018-11-28T12:42:18","date_gmt":"2018-11-28T11:42:18","guid":{"rendered":"http:\/\/hudo.com\/si\/?p=381838"},"modified":"2018-11-28T12:46:19","modified_gmt":"2018-11-28T11:46:19","slug":"sab-za-bandellijevega-naslednika-predlaga-iztoka-purica","status":"publish","type":"post","link":"https:\/\/hudo.com\/si\/aktualno\/sab-za-bandellijevega-naslednika-predlaga-iztoka-purica\/","title":{"rendered":"SAB za Bandellijevega naslednika predlaga Iztoka Puri\u010da"},"content":{"rendered":"<div class=\"text\">\n<p>Bandelli je odstopil 13. novembra, potem ko ga je k odstopu zaradi neprimerne komunikacije in domnevno slabega dela na ministrstvu pozval premier. &#8220;Njegovo zadnje dejanje, ko je v javno razkritem elektronskem pismu pridobitev javnih sredstev pogojeval z umikom \u017eupanske kandidature, je nedopustno, najmanj moralno sporno in za ministra povsem neprimerno. Zanj ni opravi\u010dila,&#8221; je bil v ultimatu oster \u0160arec.<\/p>\n<p>DZ se je z Bandellijevim odstopom seznanil prej\u0161nji ponedeljek, ko je za\u010del te\u010di desetdnevni rok, ko mora premier predlagati novega ministra ali obvestiti DZ, da bo funkcijo tega ministra za\u010dasno opravljal sam ali kdo drug iz vlade.<\/p>\n<p>Puri\u010d, sicer doktor znanosti s podro\u010dja organizacijskih ved, je 12 let vodil Javni gospodarski zavod Brdo, preden ga je vlada razre\u0161ila junija 2012 zaradi nepravilnosti pri vodenju zavoda. Pred tem je Puri\u010d vodil splo\u0161no-kadrovsko slu\u017ebo v Exotermu in \u017ditu.<\/p>\n<p>Novega ministra za kohezijo pa \u010daka veliko dela, saj bi \u017ee Bandelli moral v vladno proceduro vlo\u017eiti informacijo o \u010drpanju evropskih sredstev, ki naj bi vsebovala pregled stanja in ukrepe za u\u010dinkovitej\u0161e \u010drpanje EU sredstev.<\/p>\n<p>&#8220;Glede na trenutno stanje in nespodbudne informacije je nesprejemljivo, da slu\u017eba vlade za razvoj in evropsko kohezijsko politiko dva meseca po nastopu mandata \u0161e ni izdelala celovitega pregleda stanja nad \u010drpanjem EU sredstev in ustreznega akcijskega na\u010drta,&#8221; je o delu vladne slu\u017ebe pred \u010dasom dejal \u0160arec.<\/p>\n<\/div>\n","protected":false},"excerpt":{"rendered":"<p>SAB je premierju Marjanu \u0160arcu kot kandidata za novega ministra za razvoj, strate\u0161ke projekte in kohezijo predlagala dolgoletnega direktorja javnega zavoda Brdo Iztoka Puri\u010da. Premier se z njegovo kandidaturo strinja, so potrdili v \u0160ar\u010devem kabinetu. Puri\u010d, ki je \u017ee upokojen, bo v primeru potrditve v DZ na mestu ministra zamenjal Marka Bandellija.<\/p>\n","protected":false},"author":5,"featured_media":381839,"comment_status":"closed","ping_status":"closed","sticky":false,"template":"","format":"standard","meta":{"footnotes":""},"categories":[1179],"tags":[12462,12350,1595,11084],"source":[4511],"supertag":[],"acf":[],"yoast_head":"<!-- This site is optimized with the Yoast SEO plugin v21.3 - https:\/\/yoast.com\/wordpress\/plugins\/seo\/ -->\n<title>SAB za Bandellijevega naslednika predlaga Iztoka Puri\u010da - Hudo Slovenija<\/title>\n<meta name=\"robots\" content=\"index, follow, max-snippet:-1, max-image-preview:large, max-video-preview:-1\" \/>\n<link rel=\"canonical\" href=\"https:\/\/hudo.com\/si\/aktualno\/sab-za-bandellijevega-naslednika-predlaga-iztoka-purica\/\" \/>\n<meta property=\"og:locale\" content=\"sl_SI\" \/>\n<meta property=\"og:type\" content=\"article\" \/>\n<meta property=\"og:title\" content=\"SAB za Bandellijevega naslednika predlaga Iztoka Puri\u010da - Hudo Slovenija\" \/>\n<meta property=\"og:description\" content=\"SAB je premierju Marjanu \u0160arcu kot kandidata za novega ministra za razvoj, strate\u0161ke projekte in kohezijo predlagala dolgoletnega direktorja javnega zavoda Brdo Iztoka Puri\u010da. Premier se z njegovo kandidaturo strinja, so potrdili v \u0160ar\u010devem kabinetu. Puri\u010d, ki je \u017ee upokojen, bo v primeru potrditve v DZ na mestu ministra zamenjal Marka Bandellija.\" \/>\n<meta property=\"og:url\" content=\"https:\/\/hudo.com\/si\/aktualno\/sab-za-bandellijevega-naslednika-predlaga-iztoka-purica\/\" \/>\n<meta property=\"og:site_name\" content=\"Hudo Slovenija\" \/>\n<meta property=\"article:publisher\" content=\"https:\/\/www.facebook.com\/hudo.si\" \/>\n<meta property=\"article:published_time\" content=\"2018-11-28T11:42:18+00:00\" \/>\n<meta property=\"article:modified_time\" content=\"2018-11-28T11:46:19+00:00\" \/>\n<meta property=\"og:image\" content=\"https:\/\/hudo.com\/si\/wp-content\/uploads\/sites\/2\/2018\/11\/20181118-00899048.jpg\" \/>\n\t<meta property=\"og:image:width\" content=\"640\" \/>\n\t<meta property=\"og:image:height\" content=\"426\" \/>\n\t<meta property=\"og:image:type\" content=\"image\/jpeg\" \/>\n<meta name=\"author\" content=\"A. G., STA\" \/>\n<meta name=\"twitter:card\" content=\"summary_large_image\" \/>\n<meta name=\"twitter:creator\" content=\"@hudo_si\" \/>\n<meta name=\"twitter:site\" content=\"@hudo_si\" \/>\n<meta name=\"twitter:label1\" content=\"Written by\" \/>\n\t<meta name=\"twitter:data1\" content=\"A. G., STA\" \/>\n\t<meta name=\"twitter:label2\" content=\"Est. reading time\" \/>\n\t<meta name=\"twitter:data2\" content=\"1 minuta\" \/>\n<script type=\"application\/ld+json\" class=\"yoast-schema-graph\">{\"@context\":\"https:\/\/schema.org\",\"@graph\":[{\"@type\":\"Article\",\"@id\":\"https:\/\/hudo.com\/si\/aktualno\/sab-za-bandellijevega-naslednika-predlaga-iztoka-purica\/#article\",\"isPartOf\":{\"@id\":\"https:\/\/hudo.com\/si\/aktualno\/sab-za-bandellijevega-naslednika-predlaga-iztoka-purica\/\"},\"author\":{\"name\":\"A. G., STA\",\"@id\":\"https:\/\/hudo.com\/si\/#\/schema\/person\/2391667a63ea075ba94f2f2dc6b77537\"},\"headline\":\"SAB za Bandellijevega naslednika predlaga Iztoka Puri\u010da\",\"datePublished\":\"2018-11-28T11:42:18+00:00\",\"dateModified\":\"2018-11-28T11:46:19+00:00\",\"mainEntityOfPage\":{\"@id\":\"https:\/\/hudo.com\/si\/aktualno\/sab-za-bandellijevega-naslednika-predlaga-iztoka-purica\/\"},\"wordCount\":236,\"publisher\":{\"@id\":\"https:\/\/hudo.com\/si\/#organization\"},\"keywords\":[\"Iztok Puri\u010d\",\"kohezija\",\"Slovenija\",\"stranka Alenke Bratu\u0161ek\"],\"articleSection\":[\"Aktualno\"],\"inLanguage\":\"sl-SI\"},{\"@type\":\"WebPage\",\"@id\":\"https:\/\/hudo.com\/si\/aktualno\/sab-za-bandellijevega-naslednika-predlaga-iztoka-purica\/\",\"url\":\"https:\/\/hudo.com\/si\/aktualno\/sab-za-bandellijevega-naslednika-predlaga-iztoka-purica\/\",\"name\":\"SAB za Bandellijevega naslednika predlaga Iztoka Puri\u010da - Hudo Slovenija\",\"isPartOf\":{\"@id\":\"https:\/\/hudo.com\/si\/#website\"},\"datePublished\":\"2018-11-28T11:42:18+00:00\",\"dateModified\":\"2018-11-28T11:46:19+00:00\",\"breadcrumb\":{\"@id\":\"https:\/\/hudo.com\/si\/aktualno\/sab-za-bandellijevega-naslednika-predlaga-iztoka-purica\/#breadcrumb\"},\"inLanguage\":\"sl-SI\",\"potentialAction\":[{\"@type\":\"ReadAction\",\"target\":[\"https:\/\/hudo.com\/si\/aktualno\/sab-za-bandellijevega-naslednika-predlaga-iztoka-purica\/\"]}]},{\"@type\":\"BreadcrumbList\",\"@id\":\"https:\/\/hudo.com\/si\/aktualno\/sab-za-bandellijevega-naslednika-predlaga-iztoka-purica\/#breadcrumb\",\"itemListElement\":[{\"@type\":\"ListItem\",\"position\":1,\"name\":\"Home\",\"item\":\"https:\/\/hudo.com\/si\/\"},{\"@type\":\"ListItem\",\"position\":2,\"name\":\"SAB za Bandellijevega naslednika predlaga Iztoka Puri\u010da\"}]},{\"@type\":\"WebSite\",\"@id\":\"https:\/\/hudo.com\/si\/#website\",\"url\":\"https:\/\/hudo.com\/si\/\",\"name\":\"Hudo Slovenija\",\"description\":\"Vse novice iz Slovenije in sveta\",\"publisher\":{\"@id\":\"https:\/\/hudo.com\/si\/#organization\"},\"potentialAction\":[{\"@type\":\"SearchAction\",\"target\":{\"@type\":\"EntryPoint\",\"urlTemplate\":\"https:\/\/hudo.com\/si\/?s={search_term_string}\"},\"query-input\":\"required name=search_term_string\"}],\"inLanguage\":\"sl-SI\"},{\"@type\":\"Organization\",\"@id\":\"https:\/\/hudo.com\/si\/#organization\",\"name\":\"VSN Media\",\"url\":\"https:\/\/hudo.com\/si\/\",\"logo\":{\"@type\":\"ImageObject\",\"inLanguage\":\"sl-SI\",\"@id\":\"https:\/\/hudo.com\/si\/#\/schema\/logo\/image\/\",\"url\":\"https:\/\/hudo.com\/si\/wp-content\/uploads\/sites\/2\/2021\/03\/hudo-app-2.png\",\"contentUrl\":\"https:\/\/hudo.com\/si\/wp-content\/uploads\/sites\/2\/2021\/03\/hudo-app-2.png\",\"width\":2185,\"height\":2167,\"caption\":\"VSN Media\"},\"image\":{\"@id\":\"https:\/\/hudo.com\/si\/#\/schema\/logo\/image\/\"},\"sameAs\":[\"https:\/\/www.facebook.com\/hudo.si\",\"https:\/\/twitter.com\/hudo_si\"]},{\"@type\":\"Person\",\"@id\":\"https:\/\/hudo.com\/si\/#\/schema\/person\/2391667a63ea075ba94f2f2dc6b77537\",\"name\":\"A. G., STA\",\"image\":{\"@type\":\"ImageObject\",\"inLanguage\":\"sl-SI\",\"@id\":\"https:\/\/hudo.com\/si\/#\/schema\/person\/image\/\",\"url\":\"https:\/\/secure.gravatar.com\/avatar\/e13d22ac3e442658d5025fbbe6238a79?s=96&d=mm&r=g\",\"contentUrl\":\"https:\/\/secure.gravatar.com\/avatar\/e13d22ac3e442658d5025fbbe6238a79?s=96&d=mm&r=g\",\"caption\":\"A. G., STA\"},\"url\":\"https:\/\/hudo.com\/si\/author\/alenka\/\"}]}<\/script>\n<!-- \/ Yoast SEO plugin. -->","yoast_head_json":{"title":"SAB za Bandellijevega naslednika predlaga Iztoka Puri\u010da - Hudo Slovenija","robots":{"index":"index","follow":"follow","max-snippet":"max-snippet:-1","max-image-preview":"max-image-preview:large","max-video-preview":"max-video-preview:-1"},"canonical":"https:\/\/hudo.com\/si\/aktualno\/sab-za-bandellijevega-naslednika-predlaga-iztoka-purica\/","og_locale":"sl_SI","og_type":"article","og_title":"SAB za Bandellijevega naslednika predlaga Iztoka Puri\u010da - Hudo Slovenija","og_description":"SAB je premierju Marjanu \u0160arcu kot kandidata za novega ministra za razvoj, strate\u0161ke projekte in kohezijo predlagala dolgoletnega direktorja javnega zavoda Brdo Iztoka Puri\u010da. Premier se z njegovo kandidaturo strinja, so potrdili v \u0160ar\u010devem kabinetu. Puri\u010d, ki je \u017ee upokojen, bo v primeru potrditve v DZ na mestu ministra zamenjal Marka Bandellija.","og_url":"https:\/\/hudo.com\/si\/aktualno\/sab-za-bandellijevega-naslednika-predlaga-iztoka-purica\/","og_site_name":"Hudo Slovenija","article_publisher":"https:\/\/www.facebook.com\/hudo.si","article_published_time":"2018-11-28T11:42:18+00:00","article_modified_time":"2018-11-28T11:46:19+00:00","og_image":[{"width":640,"height":426,"url":"https:\/\/hudo.com\/si\/wp-content\/uploads\/sites\/2\/2018\/11\/20181118-00899048.jpg","type":"image\/jpeg"}],"author":"A. G., STA","twitter_card":"summary_large_image","twitter_creator":"@hudo_si","twitter_site":"@hudo_si","twitter_misc":{"Written by":"A. G., STA","Est. reading time":"1 minuta"},"schema":{"@context":"https:\/\/schema.org","@graph":[{"@type":"Article","@id":"https:\/\/hudo.com\/si\/aktualno\/sab-za-bandellijevega-naslednika-predlaga-iztoka-purica\/#article","isPartOf":{"@id":"https:\/\/hudo.com\/si\/aktualno\/sab-za-bandellijevega-naslednika-predlaga-iztoka-purica\/"},"author":{"name":"A. G., STA","@id":"https:\/\/hudo.com\/si\/#\/schema\/person\/2391667a63ea075ba94f2f2dc6b77537"},"headline":"SAB za Bandellijevega naslednika predlaga Iztoka Puri\u010da","datePublished":"2018-11-28T11:42:18+00:00","dateModified":"2018-11-28T11:46:19+00:00","mainEntityOfPage":{"@id":"https:\/\/hudo.com\/si\/aktualno\/sab-za-bandellijevega-naslednika-predlaga-iztoka-purica\/"},"wordCount":236,"publisher":{"@id":"https:\/\/hudo.com\/si\/#organization"},"keywords":["Iztok Puri\u010d","kohezija","Slovenija","stranka Alenke Bratu\u0161ek"],"articleSection":["Aktualno"],"inLanguage":"sl-SI"},{"@type":"WebPage","@id":"https:\/\/hudo.com\/si\/aktualno\/sab-za-bandellijevega-naslednika-predlaga-iztoka-purica\/","url":"https:\/\/hudo.com\/si\/aktualno\/sab-za-bandellijevega-naslednika-predlaga-iztoka-purica\/","name":"SAB za Bandellijevega naslednika predlaga Iztoka Puri\u010da - Hudo Slovenija","isPartOf":{"@id":"https:\/\/hudo.com\/si\/#website"},"datePublished":"2018-11-28T11:42:18+00:00","dateModified":"2018-11-28T11:46:19+00:00","breadcrumb":{"@id":"https:\/\/hudo.com\/si\/aktualno\/sab-za-bandellijevega-naslednika-predlaga-iztoka-purica\/#breadcrumb"},"inLanguage":"sl-SI","potentialAction":[{"@type":"ReadAction","target":["https:\/\/hudo.com\/si\/aktualno\/sab-za-bandellijevega-naslednika-predlaga-iztoka-purica\/"]}]},{"@type":"BreadcrumbList","@id":"https:\/\/hudo.com\/si\/aktualno\/sab-za-bandellijevega-naslednika-predlaga-iztoka-purica\/#breadcrumb","itemListElement":[{"@type":"ListItem","position":1,"name":"Home","item":"https:\/\/hudo.com\/si\/"},{"@type":"ListItem","position":2,"name":"SAB za Bandellijevega naslednika predlaga Iztoka Puri\u010da"}]},{"@type":"WebSite","@id":"https:\/\/hudo.com\/si\/#website","url":"https:\/\/hudo.com\/si\/","name":"Hudo Slovenija","description":"Vse novice iz Slovenije in sveta","publisher":{"@id":"https:\/\/hudo.com\/si\/#organization"},"potentialAction":[{"@type":"SearchAction","target":{"@type":"EntryPoint","urlTemplate":"https:\/\/hudo.com\/si\/?s={search_term_string}"},"query-input":"required name=search_term_string"}],"inLanguage":"sl-SI"},{"@type":"Organization","@id":"https:\/\/hudo.com\/si\/#organization","name":"VSN Media","url":"https:\/\/hudo.com\/si\/","logo":{"@type":"ImageObject","inLanguage":"sl-SI","@id":"https:\/\/hudo.com\/si\/#\/schema\/logo\/image\/","url":"https:\/\/hudo.com\/si\/wp-content\/uploads\/sites\/2\/2021\/03\/hudo-app-2.png","contentUrl":"https:\/\/hudo.com\/si\/wp-content\/uploads\/sites\/2\/2021\/03\/hudo-app-2.png","width":2185,"height":2167,"caption":"VSN Media"},"image":{"@id":"https:\/\/hudo.com\/si\/#\/schema\/logo\/image\/"},"sameAs":["https:\/\/www.facebook.com\/hudo.si","https:\/\/twitter.com\/hudo_si"]},{"@type":"Person","@id":"https:\/\/hudo.com\/si\/#\/schema\/person\/2391667a63ea075ba94f2f2dc6b77537","name":"A. G., STA","image":{"@type":"ImageObject","inLanguage":"sl-SI","@id":"https:\/\/hudo.com\/si\/#\/schema\/person\/image\/","url":"https:\/\/secure.gravatar.com\/avatar\/e13d22ac3e442658d5025fbbe6238a79?s=96&d=mm&r=g","contentUrl":"https:\/\/secure.gravatar.com\/avatar\/e13d22ac3e442658d5025fbbe6238a79?s=96&d=mm&r=g","caption":"A. G., STA"},"url":"https:\/\/hudo.com\/si\/author\/alenka\/"}]}},"amp_enabled":true,"_links":{"self":[{"href":"https:\/\/hudo.com\/si\/wp-json\/wp\/v2\/posts\/381838"}],"collection":[{"href":"https:\/\/hudo.com\/si\/wp-json\/wp\/v2\/posts"}],"about":[{"href":"https:\/\/hudo.com\/si\/wp-json\/wp\/v2\/types\/post"}],"author":[{"embeddable":true,"href":"https:\/\/hudo.com\/si\/wp-json\/wp\/v2\/users\/5"}],"replies":[{"embeddable":true,"href":"https:\/\/hudo.com\/si\/wp-json\/wp\/v2\/comments?post=381838"}],"version-history":[{"count":2,"href":"https:\/\/hudo.com\/si\/wp-json\/wp\/v2\/posts\/381838\/revisions"}],"predecessor-version":[{"id":381841,"href":"https:\/\/hudo.com\/si\/wp-json\/wp\/v2\/posts\/381838\/revisions\/381841"}],"wp:featuredmedia":[{"embeddable":true,"href":"https:\/\/hudo.com\/si\/wp-json\/wp\/v2\/media\/381839"}],"wp:attachment":[{"href":"https:\/\/hudo.com\/si\/wp-json\/wp\/v2\/media?parent=381838"}],"wp:term":[{"taxonomy":"category","embeddable":true,"href":"https:\/\/hudo.com\/si\/wp-json\/wp\/v2\/categories?post=381838"},{"taxonomy":"post_tag","embeddable":true,"href":"https:\/\/hudo.com\/si\/wp-json\/wp\/v2\/tags?post=381838"},{"taxonomy":"source","embeddable":true,"href":"https:\/\/hudo.com\/si\/wp-json\/wp\/v2\/source?post=381838"},{"taxonomy":"supertag","embeddable":true,"href":"https:\/\/hudo.com\/si\/wp-json\/wp\/v2\/supertag?post=381838"}],"curies":[{"name":"wp","href":"https:\/\/api.w.org\/{rel}","templated":true}]}}