{"id":381914,"date":"2018-11-29T14:00:14","date_gmt":"2018-11-29T13:00:14","guid":{"rendered":"http:\/\/hudo.com\/si\/?p=381914"},"modified":"2018-11-29T14:00:14","modified_gmt":"2018-11-29T13:00:14","slug":"klekljanje-cipk-v-sloveniji-vpisano-na-unescov-seznam-nesnovne-dediscine","status":"publish","type":"post","link":"https:\/\/hudo.com\/si\/aktualno\/klekljanje-cipk-v-sloveniji-vpisano-na-unescov-seznam-nesnovne-dediscine\/","title":{"rendered":"Klekljanje \u010dipk v Sloveniji vpisano na Unescov seznam nesnovne dedi\u0161\u010dine"},"content":{"rendered":"<div class=\"text\">\n<p>Vpis pomeni priznanje umetni\u0161kemu ustvarjanju, ki se stoletja prena\u0161a iz roda v rod in povezuje vse generacije od otrok do starih star\u0161ev. Gre za primer posebne oblike ljudske umetne obrti, ki se ves \u010das izpopolnjuje in dopolnjuje ter bogati \u017eivljenjske zgodbe posameznikov, dru\u017ein, sosesk in prijateljskih dru\u017eb posameznih naselij in pokrajin.<\/p>\n<p>Klekljanje je ve\u0161\u010dina ro\u010dnega izdelovanja \u010dipk s sukanjem in kri\u017eanjem niti, navitih na posebne, stru\u017eene lesene pal\u010dke &#8211; kleklje. Postopek klekljanja sledi vzorcu &#8211; risbi na papirnati predlogi, pritrjeni na valjasto blazino, vstavljeno v pleteno ko\u0161arico, ali lesen podstavek. Klekljarica potrebuje \u0161e bucike, kva\u010dko, \u0161karjice in pripomo\u010dek za navijanje sukanca na kleklje.<\/p>\n<p>\u010cipke se izdelujejo iz lanenih in bomba\u017enih niti, svile, redkeje volne, umetnih materialov ali kovinskih niti. Z uporabo razli\u010dnih klekljarskih elementov in tehnik ter lokalno prepoznavnih vzorcev, ki jih pogosto zaznamujejo ljudska poimenovanja (kri\u017eavke, sr\u010dkovke, poga\u010dke, mo\u010deradovke), klekljarice izdelujejo \u010dipke metrskih ali zaklju\u010denih oblik.<\/p>\n<p>Zaradi gospodarske vloge, ki jo je imelo klekljanje v preteklosti, se je ohranilo do danes, ko predstavlja predvsem prosto\u010dasno dejavnost, s katero se ukvarjajo najve\u010d upokojene \u017eenske, otroci in mladina, redkeje mo\u0161ki, ki sodelujejo predvsem kot izdelovalci klekljarskih pripomo\u010dkov. Danes imajo \u010dipke tudi druge dru\u017ebene vloge. So inspiracija za umetni\u0161ko ustvarjanje v modi, sodobnih vizualnih umetni\u0161kih praksah, oblikovanju, arhitekturi in dekoraciji v kulinariki. Klekljanje je kreativno izra\u017eanje vseh, ki so vklju\u010deni v proces nastajanja \u010dipke &#8211; tako risarja vzorca kot klekljarice, so \u0161e zapisali na ministrstvu.<\/p>\n<p>Obse\u017een predlog nominacije je nastal v sodelovanju strokovnjakinj Mestnega muzeja Idrija, Muzeja in galerij mesta Ljubljana &#8211; Mestnega muzeja, Lo\u0161kega muzeja \u0160kofja Loka, slovenskega odbora organizacije za klekljano in \u0161ivano \u010dipko OIDFA, ministrstva za kulturo, Slovenskega etnografskega muzeja in ob velikem odzivu klekljarskih dru\u0161tev, sekcij in skupin ter u\u010dencev \u010dipkarskih \u0161ol.<\/p>\n<p>Reprezentativni seznam nesnovne kulturne dedi\u0161\u010dine \u010dlove\u0161tva je najvidnej\u0161i izraz varovanja nesnovne kulturne dedi\u0161\u010dine v mednarodnem okolju. Osnova zanj je konvencija o varovanju nesnovne kulturne dedi\u0161\u010dine iz leta 2003, ki jo je Slovenija ratificirala leta 2008. Istega leta je vzpostavila tudi register nesnovne kulturne dedi\u0161\u010dine, v katerega je trenutno vpisanih 66 enot.<\/p>\n<p>V sredo je medvladni odbor za varovanje nesnovne kulturne dedi\u0161\u010dine na zasedanju tudi odlo\u010dil, da se na Unescov reprezentativni seznam nesnovne kulturne dedi\u0161\u010dine \u010dlove\u0161tva vpi\u0161e ve\u0161\u010dina suhozidne gradnje. Nominacija za vpis na seznam je povezala osem evropskih dr\u017eav.<\/p>\n<p>Iz Slovenije sta na seznamu tudi \u0160kofjelo\u0161ki pasijon in obhodi kurentov.<\/p>\n<\/div>\n","protected":false},"excerpt":{"rendered":"<p>Medvladni odbor za varovanje nesnovne kulturne dedi\u0161\u010dine je na zasedanju v Port Louisu na Mavriciju odlo\u010dil, da se na Unescov reprezentativni seznam nesnovne kulturne dedi\u0161\u010dine \u010dlove\u0161tva vpi\u0161e Klekljanje \u010dipk v Sloveniji, so sporo\u010dili z ministrstva za kulturo. Slovenija je nominacijo v formalni postopek pri Unescu vlo\u017eila marca 2017.<\/p>\n","protected":false},"author":5,"featured_media":381915,"comment_status":"closed","ping_status":"closed","sticky":false,"template":"","format":"standard","meta":{"footnotes":""},"categories":[1179],"tags":[12473,5022,1595,6743],"source":[4511],"supertag":[],"acf":[],"yoast_head":"<!-- This site is optimized with the Yoast SEO plugin v21.3 - https:\/\/yoast.com\/wordpress\/plugins\/seo\/ -->\n<title>Klekljanje \u010dipk v Sloveniji vpisano na Unescov seznam nesnovne dedi\u0161\u010dine - Hudo Slovenija<\/title>\n<meta name=\"robots\" content=\"index, follow, max-snippet:-1, max-image-preview:large, max-video-preview:-1\" \/>\n<link rel=\"canonical\" href=\"https:\/\/hudo.com\/si\/aktualno\/klekljanje-cipk-v-sloveniji-vpisano-na-unescov-seznam-nesnovne-dediscine\/\" \/>\n<meta property=\"og:locale\" content=\"sl_SI\" \/>\n<meta property=\"og:type\" content=\"article\" \/>\n<meta property=\"og:title\" content=\"Klekljanje \u010dipk v Sloveniji vpisano na Unescov seznam nesnovne dedi\u0161\u010dine - Hudo Slovenija\" \/>\n<meta property=\"og:description\" content=\"Medvladni odbor za varovanje nesnovne kulturne dedi\u0161\u010dine je na zasedanju v Port Louisu na Mavriciju odlo\u010dil, da se na Unescov reprezentativni seznam nesnovne kulturne dedi\u0161\u010dine \u010dlove\u0161tva vpi\u0161e Klekljanje \u010dipk v Sloveniji, so sporo\u010dili z ministrstva za kulturo. Slovenija je nominacijo v formalni postopek pri Unescu vlo\u017eila marca 2017.\" \/>\n<meta property=\"og:url\" content=\"https:\/\/hudo.com\/si\/aktualno\/klekljanje-cipk-v-sloveniji-vpisano-na-unescov-seznam-nesnovne-dediscine\/\" \/>\n<meta property=\"og:site_name\" content=\"Hudo Slovenija\" \/>\n<meta property=\"article:publisher\" content=\"https:\/\/www.facebook.com\/hudo.si\" \/>\n<meta property=\"article:published_time\" content=\"2018-11-29T13:00:14+00:00\" \/>\n<meta property=\"og:image\" content=\"https:\/\/hudo.com\/si\/wp-content\/uploads\/sites\/2\/2018\/11\/20100621-00194400.jpg\" \/>\n\t<meta property=\"og:image:width\" content=\"640\" \/>\n\t<meta property=\"og:image:height\" content=\"481\" \/>\n\t<meta property=\"og:image:type\" content=\"image\/jpeg\" \/>\n<meta name=\"author\" content=\"A. G., STA\" \/>\n<meta name=\"twitter:card\" content=\"summary_large_image\" \/>\n<meta name=\"twitter:creator\" content=\"@hudo_si\" \/>\n<meta name=\"twitter:site\" content=\"@hudo_si\" \/>\n<meta name=\"twitter:label1\" content=\"Written by\" \/>\n\t<meta name=\"twitter:data1\" content=\"A. G., STA\" \/>\n\t<meta name=\"twitter:label2\" content=\"Est. reading time\" \/>\n\t<meta name=\"twitter:data2\" content=\"2 minuti\" \/>\n<script type=\"application\/ld+json\" class=\"yoast-schema-graph\">{\"@context\":\"https:\/\/schema.org\",\"@graph\":[{\"@type\":\"Article\",\"@id\":\"https:\/\/hudo.com\/si\/aktualno\/klekljanje-cipk-v-sloveniji-vpisano-na-unescov-seznam-nesnovne-dediscine\/#article\",\"isPartOf\":{\"@id\":\"https:\/\/hudo.com\/si\/aktualno\/klekljanje-cipk-v-sloveniji-vpisano-na-unescov-seznam-nesnovne-dediscine\/\"},\"author\":{\"name\":\"A. G., STA\",\"@id\":\"https:\/\/hudo.com\/si\/#\/schema\/person\/2391667a63ea075ba94f2f2dc6b77537\"},\"headline\":\"Klekljanje \u010dipk v Sloveniji vpisano na Unescov seznam nesnovne dedi\u0161\u010dine\",\"datePublished\":\"2018-11-29T13:00:14+00:00\",\"dateModified\":\"2018-11-29T13:00:14+00:00\",\"mainEntityOfPage\":{\"@id\":\"https:\/\/hudo.com\/si\/aktualno\/klekljanje-cipk-v-sloveniji-vpisano-na-unescov-seznam-nesnovne-dediscine\/\"},\"wordCount\":438,\"publisher\":{\"@id\":\"https:\/\/hudo.com\/si\/#organization\"},\"keywords\":[\"kleklanje \u010dipk\",\"kulturna dedi\u0161\u010dina\",\"Slovenija\",\"unesco\"],\"articleSection\":[\"Aktualno\"],\"inLanguage\":\"sl-SI\"},{\"@type\":\"WebPage\",\"@id\":\"https:\/\/hudo.com\/si\/aktualno\/klekljanje-cipk-v-sloveniji-vpisano-na-unescov-seznam-nesnovne-dediscine\/\",\"url\":\"https:\/\/hudo.com\/si\/aktualno\/klekljanje-cipk-v-sloveniji-vpisano-na-unescov-seznam-nesnovne-dediscine\/\",\"name\":\"Klekljanje \u010dipk v Sloveniji vpisano na Unescov seznam nesnovne dedi\u0161\u010dine - Hudo Slovenija\",\"isPartOf\":{\"@id\":\"https:\/\/hudo.com\/si\/#website\"},\"datePublished\":\"2018-11-29T13:00:14+00:00\",\"dateModified\":\"2018-11-29T13:00:14+00:00\",\"breadcrumb\":{\"@id\":\"https:\/\/hudo.com\/si\/aktualno\/klekljanje-cipk-v-sloveniji-vpisano-na-unescov-seznam-nesnovne-dediscine\/#breadcrumb\"},\"inLanguage\":\"sl-SI\",\"potentialAction\":[{\"@type\":\"ReadAction\",\"target\":[\"https:\/\/hudo.com\/si\/aktualno\/klekljanje-cipk-v-sloveniji-vpisano-na-unescov-seznam-nesnovne-dediscine\/\"]}]},{\"@type\":\"BreadcrumbList\",\"@id\":\"https:\/\/hudo.com\/si\/aktualno\/klekljanje-cipk-v-sloveniji-vpisano-na-unescov-seznam-nesnovne-dediscine\/#breadcrumb\",\"itemListElement\":[{\"@type\":\"ListItem\",\"position\":1,\"name\":\"Home\",\"item\":\"https:\/\/hudo.com\/si\/\"},{\"@type\":\"ListItem\",\"position\":2,\"name\":\"Klekljanje \u010dipk v Sloveniji vpisano na Unescov seznam nesnovne dedi\u0161\u010dine\"}]},{\"@type\":\"WebSite\",\"@id\":\"https:\/\/hudo.com\/si\/#website\",\"url\":\"https:\/\/hudo.com\/si\/\",\"name\":\"Hudo Slovenija\",\"description\":\"Vse novice iz Slovenije in sveta\",\"publisher\":{\"@id\":\"https:\/\/hudo.com\/si\/#organization\"},\"potentialAction\":[{\"@type\":\"SearchAction\",\"target\":{\"@type\":\"EntryPoint\",\"urlTemplate\":\"https:\/\/hudo.com\/si\/?s={search_term_string}\"},\"query-input\":\"required name=search_term_string\"}],\"inLanguage\":\"sl-SI\"},{\"@type\":\"Organization\",\"@id\":\"https:\/\/hudo.com\/si\/#organization\",\"name\":\"VSN Media\",\"url\":\"https:\/\/hudo.com\/si\/\",\"logo\":{\"@type\":\"ImageObject\",\"inLanguage\":\"sl-SI\",\"@id\":\"https:\/\/hudo.com\/si\/#\/schema\/logo\/image\/\",\"url\":\"https:\/\/hudo.com\/si\/wp-content\/uploads\/sites\/2\/2021\/03\/hudo-app-2.png\",\"contentUrl\":\"https:\/\/hudo.com\/si\/wp-content\/uploads\/sites\/2\/2021\/03\/hudo-app-2.png\",\"width\":2185,\"height\":2167,\"caption\":\"VSN Media\"},\"image\":{\"@id\":\"https:\/\/hudo.com\/si\/#\/schema\/logo\/image\/\"},\"sameAs\":[\"https:\/\/www.facebook.com\/hudo.si\",\"https:\/\/twitter.com\/hudo_si\"]},{\"@type\":\"Person\",\"@id\":\"https:\/\/hudo.com\/si\/#\/schema\/person\/2391667a63ea075ba94f2f2dc6b77537\",\"name\":\"A. G., STA\",\"image\":{\"@type\":\"ImageObject\",\"inLanguage\":\"sl-SI\",\"@id\":\"https:\/\/hudo.com\/si\/#\/schema\/person\/image\/\",\"url\":\"https:\/\/secure.gravatar.com\/avatar\/e13d22ac3e442658d5025fbbe6238a79?s=96&d=mm&r=g\",\"contentUrl\":\"https:\/\/secure.gravatar.com\/avatar\/e13d22ac3e442658d5025fbbe6238a79?s=96&d=mm&r=g\",\"caption\":\"A. G., STA\"},\"url\":\"https:\/\/hudo.com\/si\/author\/alenka\/\"}]}<\/script>\n<!-- \/ Yoast SEO plugin. -->","yoast_head_json":{"title":"Klekljanje \u010dipk v Sloveniji vpisano na Unescov seznam nesnovne dedi\u0161\u010dine - Hudo Slovenija","robots":{"index":"index","follow":"follow","max-snippet":"max-snippet:-1","max-image-preview":"max-image-preview:large","max-video-preview":"max-video-preview:-1"},"canonical":"https:\/\/hudo.com\/si\/aktualno\/klekljanje-cipk-v-sloveniji-vpisano-na-unescov-seznam-nesnovne-dediscine\/","og_locale":"sl_SI","og_type":"article","og_title":"Klekljanje \u010dipk v Sloveniji vpisano na Unescov seznam nesnovne dedi\u0161\u010dine - Hudo Slovenija","og_description":"Medvladni odbor za varovanje nesnovne kulturne dedi\u0161\u010dine je na zasedanju v Port Louisu na Mavriciju odlo\u010dil, da se na Unescov reprezentativni seznam nesnovne kulturne dedi\u0161\u010dine \u010dlove\u0161tva vpi\u0161e Klekljanje \u010dipk v Sloveniji, so sporo\u010dili z ministrstva za kulturo. Slovenija je nominacijo v formalni postopek pri Unescu vlo\u017eila marca 2017.","og_url":"https:\/\/hudo.com\/si\/aktualno\/klekljanje-cipk-v-sloveniji-vpisano-na-unescov-seznam-nesnovne-dediscine\/","og_site_name":"Hudo Slovenija","article_publisher":"https:\/\/www.facebook.com\/hudo.si","article_published_time":"2018-11-29T13:00:14+00:00","og_image":[{"width":640,"height":481,"url":"https:\/\/hudo.com\/si\/wp-content\/uploads\/sites\/2\/2018\/11\/20100621-00194400.jpg","type":"image\/jpeg"}],"author":"A. G., STA","twitter_card":"summary_large_image","twitter_creator":"@hudo_si","twitter_site":"@hudo_si","twitter_misc":{"Written by":"A. G., STA","Est. reading time":"2 minuti"},"schema":{"@context":"https:\/\/schema.org","@graph":[{"@type":"Article","@id":"https:\/\/hudo.com\/si\/aktualno\/klekljanje-cipk-v-sloveniji-vpisano-na-unescov-seznam-nesnovne-dediscine\/#article","isPartOf":{"@id":"https:\/\/hudo.com\/si\/aktualno\/klekljanje-cipk-v-sloveniji-vpisano-na-unescov-seznam-nesnovne-dediscine\/"},"author":{"name":"A. G., STA","@id":"https:\/\/hudo.com\/si\/#\/schema\/person\/2391667a63ea075ba94f2f2dc6b77537"},"headline":"Klekljanje \u010dipk v Sloveniji vpisano na Unescov seznam nesnovne dedi\u0161\u010dine","datePublished":"2018-11-29T13:00:14+00:00","dateModified":"2018-11-29T13:00:14+00:00","mainEntityOfPage":{"@id":"https:\/\/hudo.com\/si\/aktualno\/klekljanje-cipk-v-sloveniji-vpisano-na-unescov-seznam-nesnovne-dediscine\/"},"wordCount":438,"publisher":{"@id":"https:\/\/hudo.com\/si\/#organization"},"keywords":["kleklanje \u010dipk","kulturna dedi\u0161\u010dina","Slovenija","unesco"],"articleSection":["Aktualno"],"inLanguage":"sl-SI"},{"@type":"WebPage","@id":"https:\/\/hudo.com\/si\/aktualno\/klekljanje-cipk-v-sloveniji-vpisano-na-unescov-seznam-nesnovne-dediscine\/","url":"https:\/\/hudo.com\/si\/aktualno\/klekljanje-cipk-v-sloveniji-vpisano-na-unescov-seznam-nesnovne-dediscine\/","name":"Klekljanje \u010dipk v Sloveniji vpisano na Unescov seznam nesnovne dedi\u0161\u010dine - Hudo Slovenija","isPartOf":{"@id":"https:\/\/hudo.com\/si\/#website"},"datePublished":"2018-11-29T13:00:14+00:00","dateModified":"2018-11-29T13:00:14+00:00","breadcrumb":{"@id":"https:\/\/hudo.com\/si\/aktualno\/klekljanje-cipk-v-sloveniji-vpisano-na-unescov-seznam-nesnovne-dediscine\/#breadcrumb"},"inLanguage":"sl-SI","potentialAction":[{"@type":"ReadAction","target":["https:\/\/hudo.com\/si\/aktualno\/klekljanje-cipk-v-sloveniji-vpisano-na-unescov-seznam-nesnovne-dediscine\/"]}]},{"@type":"BreadcrumbList","@id":"https:\/\/hudo.com\/si\/aktualno\/klekljanje-cipk-v-sloveniji-vpisano-na-unescov-seznam-nesnovne-dediscine\/#breadcrumb","itemListElement":[{"@type":"ListItem","position":1,"name":"Home","item":"https:\/\/hudo.com\/si\/"},{"@type":"ListItem","position":2,"name":"Klekljanje \u010dipk v Sloveniji vpisano na Unescov seznam nesnovne dedi\u0161\u010dine"}]},{"@type":"WebSite","@id":"https:\/\/hudo.com\/si\/#website","url":"https:\/\/hudo.com\/si\/","name":"Hudo Slovenija","description":"Vse novice iz Slovenije in sveta","publisher":{"@id":"https:\/\/hudo.com\/si\/#organization"},"potentialAction":[{"@type":"SearchAction","target":{"@type":"EntryPoint","urlTemplate":"https:\/\/hudo.com\/si\/?s={search_term_string}"},"query-input":"required name=search_term_string"}],"inLanguage":"sl-SI"},{"@type":"Organization","@id":"https:\/\/hudo.com\/si\/#organization","name":"VSN Media","url":"https:\/\/hudo.com\/si\/","logo":{"@type":"ImageObject","inLanguage":"sl-SI","@id":"https:\/\/hudo.com\/si\/#\/schema\/logo\/image\/","url":"https:\/\/hudo.com\/si\/wp-content\/uploads\/sites\/2\/2021\/03\/hudo-app-2.png","contentUrl":"https:\/\/hudo.com\/si\/wp-content\/uploads\/sites\/2\/2021\/03\/hudo-app-2.png","width":2185,"height":2167,"caption":"VSN Media"},"image":{"@id":"https:\/\/hudo.com\/si\/#\/schema\/logo\/image\/"},"sameAs":["https:\/\/www.facebook.com\/hudo.si","https:\/\/twitter.com\/hudo_si"]},{"@type":"Person","@id":"https:\/\/hudo.com\/si\/#\/schema\/person\/2391667a63ea075ba94f2f2dc6b77537","name":"A. G., STA","image":{"@type":"ImageObject","inLanguage":"sl-SI","@id":"https:\/\/hudo.com\/si\/#\/schema\/person\/image\/","url":"https:\/\/secure.gravatar.com\/avatar\/e13d22ac3e442658d5025fbbe6238a79?s=96&d=mm&r=g","contentUrl":"https:\/\/secure.gravatar.com\/avatar\/e13d22ac3e442658d5025fbbe6238a79?s=96&d=mm&r=g","caption":"A. G., STA"},"url":"https:\/\/hudo.com\/si\/author\/alenka\/"}]}},"amp_enabled":true,"_links":{"self":[{"href":"https:\/\/hudo.com\/si\/wp-json\/wp\/v2\/posts\/381914"}],"collection":[{"href":"https:\/\/hudo.com\/si\/wp-json\/wp\/v2\/posts"}],"about":[{"href":"https:\/\/hudo.com\/si\/wp-json\/wp\/v2\/types\/post"}],"author":[{"embeddable":true,"href":"https:\/\/hudo.com\/si\/wp-json\/wp\/v2\/users\/5"}],"replies":[{"embeddable":true,"href":"https:\/\/hudo.com\/si\/wp-json\/wp\/v2\/comments?post=381914"}],"version-history":[{"count":1,"href":"https:\/\/hudo.com\/si\/wp-json\/wp\/v2\/posts\/381914\/revisions"}],"predecessor-version":[{"id":381916,"href":"https:\/\/hudo.com\/si\/wp-json\/wp\/v2\/posts\/381914\/revisions\/381916"}],"wp:featuredmedia":[{"embeddable":true,"href":"https:\/\/hudo.com\/si\/wp-json\/wp\/v2\/media\/381915"}],"wp:attachment":[{"href":"https:\/\/hudo.com\/si\/wp-json\/wp\/v2\/media?parent=381914"}],"wp:term":[{"taxonomy":"category","embeddable":true,"href":"https:\/\/hudo.com\/si\/wp-json\/wp\/v2\/categories?post=381914"},{"taxonomy":"post_tag","embeddable":true,"href":"https:\/\/hudo.com\/si\/wp-json\/wp\/v2\/tags?post=381914"},{"taxonomy":"source","embeddable":true,"href":"https:\/\/hudo.com\/si\/wp-json\/wp\/v2\/source?post=381914"},{"taxonomy":"supertag","embeddable":true,"href":"https:\/\/hudo.com\/si\/wp-json\/wp\/v2\/supertag?post=381914"}],"curies":[{"name":"wp","href":"https:\/\/api.w.org\/{rel}","templated":true}]}}