{"id":381917,"date":"2018-11-29T14:24:13","date_gmt":"2018-11-29T13:24:13","guid":{"rendered":"http:\/\/hudo.com\/si\/?p=381917"},"modified":"2018-11-29T14:24:13","modified_gmt":"2018-11-29T13:24:13","slug":"upokojeni-ravnatelj-na-zatozni-klopi-ker-je-scitil-zrtvi-spolnega-nasilja","status":"publish","type":"post","link":"https:\/\/hudo.com\/si\/aktualno\/upokojeni-ravnatelj-na-zatozni-klopi-ker-je-scitil-zrtvi-spolnega-nasilja\/","title":{"rendered":"Upokojeni ravnatelj na zato\u017eni klopi, ker je \u0161\u010ditil \u017ertvi spolnega nasilja"},"content":{"rendered":"<p>Kot danes povzema takratno dogajanje \u010dasnik Dnevnik, sta u\u010denca 9. razreda ljubljanske osnovne \u0161ole Prule pred petimi leti in pol na \u0161portnem dnevu v bazenu nadlegovala so\u0161olki. Eden je najprej eno, nato \u0161e drugo v bazenu ve\u010dkrat potisnil pod vodo in ju povsem utrudil, nato pa sta ju oba, vsako posebej, \u0161e spolno napadla. Pozneje sta se na hodniku \u0161ole iz \u017ertev \u0161e nor\u010devala. Pet dni po napadih, ko je bila zaklju\u010dna konferenca \u017ee opravljena, je takratni ravnatelj \u0161ole Du\u0161an Merc fantoma prepovedal vstop v \u0161olo, da bi s tem za\u0161\u010ditil \u017ertvi.<\/p>\n<p>Javnost je bila na njegovi strani, ne pa tudi in\u0161pektor in\u0161pektorata za \u0161olstvo. Ta je po pisanju Dnevnika ugotovil, da ravnatelj ni ravnal po vseh predpisih, saj naj bi deveto\u0161olcema kr\u0161il ustavno pravico do izobra\u017eevanja. Od sveta \u0161ole je zahteval ravnateljevo razre\u0161itev, ki pa je zahtevo zavrnil. Ugotovitvi in\u0161pektorja je pozneje pritrdilo to\u017eilstvo, ki je Merca ovadilo. Sojenje se je na ljubljanskem okrajnem sodi\u0161\u010du za\u010delo ta teden, sodnica Mojca Cigale Kr\u0161inar pa je zaradi mladoletnih pri\u010d, o\u0161kodovank iz povezanega postopka, iz celotnega postopka izklju\u010dila javnost.<\/p>\n<p>To\u017eilka Tatjana Verbi\u010d \u0160ulgaj po poro\u010danju Dnevnika ni\u010desar, povezanega s primerom, ni \u017eelela komentirati. Mer\u010dev zagovornik Andrej Razdrih pa je za \u010dasopis dejal, da je prvi\u010d v karieri naletel na tovrsten primer. &#8220;Moj varovanec je ravnal pravilno, profesionalno in visoko eti\u010dno. Postopek se je za\u010del povsem po nepotrebnem, zaradi osebne u\u017ealjenosti in frustriranosti \u0161olskega in\u0161pektorja, ki nima pojma o pedagogiki,&#8221; je ocenil. Po njegovih navedbah je postopek potekal povsem neprofesionalno in se na tak na\u010din tudi zaklju\u010dil, zavrnjeni so bili namre\u010d vsi sklepi, ki jih je predlagal.<\/p>\n<p>Merc je v svojem zagovoru razlo\u017eil, da je izredni in\u0161pekcijski nadzor na Osnovni \u0161oli Prule trajal osem mesecev, od avgusta 2013 do aprila 2014, med njim in in\u0161pektorjem pa da je pri\u0161lo do velikih nesoglasij. &#8220;Niti enkrat ni navedel, kaj preiskuje in zakaj je bil uveden izredni nadzor, zaradi \u010desar mu tudi nisem mogel eksplicitno odgovoriti, kako sem ravnal v konkretnem primeru,&#8221; je pojasnil. In\u0161pektorjeve obto\u017ebe zavra\u010da kot &#8220;zmotne in zlonamerne&#8221;, saj da s tridnevnim &#8220;suspenzom&#8221; tik pred koncem pouka deveto\u0161olcema ni kr\u0161il njune ustavne pravice do izobra\u017eevanja, temve\u010d jima je po lastnih navedbah zgolj onemogo\u010dil vstop v \u0161olo in udele\u017ebo na zaklju\u010dnem izletu, dovolil pa jima tudi ni udele\u017ebe na podelitvi spri\u010deval zadnji dan pouka.<\/p>\n<p>&#8220;Treba je upo\u0161tevati tako pravico do izobra\u017eevanja in tudi za\u0161\u010dititi \u017ertev domnevnega spolnega napada. Deveto\u0161olcema v tem primeru ni bila kr\u0161ena pravica do \u0161olanja, saj sta razred in osnovno \u0161olo kon\u010dala, dobila pa sta tudi spri\u010devalo. V tistem trenutku je bilo najpomembneje za\u0161\u010dititi \u017ertvi, kar je moja stranka storila, ne da bi se ozirala na birokratske postopke, ki bi lahko sledili. Iz svoje eti\u010dne zasnove je ocenil, da je to prav,&#8221; Dnevnik \u0161e povzema izjavo Mer\u010devega zagovornika.<\/p>\n<p>&#8220;Presodil sem, da se \u017ertvi in storilca ne smejo ve\u010d sre\u010dati, da \u0161ola ne bo trpela tak\u0161nega vedenja in nasilja. \u010ce bi storilca lahko bila prisotna na valeti in dan pozneje od\u0161la \u0161e na zaklju\u010dni izlet, bi se trpljenje u\u010denk nedvomno \u0161e pove\u010dalo, lahko pa bi pri\u0161lo do ponovitve dejanj. Za\u0161\u010ditil sem ju pred nadaljnjim spolnim nasiljem ter posmehom so\u0161olcev, ki sta se iz njiju po dejanju \u0161e nor\u010devala. Ravnal sem v skladu z ustavno pravico u\u010denk do osebne integritete in nedotakljivosti,&#8221; Dnevnik \u0161e povzema Mer\u010devo utemeljitev.<\/p>\n<p>Sojenje, v katerem to\u017eilstvu nekdanjemu ravnatelju o\u010dita kaznivo dejanje nevestnega dela v slu\u017ebi, se bo nadaljevalo sredi januarja.<\/p>\n","protected":false},"excerpt":{"rendered":"<p>Na Okrajnem sodi\u0161\u010du v Ljubljani se je v sredo za\u010delo sojenje nekdanjemu ravnatelju Osnovne \u0161ole Prule Du\u0161anu Mercu zaradi o\u010ditkov nevestnega dela v slu\u017ebi, \u010de\u0161 da je deveto\u0161olcema kr\u0161il zakonsko pravico do \u0161olanja, ko jima je prepovedal vstop v \u0161olo, ker sta pred tem spolno nadlegovala so\u0161olki. Sojenje se bo nadaljevalo januarja, poro\u010dajo mediji.<\/p>\n","protected":false},"author":7,"featured_media":381918,"comment_status":"closed","ping_status":"closed","sticky":false,"template":"","format":"standard","meta":{"footnotes":""},"categories":[1179],"tags":[1595,4770,4202],"source":[4511],"supertag":[],"acf":[],"yoast_head":"<!-- This site is optimized with the Yoast SEO plugin v21.3 - https:\/\/yoast.com\/wordpress\/plugins\/seo\/ -->\n<title>Upokojeni ravnatelj na zato\u017eni klopi, ker je \u0161\u010ditil \u017ertvi spolnega nasilja - Hudo Slovenija<\/title>\n<meta name=\"robots\" content=\"index, follow, max-snippet:-1, max-image-preview:large, max-video-preview:-1\" \/>\n<link rel=\"canonical\" href=\"https:\/\/hudo.com\/si\/aktualno\/upokojeni-ravnatelj-na-zatozni-klopi-ker-je-scitil-zrtvi-spolnega-nasilja\/\" \/>\n<meta property=\"og:locale\" content=\"sl_SI\" \/>\n<meta property=\"og:type\" content=\"article\" \/>\n<meta property=\"og:title\" content=\"Upokojeni ravnatelj na zato\u017eni klopi, ker je \u0161\u010ditil \u017ertvi spolnega nasilja - Hudo Slovenija\" \/>\n<meta property=\"og:description\" content=\"Na Okrajnem sodi\u0161\u010du v Ljubljani se je v sredo za\u010delo sojenje nekdanjemu ravnatelju Osnovne \u0161ole Prule Du\u0161anu Mercu zaradi o\u010ditkov nevestnega dela v slu\u017ebi, \u010de\u0161 da je deveto\u0161olcema kr\u0161il zakonsko pravico do \u0161olanja, ko jima je prepovedal vstop v \u0161olo, ker sta pred tem spolno nadlegovala so\u0161olki. Sojenje se bo nadaljevalo januarja, poro\u010dajo mediji.\" \/>\n<meta property=\"og:url\" content=\"https:\/\/hudo.com\/si\/aktualno\/upokojeni-ravnatelj-na-zatozni-klopi-ker-je-scitil-zrtvi-spolnega-nasilja\/\" \/>\n<meta property=\"og:site_name\" content=\"Hudo Slovenija\" \/>\n<meta property=\"article:publisher\" content=\"https:\/\/www.facebook.com\/hudo.si\" \/>\n<meta property=\"article:published_time\" content=\"2018-11-29T13:24:13+00:00\" \/>\n<meta property=\"og:image\" content=\"https:\/\/hudo.com\/si\/wp-content\/uploads\/sites\/2\/2018\/11\/20070902-00040941.jpg\" \/>\n\t<meta property=\"og:image:width\" content=\"640\" \/>\n\t<meta property=\"og:image:height\" content=\"440\" \/>\n\t<meta property=\"og:image:type\" content=\"image\/jpeg\" \/>\n<meta name=\"author\" content=\"A. P., STA\" \/>\n<meta name=\"twitter:card\" content=\"summary_large_image\" \/>\n<meta name=\"twitter:creator\" content=\"@hudo_si\" \/>\n<meta name=\"twitter:site\" content=\"@hudo_si\" \/>\n<meta name=\"twitter:label1\" content=\"Written by\" \/>\n\t<meta name=\"twitter:data1\" content=\"A. P., STA\" \/>\n\t<meta name=\"twitter:label2\" content=\"Est. reading time\" \/>\n\t<meta name=\"twitter:data2\" content=\"3 minute\" \/>\n<script type=\"application\/ld+json\" class=\"yoast-schema-graph\">{\"@context\":\"https:\/\/schema.org\",\"@graph\":[{\"@type\":\"Article\",\"@id\":\"https:\/\/hudo.com\/si\/aktualno\/upokojeni-ravnatelj-na-zatozni-klopi-ker-je-scitil-zrtvi-spolnega-nasilja\/#article\",\"isPartOf\":{\"@id\":\"https:\/\/hudo.com\/si\/aktualno\/upokojeni-ravnatelj-na-zatozni-klopi-ker-je-scitil-zrtvi-spolnega-nasilja\/\"},\"author\":{\"name\":\"A. P., STA\",\"@id\":\"https:\/\/hudo.com\/si\/#\/schema\/person\/18f09c02475ba9e606e941a565b80cff\"},\"headline\":\"Upokojeni ravnatelj na zato\u017eni klopi, ker je \u0161\u010ditil \u017ertvi spolnega nasilja\",\"datePublished\":\"2018-11-29T13:24:13+00:00\",\"dateModified\":\"2018-11-29T13:24:13+00:00\",\"mainEntityOfPage\":{\"@id\":\"https:\/\/hudo.com\/si\/aktualno\/upokojeni-ravnatelj-na-zatozni-klopi-ker-je-scitil-zrtvi-spolnega-nasilja\/\"},\"wordCount\":641,\"publisher\":{\"@id\":\"https:\/\/hudo.com\/si\/#organization\"},\"keywords\":[\"Slovenija\",\"sodi\u0161\u010de\",\"spolno nadlegovanje\"],\"articleSection\":[\"Aktualno\"],\"inLanguage\":\"sl-SI\"},{\"@type\":\"WebPage\",\"@id\":\"https:\/\/hudo.com\/si\/aktualno\/upokojeni-ravnatelj-na-zatozni-klopi-ker-je-scitil-zrtvi-spolnega-nasilja\/\",\"url\":\"https:\/\/hudo.com\/si\/aktualno\/upokojeni-ravnatelj-na-zatozni-klopi-ker-je-scitil-zrtvi-spolnega-nasilja\/\",\"name\":\"Upokojeni ravnatelj na zato\u017eni klopi, ker je \u0161\u010ditil \u017ertvi spolnega nasilja - Hudo Slovenija\",\"isPartOf\":{\"@id\":\"https:\/\/hudo.com\/si\/#website\"},\"datePublished\":\"2018-11-29T13:24:13+00:00\",\"dateModified\":\"2018-11-29T13:24:13+00:00\",\"breadcrumb\":{\"@id\":\"https:\/\/hudo.com\/si\/aktualno\/upokojeni-ravnatelj-na-zatozni-klopi-ker-je-scitil-zrtvi-spolnega-nasilja\/#breadcrumb\"},\"inLanguage\":\"sl-SI\",\"potentialAction\":[{\"@type\":\"ReadAction\",\"target\":[\"https:\/\/hudo.com\/si\/aktualno\/upokojeni-ravnatelj-na-zatozni-klopi-ker-je-scitil-zrtvi-spolnega-nasilja\/\"]}]},{\"@type\":\"BreadcrumbList\",\"@id\":\"https:\/\/hudo.com\/si\/aktualno\/upokojeni-ravnatelj-na-zatozni-klopi-ker-je-scitil-zrtvi-spolnega-nasilja\/#breadcrumb\",\"itemListElement\":[{\"@type\":\"ListItem\",\"position\":1,\"name\":\"Home\",\"item\":\"https:\/\/hudo.com\/si\/\"},{\"@type\":\"ListItem\",\"position\":2,\"name\":\"Upokojeni ravnatelj na zato\u017eni klopi, ker je \u0161\u010ditil \u017ertvi spolnega nasilja\"}]},{\"@type\":\"WebSite\",\"@id\":\"https:\/\/hudo.com\/si\/#website\",\"url\":\"https:\/\/hudo.com\/si\/\",\"name\":\"Hudo Slovenija\",\"description\":\"Vse novice iz Slovenije in sveta\",\"publisher\":{\"@id\":\"https:\/\/hudo.com\/si\/#organization\"},\"potentialAction\":[{\"@type\":\"SearchAction\",\"target\":{\"@type\":\"EntryPoint\",\"urlTemplate\":\"https:\/\/hudo.com\/si\/?s={search_term_string}\"},\"query-input\":\"required name=search_term_string\"}],\"inLanguage\":\"sl-SI\"},{\"@type\":\"Organization\",\"@id\":\"https:\/\/hudo.com\/si\/#organization\",\"name\":\"VSN Media\",\"url\":\"https:\/\/hudo.com\/si\/\",\"logo\":{\"@type\":\"ImageObject\",\"inLanguage\":\"sl-SI\",\"@id\":\"https:\/\/hudo.com\/si\/#\/schema\/logo\/image\/\",\"url\":\"https:\/\/hudo.com\/si\/wp-content\/uploads\/sites\/2\/2021\/03\/hudo-app-2.png\",\"contentUrl\":\"https:\/\/hudo.com\/si\/wp-content\/uploads\/sites\/2\/2021\/03\/hudo-app-2.png\",\"width\":2185,\"height\":2167,\"caption\":\"VSN Media\"},\"image\":{\"@id\":\"https:\/\/hudo.com\/si\/#\/schema\/logo\/image\/\"},\"sameAs\":[\"https:\/\/www.facebook.com\/hudo.si\",\"https:\/\/twitter.com\/hudo_si\"]},{\"@type\":\"Person\",\"@id\":\"https:\/\/hudo.com\/si\/#\/schema\/person\/18f09c02475ba9e606e941a565b80cff\",\"name\":\"A. P., STA\",\"image\":{\"@type\":\"ImageObject\",\"inLanguage\":\"sl-SI\",\"@id\":\"https:\/\/hudo.com\/si\/#\/schema\/person\/image\/\",\"url\":\"https:\/\/secure.gravatar.com\/avatar\/03eac8e609f5f04383125d80eaeaaf3e?s=96&d=mm&r=g\",\"contentUrl\":\"https:\/\/secure.gravatar.com\/avatar\/03eac8e609f5f04383125d80eaeaaf3e?s=96&d=mm&r=g\",\"caption\":\"A. P., STA\"},\"url\":\"https:\/\/hudo.com\/si\/author\/lubu\/\"}]}<\/script>\n<!-- \/ Yoast SEO plugin. -->","yoast_head_json":{"title":"Upokojeni ravnatelj na zato\u017eni klopi, ker je \u0161\u010ditil \u017ertvi spolnega nasilja - Hudo Slovenija","robots":{"index":"index","follow":"follow","max-snippet":"max-snippet:-1","max-image-preview":"max-image-preview:large","max-video-preview":"max-video-preview:-1"},"canonical":"https:\/\/hudo.com\/si\/aktualno\/upokojeni-ravnatelj-na-zatozni-klopi-ker-je-scitil-zrtvi-spolnega-nasilja\/","og_locale":"sl_SI","og_type":"article","og_title":"Upokojeni ravnatelj na zato\u017eni klopi, ker je \u0161\u010ditil \u017ertvi spolnega nasilja - Hudo Slovenija","og_description":"Na Okrajnem sodi\u0161\u010du v Ljubljani se je v sredo za\u010delo sojenje nekdanjemu ravnatelju Osnovne \u0161ole Prule Du\u0161anu Mercu zaradi o\u010ditkov nevestnega dela v slu\u017ebi, \u010de\u0161 da je deveto\u0161olcema kr\u0161il zakonsko pravico do \u0161olanja, ko jima je prepovedal vstop v \u0161olo, ker sta pred tem spolno nadlegovala so\u0161olki. Sojenje se bo nadaljevalo januarja, poro\u010dajo mediji.","og_url":"https:\/\/hudo.com\/si\/aktualno\/upokojeni-ravnatelj-na-zatozni-klopi-ker-je-scitil-zrtvi-spolnega-nasilja\/","og_site_name":"Hudo Slovenija","article_publisher":"https:\/\/www.facebook.com\/hudo.si","article_published_time":"2018-11-29T13:24:13+00:00","og_image":[{"width":640,"height":440,"url":"https:\/\/hudo.com\/si\/wp-content\/uploads\/sites\/2\/2018\/11\/20070902-00040941.jpg","type":"image\/jpeg"}],"author":"A. P., STA","twitter_card":"summary_large_image","twitter_creator":"@hudo_si","twitter_site":"@hudo_si","twitter_misc":{"Written by":"A. P., STA","Est. reading time":"3 minute"},"schema":{"@context":"https:\/\/schema.org","@graph":[{"@type":"Article","@id":"https:\/\/hudo.com\/si\/aktualno\/upokojeni-ravnatelj-na-zatozni-klopi-ker-je-scitil-zrtvi-spolnega-nasilja\/#article","isPartOf":{"@id":"https:\/\/hudo.com\/si\/aktualno\/upokojeni-ravnatelj-na-zatozni-klopi-ker-je-scitil-zrtvi-spolnega-nasilja\/"},"author":{"name":"A. P., STA","@id":"https:\/\/hudo.com\/si\/#\/schema\/person\/18f09c02475ba9e606e941a565b80cff"},"headline":"Upokojeni ravnatelj na zato\u017eni klopi, ker je \u0161\u010ditil \u017ertvi spolnega nasilja","datePublished":"2018-11-29T13:24:13+00:00","dateModified":"2018-11-29T13:24:13+00:00","mainEntityOfPage":{"@id":"https:\/\/hudo.com\/si\/aktualno\/upokojeni-ravnatelj-na-zatozni-klopi-ker-je-scitil-zrtvi-spolnega-nasilja\/"},"wordCount":641,"publisher":{"@id":"https:\/\/hudo.com\/si\/#organization"},"keywords":["Slovenija","sodi\u0161\u010de","spolno nadlegovanje"],"articleSection":["Aktualno"],"inLanguage":"sl-SI"},{"@type":"WebPage","@id":"https:\/\/hudo.com\/si\/aktualno\/upokojeni-ravnatelj-na-zatozni-klopi-ker-je-scitil-zrtvi-spolnega-nasilja\/","url":"https:\/\/hudo.com\/si\/aktualno\/upokojeni-ravnatelj-na-zatozni-klopi-ker-je-scitil-zrtvi-spolnega-nasilja\/","name":"Upokojeni ravnatelj na zato\u017eni klopi, ker je \u0161\u010ditil \u017ertvi spolnega nasilja - Hudo Slovenija","isPartOf":{"@id":"https:\/\/hudo.com\/si\/#website"},"datePublished":"2018-11-29T13:24:13+00:00","dateModified":"2018-11-29T13:24:13+00:00","breadcrumb":{"@id":"https:\/\/hudo.com\/si\/aktualno\/upokojeni-ravnatelj-na-zatozni-klopi-ker-je-scitil-zrtvi-spolnega-nasilja\/#breadcrumb"},"inLanguage":"sl-SI","potentialAction":[{"@type":"ReadAction","target":["https:\/\/hudo.com\/si\/aktualno\/upokojeni-ravnatelj-na-zatozni-klopi-ker-je-scitil-zrtvi-spolnega-nasilja\/"]}]},{"@type":"BreadcrumbList","@id":"https:\/\/hudo.com\/si\/aktualno\/upokojeni-ravnatelj-na-zatozni-klopi-ker-je-scitil-zrtvi-spolnega-nasilja\/#breadcrumb","itemListElement":[{"@type":"ListItem","position":1,"name":"Home","item":"https:\/\/hudo.com\/si\/"},{"@type":"ListItem","position":2,"name":"Upokojeni ravnatelj na zato\u017eni klopi, ker je \u0161\u010ditil \u017ertvi spolnega nasilja"}]},{"@type":"WebSite","@id":"https:\/\/hudo.com\/si\/#website","url":"https:\/\/hudo.com\/si\/","name":"Hudo Slovenija","description":"Vse novice iz Slovenije in sveta","publisher":{"@id":"https:\/\/hudo.com\/si\/#organization"},"potentialAction":[{"@type":"SearchAction","target":{"@type":"EntryPoint","urlTemplate":"https:\/\/hudo.com\/si\/?s={search_term_string}"},"query-input":"required name=search_term_string"}],"inLanguage":"sl-SI"},{"@type":"Organization","@id":"https:\/\/hudo.com\/si\/#organization","name":"VSN Media","url":"https:\/\/hudo.com\/si\/","logo":{"@type":"ImageObject","inLanguage":"sl-SI","@id":"https:\/\/hudo.com\/si\/#\/schema\/logo\/image\/","url":"https:\/\/hudo.com\/si\/wp-content\/uploads\/sites\/2\/2021\/03\/hudo-app-2.png","contentUrl":"https:\/\/hudo.com\/si\/wp-content\/uploads\/sites\/2\/2021\/03\/hudo-app-2.png","width":2185,"height":2167,"caption":"VSN Media"},"image":{"@id":"https:\/\/hudo.com\/si\/#\/schema\/logo\/image\/"},"sameAs":["https:\/\/www.facebook.com\/hudo.si","https:\/\/twitter.com\/hudo_si"]},{"@type":"Person","@id":"https:\/\/hudo.com\/si\/#\/schema\/person\/18f09c02475ba9e606e941a565b80cff","name":"A. P., STA","image":{"@type":"ImageObject","inLanguage":"sl-SI","@id":"https:\/\/hudo.com\/si\/#\/schema\/person\/image\/","url":"https:\/\/secure.gravatar.com\/avatar\/03eac8e609f5f04383125d80eaeaaf3e?s=96&d=mm&r=g","contentUrl":"https:\/\/secure.gravatar.com\/avatar\/03eac8e609f5f04383125d80eaeaaf3e?s=96&d=mm&r=g","caption":"A. P., STA"},"url":"https:\/\/hudo.com\/si\/author\/lubu\/"}]}},"amp_enabled":true,"_links":{"self":[{"href":"https:\/\/hudo.com\/si\/wp-json\/wp\/v2\/posts\/381917"}],"collection":[{"href":"https:\/\/hudo.com\/si\/wp-json\/wp\/v2\/posts"}],"about":[{"href":"https:\/\/hudo.com\/si\/wp-json\/wp\/v2\/types\/post"}],"author":[{"embeddable":true,"href":"https:\/\/hudo.com\/si\/wp-json\/wp\/v2\/users\/7"}],"replies":[{"embeddable":true,"href":"https:\/\/hudo.com\/si\/wp-json\/wp\/v2\/comments?post=381917"}],"version-history":[{"count":1,"href":"https:\/\/hudo.com\/si\/wp-json\/wp\/v2\/posts\/381917\/revisions"}],"predecessor-version":[{"id":381919,"href":"https:\/\/hudo.com\/si\/wp-json\/wp\/v2\/posts\/381917\/revisions\/381919"}],"wp:featuredmedia":[{"embeddable":true,"href":"https:\/\/hudo.com\/si\/wp-json\/wp\/v2\/media\/381918"}],"wp:attachment":[{"href":"https:\/\/hudo.com\/si\/wp-json\/wp\/v2\/media?parent=381917"}],"wp:term":[{"taxonomy":"category","embeddable":true,"href":"https:\/\/hudo.com\/si\/wp-json\/wp\/v2\/categories?post=381917"},{"taxonomy":"post_tag","embeddable":true,"href":"https:\/\/hudo.com\/si\/wp-json\/wp\/v2\/tags?post=381917"},{"taxonomy":"source","embeddable":true,"href":"https:\/\/hudo.com\/si\/wp-json\/wp\/v2\/source?post=381917"},{"taxonomy":"supertag","embeddable":true,"href":"https:\/\/hudo.com\/si\/wp-json\/wp\/v2\/supertag?post=381917"}],"curies":[{"name":"wp","href":"https:\/\/api.w.org\/{rel}","templated":true}]}}