{"id":381932,"date":"2018-11-30T08:51:59","date_gmt":"2018-11-30T07:51:59","guid":{"rendered":"http:\/\/hudo.com\/si\/?p=381932"},"modified":"2018-11-30T08:53:15","modified_gmt":"2018-11-30T07:53:15","slug":"policija-isce-povzrocitelja-vcerajsnje-nesrece-na-primorski-avtocesti","status":"publish","type":"post","link":"https:\/\/hudo.com\/si\/aktualno\/policija-isce-povzrocitelja-vcerajsnje-nesrece-na-primorski-avtocesti\/","title":{"rendered":"Policija i\u0161\u010de povzro\u010ditelja v\u010deraj\u0161nje nesre\u010de na primorski avtocesti"},"content":{"rendered":"<p>Po do zdaj zbranih obvestilih je znano, da je voznik osebnega vozila Peugeot vozil po desnem prometnem pasu od Vrhnike proti Logatcu. Po levem ga je prehitevala voznica osebnega vozila clio. Med prehitevanjem je za njo po levem prometnem pasu pripeljal neznani voznik osebnega vozila BMW in ji pri\u017egal dolge lu\u010di.<\/p>\n<p>Voznica je prehitela voznika Peugeota in pravilno zapeljala na desni pas. Neznani voznik BMW pa je nato prehitel obe vozili, zapeljal na desni prometni pas pred clia in nenadoma zavrl. Voznica clia je zato naglo zavila v desno na pas za po\u010dasna vozila in pri tem tr\u010dila v neznano tovorno vozilo. Pri tem jo je odbilo v levo preko srednjega pasu na prehitevalni pas. Ravno v tem trenutku je po prehitevalnem pasu pravilno pripeljal voznik osebnega vozila golf, pri \u010demer je pri\u0161lo do tr\u010denja.<\/p>\n<p>Neznani voznik BMW in neznano tovorno vozilo sta odpeljala naprej. Voznica clia in voznik golfa sta v nesre\u010di utrpela telesne po\u0161kodbe, so sporo\u010dili s policijske postaje Ljubljana. Zaradi razjasnitve okoli\u0161\u010din prometne nesre\u010de policisti napro\u0161ajo voznika BMW in vse, ki bi imeli koristne informacije o nesre\u010di, da to sporo\u010dijo na interventno \u0161tevilko 113 ali postajo prometne policije Ljubljana na \u0161tevilko 01\/583 88 20.<\/p>\n","protected":false},"excerpt":{"rendered":"<p>Ljubljanski prometni policisti obravnavajo prometno nesre\u010do na primorski avtocesti pri Vrhniki v smeri proti Kopru, do katere je pri\u0161lo v \u010detrtek ob 20.20 zaradi nenadnega zaviranja neznanega voznika osebnega vozila BMW, serije 3, bele ali sive barve. Kot so sporo\u010dili s Policijske uprave Ljubljana, sta v nesre\u010di dve osebi utrpeli telesne po\u0161kodbe.<\/p>\n","protected":false},"author":8,"featured_media":344914,"comment_status":"closed","ping_status":"closed","sticky":false,"template":"","format":"standard","meta":{"footnotes":""},"categories":[1179],"tags":[1728,4791,1595],"source":[4511],"supertag":[7150],"acf":[],"yoast_head":"<!-- This site is optimized with the Yoast SEO plugin v21.3 - https:\/\/yoast.com\/wordpress\/plugins\/seo\/ -->\n<title>Policija i\u0161\u010de povzro\u010ditelja v\u010deraj\u0161nje nesre\u010de na primorski avtocesti - Hudo Slovenija<\/title>\n<meta name=\"robots\" content=\"index, follow, max-snippet:-1, max-image-preview:large, max-video-preview:-1\" \/>\n<link rel=\"canonical\" href=\"https:\/\/hudo.com\/si\/aktualno\/policija-isce-povzrocitelja-vcerajsnje-nesrece-na-primorski-avtocesti\/\" \/>\n<meta property=\"og:locale\" content=\"sl_SI\" \/>\n<meta property=\"og:type\" content=\"article\" \/>\n<meta property=\"og:title\" content=\"Policija i\u0161\u010de povzro\u010ditelja v\u010deraj\u0161nje nesre\u010de na primorski avtocesti - Hudo Slovenija\" \/>\n<meta property=\"og:description\" content=\"Ljubljanski prometni policisti obravnavajo prometno nesre\u010do na primorski avtocesti pri Vrhniki v smeri proti Kopru, do katere je pri\u0161lo v \u010detrtek ob 20.20 zaradi nenadnega zaviranja neznanega voznika osebnega vozila BMW, serije 3, bele ali sive barve. Kot so sporo\u010dili s Policijske uprave Ljubljana, sta v nesre\u010di dve osebi utrpeli telesne po\u0161kodbe.\" \/>\n<meta property=\"og:url\" content=\"https:\/\/hudo.com\/si\/aktualno\/policija-isce-povzrocitelja-vcerajsnje-nesrece-na-primorski-avtocesti\/\" \/>\n<meta property=\"og:site_name\" content=\"Hudo Slovenija\" \/>\n<meta property=\"article:publisher\" content=\"https:\/\/www.facebook.com\/hudo.si\" \/>\n<meta property=\"article:published_time\" content=\"2018-11-30T07:51:59+00:00\" \/>\n<meta property=\"article:modified_time\" content=\"2018-11-30T07:53:15+00:00\" \/>\n<meta property=\"og:image\" content=\"https:\/\/hudo.com\/si\/wp-content\/uploads\/sites\/2\/2018\/01\/20090622-00138484.jpg\" \/>\n\t<meta property=\"og:image:width\" content=\"640\" \/>\n\t<meta property=\"og:image:height\" content=\"433\" \/>\n\t<meta property=\"og:image:type\" content=\"image\/jpeg\" \/>\n<meta name=\"author\" content=\"M. N., STA\" \/>\n<meta name=\"twitter:card\" content=\"summary_large_image\" \/>\n<meta name=\"twitter:creator\" content=\"@hudo_si\" \/>\n<meta name=\"twitter:site\" content=\"@hudo_si\" \/>\n<meta name=\"twitter:label1\" content=\"Written by\" \/>\n\t<meta name=\"twitter:data1\" content=\"M. N., STA\" \/>\n\t<meta name=\"twitter:label2\" content=\"Est. reading time\" \/>\n\t<meta name=\"twitter:data2\" content=\"1 minuta\" \/>\n<script type=\"application\/ld+json\" class=\"yoast-schema-graph\">{\"@context\":\"https:\/\/schema.org\",\"@graph\":[{\"@type\":\"Article\",\"@id\":\"https:\/\/hudo.com\/si\/aktualno\/policija-isce-povzrocitelja-vcerajsnje-nesrece-na-primorski-avtocesti\/#article\",\"isPartOf\":{\"@id\":\"https:\/\/hudo.com\/si\/aktualno\/policija-isce-povzrocitelja-vcerajsnje-nesrece-na-primorski-avtocesti\/\"},\"author\":{\"name\":\"M. N., STA\",\"@id\":\"https:\/\/hudo.com\/si\/#\/schema\/person\/c2f10ce65d2e6ede2aeda5be2a0611fa\"},\"headline\":\"Policija i\u0161\u010de povzro\u010ditelja v\u010deraj\u0161nje nesre\u010de na primorski avtocesti\",\"datePublished\":\"2018-11-30T07:51:59+00:00\",\"dateModified\":\"2018-11-30T07:53:15+00:00\",\"mainEntityOfPage\":{\"@id\":\"https:\/\/hudo.com\/si\/aktualno\/policija-isce-povzrocitelja-vcerajsnje-nesrece-na-primorski-avtocesti\/\"},\"wordCount\":220,\"publisher\":{\"@id\":\"https:\/\/hudo.com\/si\/#organization\"},\"keywords\":[\"policija\",\"prometna nesre\u010da\",\"Slovenija\"],\"articleSection\":[\"Aktualno\"],\"inLanguage\":\"sl-SI\"},{\"@type\":\"WebPage\",\"@id\":\"https:\/\/hudo.com\/si\/aktualno\/policija-isce-povzrocitelja-vcerajsnje-nesrece-na-primorski-avtocesti\/\",\"url\":\"https:\/\/hudo.com\/si\/aktualno\/policija-isce-povzrocitelja-vcerajsnje-nesrece-na-primorski-avtocesti\/\",\"name\":\"Policija i\u0161\u010de povzro\u010ditelja v\u010deraj\u0161nje nesre\u010de na primorski avtocesti - Hudo Slovenija\",\"isPartOf\":{\"@id\":\"https:\/\/hudo.com\/si\/#website\"},\"datePublished\":\"2018-11-30T07:51:59+00:00\",\"dateModified\":\"2018-11-30T07:53:15+00:00\",\"breadcrumb\":{\"@id\":\"https:\/\/hudo.com\/si\/aktualno\/policija-isce-povzrocitelja-vcerajsnje-nesrece-na-primorski-avtocesti\/#breadcrumb\"},\"inLanguage\":\"sl-SI\",\"potentialAction\":[{\"@type\":\"ReadAction\",\"target\":[\"https:\/\/hudo.com\/si\/aktualno\/policija-isce-povzrocitelja-vcerajsnje-nesrece-na-primorski-avtocesti\/\"]}]},{\"@type\":\"BreadcrumbList\",\"@id\":\"https:\/\/hudo.com\/si\/aktualno\/policija-isce-povzrocitelja-vcerajsnje-nesrece-na-primorski-avtocesti\/#breadcrumb\",\"itemListElement\":[{\"@type\":\"ListItem\",\"position\":1,\"name\":\"Home\",\"item\":\"https:\/\/hudo.com\/si\/\"},{\"@type\":\"ListItem\",\"position\":2,\"name\":\"Policija i\u0161\u010de povzro\u010ditelja v\u010deraj\u0161nje nesre\u010de na primorski avtocesti\"}]},{\"@type\":\"WebSite\",\"@id\":\"https:\/\/hudo.com\/si\/#website\",\"url\":\"https:\/\/hudo.com\/si\/\",\"name\":\"Hudo Slovenija\",\"description\":\"Vse novice iz Slovenije in sveta\",\"publisher\":{\"@id\":\"https:\/\/hudo.com\/si\/#organization\"},\"potentialAction\":[{\"@type\":\"SearchAction\",\"target\":{\"@type\":\"EntryPoint\",\"urlTemplate\":\"https:\/\/hudo.com\/si\/?s={search_term_string}\"},\"query-input\":\"required name=search_term_string\"}],\"inLanguage\":\"sl-SI\"},{\"@type\":\"Organization\",\"@id\":\"https:\/\/hudo.com\/si\/#organization\",\"name\":\"VSN Media\",\"url\":\"https:\/\/hudo.com\/si\/\",\"logo\":{\"@type\":\"ImageObject\",\"inLanguage\":\"sl-SI\",\"@id\":\"https:\/\/hudo.com\/si\/#\/schema\/logo\/image\/\",\"url\":\"https:\/\/hudo.com\/si\/wp-content\/uploads\/sites\/2\/2021\/03\/hudo-app-2.png\",\"contentUrl\":\"https:\/\/hudo.com\/si\/wp-content\/uploads\/sites\/2\/2021\/03\/hudo-app-2.png\",\"width\":2185,\"height\":2167,\"caption\":\"VSN Media\"},\"image\":{\"@id\":\"https:\/\/hudo.com\/si\/#\/schema\/logo\/image\/\"},\"sameAs\":[\"https:\/\/www.facebook.com\/hudo.si\",\"https:\/\/twitter.com\/hudo_si\"]},{\"@type\":\"Person\",\"@id\":\"https:\/\/hudo.com\/si\/#\/schema\/person\/c2f10ce65d2e6ede2aeda5be2a0611fa\",\"name\":\"M. N., STA\",\"image\":{\"@type\":\"ImageObject\",\"inLanguage\":\"sl-SI\",\"@id\":\"https:\/\/hudo.com\/si\/#\/schema\/person\/image\/\",\"url\":\"https:\/\/secure.gravatar.com\/avatar\/f370d38daa10467f755c5c766a4cac20?s=96&d=mm&r=g\",\"contentUrl\":\"https:\/\/secure.gravatar.com\/avatar\/f370d38daa10467f755c5c766a4cac20?s=96&d=mm&r=g\",\"caption\":\"M. N., STA\"},\"url\":\"https:\/\/hudo.com\/si\/author\/mana\/\"}]}<\/script>\n<!-- \/ Yoast SEO plugin. -->","yoast_head_json":{"title":"Policija i\u0161\u010de povzro\u010ditelja v\u010deraj\u0161nje nesre\u010de na primorski avtocesti - Hudo Slovenija","robots":{"index":"index","follow":"follow","max-snippet":"max-snippet:-1","max-image-preview":"max-image-preview:large","max-video-preview":"max-video-preview:-1"},"canonical":"https:\/\/hudo.com\/si\/aktualno\/policija-isce-povzrocitelja-vcerajsnje-nesrece-na-primorski-avtocesti\/","og_locale":"sl_SI","og_type":"article","og_title":"Policija i\u0161\u010de povzro\u010ditelja v\u010deraj\u0161nje nesre\u010de na primorski avtocesti - Hudo Slovenija","og_description":"Ljubljanski prometni policisti obravnavajo prometno nesre\u010do na primorski avtocesti pri Vrhniki v smeri proti Kopru, do katere je pri\u0161lo v \u010detrtek ob 20.20 zaradi nenadnega zaviranja neznanega voznika osebnega vozila BMW, serije 3, bele ali sive barve. Kot so sporo\u010dili s Policijske uprave Ljubljana, sta v nesre\u010di dve osebi utrpeli telesne po\u0161kodbe.","og_url":"https:\/\/hudo.com\/si\/aktualno\/policija-isce-povzrocitelja-vcerajsnje-nesrece-na-primorski-avtocesti\/","og_site_name":"Hudo Slovenija","article_publisher":"https:\/\/www.facebook.com\/hudo.si","article_published_time":"2018-11-30T07:51:59+00:00","article_modified_time":"2018-11-30T07:53:15+00:00","og_image":[{"width":640,"height":433,"url":"https:\/\/hudo.com\/si\/wp-content\/uploads\/sites\/2\/2018\/01\/20090622-00138484.jpg","type":"image\/jpeg"}],"author":"M. N., STA","twitter_card":"summary_large_image","twitter_creator":"@hudo_si","twitter_site":"@hudo_si","twitter_misc":{"Written by":"M. N., STA","Est. reading time":"1 minuta"},"schema":{"@context":"https:\/\/schema.org","@graph":[{"@type":"Article","@id":"https:\/\/hudo.com\/si\/aktualno\/policija-isce-povzrocitelja-vcerajsnje-nesrece-na-primorski-avtocesti\/#article","isPartOf":{"@id":"https:\/\/hudo.com\/si\/aktualno\/policija-isce-povzrocitelja-vcerajsnje-nesrece-na-primorski-avtocesti\/"},"author":{"name":"M. N., STA","@id":"https:\/\/hudo.com\/si\/#\/schema\/person\/c2f10ce65d2e6ede2aeda5be2a0611fa"},"headline":"Policija i\u0161\u010de povzro\u010ditelja v\u010deraj\u0161nje nesre\u010de na primorski avtocesti","datePublished":"2018-11-30T07:51:59+00:00","dateModified":"2018-11-30T07:53:15+00:00","mainEntityOfPage":{"@id":"https:\/\/hudo.com\/si\/aktualno\/policija-isce-povzrocitelja-vcerajsnje-nesrece-na-primorski-avtocesti\/"},"wordCount":220,"publisher":{"@id":"https:\/\/hudo.com\/si\/#organization"},"keywords":["policija","prometna nesre\u010da","Slovenija"],"articleSection":["Aktualno"],"inLanguage":"sl-SI"},{"@type":"WebPage","@id":"https:\/\/hudo.com\/si\/aktualno\/policija-isce-povzrocitelja-vcerajsnje-nesrece-na-primorski-avtocesti\/","url":"https:\/\/hudo.com\/si\/aktualno\/policija-isce-povzrocitelja-vcerajsnje-nesrece-na-primorski-avtocesti\/","name":"Policija i\u0161\u010de povzro\u010ditelja v\u010deraj\u0161nje nesre\u010de na primorski avtocesti - Hudo Slovenija","isPartOf":{"@id":"https:\/\/hudo.com\/si\/#website"},"datePublished":"2018-11-30T07:51:59+00:00","dateModified":"2018-11-30T07:53:15+00:00","breadcrumb":{"@id":"https:\/\/hudo.com\/si\/aktualno\/policija-isce-povzrocitelja-vcerajsnje-nesrece-na-primorski-avtocesti\/#breadcrumb"},"inLanguage":"sl-SI","potentialAction":[{"@type":"ReadAction","target":["https:\/\/hudo.com\/si\/aktualno\/policija-isce-povzrocitelja-vcerajsnje-nesrece-na-primorski-avtocesti\/"]}]},{"@type":"BreadcrumbList","@id":"https:\/\/hudo.com\/si\/aktualno\/policija-isce-povzrocitelja-vcerajsnje-nesrece-na-primorski-avtocesti\/#breadcrumb","itemListElement":[{"@type":"ListItem","position":1,"name":"Home","item":"https:\/\/hudo.com\/si\/"},{"@type":"ListItem","position":2,"name":"Policija i\u0161\u010de povzro\u010ditelja v\u010deraj\u0161nje nesre\u010de na primorski avtocesti"}]},{"@type":"WebSite","@id":"https:\/\/hudo.com\/si\/#website","url":"https:\/\/hudo.com\/si\/","name":"Hudo Slovenija","description":"Vse novice iz Slovenije in sveta","publisher":{"@id":"https:\/\/hudo.com\/si\/#organization"},"potentialAction":[{"@type":"SearchAction","target":{"@type":"EntryPoint","urlTemplate":"https:\/\/hudo.com\/si\/?s={search_term_string}"},"query-input":"required name=search_term_string"}],"inLanguage":"sl-SI"},{"@type":"Organization","@id":"https:\/\/hudo.com\/si\/#organization","name":"VSN Media","url":"https:\/\/hudo.com\/si\/","logo":{"@type":"ImageObject","inLanguage":"sl-SI","@id":"https:\/\/hudo.com\/si\/#\/schema\/logo\/image\/","url":"https:\/\/hudo.com\/si\/wp-content\/uploads\/sites\/2\/2021\/03\/hudo-app-2.png","contentUrl":"https:\/\/hudo.com\/si\/wp-content\/uploads\/sites\/2\/2021\/03\/hudo-app-2.png","width":2185,"height":2167,"caption":"VSN Media"},"image":{"@id":"https:\/\/hudo.com\/si\/#\/schema\/logo\/image\/"},"sameAs":["https:\/\/www.facebook.com\/hudo.si","https:\/\/twitter.com\/hudo_si"]},{"@type":"Person","@id":"https:\/\/hudo.com\/si\/#\/schema\/person\/c2f10ce65d2e6ede2aeda5be2a0611fa","name":"M. N., STA","image":{"@type":"ImageObject","inLanguage":"sl-SI","@id":"https:\/\/hudo.com\/si\/#\/schema\/person\/image\/","url":"https:\/\/secure.gravatar.com\/avatar\/f370d38daa10467f755c5c766a4cac20?s=96&d=mm&r=g","contentUrl":"https:\/\/secure.gravatar.com\/avatar\/f370d38daa10467f755c5c766a4cac20?s=96&d=mm&r=g","caption":"M. N., STA"},"url":"https:\/\/hudo.com\/si\/author\/mana\/"}]}},"amp_enabled":true,"_links":{"self":[{"href":"https:\/\/hudo.com\/si\/wp-json\/wp\/v2\/posts\/381932"}],"collection":[{"href":"https:\/\/hudo.com\/si\/wp-json\/wp\/v2\/posts"}],"about":[{"href":"https:\/\/hudo.com\/si\/wp-json\/wp\/v2\/types\/post"}],"author":[{"embeddable":true,"href":"https:\/\/hudo.com\/si\/wp-json\/wp\/v2\/users\/8"}],"replies":[{"embeddable":true,"href":"https:\/\/hudo.com\/si\/wp-json\/wp\/v2\/comments?post=381932"}],"version-history":[{"count":1,"href":"https:\/\/hudo.com\/si\/wp-json\/wp\/v2\/posts\/381932\/revisions"}],"predecessor-version":[{"id":381933,"href":"https:\/\/hudo.com\/si\/wp-json\/wp\/v2\/posts\/381932\/revisions\/381933"}],"wp:featuredmedia":[{"embeddable":true,"href":"https:\/\/hudo.com\/si\/wp-json\/wp\/v2\/media\/344914"}],"wp:attachment":[{"href":"https:\/\/hudo.com\/si\/wp-json\/wp\/v2\/media?parent=381932"}],"wp:term":[{"taxonomy":"category","embeddable":true,"href":"https:\/\/hudo.com\/si\/wp-json\/wp\/v2\/categories?post=381932"},{"taxonomy":"post_tag","embeddable":true,"href":"https:\/\/hudo.com\/si\/wp-json\/wp\/v2\/tags?post=381932"},{"taxonomy":"source","embeddable":true,"href":"https:\/\/hudo.com\/si\/wp-json\/wp\/v2\/source?post=381932"},{"taxonomy":"supertag","embeddable":true,"href":"https:\/\/hudo.com\/si\/wp-json\/wp\/v2\/supertag?post=381932"}],"curies":[{"name":"wp","href":"https:\/\/api.w.org\/{rel}","templated":true}]}}