{"id":381953,"date":"2018-11-30T12:28:18","date_gmt":"2018-11-30T11:28:18","guid":{"rendered":"http:\/\/hudo.com\/si\/?p=381953"},"modified":"2018-11-30T12:28:18","modified_gmt":"2018-11-30T11:28:18","slug":"jelincic-na-vlado-naslovil-pisni-pobudi-za-uvedbo-novega-drzavnega-praznika-za-legalizacijo-prostitucije","status":"publish","type":"post","link":"https:\/\/hudo.com\/si\/aktualno\/jelincic-na-vlado-naslovil-pisni-pobudi-za-uvedbo-novega-drzavnega-praznika-za-legalizacijo-prostitucije\/","title":{"rendered":"Jelin\u010di\u010d na vlado naslovil pisni pobudi za uvedbo novega dr\u017eavnega praznika in za legalizacijo prostitucije"},"content":{"rendered":"<div class=\"text\">\n<p>Jelin\u010di\u010d je pobudo za legalizacijo prostitucije naslovil na vlado, na ministrstvo za zdravje in ministrstvo za gospodarski razvoj in tehnologijo.<\/p>\n<p>Kot je poudaril, je to podro\u010dje v Sloveniji neurejeno, saj je po eni strani dekriminalizirana, po drugi strani pa opredeljena v kazenskem zakoniku. Po Jelin\u010di\u010devem mnenju torej sedanja ureditev dopu\u0161\u010da dolo\u010dena dejanja prostitucije, obenem pa zakonsko ne ureja njene organiziranosti na osnovi gospodarsko-zdravstvenih temeljev.<\/p>\n<p>Legalizacija prostitucije bi na podro\u010dju zdravja po mnenju SNS zagotovila nadzor zdravstvenega stanja oseb, ki se ukvarjajo s prostitucijo, &#8220;saj bi zakonski akt urejal obvezne preglede, skupaj s tem pa tudi zdravstvenega zavarovanja teh oseb&#8221;.<\/p>\n<p>Jelin\u010di\u010d je spomnil, da je v delovni zakonodaji \u017ee posebna kategorija, ki dolo\u010da osebe, ki nudijo spolne usluge, nikakor pa po njegovih navedbah ni poskrbljeno zanje tako, kot za vse ostale zaposlene. &#8220;Osebe, ki nudijo spolne usluge, bi morale imeti status svobodnih podjetnikov, v kolikor pa bi bilo to delovanje raz\u0161irjeno na ve\u010djo zdru\u017ebo, oz. organizirano v obliki gospodarske zdru\u017ebe, pa bi to prav tako moral regulirati zakon,&#8221; je pojasnil Jelin\u010di\u010d.<\/p>\n<p>Zakonska ureditev tega podro\u010dja bi tako po njegovem prepri\u010danju zagotovila vsaj ureditev zdravstvenih pregledov in nadzor zaposlenih, ureditev zdravstvenega zavarovanja in pla\u010devanja v pokojninski sklad, onemogo\u010danje trgovine z ljudmi, izsiljevanja in pritiskov na zaposlene.<\/p>\n<p>Prvak SNS je povedal, da imajo to podro\u010dje pravno-formalno urejeno Avstrija, \u010ce\u0161ka, Bolgarija, Ciper, Danska, Estonija, Finska, Irska, Italija, Luksemburg, Poljska, Portugalska, Slova\u0161ka.<\/p>\n<p>Na vlado in na ministrstvo za kulturo pa je Jelin\u010di\u010d naslovil tudi pobudo za nov dr\u017eavni praznik. Kot je pojasnil, pobuda izhaja iz dr\u017eavne subjektivitete slovenskih de\u017eel od 11. stoletja dalje, preko Manifesta cesarja Karla leta 1918 in vse do danes.<\/p>\n<p>Po njegovih navedbah pobuda temelji na dejanskem dogodku, ki je dotlej nepriznano zvezo slovenskih de\u017eel postavil na internacionalno sceno. To je bil trenutek razglasitve zdru\u017eenja, obi\u010dajno imenovanega &#8220;ujedinjenja&#8221; 1. decembra 1918. Temelj za pobudo je po Jelin\u010di\u010devih navedbah tudi dejstvo, da vse de\u017eele oz. dr\u017eave nekdanje K.u.K. (Kaiserliche und K\u00f6niglice &#8211; Cesarsko in kraljevo) letos praznujejo 100. obletnice ustanovitve svojih samostojnih dr\u017eav, zato je to treba po njegovem mnenju storiti tudi v Sloveniji.<\/p>\n<\/div>\n","protected":false},"excerpt":{"rendered":"<p>Prvak SNS Zmago Jelin\u010di\u010d je v imenu svoje poslanske skupine na vlado naslovil pisno pobudo za uvedbo novega dr\u017eavnega praznika Dan zedinjene Slovenije, ki naj se praznuje vsako leto 29. novembra. Na vlado in nekatera ministrstva je naslovil tudi pobudo za legalizacijo prostitucije in ureditev tega podro\u010dja, je povedal na novinarski konferenci.<\/p>\n","protected":false},"author":5,"featured_media":328703,"comment_status":"closed","ping_status":"closed","sticky":false,"template":"","format":"standard","meta":{"footnotes":""},"categories":[1179],"tags":[1595,11318,12477,5813],"source":[4511],"supertag":[],"acf":[],"yoast_head":"<!-- This site is optimized with the Yoast SEO plugin v21.3 - https:\/\/yoast.com\/wordpress\/plugins\/seo\/ -->\n<title>Jelin\u010di\u010d na vlado naslovil pisni pobudi za uvedbo novega dr\u017eavnega praznika in za legalizacijo prostitucije - Hudo Slovenija<\/title>\n<meta name=\"robots\" content=\"index, follow, max-snippet:-1, max-image-preview:large, max-video-preview:-1\" \/>\n<link rel=\"canonical\" href=\"https:\/\/hudo.com\/si\/aktualno\/jelincic-na-vlado-naslovil-pisni-pobudi-za-uvedbo-novega-drzavnega-praznika-za-legalizacijo-prostitucije\/\" \/>\n<meta property=\"og:locale\" content=\"sl_SI\" \/>\n<meta property=\"og:type\" content=\"article\" \/>\n<meta property=\"og:title\" content=\"Jelin\u010di\u010d na vlado naslovil pisni pobudi za uvedbo novega dr\u017eavnega praznika in za legalizacijo prostitucije - Hudo Slovenija\" \/>\n<meta property=\"og:description\" content=\"Prvak SNS Zmago Jelin\u010di\u010d je v imenu svoje poslanske skupine na vlado naslovil pisno pobudo za uvedbo novega dr\u017eavnega praznika Dan zedinjene Slovenije, ki naj se praznuje vsako leto 29. novembra. Na vlado in nekatera ministrstva je naslovil tudi pobudo za legalizacijo prostitucije in ureditev tega podro\u010dja, je povedal na novinarski konferenci.\" \/>\n<meta property=\"og:url\" content=\"https:\/\/hudo.com\/si\/aktualno\/jelincic-na-vlado-naslovil-pisni-pobudi-za-uvedbo-novega-drzavnega-praznika-za-legalizacijo-prostitucije\/\" \/>\n<meta property=\"og:site_name\" content=\"Hudo Slovenija\" \/>\n<meta property=\"article:publisher\" content=\"https:\/\/www.facebook.com\/hudo.si\" \/>\n<meta property=\"article:published_time\" content=\"2018-11-30T11:28:18+00:00\" \/>\n<meta property=\"og:image\" content=\"https:\/\/hudo.com\/si\/wp-content\/uploads\/sites\/2\/2017\/12\/20081117-00109384.jpg\" \/>\n\t<meta property=\"og:image:width\" content=\"479\" \/>\n\t<meta property=\"og:image:height\" content=\"640\" \/>\n\t<meta property=\"og:image:type\" content=\"image\/jpeg\" \/>\n<meta name=\"author\" content=\"A. G., STA\" \/>\n<meta name=\"twitter:card\" content=\"summary_large_image\" \/>\n<meta name=\"twitter:creator\" content=\"@hudo_si\" \/>\n<meta name=\"twitter:site\" content=\"@hudo_si\" \/>\n<meta name=\"twitter:label1\" content=\"Written by\" \/>\n\t<meta name=\"twitter:data1\" content=\"A. G., STA\" \/>\n\t<meta name=\"twitter:label2\" content=\"Est. reading time\" \/>\n\t<meta name=\"twitter:data2\" content=\"2 minuti\" \/>\n<script type=\"application\/ld+json\" class=\"yoast-schema-graph\">{\"@context\":\"https:\/\/schema.org\",\"@graph\":[{\"@type\":\"Article\",\"@id\":\"https:\/\/hudo.com\/si\/aktualno\/jelincic-na-vlado-naslovil-pisni-pobudi-za-uvedbo-novega-drzavnega-praznika-za-legalizacijo-prostitucije\/#article\",\"isPartOf\":{\"@id\":\"https:\/\/hudo.com\/si\/aktualno\/jelincic-na-vlado-naslovil-pisni-pobudi-za-uvedbo-novega-drzavnega-praznika-za-legalizacijo-prostitucije\/\"},\"author\":{\"name\":\"A. G., STA\",\"@id\":\"https:\/\/hudo.com\/si\/#\/schema\/person\/2391667a63ea075ba94f2f2dc6b77537\"},\"headline\":\"Jelin\u010di\u010d na vlado naslovil pisni pobudi za uvedbo novega dr\u017eavnega praznika in za legalizacijo prostitucije\",\"datePublished\":\"2018-11-30T11:28:18+00:00\",\"dateModified\":\"2018-11-30T11:28:18+00:00\",\"mainEntityOfPage\":{\"@id\":\"https:\/\/hudo.com\/si\/aktualno\/jelincic-na-vlado-naslovil-pisni-pobudi-za-uvedbo-novega-drzavnega-praznika-za-legalizacijo-prostitucije\/\"},\"wordCount\":389,\"publisher\":{\"@id\":\"https:\/\/hudo.com\/si\/#organization\"},\"keywords\":[\"Slovenija\",\"sns\",\"\u017e\",\"zmago jelin\u010di\u010d\"],\"articleSection\":[\"Aktualno\"],\"inLanguage\":\"sl-SI\"},{\"@type\":\"WebPage\",\"@id\":\"https:\/\/hudo.com\/si\/aktualno\/jelincic-na-vlado-naslovil-pisni-pobudi-za-uvedbo-novega-drzavnega-praznika-za-legalizacijo-prostitucije\/\",\"url\":\"https:\/\/hudo.com\/si\/aktualno\/jelincic-na-vlado-naslovil-pisni-pobudi-za-uvedbo-novega-drzavnega-praznika-za-legalizacijo-prostitucije\/\",\"name\":\"Jelin\u010di\u010d na vlado naslovil pisni pobudi za uvedbo novega dr\u017eavnega praznika in za legalizacijo prostitucije - Hudo Slovenija\",\"isPartOf\":{\"@id\":\"https:\/\/hudo.com\/si\/#website\"},\"datePublished\":\"2018-11-30T11:28:18+00:00\",\"dateModified\":\"2018-11-30T11:28:18+00:00\",\"breadcrumb\":{\"@id\":\"https:\/\/hudo.com\/si\/aktualno\/jelincic-na-vlado-naslovil-pisni-pobudi-za-uvedbo-novega-drzavnega-praznika-za-legalizacijo-prostitucije\/#breadcrumb\"},\"inLanguage\":\"sl-SI\",\"potentialAction\":[{\"@type\":\"ReadAction\",\"target\":[\"https:\/\/hudo.com\/si\/aktualno\/jelincic-na-vlado-naslovil-pisni-pobudi-za-uvedbo-novega-drzavnega-praznika-za-legalizacijo-prostitucije\/\"]}]},{\"@type\":\"BreadcrumbList\",\"@id\":\"https:\/\/hudo.com\/si\/aktualno\/jelincic-na-vlado-naslovil-pisni-pobudi-za-uvedbo-novega-drzavnega-praznika-za-legalizacijo-prostitucije\/#breadcrumb\",\"itemListElement\":[{\"@type\":\"ListItem\",\"position\":1,\"name\":\"Home\",\"item\":\"https:\/\/hudo.com\/si\/\"},{\"@type\":\"ListItem\",\"position\":2,\"name\":\"Jelin\u010di\u010d na vlado naslovil pisni pobudi za uvedbo novega dr\u017eavnega praznika in za legalizacijo prostitucije\"}]},{\"@type\":\"WebSite\",\"@id\":\"https:\/\/hudo.com\/si\/#website\",\"url\":\"https:\/\/hudo.com\/si\/\",\"name\":\"Hudo Slovenija\",\"description\":\"Vse novice iz Slovenije in sveta\",\"publisher\":{\"@id\":\"https:\/\/hudo.com\/si\/#organization\"},\"potentialAction\":[{\"@type\":\"SearchAction\",\"target\":{\"@type\":\"EntryPoint\",\"urlTemplate\":\"https:\/\/hudo.com\/si\/?s={search_term_string}\"},\"query-input\":\"required name=search_term_string\"}],\"inLanguage\":\"sl-SI\"},{\"@type\":\"Organization\",\"@id\":\"https:\/\/hudo.com\/si\/#organization\",\"name\":\"VSN Media\",\"url\":\"https:\/\/hudo.com\/si\/\",\"logo\":{\"@type\":\"ImageObject\",\"inLanguage\":\"sl-SI\",\"@id\":\"https:\/\/hudo.com\/si\/#\/schema\/logo\/image\/\",\"url\":\"https:\/\/hudo.com\/si\/wp-content\/uploads\/sites\/2\/2021\/03\/hudo-app-2.png\",\"contentUrl\":\"https:\/\/hudo.com\/si\/wp-content\/uploads\/sites\/2\/2021\/03\/hudo-app-2.png\",\"width\":2185,\"height\":2167,\"caption\":\"VSN Media\"},\"image\":{\"@id\":\"https:\/\/hudo.com\/si\/#\/schema\/logo\/image\/\"},\"sameAs\":[\"https:\/\/www.facebook.com\/hudo.si\",\"https:\/\/twitter.com\/hudo_si\"]},{\"@type\":\"Person\",\"@id\":\"https:\/\/hudo.com\/si\/#\/schema\/person\/2391667a63ea075ba94f2f2dc6b77537\",\"name\":\"A. G., STA\",\"image\":{\"@type\":\"ImageObject\",\"inLanguage\":\"sl-SI\",\"@id\":\"https:\/\/hudo.com\/si\/#\/schema\/person\/image\/\",\"url\":\"https:\/\/secure.gravatar.com\/avatar\/e13d22ac3e442658d5025fbbe6238a79?s=96&d=mm&r=g\",\"contentUrl\":\"https:\/\/secure.gravatar.com\/avatar\/e13d22ac3e442658d5025fbbe6238a79?s=96&d=mm&r=g\",\"caption\":\"A. G., STA\"},\"url\":\"https:\/\/hudo.com\/si\/author\/alenka\/\"}]}<\/script>\n<!-- \/ Yoast SEO plugin. -->","yoast_head_json":{"title":"Jelin\u010di\u010d na vlado naslovil pisni pobudi za uvedbo novega dr\u017eavnega praznika in za legalizacijo prostitucije - Hudo Slovenija","robots":{"index":"index","follow":"follow","max-snippet":"max-snippet:-1","max-image-preview":"max-image-preview:large","max-video-preview":"max-video-preview:-1"},"canonical":"https:\/\/hudo.com\/si\/aktualno\/jelincic-na-vlado-naslovil-pisni-pobudi-za-uvedbo-novega-drzavnega-praznika-za-legalizacijo-prostitucije\/","og_locale":"sl_SI","og_type":"article","og_title":"Jelin\u010di\u010d na vlado naslovil pisni pobudi za uvedbo novega dr\u017eavnega praznika in za legalizacijo prostitucije - Hudo Slovenija","og_description":"Prvak SNS Zmago Jelin\u010di\u010d je v imenu svoje poslanske skupine na vlado naslovil pisno pobudo za uvedbo novega dr\u017eavnega praznika Dan zedinjene Slovenije, ki naj se praznuje vsako leto 29. novembra. Na vlado in nekatera ministrstva je naslovil tudi pobudo za legalizacijo prostitucije in ureditev tega podro\u010dja, je povedal na novinarski konferenci.","og_url":"https:\/\/hudo.com\/si\/aktualno\/jelincic-na-vlado-naslovil-pisni-pobudi-za-uvedbo-novega-drzavnega-praznika-za-legalizacijo-prostitucije\/","og_site_name":"Hudo Slovenija","article_publisher":"https:\/\/www.facebook.com\/hudo.si","article_published_time":"2018-11-30T11:28:18+00:00","og_image":[{"width":479,"height":640,"url":"https:\/\/hudo.com\/si\/wp-content\/uploads\/sites\/2\/2017\/12\/20081117-00109384.jpg","type":"image\/jpeg"}],"author":"A. G., STA","twitter_card":"summary_large_image","twitter_creator":"@hudo_si","twitter_site":"@hudo_si","twitter_misc":{"Written by":"A. G., STA","Est. reading time":"2 minuti"},"schema":{"@context":"https:\/\/schema.org","@graph":[{"@type":"Article","@id":"https:\/\/hudo.com\/si\/aktualno\/jelincic-na-vlado-naslovil-pisni-pobudi-za-uvedbo-novega-drzavnega-praznika-za-legalizacijo-prostitucije\/#article","isPartOf":{"@id":"https:\/\/hudo.com\/si\/aktualno\/jelincic-na-vlado-naslovil-pisni-pobudi-za-uvedbo-novega-drzavnega-praznika-za-legalizacijo-prostitucije\/"},"author":{"name":"A. G., STA","@id":"https:\/\/hudo.com\/si\/#\/schema\/person\/2391667a63ea075ba94f2f2dc6b77537"},"headline":"Jelin\u010di\u010d na vlado naslovil pisni pobudi za uvedbo novega dr\u017eavnega praznika in za legalizacijo prostitucije","datePublished":"2018-11-30T11:28:18+00:00","dateModified":"2018-11-30T11:28:18+00:00","mainEntityOfPage":{"@id":"https:\/\/hudo.com\/si\/aktualno\/jelincic-na-vlado-naslovil-pisni-pobudi-za-uvedbo-novega-drzavnega-praznika-za-legalizacijo-prostitucije\/"},"wordCount":389,"publisher":{"@id":"https:\/\/hudo.com\/si\/#organization"},"keywords":["Slovenija","sns","\u017e","zmago jelin\u010di\u010d"],"articleSection":["Aktualno"],"inLanguage":"sl-SI"},{"@type":"WebPage","@id":"https:\/\/hudo.com\/si\/aktualno\/jelincic-na-vlado-naslovil-pisni-pobudi-za-uvedbo-novega-drzavnega-praznika-za-legalizacijo-prostitucije\/","url":"https:\/\/hudo.com\/si\/aktualno\/jelincic-na-vlado-naslovil-pisni-pobudi-za-uvedbo-novega-drzavnega-praznika-za-legalizacijo-prostitucije\/","name":"Jelin\u010di\u010d na vlado naslovil pisni pobudi za uvedbo novega dr\u017eavnega praznika in za legalizacijo prostitucije - Hudo Slovenija","isPartOf":{"@id":"https:\/\/hudo.com\/si\/#website"},"datePublished":"2018-11-30T11:28:18+00:00","dateModified":"2018-11-30T11:28:18+00:00","breadcrumb":{"@id":"https:\/\/hudo.com\/si\/aktualno\/jelincic-na-vlado-naslovil-pisni-pobudi-za-uvedbo-novega-drzavnega-praznika-za-legalizacijo-prostitucije\/#breadcrumb"},"inLanguage":"sl-SI","potentialAction":[{"@type":"ReadAction","target":["https:\/\/hudo.com\/si\/aktualno\/jelincic-na-vlado-naslovil-pisni-pobudi-za-uvedbo-novega-drzavnega-praznika-za-legalizacijo-prostitucije\/"]}]},{"@type":"BreadcrumbList","@id":"https:\/\/hudo.com\/si\/aktualno\/jelincic-na-vlado-naslovil-pisni-pobudi-za-uvedbo-novega-drzavnega-praznika-za-legalizacijo-prostitucije\/#breadcrumb","itemListElement":[{"@type":"ListItem","position":1,"name":"Home","item":"https:\/\/hudo.com\/si\/"},{"@type":"ListItem","position":2,"name":"Jelin\u010di\u010d na vlado naslovil pisni pobudi za uvedbo novega dr\u017eavnega praznika in za legalizacijo prostitucije"}]},{"@type":"WebSite","@id":"https:\/\/hudo.com\/si\/#website","url":"https:\/\/hudo.com\/si\/","name":"Hudo Slovenija","description":"Vse novice iz Slovenije in sveta","publisher":{"@id":"https:\/\/hudo.com\/si\/#organization"},"potentialAction":[{"@type":"SearchAction","target":{"@type":"EntryPoint","urlTemplate":"https:\/\/hudo.com\/si\/?s={search_term_string}"},"query-input":"required name=search_term_string"}],"inLanguage":"sl-SI"},{"@type":"Organization","@id":"https:\/\/hudo.com\/si\/#organization","name":"VSN Media","url":"https:\/\/hudo.com\/si\/","logo":{"@type":"ImageObject","inLanguage":"sl-SI","@id":"https:\/\/hudo.com\/si\/#\/schema\/logo\/image\/","url":"https:\/\/hudo.com\/si\/wp-content\/uploads\/sites\/2\/2021\/03\/hudo-app-2.png","contentUrl":"https:\/\/hudo.com\/si\/wp-content\/uploads\/sites\/2\/2021\/03\/hudo-app-2.png","width":2185,"height":2167,"caption":"VSN Media"},"image":{"@id":"https:\/\/hudo.com\/si\/#\/schema\/logo\/image\/"},"sameAs":["https:\/\/www.facebook.com\/hudo.si","https:\/\/twitter.com\/hudo_si"]},{"@type":"Person","@id":"https:\/\/hudo.com\/si\/#\/schema\/person\/2391667a63ea075ba94f2f2dc6b77537","name":"A. G., STA","image":{"@type":"ImageObject","inLanguage":"sl-SI","@id":"https:\/\/hudo.com\/si\/#\/schema\/person\/image\/","url":"https:\/\/secure.gravatar.com\/avatar\/e13d22ac3e442658d5025fbbe6238a79?s=96&d=mm&r=g","contentUrl":"https:\/\/secure.gravatar.com\/avatar\/e13d22ac3e442658d5025fbbe6238a79?s=96&d=mm&r=g","caption":"A. G., STA"},"url":"https:\/\/hudo.com\/si\/author\/alenka\/"}]}},"amp_enabled":true,"_links":{"self":[{"href":"https:\/\/hudo.com\/si\/wp-json\/wp\/v2\/posts\/381953"}],"collection":[{"href":"https:\/\/hudo.com\/si\/wp-json\/wp\/v2\/posts"}],"about":[{"href":"https:\/\/hudo.com\/si\/wp-json\/wp\/v2\/types\/post"}],"author":[{"embeddable":true,"href":"https:\/\/hudo.com\/si\/wp-json\/wp\/v2\/users\/5"}],"replies":[{"embeddable":true,"href":"https:\/\/hudo.com\/si\/wp-json\/wp\/v2\/comments?post=381953"}],"version-history":[{"count":1,"href":"https:\/\/hudo.com\/si\/wp-json\/wp\/v2\/posts\/381953\/revisions"}],"predecessor-version":[{"id":381955,"href":"https:\/\/hudo.com\/si\/wp-json\/wp\/v2\/posts\/381953\/revisions\/381955"}],"wp:featuredmedia":[{"embeddable":true,"href":"https:\/\/hudo.com\/si\/wp-json\/wp\/v2\/media\/328703"}],"wp:attachment":[{"href":"https:\/\/hudo.com\/si\/wp-json\/wp\/v2\/media?parent=381953"}],"wp:term":[{"taxonomy":"category","embeddable":true,"href":"https:\/\/hudo.com\/si\/wp-json\/wp\/v2\/categories?post=381953"},{"taxonomy":"post_tag","embeddable":true,"href":"https:\/\/hudo.com\/si\/wp-json\/wp\/v2\/tags?post=381953"},{"taxonomy":"source","embeddable":true,"href":"https:\/\/hudo.com\/si\/wp-json\/wp\/v2\/source?post=381953"},{"taxonomy":"supertag","embeddable":true,"href":"https:\/\/hudo.com\/si\/wp-json\/wp\/v2\/supertag?post=381953"}],"curies":[{"name":"wp","href":"https:\/\/api.w.org\/{rel}","templated":true}]}}