{"id":381992,"date":"2018-12-01T09:15:06","date_gmt":"2018-12-01T08:15:06","guid":{"rendered":"http:\/\/hudo.com\/si\/?p=381992"},"modified":"2018-12-01T09:15:06","modified_gmt":"2018-12-01T08:15:06","slug":"le-nekaj-mesecev-za-zeno-barbaro-umrl-nekdanji-ameriski-predsednik-george-bush-starejsi","status":"publish","type":"post","link":"https:\/\/hudo.com\/si\/aktualno\/le-nekaj-mesecev-za-zeno-barbaro-umrl-nekdanji-ameriski-predsednik-george-bush-starejsi\/","title":{"rendered":"Le nekaj mesecev za \u017eeno Barbaro, umrl nekdanji ameri\u0161ki predsednik George Bush starej\u0161i"},"content":{"rendered":"<p>Njegov sin George W. Bush je svojega o\u010deta ozna\u010dil za &#8220;\u010dloveka najbolj\u0161ega zna\u010daja in najbolj\u0161ega o\u010deta, kar ga lahko ima sin ali h\u010di&#8221;.<\/p>\n<p>&#8220;Celotna dru\u017eina Bush je globoko hvale\u017ena za \u017eivljenje in ljubezen 41. predsednika, za so\u010dutje vseh, ki so skrbeli in molili zanj ter za so\u017ealja,&#8221; je Busheva dru\u017eina zapisala v sporo\u010dilu.<\/p>\n<p>Bush je umrl le nekaj mesecev za \u017eeno Barbaro, ki je umrla aprila letos in s katero sta bila poro\u010dena 73 let.<\/p>\n<p>Imela sta pet otrok in 17 vnukov, dru\u017eina pa je sporo\u010dila, da bodo podrobnosti o pogrebnih slovesnostih posredovali kasneje.<\/p>\n","protected":false},"excerpt":{"rendered":"<p>V 95. letu starosti je v Houstonu umrl nekdanji ameri\u0161ki predsednik George Bush starej\u0161i, poro\u010dajo tuje tiskovne agencije. Bush je bil kot 41. predsednik na \u010delu ZDA en mandat med letoma 1989 in 1993, v \u010dasu konca hladne vojne.<\/p>\n","protected":false},"author":8,"featured_media":381993,"comment_status":"closed","ping_status":"closed","sticky":false,"template":"","format":"standard","meta":{"footnotes":""},"categories":[1179],"tags":[11068,1682],"source":[4511],"supertag":[6103],"acf":[],"yoast_head":"<!-- This site is optimized with the Yoast SEO plugin v21.3 - https:\/\/yoast.com\/wordpress\/plugins\/seo\/ -->\n<title>Le nekaj mesecev za \u017eeno Barbaro, umrl nekdanji ameri\u0161ki predsednik George Bush starej\u0161i - Hudo Slovenija<\/title>\n<meta name=\"robots\" content=\"index, follow, max-snippet:-1, max-image-preview:large, max-video-preview:-1\" \/>\n<link rel=\"canonical\" href=\"https:\/\/hudo.com\/si\/aktualno\/le-nekaj-mesecev-za-zeno-barbaro-umrl-nekdanji-ameriski-predsednik-george-bush-starejsi\/\" \/>\n<meta property=\"og:locale\" content=\"sl_SI\" \/>\n<meta property=\"og:type\" content=\"article\" \/>\n<meta property=\"og:title\" content=\"Le nekaj mesecev za \u017eeno Barbaro, umrl nekdanji ameri\u0161ki predsednik George Bush starej\u0161i - Hudo Slovenija\" \/>\n<meta property=\"og:description\" content=\"V 95. letu starosti je v Houstonu umrl nekdanji ameri\u0161ki predsednik George Bush starej\u0161i, poro\u010dajo tuje tiskovne agencije. Bush je bil kot 41. predsednik na \u010delu ZDA en mandat med letoma 1989 in 1993, v \u010dasu konca hladne vojne.\" \/>\n<meta property=\"og:url\" content=\"https:\/\/hudo.com\/si\/aktualno\/le-nekaj-mesecev-za-zeno-barbaro-umrl-nekdanji-ameriski-predsednik-george-bush-starejsi\/\" \/>\n<meta property=\"og:site_name\" content=\"Hudo Slovenija\" \/>\n<meta property=\"article:publisher\" content=\"https:\/\/www.facebook.com\/hudo.si\" \/>\n<meta property=\"article:published_time\" content=\"2018-12-01T08:15:06+00:00\" \/>\n<meta property=\"og:image\" content=\"https:\/\/hudo.com\/si\/wp-content\/uploads\/sites\/2\/2018\/12\/profimedia-0124809872.jpg\" \/>\n\t<meta property=\"og:image:width\" content=\"885\" \/>\n\t<meta property=\"og:image:height\" content=\"1250\" \/>\n\t<meta property=\"og:image:type\" content=\"image\/jpeg\" \/>\n<meta name=\"author\" content=\"M. N., STA\" \/>\n<meta name=\"twitter:card\" content=\"summary_large_image\" \/>\n<meta name=\"twitter:creator\" content=\"@hudo_si\" \/>\n<meta name=\"twitter:site\" content=\"@hudo_si\" \/>\n<meta name=\"twitter:label1\" content=\"Written by\" \/>\n\t<meta name=\"twitter:data1\" content=\"M. N., STA\" \/>\n\t<meta name=\"twitter:label2\" content=\"Est. reading time\" \/>\n\t<meta name=\"twitter:data2\" content=\"1 minuta\" \/>\n<script type=\"application\/ld+json\" class=\"yoast-schema-graph\">{\"@context\":\"https:\/\/schema.org\",\"@graph\":[{\"@type\":\"Article\",\"@id\":\"https:\/\/hudo.com\/si\/aktualno\/le-nekaj-mesecev-za-zeno-barbaro-umrl-nekdanji-ameriski-predsednik-george-bush-starejsi\/#article\",\"isPartOf\":{\"@id\":\"https:\/\/hudo.com\/si\/aktualno\/le-nekaj-mesecev-za-zeno-barbaro-umrl-nekdanji-ameriski-predsednik-george-bush-starejsi\/\"},\"author\":{\"name\":\"M. N., STA\",\"@id\":\"https:\/\/hudo.com\/si\/#\/schema\/person\/c2f10ce65d2e6ede2aeda5be2a0611fa\"},\"headline\":\"Le nekaj mesecev za \u017eeno Barbaro, umrl nekdanji ameri\u0161ki predsednik George Bush starej\u0161i\",\"datePublished\":\"2018-12-01T08:15:06+00:00\",\"dateModified\":\"2018-12-01T08:15:06+00:00\",\"mainEntityOfPage\":{\"@id\":\"https:\/\/hudo.com\/si\/aktualno\/le-nekaj-mesecev-za-zeno-barbaro-umrl-nekdanji-ameriski-predsednik-george-bush-starejsi\/\"},\"wordCount\":122,\"publisher\":{\"@id\":\"https:\/\/hudo.com\/si\/#organization\"},\"keywords\":[\"George Bush starej\u0161i\",\"ZDA\"],\"articleSection\":[\"Aktualno\"],\"inLanguage\":\"sl-SI\"},{\"@type\":\"WebPage\",\"@id\":\"https:\/\/hudo.com\/si\/aktualno\/le-nekaj-mesecev-za-zeno-barbaro-umrl-nekdanji-ameriski-predsednik-george-bush-starejsi\/\",\"url\":\"https:\/\/hudo.com\/si\/aktualno\/le-nekaj-mesecev-za-zeno-barbaro-umrl-nekdanji-ameriski-predsednik-george-bush-starejsi\/\",\"name\":\"Le nekaj mesecev za \u017eeno Barbaro, umrl nekdanji ameri\u0161ki predsednik George Bush starej\u0161i - Hudo Slovenija\",\"isPartOf\":{\"@id\":\"https:\/\/hudo.com\/si\/#website\"},\"datePublished\":\"2018-12-01T08:15:06+00:00\",\"dateModified\":\"2018-12-01T08:15:06+00:00\",\"breadcrumb\":{\"@id\":\"https:\/\/hudo.com\/si\/aktualno\/le-nekaj-mesecev-za-zeno-barbaro-umrl-nekdanji-ameriski-predsednik-george-bush-starejsi\/#breadcrumb\"},\"inLanguage\":\"sl-SI\",\"potentialAction\":[{\"@type\":\"ReadAction\",\"target\":[\"https:\/\/hudo.com\/si\/aktualno\/le-nekaj-mesecev-za-zeno-barbaro-umrl-nekdanji-ameriski-predsednik-george-bush-starejsi\/\"]}]},{\"@type\":\"BreadcrumbList\",\"@id\":\"https:\/\/hudo.com\/si\/aktualno\/le-nekaj-mesecev-za-zeno-barbaro-umrl-nekdanji-ameriski-predsednik-george-bush-starejsi\/#breadcrumb\",\"itemListElement\":[{\"@type\":\"ListItem\",\"position\":1,\"name\":\"Home\",\"item\":\"https:\/\/hudo.com\/si\/\"},{\"@type\":\"ListItem\",\"position\":2,\"name\":\"Le nekaj mesecev za \u017eeno Barbaro, umrl nekdanji ameri\u0161ki predsednik George Bush starej\u0161i\"}]},{\"@type\":\"WebSite\",\"@id\":\"https:\/\/hudo.com\/si\/#website\",\"url\":\"https:\/\/hudo.com\/si\/\",\"name\":\"Hudo Slovenija\",\"description\":\"Vse novice iz Slovenije in sveta\",\"publisher\":{\"@id\":\"https:\/\/hudo.com\/si\/#organization\"},\"potentialAction\":[{\"@type\":\"SearchAction\",\"target\":{\"@type\":\"EntryPoint\",\"urlTemplate\":\"https:\/\/hudo.com\/si\/?s={search_term_string}\"},\"query-input\":\"required name=search_term_string\"}],\"inLanguage\":\"sl-SI\"},{\"@type\":\"Organization\",\"@id\":\"https:\/\/hudo.com\/si\/#organization\",\"name\":\"VSN Media\",\"url\":\"https:\/\/hudo.com\/si\/\",\"logo\":{\"@type\":\"ImageObject\",\"inLanguage\":\"sl-SI\",\"@id\":\"https:\/\/hudo.com\/si\/#\/schema\/logo\/image\/\",\"url\":\"https:\/\/hudo.com\/si\/wp-content\/uploads\/sites\/2\/2021\/03\/hudo-app-2.png\",\"contentUrl\":\"https:\/\/hudo.com\/si\/wp-content\/uploads\/sites\/2\/2021\/03\/hudo-app-2.png\",\"width\":2185,\"height\":2167,\"caption\":\"VSN Media\"},\"image\":{\"@id\":\"https:\/\/hudo.com\/si\/#\/schema\/logo\/image\/\"},\"sameAs\":[\"https:\/\/www.facebook.com\/hudo.si\",\"https:\/\/twitter.com\/hudo_si\"]},{\"@type\":\"Person\",\"@id\":\"https:\/\/hudo.com\/si\/#\/schema\/person\/c2f10ce65d2e6ede2aeda5be2a0611fa\",\"name\":\"M. N., STA\",\"image\":{\"@type\":\"ImageObject\",\"inLanguage\":\"sl-SI\",\"@id\":\"https:\/\/hudo.com\/si\/#\/schema\/person\/image\/\",\"url\":\"https:\/\/secure.gravatar.com\/avatar\/f370d38daa10467f755c5c766a4cac20?s=96&d=mm&r=g\",\"contentUrl\":\"https:\/\/secure.gravatar.com\/avatar\/f370d38daa10467f755c5c766a4cac20?s=96&d=mm&r=g\",\"caption\":\"M. N., STA\"},\"url\":\"https:\/\/hudo.com\/si\/author\/mana\/\"}]}<\/script>\n<!-- \/ Yoast SEO plugin. -->","yoast_head_json":{"title":"Le nekaj mesecev za \u017eeno Barbaro, umrl nekdanji ameri\u0161ki predsednik George Bush starej\u0161i - Hudo Slovenija","robots":{"index":"index","follow":"follow","max-snippet":"max-snippet:-1","max-image-preview":"max-image-preview:large","max-video-preview":"max-video-preview:-1"},"canonical":"https:\/\/hudo.com\/si\/aktualno\/le-nekaj-mesecev-za-zeno-barbaro-umrl-nekdanji-ameriski-predsednik-george-bush-starejsi\/","og_locale":"sl_SI","og_type":"article","og_title":"Le nekaj mesecev za \u017eeno Barbaro, umrl nekdanji ameri\u0161ki predsednik George Bush starej\u0161i - Hudo Slovenija","og_description":"V 95. letu starosti je v Houstonu umrl nekdanji ameri\u0161ki predsednik George Bush starej\u0161i, poro\u010dajo tuje tiskovne agencije. Bush je bil kot 41. predsednik na \u010delu ZDA en mandat med letoma 1989 in 1993, v \u010dasu konca hladne vojne.","og_url":"https:\/\/hudo.com\/si\/aktualno\/le-nekaj-mesecev-za-zeno-barbaro-umrl-nekdanji-ameriski-predsednik-george-bush-starejsi\/","og_site_name":"Hudo Slovenija","article_publisher":"https:\/\/www.facebook.com\/hudo.si","article_published_time":"2018-12-01T08:15:06+00:00","og_image":[{"width":885,"height":1250,"url":"https:\/\/hudo.com\/si\/wp-content\/uploads\/sites\/2\/2018\/12\/profimedia-0124809872.jpg","type":"image\/jpeg"}],"author":"M. N., STA","twitter_card":"summary_large_image","twitter_creator":"@hudo_si","twitter_site":"@hudo_si","twitter_misc":{"Written by":"M. N., STA","Est. reading time":"1 minuta"},"schema":{"@context":"https:\/\/schema.org","@graph":[{"@type":"Article","@id":"https:\/\/hudo.com\/si\/aktualno\/le-nekaj-mesecev-za-zeno-barbaro-umrl-nekdanji-ameriski-predsednik-george-bush-starejsi\/#article","isPartOf":{"@id":"https:\/\/hudo.com\/si\/aktualno\/le-nekaj-mesecev-za-zeno-barbaro-umrl-nekdanji-ameriski-predsednik-george-bush-starejsi\/"},"author":{"name":"M. N., STA","@id":"https:\/\/hudo.com\/si\/#\/schema\/person\/c2f10ce65d2e6ede2aeda5be2a0611fa"},"headline":"Le nekaj mesecev za \u017eeno Barbaro, umrl nekdanji ameri\u0161ki predsednik George Bush starej\u0161i","datePublished":"2018-12-01T08:15:06+00:00","dateModified":"2018-12-01T08:15:06+00:00","mainEntityOfPage":{"@id":"https:\/\/hudo.com\/si\/aktualno\/le-nekaj-mesecev-za-zeno-barbaro-umrl-nekdanji-ameriski-predsednik-george-bush-starejsi\/"},"wordCount":122,"publisher":{"@id":"https:\/\/hudo.com\/si\/#organization"},"keywords":["George Bush starej\u0161i","ZDA"],"articleSection":["Aktualno"],"inLanguage":"sl-SI"},{"@type":"WebPage","@id":"https:\/\/hudo.com\/si\/aktualno\/le-nekaj-mesecev-za-zeno-barbaro-umrl-nekdanji-ameriski-predsednik-george-bush-starejsi\/","url":"https:\/\/hudo.com\/si\/aktualno\/le-nekaj-mesecev-za-zeno-barbaro-umrl-nekdanji-ameriski-predsednik-george-bush-starejsi\/","name":"Le nekaj mesecev za \u017eeno Barbaro, umrl nekdanji ameri\u0161ki predsednik George Bush starej\u0161i - Hudo Slovenija","isPartOf":{"@id":"https:\/\/hudo.com\/si\/#website"},"datePublished":"2018-12-01T08:15:06+00:00","dateModified":"2018-12-01T08:15:06+00:00","breadcrumb":{"@id":"https:\/\/hudo.com\/si\/aktualno\/le-nekaj-mesecev-za-zeno-barbaro-umrl-nekdanji-ameriski-predsednik-george-bush-starejsi\/#breadcrumb"},"inLanguage":"sl-SI","potentialAction":[{"@type":"ReadAction","target":["https:\/\/hudo.com\/si\/aktualno\/le-nekaj-mesecev-za-zeno-barbaro-umrl-nekdanji-ameriski-predsednik-george-bush-starejsi\/"]}]},{"@type":"BreadcrumbList","@id":"https:\/\/hudo.com\/si\/aktualno\/le-nekaj-mesecev-za-zeno-barbaro-umrl-nekdanji-ameriski-predsednik-george-bush-starejsi\/#breadcrumb","itemListElement":[{"@type":"ListItem","position":1,"name":"Home","item":"https:\/\/hudo.com\/si\/"},{"@type":"ListItem","position":2,"name":"Le nekaj mesecev za \u017eeno Barbaro, umrl nekdanji ameri\u0161ki predsednik George Bush starej\u0161i"}]},{"@type":"WebSite","@id":"https:\/\/hudo.com\/si\/#website","url":"https:\/\/hudo.com\/si\/","name":"Hudo Slovenija","description":"Vse novice iz Slovenije in sveta","publisher":{"@id":"https:\/\/hudo.com\/si\/#organization"},"potentialAction":[{"@type":"SearchAction","target":{"@type":"EntryPoint","urlTemplate":"https:\/\/hudo.com\/si\/?s={search_term_string}"},"query-input":"required name=search_term_string"}],"inLanguage":"sl-SI"},{"@type":"Organization","@id":"https:\/\/hudo.com\/si\/#organization","name":"VSN Media","url":"https:\/\/hudo.com\/si\/","logo":{"@type":"ImageObject","inLanguage":"sl-SI","@id":"https:\/\/hudo.com\/si\/#\/schema\/logo\/image\/","url":"https:\/\/hudo.com\/si\/wp-content\/uploads\/sites\/2\/2021\/03\/hudo-app-2.png","contentUrl":"https:\/\/hudo.com\/si\/wp-content\/uploads\/sites\/2\/2021\/03\/hudo-app-2.png","width":2185,"height":2167,"caption":"VSN Media"},"image":{"@id":"https:\/\/hudo.com\/si\/#\/schema\/logo\/image\/"},"sameAs":["https:\/\/www.facebook.com\/hudo.si","https:\/\/twitter.com\/hudo_si"]},{"@type":"Person","@id":"https:\/\/hudo.com\/si\/#\/schema\/person\/c2f10ce65d2e6ede2aeda5be2a0611fa","name":"M. N., STA","image":{"@type":"ImageObject","inLanguage":"sl-SI","@id":"https:\/\/hudo.com\/si\/#\/schema\/person\/image\/","url":"https:\/\/secure.gravatar.com\/avatar\/f370d38daa10467f755c5c766a4cac20?s=96&d=mm&r=g","contentUrl":"https:\/\/secure.gravatar.com\/avatar\/f370d38daa10467f755c5c766a4cac20?s=96&d=mm&r=g","caption":"M. N., STA"},"url":"https:\/\/hudo.com\/si\/author\/mana\/"}]}},"amp_enabled":true,"_links":{"self":[{"href":"https:\/\/hudo.com\/si\/wp-json\/wp\/v2\/posts\/381992"}],"collection":[{"href":"https:\/\/hudo.com\/si\/wp-json\/wp\/v2\/posts"}],"about":[{"href":"https:\/\/hudo.com\/si\/wp-json\/wp\/v2\/types\/post"}],"author":[{"embeddable":true,"href":"https:\/\/hudo.com\/si\/wp-json\/wp\/v2\/users\/8"}],"replies":[{"embeddable":true,"href":"https:\/\/hudo.com\/si\/wp-json\/wp\/v2\/comments?post=381992"}],"version-history":[{"count":1,"href":"https:\/\/hudo.com\/si\/wp-json\/wp\/v2\/posts\/381992\/revisions"}],"predecessor-version":[{"id":381994,"href":"https:\/\/hudo.com\/si\/wp-json\/wp\/v2\/posts\/381992\/revisions\/381994"}],"wp:featuredmedia":[{"embeddable":true,"href":"https:\/\/hudo.com\/si\/wp-json\/wp\/v2\/media\/381993"}],"wp:attachment":[{"href":"https:\/\/hudo.com\/si\/wp-json\/wp\/v2\/media?parent=381992"}],"wp:term":[{"taxonomy":"category","embeddable":true,"href":"https:\/\/hudo.com\/si\/wp-json\/wp\/v2\/categories?post=381992"},{"taxonomy":"post_tag","embeddable":true,"href":"https:\/\/hudo.com\/si\/wp-json\/wp\/v2\/tags?post=381992"},{"taxonomy":"source","embeddable":true,"href":"https:\/\/hudo.com\/si\/wp-json\/wp\/v2\/source?post=381992"},{"taxonomy":"supertag","embeddable":true,"href":"https:\/\/hudo.com\/si\/wp-json\/wp\/v2\/supertag?post=381992"}],"curies":[{"name":"wp","href":"https:\/\/api.w.org\/{rel}","templated":true}]}}