{"id":382339,"date":"2018-12-07T10:26:34","date_gmt":"2018-12-07T09:26:34","guid":{"rendered":"http:\/\/hudo.com\/si\/?p=382339"},"modified":"2018-12-07T10:26:34","modified_gmt":"2018-12-07T09:26:34","slug":"andrej-sisko-zaenkrat-ostaja-za-zapahi-tozilstvo-je-vlozilo-obtoznico","status":"publish","type":"post","link":"https:\/\/hudo.com\/si\/aktualno\/andrej-sisko-zaenkrat-ostaja-za-zapahi-tozilstvo-je-vlozilo-obtoznico\/","title":{"rendered":"Andrej \u0160i\u0161ko zaenkrat ostaja za zapahi, to\u017eilstvo je vlo\u017eilo obto\u017enico"},"content":{"rendered":"<p>\u0160i\u0161ko je v priporu od 12. septembra, saj naj bilo po ugotovitvah kriminalistov, zdaj pa torej tudi to\u017eilstva, iz objav z zborovanja \u0160tajerske varde v za\u010detku septembra v bli\u017eini Apa\u010d razvidno, da je pozival k strmoglavljanju najvi\u0161jih predstavnikov dr\u017eave.<\/p>\n<p>Predsednik zunajparlamentarne stranke Zedinjena Slovenija, ki je v priporu pre\u017eivel tudi celotno predvolilno kampanjo na lokalnih volitvah, v kateri se je potegoval za \u017eupana Maribora, tako ostaja v priporu. Enomese\u010dni rok se mu izte\u010de 12. decembra, a vodja mariborskega to\u017eilstva Simoni\u010d pri\u010dakuje, da bo zunajrazpravni senat mariborskega sodi\u0161\u010da pripor spet podalj\u0161al.<\/p>\n<p>Po vlo\u017eitvi obto\u017enice lahko zunajrazpravni senat pripor podalj\u0161uje dve leti. &#8220;Glede na to, da nas je sodi\u0161\u010de v zvezi s priporom vselej podprlo, z izjemo prvega preiskovalnega sodnika, o priporu verjetno ni dileme. Vmes se namre\u010d ni zgodilo ni\u010d tako novega, da bi ravnali druga\u010de,&#8221; meni Simoni\u010d.<\/p>\n<p>\u0160i\u0161ku tako ne preostane ve\u010d veliko drugih mo\u017enosti, kot da po\u010daka na pravnomo\u010dnost obto\u017enice in za\u010detek sojenja, saj je v za\u010detku novembra tudi vrhovno sodi\u0161\u010de zavrnilo njegovo zahtevo za varstvo zakonitosti zoper sklep o odreditvi pripora.<\/p>\n<p>Vrhovno sodi\u0161\u010de je sprejelo presojo ni\u017ejih sodi\u0161\u010d, da je podan utemeljen sum, da je \u0160i\u0161ko ustanovil paravoja\u0161ko enoto in pozival k ustanovitvi \u0161e drugih vard po Sloveniji, ki bodo, ko bodo dozorele razmere, strmoglavile najvi\u0161je dr\u017eavne organe. Tak\u0161no obdol\u017een\u010devo ravnanje naj bi bilo usmerjeno v ogrozitev obstoje\u010de dr\u017eavne ureditve.<\/p>\n<p>\u0160i\u0161ko in njegov odvetnik Viktor Osim sta sicer v zahtevi za varstvo zakonitosti navajala, da obdol\u017een\u010devo ravnanje ne dosega zakonskih znakov o\u010ditanega kaznivega dejanja, saj po njunem mnenju \u0160i\u0161kovo ravnanje ni bilo usmerjeno v ogrozitev ustavne ureditve.<\/p>\n<p>Ob tem je vrhovno sodi\u0161\u010de tudi ocenilo, da je podan utemeljen sum, da naj bi z ustanovitvijo skupine obdol\u017eeni neposredno posegel v eno od temeljnih funkcij dr\u017eave, to je zagotavljanje varnosti, ki je v izklju\u010dni pristojnosti dr\u017eave.<\/p>\n<p>Po ugotovitvah vrhovnega sodi\u0161\u010da zato celotno ravnanje obdol\u017eenega, od gro\u017enje predsedniku vlade Miru Cerarju januarja 2017 do ustanovitve \u0160tajerske varde septembra 2018 ter pozivanje prebivalcev, naj se pridru\u017eijo vardi in z oboro\u017eenim uporom strmoglavijo najvi\u0161je dr\u017eavne organe, v tej fazi postopka zado\u0161\u010da za pravni o\u010ditek storitve kaznivega dejanja \u0161\u010duvanja k nasilni spremembi ustavne ureditve.<\/p>\n<p>Vrhovno sodi\u0161\u010de je zato tudi v tem delu pritrdilo ni\u017ejima sodi\u0161\u010dema, krivdno obliko, s katero naj bi obdol\u017eeni izvr\u0161il kaznivo dejanje, pa bo sodi\u0161\u010de lahko ugotavljalo \u0161ele med nadaljnjim postopkom, so takrat pojasnili na vrhovnem sodi\u0161\u010du.<\/p>\n<p>Tam tudi niso prisluhnili vrhovni dr\u017eavni to\u017eilki Barbari Brezigar, ki je \u017ee septembra v zvezi z zahtevo za varstvo zakonitosti sodi\u0161\u010du odgovorila, da je ta utemeljena, zaradi \u010desar je treba pravnomo\u010dno odlo\u010ditev o priporu razveljaviti ter zadevo vrniti v ponovno odlo\u010danje.<\/p>\n","protected":false},"excerpt":{"rendered":"<p>Mariborsko to\u017eilstvo je v \u010detrtek na tamkaj\u0161nje okro\u017eno sodi\u0161\u010de vlo\u017eilo obto\u017enico zoper Andreja \u0160i\u0161ka, v kateri mu zaradi aktivnosti \u0160tajerske varde o\u010dita kaznivo dejanje \u0161\u010duvanja k nasilni spremembi ustavne ureditve, je za STA danes potrdil vodja mariborskega to\u017eilstva Darko Simoni\u010d in dodal, da so hkrati predlagali tudi podalj\u0161anje pripora.<\/p>\n","protected":false},"author":7,"featured_media":382341,"comment_status":"closed","ping_status":"closed","sticky":false,"template":"","format":"standard","meta":{"footnotes":""},"categories":[1179],"tags":[9551,5722,1595,4770,11908],"source":[4511],"supertag":[],"acf":[],"yoast_head":"<!-- This site is optimized with the Yoast SEO plugin v21.3 - https:\/\/yoast.com\/wordpress\/plugins\/seo\/ -->\n<title>Andrej \u0160i\u0161ko zaenkrat ostaja za zapahi, to\u017eilstvo je vlo\u017eilo obto\u017enico - Hudo Slovenija<\/title>\n<meta name=\"robots\" content=\"index, follow, max-snippet:-1, max-image-preview:large, max-video-preview:-1\" \/>\n<link rel=\"canonical\" href=\"https:\/\/hudo.com\/si\/aktualno\/andrej-sisko-zaenkrat-ostaja-za-zapahi-tozilstvo-je-vlozilo-obtoznico\/\" \/>\n<meta property=\"og:locale\" content=\"sl_SI\" \/>\n<meta property=\"og:type\" content=\"article\" \/>\n<meta property=\"og:title\" content=\"Andrej \u0160i\u0161ko zaenkrat ostaja za zapahi, to\u017eilstvo je vlo\u017eilo obto\u017enico - Hudo Slovenija\" \/>\n<meta property=\"og:description\" content=\"Mariborsko to\u017eilstvo je v \u010detrtek na tamkaj\u0161nje okro\u017eno sodi\u0161\u010de vlo\u017eilo obto\u017enico zoper Andreja \u0160i\u0161ka, v kateri mu zaradi aktivnosti \u0160tajerske varde o\u010dita kaznivo dejanje \u0161\u010duvanja k nasilni spremembi ustavne ureditve, je za STA danes potrdil vodja mariborskega to\u017eilstva Darko Simoni\u010d in dodal, da so hkrati predlagali tudi podalj\u0161anje pripora.\" \/>\n<meta property=\"og:url\" content=\"https:\/\/hudo.com\/si\/aktualno\/andrej-sisko-zaenkrat-ostaja-za-zapahi-tozilstvo-je-vlozilo-obtoznico\/\" \/>\n<meta property=\"og:site_name\" content=\"Hudo Slovenija\" \/>\n<meta property=\"article:publisher\" content=\"https:\/\/www.facebook.com\/hudo.si\" \/>\n<meta property=\"article:published_time\" content=\"2018-12-07T09:26:34+00:00\" \/>\n<meta property=\"og:image\" content=\"https:\/\/hudo.com\/si\/wp-content\/uploads\/sites\/2\/2018\/12\/varda.jpeg\" \/>\n\t<meta property=\"og:image:width\" content=\"768\" \/>\n\t<meta property=\"og:image:height\" content=\"512\" \/>\n\t<meta property=\"og:image:type\" content=\"image\/jpeg\" \/>\n<meta name=\"author\" content=\"A. P., STA\" \/>\n<meta name=\"twitter:card\" content=\"summary_large_image\" \/>\n<meta name=\"twitter:creator\" content=\"@hudo_si\" \/>\n<meta name=\"twitter:site\" content=\"@hudo_si\" \/>\n<meta name=\"twitter:label1\" content=\"Written by\" \/>\n\t<meta name=\"twitter:data1\" content=\"A. P., STA\" \/>\n\t<meta name=\"twitter:label2\" content=\"Est. reading time\" \/>\n\t<meta name=\"twitter:data2\" content=\"2 minuti\" \/>\n<script type=\"application\/ld+json\" class=\"yoast-schema-graph\">{\"@context\":\"https:\/\/schema.org\",\"@graph\":[{\"@type\":\"Article\",\"@id\":\"https:\/\/hudo.com\/si\/aktualno\/andrej-sisko-zaenkrat-ostaja-za-zapahi-tozilstvo-je-vlozilo-obtoznico\/#article\",\"isPartOf\":{\"@id\":\"https:\/\/hudo.com\/si\/aktualno\/andrej-sisko-zaenkrat-ostaja-za-zapahi-tozilstvo-je-vlozilo-obtoznico\/\"},\"author\":{\"name\":\"A. P., STA\",\"@id\":\"https:\/\/hudo.com\/si\/#\/schema\/person\/18f09c02475ba9e606e941a565b80cff\"},\"headline\":\"Andrej \u0160i\u0161ko zaenkrat ostaja za zapahi, to\u017eilstvo je vlo\u017eilo obto\u017enico\",\"datePublished\":\"2018-12-07T09:26:34+00:00\",\"dateModified\":\"2018-12-07T09:26:34+00:00\",\"mainEntityOfPage\":{\"@id\":\"https:\/\/hudo.com\/si\/aktualno\/andrej-sisko-zaenkrat-ostaja-za-zapahi-tozilstvo-je-vlozilo-obtoznico\/\"},\"wordCount\":506,\"publisher\":{\"@id\":\"https:\/\/hudo.com\/si\/#organization\"},\"keywords\":[\"Andrej \u0160i\u0161ko\",\"maribor\",\"Slovenija\",\"sodi\u0161\u010de\",\"\u0161tajerska varda\"],\"articleSection\":[\"Aktualno\"],\"inLanguage\":\"sl-SI\"},{\"@type\":\"WebPage\",\"@id\":\"https:\/\/hudo.com\/si\/aktualno\/andrej-sisko-zaenkrat-ostaja-za-zapahi-tozilstvo-je-vlozilo-obtoznico\/\",\"url\":\"https:\/\/hudo.com\/si\/aktualno\/andrej-sisko-zaenkrat-ostaja-za-zapahi-tozilstvo-je-vlozilo-obtoznico\/\",\"name\":\"Andrej \u0160i\u0161ko zaenkrat ostaja za zapahi, to\u017eilstvo je vlo\u017eilo obto\u017enico - Hudo Slovenija\",\"isPartOf\":{\"@id\":\"https:\/\/hudo.com\/si\/#website\"},\"datePublished\":\"2018-12-07T09:26:34+00:00\",\"dateModified\":\"2018-12-07T09:26:34+00:00\",\"breadcrumb\":{\"@id\":\"https:\/\/hudo.com\/si\/aktualno\/andrej-sisko-zaenkrat-ostaja-za-zapahi-tozilstvo-je-vlozilo-obtoznico\/#breadcrumb\"},\"inLanguage\":\"sl-SI\",\"potentialAction\":[{\"@type\":\"ReadAction\",\"target\":[\"https:\/\/hudo.com\/si\/aktualno\/andrej-sisko-zaenkrat-ostaja-za-zapahi-tozilstvo-je-vlozilo-obtoznico\/\"]}]},{\"@type\":\"BreadcrumbList\",\"@id\":\"https:\/\/hudo.com\/si\/aktualno\/andrej-sisko-zaenkrat-ostaja-za-zapahi-tozilstvo-je-vlozilo-obtoznico\/#breadcrumb\",\"itemListElement\":[{\"@type\":\"ListItem\",\"position\":1,\"name\":\"Home\",\"item\":\"https:\/\/hudo.com\/si\/\"},{\"@type\":\"ListItem\",\"position\":2,\"name\":\"Andrej \u0160i\u0161ko zaenkrat ostaja za zapahi, to\u017eilstvo je vlo\u017eilo obto\u017enico\"}]},{\"@type\":\"WebSite\",\"@id\":\"https:\/\/hudo.com\/si\/#website\",\"url\":\"https:\/\/hudo.com\/si\/\",\"name\":\"Hudo Slovenija\",\"description\":\"Vse novice iz Slovenije in sveta\",\"publisher\":{\"@id\":\"https:\/\/hudo.com\/si\/#organization\"},\"potentialAction\":[{\"@type\":\"SearchAction\",\"target\":{\"@type\":\"EntryPoint\",\"urlTemplate\":\"https:\/\/hudo.com\/si\/?s={search_term_string}\"},\"query-input\":\"required name=search_term_string\"}],\"inLanguage\":\"sl-SI\"},{\"@type\":\"Organization\",\"@id\":\"https:\/\/hudo.com\/si\/#organization\",\"name\":\"VSN Media\",\"url\":\"https:\/\/hudo.com\/si\/\",\"logo\":{\"@type\":\"ImageObject\",\"inLanguage\":\"sl-SI\",\"@id\":\"https:\/\/hudo.com\/si\/#\/schema\/logo\/image\/\",\"url\":\"https:\/\/hudo.com\/si\/wp-content\/uploads\/sites\/2\/2021\/03\/hudo-app-2.png\",\"contentUrl\":\"https:\/\/hudo.com\/si\/wp-content\/uploads\/sites\/2\/2021\/03\/hudo-app-2.png\",\"width\":2185,\"height\":2167,\"caption\":\"VSN Media\"},\"image\":{\"@id\":\"https:\/\/hudo.com\/si\/#\/schema\/logo\/image\/\"},\"sameAs\":[\"https:\/\/www.facebook.com\/hudo.si\",\"https:\/\/twitter.com\/hudo_si\"]},{\"@type\":\"Person\",\"@id\":\"https:\/\/hudo.com\/si\/#\/schema\/person\/18f09c02475ba9e606e941a565b80cff\",\"name\":\"A. P., STA\",\"image\":{\"@type\":\"ImageObject\",\"inLanguage\":\"sl-SI\",\"@id\":\"https:\/\/hudo.com\/si\/#\/schema\/person\/image\/\",\"url\":\"https:\/\/secure.gravatar.com\/avatar\/03eac8e609f5f04383125d80eaeaaf3e?s=96&d=mm&r=g\",\"contentUrl\":\"https:\/\/secure.gravatar.com\/avatar\/03eac8e609f5f04383125d80eaeaaf3e?s=96&d=mm&r=g\",\"caption\":\"A. P., STA\"},\"url\":\"https:\/\/hudo.com\/si\/author\/lubu\/\"}]}<\/script>\n<!-- \/ Yoast SEO plugin. -->","yoast_head_json":{"title":"Andrej \u0160i\u0161ko zaenkrat ostaja za zapahi, to\u017eilstvo je vlo\u017eilo obto\u017enico - Hudo Slovenija","robots":{"index":"index","follow":"follow","max-snippet":"max-snippet:-1","max-image-preview":"max-image-preview:large","max-video-preview":"max-video-preview:-1"},"canonical":"https:\/\/hudo.com\/si\/aktualno\/andrej-sisko-zaenkrat-ostaja-za-zapahi-tozilstvo-je-vlozilo-obtoznico\/","og_locale":"sl_SI","og_type":"article","og_title":"Andrej \u0160i\u0161ko zaenkrat ostaja za zapahi, to\u017eilstvo je vlo\u017eilo obto\u017enico - Hudo Slovenija","og_description":"Mariborsko to\u017eilstvo je v \u010detrtek na tamkaj\u0161nje okro\u017eno sodi\u0161\u010de vlo\u017eilo obto\u017enico zoper Andreja \u0160i\u0161ka, v kateri mu zaradi aktivnosti \u0160tajerske varde o\u010dita kaznivo dejanje \u0161\u010duvanja k nasilni spremembi ustavne ureditve, je za STA danes potrdil vodja mariborskega to\u017eilstva Darko Simoni\u010d in dodal, da so hkrati predlagali tudi podalj\u0161anje pripora.","og_url":"https:\/\/hudo.com\/si\/aktualno\/andrej-sisko-zaenkrat-ostaja-za-zapahi-tozilstvo-je-vlozilo-obtoznico\/","og_site_name":"Hudo Slovenija","article_publisher":"https:\/\/www.facebook.com\/hudo.si","article_published_time":"2018-12-07T09:26:34+00:00","og_image":[{"width":768,"height":512,"url":"https:\/\/hudo.com\/si\/wp-content\/uploads\/sites\/2\/2018\/12\/varda.jpeg","type":"image\/jpeg"}],"author":"A. P., STA","twitter_card":"summary_large_image","twitter_creator":"@hudo_si","twitter_site":"@hudo_si","twitter_misc":{"Written by":"A. P., STA","Est. reading time":"2 minuti"},"schema":{"@context":"https:\/\/schema.org","@graph":[{"@type":"Article","@id":"https:\/\/hudo.com\/si\/aktualno\/andrej-sisko-zaenkrat-ostaja-za-zapahi-tozilstvo-je-vlozilo-obtoznico\/#article","isPartOf":{"@id":"https:\/\/hudo.com\/si\/aktualno\/andrej-sisko-zaenkrat-ostaja-za-zapahi-tozilstvo-je-vlozilo-obtoznico\/"},"author":{"name":"A. P., STA","@id":"https:\/\/hudo.com\/si\/#\/schema\/person\/18f09c02475ba9e606e941a565b80cff"},"headline":"Andrej \u0160i\u0161ko zaenkrat ostaja za zapahi, to\u017eilstvo je vlo\u017eilo obto\u017enico","datePublished":"2018-12-07T09:26:34+00:00","dateModified":"2018-12-07T09:26:34+00:00","mainEntityOfPage":{"@id":"https:\/\/hudo.com\/si\/aktualno\/andrej-sisko-zaenkrat-ostaja-za-zapahi-tozilstvo-je-vlozilo-obtoznico\/"},"wordCount":506,"publisher":{"@id":"https:\/\/hudo.com\/si\/#organization"},"keywords":["Andrej \u0160i\u0161ko","maribor","Slovenija","sodi\u0161\u010de","\u0161tajerska varda"],"articleSection":["Aktualno"],"inLanguage":"sl-SI"},{"@type":"WebPage","@id":"https:\/\/hudo.com\/si\/aktualno\/andrej-sisko-zaenkrat-ostaja-za-zapahi-tozilstvo-je-vlozilo-obtoznico\/","url":"https:\/\/hudo.com\/si\/aktualno\/andrej-sisko-zaenkrat-ostaja-za-zapahi-tozilstvo-je-vlozilo-obtoznico\/","name":"Andrej \u0160i\u0161ko zaenkrat ostaja za zapahi, to\u017eilstvo je vlo\u017eilo obto\u017enico - Hudo Slovenija","isPartOf":{"@id":"https:\/\/hudo.com\/si\/#website"},"datePublished":"2018-12-07T09:26:34+00:00","dateModified":"2018-12-07T09:26:34+00:00","breadcrumb":{"@id":"https:\/\/hudo.com\/si\/aktualno\/andrej-sisko-zaenkrat-ostaja-za-zapahi-tozilstvo-je-vlozilo-obtoznico\/#breadcrumb"},"inLanguage":"sl-SI","potentialAction":[{"@type":"ReadAction","target":["https:\/\/hudo.com\/si\/aktualno\/andrej-sisko-zaenkrat-ostaja-za-zapahi-tozilstvo-je-vlozilo-obtoznico\/"]}]},{"@type":"BreadcrumbList","@id":"https:\/\/hudo.com\/si\/aktualno\/andrej-sisko-zaenkrat-ostaja-za-zapahi-tozilstvo-je-vlozilo-obtoznico\/#breadcrumb","itemListElement":[{"@type":"ListItem","position":1,"name":"Home","item":"https:\/\/hudo.com\/si\/"},{"@type":"ListItem","position":2,"name":"Andrej \u0160i\u0161ko zaenkrat ostaja za zapahi, to\u017eilstvo je vlo\u017eilo obto\u017enico"}]},{"@type":"WebSite","@id":"https:\/\/hudo.com\/si\/#website","url":"https:\/\/hudo.com\/si\/","name":"Hudo Slovenija","description":"Vse novice iz Slovenije in sveta","publisher":{"@id":"https:\/\/hudo.com\/si\/#organization"},"potentialAction":[{"@type":"SearchAction","target":{"@type":"EntryPoint","urlTemplate":"https:\/\/hudo.com\/si\/?s={search_term_string}"},"query-input":"required name=search_term_string"}],"inLanguage":"sl-SI"},{"@type":"Organization","@id":"https:\/\/hudo.com\/si\/#organization","name":"VSN Media","url":"https:\/\/hudo.com\/si\/","logo":{"@type":"ImageObject","inLanguage":"sl-SI","@id":"https:\/\/hudo.com\/si\/#\/schema\/logo\/image\/","url":"https:\/\/hudo.com\/si\/wp-content\/uploads\/sites\/2\/2021\/03\/hudo-app-2.png","contentUrl":"https:\/\/hudo.com\/si\/wp-content\/uploads\/sites\/2\/2021\/03\/hudo-app-2.png","width":2185,"height":2167,"caption":"VSN Media"},"image":{"@id":"https:\/\/hudo.com\/si\/#\/schema\/logo\/image\/"},"sameAs":["https:\/\/www.facebook.com\/hudo.si","https:\/\/twitter.com\/hudo_si"]},{"@type":"Person","@id":"https:\/\/hudo.com\/si\/#\/schema\/person\/18f09c02475ba9e606e941a565b80cff","name":"A. P., STA","image":{"@type":"ImageObject","inLanguage":"sl-SI","@id":"https:\/\/hudo.com\/si\/#\/schema\/person\/image\/","url":"https:\/\/secure.gravatar.com\/avatar\/03eac8e609f5f04383125d80eaeaaf3e?s=96&d=mm&r=g","contentUrl":"https:\/\/secure.gravatar.com\/avatar\/03eac8e609f5f04383125d80eaeaaf3e?s=96&d=mm&r=g","caption":"A. P., STA"},"url":"https:\/\/hudo.com\/si\/author\/lubu\/"}]}},"amp_enabled":true,"_links":{"self":[{"href":"https:\/\/hudo.com\/si\/wp-json\/wp\/v2\/posts\/382339"}],"collection":[{"href":"https:\/\/hudo.com\/si\/wp-json\/wp\/v2\/posts"}],"about":[{"href":"https:\/\/hudo.com\/si\/wp-json\/wp\/v2\/types\/post"}],"author":[{"embeddable":true,"href":"https:\/\/hudo.com\/si\/wp-json\/wp\/v2\/users\/7"}],"replies":[{"embeddable":true,"href":"https:\/\/hudo.com\/si\/wp-json\/wp\/v2\/comments?post=382339"}],"version-history":[{"count":1,"href":"https:\/\/hudo.com\/si\/wp-json\/wp\/v2\/posts\/382339\/revisions"}],"predecessor-version":[{"id":382342,"href":"https:\/\/hudo.com\/si\/wp-json\/wp\/v2\/posts\/382339\/revisions\/382342"}],"wp:featuredmedia":[{"embeddable":true,"href":"https:\/\/hudo.com\/si\/wp-json\/wp\/v2\/media\/382341"}],"wp:attachment":[{"href":"https:\/\/hudo.com\/si\/wp-json\/wp\/v2\/media?parent=382339"}],"wp:term":[{"taxonomy":"category","embeddable":true,"href":"https:\/\/hudo.com\/si\/wp-json\/wp\/v2\/categories?post=382339"},{"taxonomy":"post_tag","embeddable":true,"href":"https:\/\/hudo.com\/si\/wp-json\/wp\/v2\/tags?post=382339"},{"taxonomy":"source","embeddable":true,"href":"https:\/\/hudo.com\/si\/wp-json\/wp\/v2\/source?post=382339"},{"taxonomy":"supertag","embeddable":true,"href":"https:\/\/hudo.com\/si\/wp-json\/wp\/v2\/supertag?post=382339"}],"curies":[{"name":"wp","href":"https:\/\/api.w.org\/{rel}","templated":true}]}}