{"id":382391,"date":"2018-12-07T17:33:06","date_gmt":"2018-12-07T16:33:06","guid":{"rendered":"http:\/\/hudo.com\/si\/?p=382391"},"modified":"2018-12-07T17:33:06","modified_gmt":"2018-12-07T16:33:06","slug":"popovic-se-ni-vrgel-puske-v-koruzo","status":"publish","type":"post","link":"https:\/\/hudo.com\/si\/aktualno\/popovic-se-ni-vrgel-puske-v-koruzo\/","title":{"rendered":"Popovi\u0107 \u0161e ni vrgel pu\u0161ke v koruzo"},"content":{"rendered":"<div class=\"text\">\n<p>Koprska ob\u010dinska volilna komisija (OVK) je v \u010detrtek v celoti zavrnila Popovi\u010dev ugovor z zahtevo po ponovnem \u0161tetju vseh glasov. Ob preizku\u0161anju navedb iz ugovora je OVK opravil ponovno \u0161tetje na enem od voli\u0161\u010d, po \u010demer se je prednost v prid protikandidatu Ale\u0161u Br\u017eanu malenkost pove\u010dala, neuradno na 17 glasov razlike. S tem je OVK dokon\u010dno razglasila Br\u017eana za zmagovalca \u017eupanskih volitev.<\/p>\n<p>Popovi\u010dev odvetnik Franci Matoz je neposredno po seji OVK pojasnil, da se bo posvetoval s Popovi\u010dem glede tega, ali vlo\u017eiti prito\u017ebo, \u0161e prej pa bo po\u010dakal na obrazlo\u017een sklep komisije.<\/p>\n<p>Na OVK so danes za STA pojasnili, da so odlo\u010dbo \u017ee poslali predstavnikom obeh kandidatov. Popovi\u010d je za STA navedel, da sklepa OVK \u0161e ni prejel, kljub temu pa je \u017ee napovedal, da se bo prito\u017eil na ob\u010dinski svet s predlogom, da ta nalo\u017ei ponovno \u0161tetje glasovnic.<\/p>\n<p>Kot je opozoril aktualni \u017eupan, je OVK v eni sami skrinjici ugotovil, da so deset glasov narobe pre\u0161teli (prvotno je bila razlika v prid Br\u017eanu sedem glasov), pri 86 voli\u0161\u010dih pa je lahko napak \u0161e veliko ve\u010d. Gre za na\u010delno vpra\u0161anje, tudi \u010de bi bile vse napake v prid Br\u017eana, zato Popovi\u010d meni, da bi morali ponoviti volitve tam, kjer je pri\u0161lo do nepravilnosti.<\/p>\n<p>Kot je \u0161e napovedal, bo konstitutivna seja novega ob\u010dinskega sveta 20. ali 21. decembra. V primeru, da mu ob\u010dinski svet ne bo ugodil, pa se bo Popovi\u010d obrnil na upravno sodi\u0161\u010de. \u010ce bo po sklepu slednjega postal \u017eupan, &#8220;potem podam takoj odstopno izjavo in gremo na ponovne volitve v celoti&#8221;.<\/p>\n<p>OVK je v \u010detrtek zavrnila tudi Br\u017eanov ugovor, ki se je nana\u0161al na neskladja med zapisniki in volilnimi imeniki. Br\u017ean je danes za STA povedal, da je Popovi\u010devo napoved prito\u017ebe pri\u010dakoval, s samo odlo\u010ditvijo OVK pa je zadovoljen: &#8220;To je bila samo potrditev volje ljudi,&#8221; je poudaril. Dodal je, da &#8220;je bil premo\u010den signal za to, da ljudje ho\u010dejo spremembo, in do tega je tudi pri\u0161lo&#8221;.<\/p>\n<p>Glede potrjevanja mandatov na ob\u010dinskem svetu je Br\u017ean ocenil, da se bodo svetniki odlo\u010dili tako, kot mislijo, da je prav: &#8220;Pravilna odlo\u010ditev bi bila po mojem ta, da se potrdi novega \u017eupana in da se za\u010dne kon\u010dno delati&#8221;.<\/p>\n<p>\u010ce niti mestni svet na konstitutivni seji, ko se bodo potrjevali mandati, ne odlo\u010di v prid kandidatu, se ta lahko v osmih dneh prito\u017ei \u0161e na upravno sodi\u0161\u010de, ki mora o prito\u017ebi odlo\u010diti v 30 dneh. Do kon\u010dne odlo\u010ditve upravnega sodi\u0161\u010da bi ob\u010dino v tem \u010dasu vodil najstarej\u0161i ob\u010dinski svetnik. Ta bo v koprskem primeru svetnica italijanske narodne skupnosti Ondina Gregorich Diabate.<\/p>\n<\/div>\n","protected":false},"excerpt":{"rendered":"<p>Boris Popovi\u010d \u0161e ni prejel obrazlo\u017eenega sklepa ob\u010dinske volilne komisije, ki je zavrnila njegov ugovor glede \u017eupanskih volitev, a se bo v vsakem primeru prito\u017eil na ob\u010dinski svet, je danes pojasnil za STA. Konstitutivna seja ob\u010dinskega sveta v novi sestavi bo 20. ali 21. decembra. Ale\u0161 Br\u017ean pa v odlo\u010ditvi OVK vidi potrditev volje ljudi.<\/p>\n","protected":false},"author":5,"featured_media":377023,"comment_status":"closed","ping_status":"closed","sticky":false,"template":"","format":"standard","meta":{"footnotes":""},"categories":[1179],"tags":[5708,4518,1595,4919],"source":[4511],"supertag":[],"acf":[],"yoast_head":"<!-- This site is optimized with the Yoast SEO plugin v21.3 - https:\/\/yoast.com\/wordpress\/plugins\/seo\/ -->\n<title>Popovi\u0107 \u0161e ni vrgel pu\u0161ke v koruzo - Hudo Slovenija<\/title>\n<meta name=\"robots\" content=\"index, follow, max-snippet:-1, max-image-preview:large, max-video-preview:-1\" \/>\n<link rel=\"canonical\" href=\"https:\/\/hudo.com\/si\/aktualno\/popovic-se-ni-vrgel-puske-v-koruzo\/\" \/>\n<meta property=\"og:locale\" content=\"sl_SI\" \/>\n<meta property=\"og:type\" content=\"article\" \/>\n<meta property=\"og:title\" content=\"Popovi\u0107 \u0161e ni vrgel pu\u0161ke v koruzo - Hudo Slovenija\" \/>\n<meta property=\"og:description\" content=\"Boris Popovi\u010d \u0161e ni prejel obrazlo\u017eenega sklepa ob\u010dinske volilne komisije, ki je zavrnila njegov ugovor glede \u017eupanskih volitev, a se bo v vsakem primeru prito\u017eil na ob\u010dinski svet, je danes pojasnil za STA. Konstitutivna seja ob\u010dinskega sveta v novi sestavi bo 20. ali 21. decembra. Ale\u0161 Br\u017ean pa v odlo\u010ditvi OVK vidi potrditev volje ljudi.\" \/>\n<meta property=\"og:url\" content=\"https:\/\/hudo.com\/si\/aktualno\/popovic-se-ni-vrgel-puske-v-koruzo\/\" \/>\n<meta property=\"og:site_name\" content=\"Hudo Slovenija\" \/>\n<meta property=\"article:publisher\" content=\"https:\/\/www.facebook.com\/hudo.si\" \/>\n<meta property=\"article:published_time\" content=\"2018-12-07T16:33:06+00:00\" \/>\n<meta property=\"og:image\" content=\"https:\/\/hudo.com\/si\/wp-content\/uploads\/sites\/2\/2018\/09\/profimedia-0220614839.jpg\" \/>\n\t<meta property=\"og:image:width\" content=\"1250\" \/>\n\t<meta property=\"og:image:height\" content=\"962\" \/>\n\t<meta property=\"og:image:type\" content=\"image\/jpeg\" \/>\n<meta name=\"author\" content=\"A. G., STA\" \/>\n<meta name=\"twitter:card\" content=\"summary_large_image\" \/>\n<meta name=\"twitter:creator\" content=\"@hudo_si\" \/>\n<meta name=\"twitter:site\" content=\"@hudo_si\" \/>\n<meta name=\"twitter:label1\" content=\"Written by\" \/>\n\t<meta name=\"twitter:data1\" content=\"A. G., STA\" \/>\n\t<meta name=\"twitter:label2\" content=\"Est. reading time\" \/>\n\t<meta name=\"twitter:data2\" content=\"2 minuti\" \/>\n<script type=\"application\/ld+json\" class=\"yoast-schema-graph\">{\"@context\":\"https:\/\/schema.org\",\"@graph\":[{\"@type\":\"Article\",\"@id\":\"https:\/\/hudo.com\/si\/aktualno\/popovic-se-ni-vrgel-puske-v-koruzo\/#article\",\"isPartOf\":{\"@id\":\"https:\/\/hudo.com\/si\/aktualno\/popovic-se-ni-vrgel-puske-v-koruzo\/\"},\"author\":{\"name\":\"A. G., STA\",\"@id\":\"https:\/\/hudo.com\/si\/#\/schema\/person\/2391667a63ea075ba94f2f2dc6b77537\"},\"headline\":\"Popovi\u0107 \u0161e ni vrgel pu\u0161ke v koruzo\",\"datePublished\":\"2018-12-07T16:33:06+00:00\",\"dateModified\":\"2018-12-07T16:33:06+00:00\",\"mainEntityOfPage\":{\"@id\":\"https:\/\/hudo.com\/si\/aktualno\/popovic-se-ni-vrgel-puske-v-koruzo\/\"},\"wordCount\":477,\"publisher\":{\"@id\":\"https:\/\/hudo.com\/si\/#organization\"},\"keywords\":[\"boris popovi\u010d\",\"komisija\",\"Slovenija\",\"volitve\"],\"articleSection\":[\"Aktualno\"],\"inLanguage\":\"sl-SI\"},{\"@type\":\"WebPage\",\"@id\":\"https:\/\/hudo.com\/si\/aktualno\/popovic-se-ni-vrgel-puske-v-koruzo\/\",\"url\":\"https:\/\/hudo.com\/si\/aktualno\/popovic-se-ni-vrgel-puske-v-koruzo\/\",\"name\":\"Popovi\u0107 \u0161e ni vrgel pu\u0161ke v koruzo - Hudo Slovenija\",\"isPartOf\":{\"@id\":\"https:\/\/hudo.com\/si\/#website\"},\"datePublished\":\"2018-12-07T16:33:06+00:00\",\"dateModified\":\"2018-12-07T16:33:06+00:00\",\"breadcrumb\":{\"@id\":\"https:\/\/hudo.com\/si\/aktualno\/popovic-se-ni-vrgel-puske-v-koruzo\/#breadcrumb\"},\"inLanguage\":\"sl-SI\",\"potentialAction\":[{\"@type\":\"ReadAction\",\"target\":[\"https:\/\/hudo.com\/si\/aktualno\/popovic-se-ni-vrgel-puske-v-koruzo\/\"]}]},{\"@type\":\"BreadcrumbList\",\"@id\":\"https:\/\/hudo.com\/si\/aktualno\/popovic-se-ni-vrgel-puske-v-koruzo\/#breadcrumb\",\"itemListElement\":[{\"@type\":\"ListItem\",\"position\":1,\"name\":\"Home\",\"item\":\"https:\/\/hudo.com\/si\/\"},{\"@type\":\"ListItem\",\"position\":2,\"name\":\"Popovi\u0107 \u0161e ni vrgel pu\u0161ke v koruzo\"}]},{\"@type\":\"WebSite\",\"@id\":\"https:\/\/hudo.com\/si\/#website\",\"url\":\"https:\/\/hudo.com\/si\/\",\"name\":\"Hudo Slovenija\",\"description\":\"Vse novice iz Slovenije in sveta\",\"publisher\":{\"@id\":\"https:\/\/hudo.com\/si\/#organization\"},\"potentialAction\":[{\"@type\":\"SearchAction\",\"target\":{\"@type\":\"EntryPoint\",\"urlTemplate\":\"https:\/\/hudo.com\/si\/?s={search_term_string}\"},\"query-input\":\"required name=search_term_string\"}],\"inLanguage\":\"sl-SI\"},{\"@type\":\"Organization\",\"@id\":\"https:\/\/hudo.com\/si\/#organization\",\"name\":\"VSN Media\",\"url\":\"https:\/\/hudo.com\/si\/\",\"logo\":{\"@type\":\"ImageObject\",\"inLanguage\":\"sl-SI\",\"@id\":\"https:\/\/hudo.com\/si\/#\/schema\/logo\/image\/\",\"url\":\"https:\/\/hudo.com\/si\/wp-content\/uploads\/sites\/2\/2021\/03\/hudo-app-2.png\",\"contentUrl\":\"https:\/\/hudo.com\/si\/wp-content\/uploads\/sites\/2\/2021\/03\/hudo-app-2.png\",\"width\":2185,\"height\":2167,\"caption\":\"VSN Media\"},\"image\":{\"@id\":\"https:\/\/hudo.com\/si\/#\/schema\/logo\/image\/\"},\"sameAs\":[\"https:\/\/www.facebook.com\/hudo.si\",\"https:\/\/twitter.com\/hudo_si\"]},{\"@type\":\"Person\",\"@id\":\"https:\/\/hudo.com\/si\/#\/schema\/person\/2391667a63ea075ba94f2f2dc6b77537\",\"name\":\"A. G., STA\",\"image\":{\"@type\":\"ImageObject\",\"inLanguage\":\"sl-SI\",\"@id\":\"https:\/\/hudo.com\/si\/#\/schema\/person\/image\/\",\"url\":\"https:\/\/secure.gravatar.com\/avatar\/e13d22ac3e442658d5025fbbe6238a79?s=96&d=mm&r=g\",\"contentUrl\":\"https:\/\/secure.gravatar.com\/avatar\/e13d22ac3e442658d5025fbbe6238a79?s=96&d=mm&r=g\",\"caption\":\"A. G., STA\"},\"url\":\"https:\/\/hudo.com\/si\/author\/alenka\/\"}]}<\/script>\n<!-- \/ Yoast SEO plugin. -->","yoast_head_json":{"title":"Popovi\u0107 \u0161e ni vrgel pu\u0161ke v koruzo - Hudo Slovenija","robots":{"index":"index","follow":"follow","max-snippet":"max-snippet:-1","max-image-preview":"max-image-preview:large","max-video-preview":"max-video-preview:-1"},"canonical":"https:\/\/hudo.com\/si\/aktualno\/popovic-se-ni-vrgel-puske-v-koruzo\/","og_locale":"sl_SI","og_type":"article","og_title":"Popovi\u0107 \u0161e ni vrgel pu\u0161ke v koruzo - Hudo Slovenija","og_description":"Boris Popovi\u010d \u0161e ni prejel obrazlo\u017eenega sklepa ob\u010dinske volilne komisije, ki je zavrnila njegov ugovor glede \u017eupanskih volitev, a se bo v vsakem primeru prito\u017eil na ob\u010dinski svet, je danes pojasnil za STA. Konstitutivna seja ob\u010dinskega sveta v novi sestavi bo 20. ali 21. decembra. Ale\u0161 Br\u017ean pa v odlo\u010ditvi OVK vidi potrditev volje ljudi.","og_url":"https:\/\/hudo.com\/si\/aktualno\/popovic-se-ni-vrgel-puske-v-koruzo\/","og_site_name":"Hudo Slovenija","article_publisher":"https:\/\/www.facebook.com\/hudo.si","article_published_time":"2018-12-07T16:33:06+00:00","og_image":[{"width":1250,"height":962,"url":"https:\/\/hudo.com\/si\/wp-content\/uploads\/sites\/2\/2018\/09\/profimedia-0220614839.jpg","type":"image\/jpeg"}],"author":"A. G., STA","twitter_card":"summary_large_image","twitter_creator":"@hudo_si","twitter_site":"@hudo_si","twitter_misc":{"Written by":"A. G., STA","Est. reading time":"2 minuti"},"schema":{"@context":"https:\/\/schema.org","@graph":[{"@type":"Article","@id":"https:\/\/hudo.com\/si\/aktualno\/popovic-se-ni-vrgel-puske-v-koruzo\/#article","isPartOf":{"@id":"https:\/\/hudo.com\/si\/aktualno\/popovic-se-ni-vrgel-puske-v-koruzo\/"},"author":{"name":"A. G., STA","@id":"https:\/\/hudo.com\/si\/#\/schema\/person\/2391667a63ea075ba94f2f2dc6b77537"},"headline":"Popovi\u0107 \u0161e ni vrgel pu\u0161ke v koruzo","datePublished":"2018-12-07T16:33:06+00:00","dateModified":"2018-12-07T16:33:06+00:00","mainEntityOfPage":{"@id":"https:\/\/hudo.com\/si\/aktualno\/popovic-se-ni-vrgel-puske-v-koruzo\/"},"wordCount":477,"publisher":{"@id":"https:\/\/hudo.com\/si\/#organization"},"keywords":["boris popovi\u010d","komisija","Slovenija","volitve"],"articleSection":["Aktualno"],"inLanguage":"sl-SI"},{"@type":"WebPage","@id":"https:\/\/hudo.com\/si\/aktualno\/popovic-se-ni-vrgel-puske-v-koruzo\/","url":"https:\/\/hudo.com\/si\/aktualno\/popovic-se-ni-vrgel-puske-v-koruzo\/","name":"Popovi\u0107 \u0161e ni vrgel pu\u0161ke v koruzo - Hudo Slovenija","isPartOf":{"@id":"https:\/\/hudo.com\/si\/#website"},"datePublished":"2018-12-07T16:33:06+00:00","dateModified":"2018-12-07T16:33:06+00:00","breadcrumb":{"@id":"https:\/\/hudo.com\/si\/aktualno\/popovic-se-ni-vrgel-puske-v-koruzo\/#breadcrumb"},"inLanguage":"sl-SI","potentialAction":[{"@type":"ReadAction","target":["https:\/\/hudo.com\/si\/aktualno\/popovic-se-ni-vrgel-puske-v-koruzo\/"]}]},{"@type":"BreadcrumbList","@id":"https:\/\/hudo.com\/si\/aktualno\/popovic-se-ni-vrgel-puske-v-koruzo\/#breadcrumb","itemListElement":[{"@type":"ListItem","position":1,"name":"Home","item":"https:\/\/hudo.com\/si\/"},{"@type":"ListItem","position":2,"name":"Popovi\u0107 \u0161e ni vrgel pu\u0161ke v koruzo"}]},{"@type":"WebSite","@id":"https:\/\/hudo.com\/si\/#website","url":"https:\/\/hudo.com\/si\/","name":"Hudo Slovenija","description":"Vse novice iz Slovenije in sveta","publisher":{"@id":"https:\/\/hudo.com\/si\/#organization"},"potentialAction":[{"@type":"SearchAction","target":{"@type":"EntryPoint","urlTemplate":"https:\/\/hudo.com\/si\/?s={search_term_string}"},"query-input":"required name=search_term_string"}],"inLanguage":"sl-SI"},{"@type":"Organization","@id":"https:\/\/hudo.com\/si\/#organization","name":"VSN Media","url":"https:\/\/hudo.com\/si\/","logo":{"@type":"ImageObject","inLanguage":"sl-SI","@id":"https:\/\/hudo.com\/si\/#\/schema\/logo\/image\/","url":"https:\/\/hudo.com\/si\/wp-content\/uploads\/sites\/2\/2021\/03\/hudo-app-2.png","contentUrl":"https:\/\/hudo.com\/si\/wp-content\/uploads\/sites\/2\/2021\/03\/hudo-app-2.png","width":2185,"height":2167,"caption":"VSN Media"},"image":{"@id":"https:\/\/hudo.com\/si\/#\/schema\/logo\/image\/"},"sameAs":["https:\/\/www.facebook.com\/hudo.si","https:\/\/twitter.com\/hudo_si"]},{"@type":"Person","@id":"https:\/\/hudo.com\/si\/#\/schema\/person\/2391667a63ea075ba94f2f2dc6b77537","name":"A. G., STA","image":{"@type":"ImageObject","inLanguage":"sl-SI","@id":"https:\/\/hudo.com\/si\/#\/schema\/person\/image\/","url":"https:\/\/secure.gravatar.com\/avatar\/e13d22ac3e442658d5025fbbe6238a79?s=96&d=mm&r=g","contentUrl":"https:\/\/secure.gravatar.com\/avatar\/e13d22ac3e442658d5025fbbe6238a79?s=96&d=mm&r=g","caption":"A. G., STA"},"url":"https:\/\/hudo.com\/si\/author\/alenka\/"}]}},"amp_enabled":true,"_links":{"self":[{"href":"https:\/\/hudo.com\/si\/wp-json\/wp\/v2\/posts\/382391"}],"collection":[{"href":"https:\/\/hudo.com\/si\/wp-json\/wp\/v2\/posts"}],"about":[{"href":"https:\/\/hudo.com\/si\/wp-json\/wp\/v2\/types\/post"}],"author":[{"embeddable":true,"href":"https:\/\/hudo.com\/si\/wp-json\/wp\/v2\/users\/5"}],"replies":[{"embeddable":true,"href":"https:\/\/hudo.com\/si\/wp-json\/wp\/v2\/comments?post=382391"}],"version-history":[{"count":1,"href":"https:\/\/hudo.com\/si\/wp-json\/wp\/v2\/posts\/382391\/revisions"}],"predecessor-version":[{"id":382392,"href":"https:\/\/hudo.com\/si\/wp-json\/wp\/v2\/posts\/382391\/revisions\/382392"}],"wp:featuredmedia":[{"embeddable":true,"href":"https:\/\/hudo.com\/si\/wp-json\/wp\/v2\/media\/377023"}],"wp:attachment":[{"href":"https:\/\/hudo.com\/si\/wp-json\/wp\/v2\/media?parent=382391"}],"wp:term":[{"taxonomy":"category","embeddable":true,"href":"https:\/\/hudo.com\/si\/wp-json\/wp\/v2\/categories?post=382391"},{"taxonomy":"post_tag","embeddable":true,"href":"https:\/\/hudo.com\/si\/wp-json\/wp\/v2\/tags?post=382391"},{"taxonomy":"source","embeddable":true,"href":"https:\/\/hudo.com\/si\/wp-json\/wp\/v2\/source?post=382391"},{"taxonomy":"supertag","embeddable":true,"href":"https:\/\/hudo.com\/si\/wp-json\/wp\/v2\/supertag?post=382391"}],"curies":[{"name":"wp","href":"https:\/\/api.w.org\/{rel}","templated":true}]}}