{"id":382643,"date":"2018-12-12T12:59:01","date_gmt":"2018-12-12T11:59:01","guid":{"rendered":"http:\/\/hudo.com\/si\/?p=382643"},"modified":"2018-12-12T12:59:01","modified_gmt":"2018-12-12T11:59:01","slug":"slovenija-kriticna-spanskih-izjav-glede-slovenske-osamosvojitve","status":"publish","type":"post","link":"https:\/\/hudo.com\/si\/aktualno\/slovenija-kriticna-spanskih-izjav-glede-slovenske-osamosvojitve\/","title":{"rendered":"Slovenija kriti\u010dna do \u0161panskih izjav glede slovenske osamosvojitve"},"content":{"rendered":"<p>Pri katalonski krizi gre za politi\u010dni problem, ki ga je mogo\u010de re\u0161iti samo s politi\u010dnimi sredstvi v odkritem, strpnem in argumentiranem dialogu z vlado v Madridu, \u0161e posebej zdaj, po katalonskem plebiscitu in pred napovedanim sodnim procesom proti priprtim katalonskim politikom, je v izjavi zapisal Ku\u010dan.<\/p>\n<p>Po njegovem mnenju sta neodvisnost Katalonije in njen polo\u017eaj v \u0160paniji vpra\u0161anje, ki ga morata razre\u0161iti vlada v Madridu in vlada v Barceloni po demokrati\u010dni in mirni poti ter ob odgovornosti obeh strani, slovenska pot mirnega uveljavljanja pravice do samoodlo\u010dbe pa je pri tem morda lahko dober zgled.<\/p>\n<p>Biv\u0161i predsednik je \u0161e zatrdil, da so o tem potekali pogovori s predsednikom Katalonije Torro ob njegovem obisku v Sloveniji prej\u0161nji teden.<\/p>\n<p>Torra je po koncu obiska v Sloveniji Katalonce pozval, naj uberejo podobno pot v neodvisnost, kot jo je Slovenija.<\/p>\n<p>Izjava je spro\u017eila ostre odzive v Madridu. &#8220;O\u010ditno je pozabil na \u0161tevilne mrtve in ranjene v Sloveniji,&#8221; je izjavila uradna govorka \u0161panske vlade Isabel Calaa, sicer ministrica za izobra\u017eevanje.<\/p>\n<p>Slovensko zunanje ministrstvo je po poro\u010danju \u010dasnika Delo zaradi burnih odzivov v Madridu danes na pogovor povabilo \u0161panskega veleposlanika v Sloveniji, da bi mu pojasnili, da slovenska osamosvojitev ni bila nasilno dejanje, temve\u010d se je Slovenija branila pred agresijo.<\/p>\n<p>Tudi Ku\u010dan, ki je skupaj z evropskim poslancem Ivom Vajglom gostil katalonskega predsednika, je danes v sporo\u010dilu poudaril, da interpretacija, da se je Slovenija osamosvojila z nasiljem, nima realne podlage in govori o nepoznavanju dejstev.<\/p>\n<p>Na podlagi svoje izku\u0161nje pa je Slovenija podprla pravico Kataloncev, da po demokrati\u010dni poti odlo\u010dajo o svoji prihodnosti, ter obsodila policijsko nasilje, s katerim je prej\u0161nja \u0161panska vlada to pravico \u017eelela zatreti, je \u0161e zapisal.<\/p>\n<p>Torro sta v Sloveniji na neuradnem pogovoru sprejela tudi predsednik republike Borut Pahor in predsednik DZ Dejan \u017didan.<\/p>\n","protected":false},"excerpt":{"rendered":"<p>Nekdanji predsednik Milan Ku\u010dan, ki je pred dnevi v Ljubljani gostil katalonskega predsednika Quima Torro, je danes poudaril, da gre v Kataloniji za politi\u010dni problem, ki se lahko re\u0161i samo s politi\u010dnimi sredstvi, slovenska pot je morda lahko zgled. V lu\u010di \u0161panskih odzivov na Torrove izjave je MZZ danes na pogovor povabilo \u0161panskega veleposlanika.<\/p>\n","protected":false},"author":7,"featured_media":382645,"comment_status":"closed","ping_status":"closed","sticky":false,"template":"","format":"standard","meta":{"footnotes":""},"categories":[1179],"tags":[5129,10897,6761,8944,8851,11139,1595,1812],"source":[4511],"supertag":[],"acf":[],"yoast_head":"<!-- This site is optimized with the Yoast SEO plugin v21.3 - https:\/\/yoast.com\/wordpress\/plugins\/seo\/ -->\n<title>Slovenija kriti\u010dna do \u0161panskih izjav glede slovenske osamosvojitve - Hudo Slovenija<\/title>\n<meta name=\"robots\" content=\"index, follow, max-snippet:-1, max-image-preview:large, max-video-preview:-1\" \/>\n<link rel=\"canonical\" href=\"https:\/\/hudo.com\/si\/aktualno\/slovenija-kriticna-spanskih-izjav-glede-slovenske-osamosvojitve\/\" \/>\n<meta property=\"og:locale\" content=\"sl_SI\" \/>\n<meta property=\"og:type\" content=\"article\" \/>\n<meta property=\"og:title\" content=\"Slovenija kriti\u010dna do \u0161panskih izjav glede slovenske osamosvojitve - Hudo Slovenija\" \/>\n<meta property=\"og:description\" content=\"Nekdanji predsednik Milan Ku\u010dan, ki je pred dnevi v Ljubljani gostil katalonskega predsednika Quima Torro, je danes poudaril, da gre v Kataloniji za politi\u010dni problem, ki se lahko re\u0161i samo s politi\u010dnimi sredstvi, slovenska pot je morda lahko zgled. V lu\u010di \u0161panskih odzivov na Torrove izjave je MZZ danes na pogovor povabilo \u0161panskega veleposlanika.\" \/>\n<meta property=\"og:url\" content=\"https:\/\/hudo.com\/si\/aktualno\/slovenija-kriticna-spanskih-izjav-glede-slovenske-osamosvojitve\/\" \/>\n<meta property=\"og:site_name\" content=\"Hudo Slovenija\" \/>\n<meta property=\"article:publisher\" content=\"https:\/\/www.facebook.com\/hudo.si\" \/>\n<meta property=\"article:published_time\" content=\"2018-12-12T11:59:01+00:00\" \/>\n<meta property=\"og:image\" content=\"https:\/\/hudo.com\/si\/wp-content\/uploads\/sites\/2\/2018\/12\/profimedia-0117164371.jpg\" \/>\n\t<meta property=\"og:image:width\" content=\"1250\" \/>\n\t<meta property=\"og:image:height\" content=\"836\" \/>\n\t<meta property=\"og:image:type\" content=\"image\/jpeg\" \/>\n<meta name=\"author\" content=\"A. P., STA\" \/>\n<meta name=\"twitter:card\" content=\"summary_large_image\" \/>\n<meta name=\"twitter:creator\" content=\"@hudo_si\" \/>\n<meta name=\"twitter:site\" content=\"@hudo_si\" \/>\n<meta name=\"twitter:label1\" content=\"Written by\" \/>\n\t<meta name=\"twitter:data1\" content=\"A. P., STA\" \/>\n\t<meta name=\"twitter:label2\" content=\"Est. reading time\" \/>\n\t<meta name=\"twitter:data2\" content=\"2 minuti\" \/>\n<script type=\"application\/ld+json\" class=\"yoast-schema-graph\">{\"@context\":\"https:\/\/schema.org\",\"@graph\":[{\"@type\":\"Article\",\"@id\":\"https:\/\/hudo.com\/si\/aktualno\/slovenija-kriticna-spanskih-izjav-glede-slovenske-osamosvojitve\/#article\",\"isPartOf\":{\"@id\":\"https:\/\/hudo.com\/si\/aktualno\/slovenija-kriticna-spanskih-izjav-glede-slovenske-osamosvojitve\/\"},\"author\":{\"name\":\"A. P., STA\",\"@id\":\"https:\/\/hudo.com\/si\/#\/schema\/person\/18f09c02475ba9e606e941a565b80cff\"},\"headline\":\"Slovenija kriti\u010dna do \u0161panskih izjav glede slovenske osamosvojitve\",\"datePublished\":\"2018-12-12T11:59:01+00:00\",\"dateModified\":\"2018-12-12T11:59:01+00:00\",\"mainEntityOfPage\":{\"@id\":\"https:\/\/hudo.com\/si\/aktualno\/slovenija-kriticna-spanskih-izjav-glede-slovenske-osamosvojitve\/\"},\"wordCount\":322,\"publisher\":{\"@id\":\"https:\/\/hudo.com\/si\/#organization\"},\"keywords\":[\"diplomacija\",\"Ivo Vajgl\",\"katalonija\",\"Milan Ku\u010dan\",\"mzz\",\"Quim Torra\",\"Slovenija\",\"\u0161panija\"],\"articleSection\":[\"Aktualno\"],\"inLanguage\":\"sl-SI\"},{\"@type\":\"WebPage\",\"@id\":\"https:\/\/hudo.com\/si\/aktualno\/slovenija-kriticna-spanskih-izjav-glede-slovenske-osamosvojitve\/\",\"url\":\"https:\/\/hudo.com\/si\/aktualno\/slovenija-kriticna-spanskih-izjav-glede-slovenske-osamosvojitve\/\",\"name\":\"Slovenija kriti\u010dna do \u0161panskih izjav glede slovenske osamosvojitve - Hudo Slovenija\",\"isPartOf\":{\"@id\":\"https:\/\/hudo.com\/si\/#website\"},\"datePublished\":\"2018-12-12T11:59:01+00:00\",\"dateModified\":\"2018-12-12T11:59:01+00:00\",\"breadcrumb\":{\"@id\":\"https:\/\/hudo.com\/si\/aktualno\/slovenija-kriticna-spanskih-izjav-glede-slovenske-osamosvojitve\/#breadcrumb\"},\"inLanguage\":\"sl-SI\",\"potentialAction\":[{\"@type\":\"ReadAction\",\"target\":[\"https:\/\/hudo.com\/si\/aktualno\/slovenija-kriticna-spanskih-izjav-glede-slovenske-osamosvojitve\/\"]}]},{\"@type\":\"BreadcrumbList\",\"@id\":\"https:\/\/hudo.com\/si\/aktualno\/slovenija-kriticna-spanskih-izjav-glede-slovenske-osamosvojitve\/#breadcrumb\",\"itemListElement\":[{\"@type\":\"ListItem\",\"position\":1,\"name\":\"Home\",\"item\":\"https:\/\/hudo.com\/si\/\"},{\"@type\":\"ListItem\",\"position\":2,\"name\":\"Slovenija kriti\u010dna do \u0161panskih izjav glede slovenske osamosvojitve\"}]},{\"@type\":\"WebSite\",\"@id\":\"https:\/\/hudo.com\/si\/#website\",\"url\":\"https:\/\/hudo.com\/si\/\",\"name\":\"Hudo Slovenija\",\"description\":\"Vse novice iz Slovenije in sveta\",\"publisher\":{\"@id\":\"https:\/\/hudo.com\/si\/#organization\"},\"potentialAction\":[{\"@type\":\"SearchAction\",\"target\":{\"@type\":\"EntryPoint\",\"urlTemplate\":\"https:\/\/hudo.com\/si\/?s={search_term_string}\"},\"query-input\":\"required name=search_term_string\"}],\"inLanguage\":\"sl-SI\"},{\"@type\":\"Organization\",\"@id\":\"https:\/\/hudo.com\/si\/#organization\",\"name\":\"VSN Media\",\"url\":\"https:\/\/hudo.com\/si\/\",\"logo\":{\"@type\":\"ImageObject\",\"inLanguage\":\"sl-SI\",\"@id\":\"https:\/\/hudo.com\/si\/#\/schema\/logo\/image\/\",\"url\":\"https:\/\/hudo.com\/si\/wp-content\/uploads\/sites\/2\/2021\/03\/hudo-app-2.png\",\"contentUrl\":\"https:\/\/hudo.com\/si\/wp-content\/uploads\/sites\/2\/2021\/03\/hudo-app-2.png\",\"width\":2185,\"height\":2167,\"caption\":\"VSN Media\"},\"image\":{\"@id\":\"https:\/\/hudo.com\/si\/#\/schema\/logo\/image\/\"},\"sameAs\":[\"https:\/\/www.facebook.com\/hudo.si\",\"https:\/\/twitter.com\/hudo_si\"]},{\"@type\":\"Person\",\"@id\":\"https:\/\/hudo.com\/si\/#\/schema\/person\/18f09c02475ba9e606e941a565b80cff\",\"name\":\"A. P., STA\",\"image\":{\"@type\":\"ImageObject\",\"inLanguage\":\"sl-SI\",\"@id\":\"https:\/\/hudo.com\/si\/#\/schema\/person\/image\/\",\"url\":\"https:\/\/secure.gravatar.com\/avatar\/03eac8e609f5f04383125d80eaeaaf3e?s=96&d=mm&r=g\",\"contentUrl\":\"https:\/\/secure.gravatar.com\/avatar\/03eac8e609f5f04383125d80eaeaaf3e?s=96&d=mm&r=g\",\"caption\":\"A. P., STA\"},\"url\":\"https:\/\/hudo.com\/si\/author\/lubu\/\"}]}<\/script>\n<!-- \/ Yoast SEO plugin. -->","yoast_head_json":{"title":"Slovenija kriti\u010dna do \u0161panskih izjav glede slovenske osamosvojitve - Hudo Slovenija","robots":{"index":"index","follow":"follow","max-snippet":"max-snippet:-1","max-image-preview":"max-image-preview:large","max-video-preview":"max-video-preview:-1"},"canonical":"https:\/\/hudo.com\/si\/aktualno\/slovenija-kriticna-spanskih-izjav-glede-slovenske-osamosvojitve\/","og_locale":"sl_SI","og_type":"article","og_title":"Slovenija kriti\u010dna do \u0161panskih izjav glede slovenske osamosvojitve - Hudo Slovenija","og_description":"Nekdanji predsednik Milan Ku\u010dan, ki je pred dnevi v Ljubljani gostil katalonskega predsednika Quima Torro, je danes poudaril, da gre v Kataloniji za politi\u010dni problem, ki se lahko re\u0161i samo s politi\u010dnimi sredstvi, slovenska pot je morda lahko zgled. V lu\u010di \u0161panskih odzivov na Torrove izjave je MZZ danes na pogovor povabilo \u0161panskega veleposlanika.","og_url":"https:\/\/hudo.com\/si\/aktualno\/slovenija-kriticna-spanskih-izjav-glede-slovenske-osamosvojitve\/","og_site_name":"Hudo Slovenija","article_publisher":"https:\/\/www.facebook.com\/hudo.si","article_published_time":"2018-12-12T11:59:01+00:00","og_image":[{"width":1250,"height":836,"url":"https:\/\/hudo.com\/si\/wp-content\/uploads\/sites\/2\/2018\/12\/profimedia-0117164371.jpg","type":"image\/jpeg"}],"author":"A. P., STA","twitter_card":"summary_large_image","twitter_creator":"@hudo_si","twitter_site":"@hudo_si","twitter_misc":{"Written by":"A. P., STA","Est. reading time":"2 minuti"},"schema":{"@context":"https:\/\/schema.org","@graph":[{"@type":"Article","@id":"https:\/\/hudo.com\/si\/aktualno\/slovenija-kriticna-spanskih-izjav-glede-slovenske-osamosvojitve\/#article","isPartOf":{"@id":"https:\/\/hudo.com\/si\/aktualno\/slovenija-kriticna-spanskih-izjav-glede-slovenske-osamosvojitve\/"},"author":{"name":"A. P., STA","@id":"https:\/\/hudo.com\/si\/#\/schema\/person\/18f09c02475ba9e606e941a565b80cff"},"headline":"Slovenija kriti\u010dna do \u0161panskih izjav glede slovenske osamosvojitve","datePublished":"2018-12-12T11:59:01+00:00","dateModified":"2018-12-12T11:59:01+00:00","mainEntityOfPage":{"@id":"https:\/\/hudo.com\/si\/aktualno\/slovenija-kriticna-spanskih-izjav-glede-slovenske-osamosvojitve\/"},"wordCount":322,"publisher":{"@id":"https:\/\/hudo.com\/si\/#organization"},"keywords":["diplomacija","Ivo Vajgl","katalonija","Milan Ku\u010dan","mzz","Quim Torra","Slovenija","\u0161panija"],"articleSection":["Aktualno"],"inLanguage":"sl-SI"},{"@type":"WebPage","@id":"https:\/\/hudo.com\/si\/aktualno\/slovenija-kriticna-spanskih-izjav-glede-slovenske-osamosvojitve\/","url":"https:\/\/hudo.com\/si\/aktualno\/slovenija-kriticna-spanskih-izjav-glede-slovenske-osamosvojitve\/","name":"Slovenija kriti\u010dna do \u0161panskih izjav glede slovenske osamosvojitve - Hudo Slovenija","isPartOf":{"@id":"https:\/\/hudo.com\/si\/#website"},"datePublished":"2018-12-12T11:59:01+00:00","dateModified":"2018-12-12T11:59:01+00:00","breadcrumb":{"@id":"https:\/\/hudo.com\/si\/aktualno\/slovenija-kriticna-spanskih-izjav-glede-slovenske-osamosvojitve\/#breadcrumb"},"inLanguage":"sl-SI","potentialAction":[{"@type":"ReadAction","target":["https:\/\/hudo.com\/si\/aktualno\/slovenija-kriticna-spanskih-izjav-glede-slovenske-osamosvojitve\/"]}]},{"@type":"BreadcrumbList","@id":"https:\/\/hudo.com\/si\/aktualno\/slovenija-kriticna-spanskih-izjav-glede-slovenske-osamosvojitve\/#breadcrumb","itemListElement":[{"@type":"ListItem","position":1,"name":"Home","item":"https:\/\/hudo.com\/si\/"},{"@type":"ListItem","position":2,"name":"Slovenija kriti\u010dna do \u0161panskih izjav glede slovenske osamosvojitve"}]},{"@type":"WebSite","@id":"https:\/\/hudo.com\/si\/#website","url":"https:\/\/hudo.com\/si\/","name":"Hudo Slovenija","description":"Vse novice iz Slovenije in sveta","publisher":{"@id":"https:\/\/hudo.com\/si\/#organization"},"potentialAction":[{"@type":"SearchAction","target":{"@type":"EntryPoint","urlTemplate":"https:\/\/hudo.com\/si\/?s={search_term_string}"},"query-input":"required name=search_term_string"}],"inLanguage":"sl-SI"},{"@type":"Organization","@id":"https:\/\/hudo.com\/si\/#organization","name":"VSN Media","url":"https:\/\/hudo.com\/si\/","logo":{"@type":"ImageObject","inLanguage":"sl-SI","@id":"https:\/\/hudo.com\/si\/#\/schema\/logo\/image\/","url":"https:\/\/hudo.com\/si\/wp-content\/uploads\/sites\/2\/2021\/03\/hudo-app-2.png","contentUrl":"https:\/\/hudo.com\/si\/wp-content\/uploads\/sites\/2\/2021\/03\/hudo-app-2.png","width":2185,"height":2167,"caption":"VSN Media"},"image":{"@id":"https:\/\/hudo.com\/si\/#\/schema\/logo\/image\/"},"sameAs":["https:\/\/www.facebook.com\/hudo.si","https:\/\/twitter.com\/hudo_si"]},{"@type":"Person","@id":"https:\/\/hudo.com\/si\/#\/schema\/person\/18f09c02475ba9e606e941a565b80cff","name":"A. P., STA","image":{"@type":"ImageObject","inLanguage":"sl-SI","@id":"https:\/\/hudo.com\/si\/#\/schema\/person\/image\/","url":"https:\/\/secure.gravatar.com\/avatar\/03eac8e609f5f04383125d80eaeaaf3e?s=96&d=mm&r=g","contentUrl":"https:\/\/secure.gravatar.com\/avatar\/03eac8e609f5f04383125d80eaeaaf3e?s=96&d=mm&r=g","caption":"A. P., STA"},"url":"https:\/\/hudo.com\/si\/author\/lubu\/"}]}},"amp_enabled":true,"_links":{"self":[{"href":"https:\/\/hudo.com\/si\/wp-json\/wp\/v2\/posts\/382643"}],"collection":[{"href":"https:\/\/hudo.com\/si\/wp-json\/wp\/v2\/posts"}],"about":[{"href":"https:\/\/hudo.com\/si\/wp-json\/wp\/v2\/types\/post"}],"author":[{"embeddable":true,"href":"https:\/\/hudo.com\/si\/wp-json\/wp\/v2\/users\/7"}],"replies":[{"embeddable":true,"href":"https:\/\/hudo.com\/si\/wp-json\/wp\/v2\/comments?post=382643"}],"version-history":[{"count":1,"href":"https:\/\/hudo.com\/si\/wp-json\/wp\/v2\/posts\/382643\/revisions"}],"predecessor-version":[{"id":382646,"href":"https:\/\/hudo.com\/si\/wp-json\/wp\/v2\/posts\/382643\/revisions\/382646"}],"wp:featuredmedia":[{"embeddable":true,"href":"https:\/\/hudo.com\/si\/wp-json\/wp\/v2\/media\/382645"}],"wp:attachment":[{"href":"https:\/\/hudo.com\/si\/wp-json\/wp\/v2\/media?parent=382643"}],"wp:term":[{"taxonomy":"category","embeddable":true,"href":"https:\/\/hudo.com\/si\/wp-json\/wp\/v2\/categories?post=382643"},{"taxonomy":"post_tag","embeddable":true,"href":"https:\/\/hudo.com\/si\/wp-json\/wp\/v2\/tags?post=382643"},{"taxonomy":"source","embeddable":true,"href":"https:\/\/hudo.com\/si\/wp-json\/wp\/v2\/source?post=382643"},{"taxonomy":"supertag","embeddable":true,"href":"https:\/\/hudo.com\/si\/wp-json\/wp\/v2\/supertag?post=382643"}],"curies":[{"name":"wp","href":"https:\/\/api.w.org\/{rel}","templated":true}]}}