{"id":382997,"date":"2018-12-18T15:24:04","date_gmt":"2018-12-18T14:24:04","guid":{"rendered":"http:\/\/hudo.com\/si\/?p=382997"},"modified":"2018-12-18T15:24:04","modified_gmt":"2018-12-18T14:24:04","slug":"posneli-hrvaske-policiste-ki-migrante-nezakonito-preganjajo-iz-hrvaske-v-bih","status":"publish","type":"post","link":"https:\/\/hudo.com\/si\/aktualno\/posneli-hrvaske-policiste-ki-migrante-nezakonito-preganjajo-iz-hrvaske-v-bih\/","title":{"rendered":"Posneli hrva\u0161ke policiste, ki migrante nezakonito preganjajo iz Hrva\u0161ke v BiH"},"content":{"rendered":"<div class=\"text\">\n<p>Kazensko ovadbo so vlo\u017eili ob mednarodnem dnevu migrantov, potem ko je mednarodna organizacija Border Violence Monitoring konec prej\u0161njega tedna objavila video posnetke, na katerih naj bi bilo videti kolektiven pregon migrantov iz Hrva\u0161ke v BiH.<\/p>\n<p>Posnetki ravnanja hrva\u0161ke policije so nastali med 29. septembrom in 10. oktobrom ob meji med Hrva\u0161ko in BiH nedale\u010d od Biha\u0107a. Kot so navedli v organizaciji Border Violence Monitoring, so hrva\u0161ki policisti v BiH pregnali 54 skupin migrantov, ki so jih ustavili na hrva\u0161kem ozemlju.<\/p>\n<p>Pred poslopjem hrva\u0161kega to\u017eilstva v Zagrebu so novinarjem povedali, da so posnetke pregona migrantov objavili po \u0161tevilnih pri\u010devanjih beguncev in migrantov ter opozorilih razli\u010dnih akterjev glede postopkov hrva\u0161ke policije ob meji z BiH v preteklih ve\u010d kot dveh letih.<\/p>\n<p>Kot je \u0161e dejala predstavnica CMS Sara Keku\u0161, so posnetki konkreten material za kazensko ovadbo proti policistom. Med drugim je na posnetkih, ki jih je prej\u0161nji konec tedna objavila nem\u0161ka televizija ARD, videti, kako hrva\u0161ki policist z nogo zamahne proti osebi v koloni migrantov ob meji z BiH.<\/p>\n<p>V CMS sumijo, da so hrva\u0161ki policisti morda kr\u0161ili tudi zakon o uporabi oro\u017eja, glede na to, da je na posnetkih sli\u0161ati tudi strele. V ovadbi prav tako omenjajo ne\u010dlove\u0161ko in poni\u017eujo\u010de ravnanje policistov z migranti kot tudi kaznivo dejanje po\u0161kodovanja predmetov, ki so v lasti drugih oseb. Od to\u017eilstva zahtevajo u\u010dinkovito preiskavo, da bodo lahko kaznovali storilce kaznivih dejanj.<\/p>\n<p>Poleg odstopa ministra Bo\u017einovi\u0107a zahtevajo tudi odstop direktorja hrva\u0161ke policije Nikola Milina in na\u010delnika uprave za mejo Zorana Ni\u010dena.<\/p>\n<p>Hrva\u0161ka policija je poudarila, da v primeru posnetkov ravnanja policistov ni bilo nobenih nezakonitosti, temve\u010d nekaj &#8220;metodolo\u0161kih pomanjkljivosti&#8221;, kot je izjavil Ni\u010deno v ponedeljkovem pogovoru za regionalno televizijo N1. Potrdil je, da preverjajo vse ovadbe proti policistom.<\/p>\n<p>Ni\u010deno je tudi dejal, da ni \u0161lo za pregon, temve\u010d za odvra\u010danje migrantov z mejne \u010drte. Povedal je, da je na hrva\u0161ki meji razporejenih pribli\u017eno 6000 policistov, ki se osredoto\u010dajo predvsem na boj proti tihotapcem ljudi. Kot je dejal, so letos prijeli 601 osebo zaradi kaznivega dejanja tihotapljenja ljudi, kar je za skoraj 90 odstotkov ve\u010d kot v enakem obdobju lani.<\/p>\n<\/div>\n","protected":false},"excerpt":{"rendered":"<p>Hrva\u0161ka nevladna organizacija Center za mirovne \u0161tudije (CMS) je danes kazensko ovadila neznane policiste zaradi suma nezakonitih postopkov proti migrantom ob meji z BiH. Zahtevajo tudi odstop hrva\u0161kega notranjega ministra Davorja Bo\u017einovi\u0107a in vodstva hrva\u0161ke policije. Na hrva\u0161kem notranjem ministrstvu zavra\u010dajo obto\u017ebe.<\/p>\n","protected":false},"author":5,"featured_media":379827,"comment_status":"closed","ping_status":"closed","sticky":false,"template":"","format":"standard","meta":{"footnotes":""},"categories":[1179],"tags":[1810,4776,4857,1728],"source":[4511],"supertag":[],"acf":[],"yoast_head":"<!-- This site is optimized with the Yoast SEO plugin v21.3 - https:\/\/yoast.com\/wordpress\/plugins\/seo\/ -->\n<title>Posneli hrva\u0161ke policiste, ki migrante nezakonito preganjajo iz Hrva\u0161ke v BiH - Hudo Slovenija<\/title>\n<meta name=\"robots\" content=\"index, follow, max-snippet:-1, max-image-preview:large, max-video-preview:-1\" \/>\n<link rel=\"canonical\" href=\"https:\/\/hudo.com\/si\/aktualno\/posneli-hrvaske-policiste-ki-migrante-nezakonito-preganjajo-iz-hrvaske-v-bih\/\" \/>\n<meta property=\"og:locale\" content=\"sl_SI\" \/>\n<meta property=\"og:type\" content=\"article\" \/>\n<meta property=\"og:title\" content=\"Posneli hrva\u0161ke policiste, ki migrante nezakonito preganjajo iz Hrva\u0161ke v BiH - Hudo Slovenija\" \/>\n<meta property=\"og:description\" content=\"Hrva\u0161ka nevladna organizacija Center za mirovne \u0161tudije (CMS) je danes kazensko ovadila neznane policiste zaradi suma nezakonitih postopkov proti migrantom ob meji z BiH. Zahtevajo tudi odstop hrva\u0161kega notranjega ministra Davorja Bo\u017einovi\u0107a in vodstva hrva\u0161ke policije. Na hrva\u0161kem notranjem ministrstvu zavra\u010dajo obto\u017ebe.\" \/>\n<meta property=\"og:url\" content=\"https:\/\/hudo.com\/si\/aktualno\/posneli-hrvaske-policiste-ki-migrante-nezakonito-preganjajo-iz-hrvaske-v-bih\/\" \/>\n<meta property=\"og:site_name\" content=\"Hudo Slovenija\" \/>\n<meta property=\"article:publisher\" content=\"https:\/\/www.facebook.com\/hudo.si\" \/>\n<meta property=\"article:published_time\" content=\"2018-12-18T14:24:04+00:00\" \/>\n<meta property=\"og:image\" content=\"https:\/\/hudo.com\/si\/wp-content\/uploads\/sites\/2\/2018\/10\/migranti.jpg\" \/>\n\t<meta property=\"og:image:width\" content=\"831\" \/>\n\t<meta property=\"og:image:height\" content=\"475\" \/>\n\t<meta property=\"og:image:type\" content=\"image\/jpeg\" \/>\n<meta name=\"author\" content=\"A. G., STA\" \/>\n<meta name=\"twitter:card\" content=\"summary_large_image\" \/>\n<meta name=\"twitter:creator\" content=\"@hudo_si\" \/>\n<meta name=\"twitter:site\" content=\"@hudo_si\" \/>\n<meta name=\"twitter:label1\" content=\"Written by\" \/>\n\t<meta name=\"twitter:data1\" content=\"A. G., STA\" \/>\n\t<meta name=\"twitter:label2\" content=\"Est. reading time\" \/>\n\t<meta name=\"twitter:data2\" content=\"2 minuti\" \/>\n<script type=\"application\/ld+json\" class=\"yoast-schema-graph\">{\"@context\":\"https:\/\/schema.org\",\"@graph\":[{\"@type\":\"Article\",\"@id\":\"https:\/\/hudo.com\/si\/aktualno\/posneli-hrvaske-policiste-ki-migrante-nezakonito-preganjajo-iz-hrvaske-v-bih\/#article\",\"isPartOf\":{\"@id\":\"https:\/\/hudo.com\/si\/aktualno\/posneli-hrvaske-policiste-ki-migrante-nezakonito-preganjajo-iz-hrvaske-v-bih\/\"},\"author\":{\"name\":\"A. G., STA\",\"@id\":\"https:\/\/hudo.com\/si\/#\/schema\/person\/2391667a63ea075ba94f2f2dc6b77537\"},\"headline\":\"Posneli hrva\u0161ke policiste, ki migrante nezakonito preganjajo iz Hrva\u0161ke v BiH\",\"datePublished\":\"2018-12-18T14:24:04+00:00\",\"dateModified\":\"2018-12-18T14:24:04+00:00\",\"mainEntityOfPage\":{\"@id\":\"https:\/\/hudo.com\/si\/aktualno\/posneli-hrvaske-policiste-ki-migrante-nezakonito-preganjajo-iz-hrvaske-v-bih\/\"},\"wordCount\":391,\"publisher\":{\"@id\":\"https:\/\/hudo.com\/si\/#organization\"},\"keywords\":[\"hrva\u0161ka\",\"migracije\",\"ovadba\",\"policija\"],\"articleSection\":[\"Aktualno\"],\"inLanguage\":\"sl-SI\"},{\"@type\":\"WebPage\",\"@id\":\"https:\/\/hudo.com\/si\/aktualno\/posneli-hrvaske-policiste-ki-migrante-nezakonito-preganjajo-iz-hrvaske-v-bih\/\",\"url\":\"https:\/\/hudo.com\/si\/aktualno\/posneli-hrvaske-policiste-ki-migrante-nezakonito-preganjajo-iz-hrvaske-v-bih\/\",\"name\":\"Posneli hrva\u0161ke policiste, ki migrante nezakonito preganjajo iz Hrva\u0161ke v BiH - Hudo Slovenija\",\"isPartOf\":{\"@id\":\"https:\/\/hudo.com\/si\/#website\"},\"datePublished\":\"2018-12-18T14:24:04+00:00\",\"dateModified\":\"2018-12-18T14:24:04+00:00\",\"breadcrumb\":{\"@id\":\"https:\/\/hudo.com\/si\/aktualno\/posneli-hrvaske-policiste-ki-migrante-nezakonito-preganjajo-iz-hrvaske-v-bih\/#breadcrumb\"},\"inLanguage\":\"sl-SI\",\"potentialAction\":[{\"@type\":\"ReadAction\",\"target\":[\"https:\/\/hudo.com\/si\/aktualno\/posneli-hrvaske-policiste-ki-migrante-nezakonito-preganjajo-iz-hrvaske-v-bih\/\"]}]},{\"@type\":\"BreadcrumbList\",\"@id\":\"https:\/\/hudo.com\/si\/aktualno\/posneli-hrvaske-policiste-ki-migrante-nezakonito-preganjajo-iz-hrvaske-v-bih\/#breadcrumb\",\"itemListElement\":[{\"@type\":\"ListItem\",\"position\":1,\"name\":\"Home\",\"item\":\"https:\/\/hudo.com\/si\/\"},{\"@type\":\"ListItem\",\"position\":2,\"name\":\"Posneli hrva\u0161ke policiste, ki migrante nezakonito preganjajo iz Hrva\u0161ke v BiH\"}]},{\"@type\":\"WebSite\",\"@id\":\"https:\/\/hudo.com\/si\/#website\",\"url\":\"https:\/\/hudo.com\/si\/\",\"name\":\"Hudo Slovenija\",\"description\":\"Vse novice iz Slovenije in sveta\",\"publisher\":{\"@id\":\"https:\/\/hudo.com\/si\/#organization\"},\"potentialAction\":[{\"@type\":\"SearchAction\",\"target\":{\"@type\":\"EntryPoint\",\"urlTemplate\":\"https:\/\/hudo.com\/si\/?s={search_term_string}\"},\"query-input\":\"required name=search_term_string\"}],\"inLanguage\":\"sl-SI\"},{\"@type\":\"Organization\",\"@id\":\"https:\/\/hudo.com\/si\/#organization\",\"name\":\"VSN Media\",\"url\":\"https:\/\/hudo.com\/si\/\",\"logo\":{\"@type\":\"ImageObject\",\"inLanguage\":\"sl-SI\",\"@id\":\"https:\/\/hudo.com\/si\/#\/schema\/logo\/image\/\",\"url\":\"https:\/\/hudo.com\/si\/wp-content\/uploads\/sites\/2\/2021\/03\/hudo-app-2.png\",\"contentUrl\":\"https:\/\/hudo.com\/si\/wp-content\/uploads\/sites\/2\/2021\/03\/hudo-app-2.png\",\"width\":2185,\"height\":2167,\"caption\":\"VSN Media\"},\"image\":{\"@id\":\"https:\/\/hudo.com\/si\/#\/schema\/logo\/image\/\"},\"sameAs\":[\"https:\/\/www.facebook.com\/hudo.si\",\"https:\/\/twitter.com\/hudo_si\"]},{\"@type\":\"Person\",\"@id\":\"https:\/\/hudo.com\/si\/#\/schema\/person\/2391667a63ea075ba94f2f2dc6b77537\",\"name\":\"A. G., STA\",\"image\":{\"@type\":\"ImageObject\",\"inLanguage\":\"sl-SI\",\"@id\":\"https:\/\/hudo.com\/si\/#\/schema\/person\/image\/\",\"url\":\"https:\/\/secure.gravatar.com\/avatar\/e13d22ac3e442658d5025fbbe6238a79?s=96&d=mm&r=g\",\"contentUrl\":\"https:\/\/secure.gravatar.com\/avatar\/e13d22ac3e442658d5025fbbe6238a79?s=96&d=mm&r=g\",\"caption\":\"A. G., STA\"},\"url\":\"https:\/\/hudo.com\/si\/author\/alenka\/\"}]}<\/script>\n<!-- \/ Yoast SEO plugin. -->","yoast_head_json":{"title":"Posneli hrva\u0161ke policiste, ki migrante nezakonito preganjajo iz Hrva\u0161ke v BiH - Hudo Slovenija","robots":{"index":"index","follow":"follow","max-snippet":"max-snippet:-1","max-image-preview":"max-image-preview:large","max-video-preview":"max-video-preview:-1"},"canonical":"https:\/\/hudo.com\/si\/aktualno\/posneli-hrvaske-policiste-ki-migrante-nezakonito-preganjajo-iz-hrvaske-v-bih\/","og_locale":"sl_SI","og_type":"article","og_title":"Posneli hrva\u0161ke policiste, ki migrante nezakonito preganjajo iz Hrva\u0161ke v BiH - Hudo Slovenija","og_description":"Hrva\u0161ka nevladna organizacija Center za mirovne \u0161tudije (CMS) je danes kazensko ovadila neznane policiste zaradi suma nezakonitih postopkov proti migrantom ob meji z BiH. Zahtevajo tudi odstop hrva\u0161kega notranjega ministra Davorja Bo\u017einovi\u0107a in vodstva hrva\u0161ke policije. Na hrva\u0161kem notranjem ministrstvu zavra\u010dajo obto\u017ebe.","og_url":"https:\/\/hudo.com\/si\/aktualno\/posneli-hrvaske-policiste-ki-migrante-nezakonito-preganjajo-iz-hrvaske-v-bih\/","og_site_name":"Hudo Slovenija","article_publisher":"https:\/\/www.facebook.com\/hudo.si","article_published_time":"2018-12-18T14:24:04+00:00","og_image":[{"width":831,"height":475,"url":"https:\/\/hudo.com\/si\/wp-content\/uploads\/sites\/2\/2018\/10\/migranti.jpg","type":"image\/jpeg"}],"author":"A. G., STA","twitter_card":"summary_large_image","twitter_creator":"@hudo_si","twitter_site":"@hudo_si","twitter_misc":{"Written by":"A. G., STA","Est. reading time":"2 minuti"},"schema":{"@context":"https:\/\/schema.org","@graph":[{"@type":"Article","@id":"https:\/\/hudo.com\/si\/aktualno\/posneli-hrvaske-policiste-ki-migrante-nezakonito-preganjajo-iz-hrvaske-v-bih\/#article","isPartOf":{"@id":"https:\/\/hudo.com\/si\/aktualno\/posneli-hrvaske-policiste-ki-migrante-nezakonito-preganjajo-iz-hrvaske-v-bih\/"},"author":{"name":"A. G., STA","@id":"https:\/\/hudo.com\/si\/#\/schema\/person\/2391667a63ea075ba94f2f2dc6b77537"},"headline":"Posneli hrva\u0161ke policiste, ki migrante nezakonito preganjajo iz Hrva\u0161ke v BiH","datePublished":"2018-12-18T14:24:04+00:00","dateModified":"2018-12-18T14:24:04+00:00","mainEntityOfPage":{"@id":"https:\/\/hudo.com\/si\/aktualno\/posneli-hrvaske-policiste-ki-migrante-nezakonito-preganjajo-iz-hrvaske-v-bih\/"},"wordCount":391,"publisher":{"@id":"https:\/\/hudo.com\/si\/#organization"},"keywords":["hrva\u0161ka","migracije","ovadba","policija"],"articleSection":["Aktualno"],"inLanguage":"sl-SI"},{"@type":"WebPage","@id":"https:\/\/hudo.com\/si\/aktualno\/posneli-hrvaske-policiste-ki-migrante-nezakonito-preganjajo-iz-hrvaske-v-bih\/","url":"https:\/\/hudo.com\/si\/aktualno\/posneli-hrvaske-policiste-ki-migrante-nezakonito-preganjajo-iz-hrvaske-v-bih\/","name":"Posneli hrva\u0161ke policiste, ki migrante nezakonito preganjajo iz Hrva\u0161ke v BiH - Hudo Slovenija","isPartOf":{"@id":"https:\/\/hudo.com\/si\/#website"},"datePublished":"2018-12-18T14:24:04+00:00","dateModified":"2018-12-18T14:24:04+00:00","breadcrumb":{"@id":"https:\/\/hudo.com\/si\/aktualno\/posneli-hrvaske-policiste-ki-migrante-nezakonito-preganjajo-iz-hrvaske-v-bih\/#breadcrumb"},"inLanguage":"sl-SI","potentialAction":[{"@type":"ReadAction","target":["https:\/\/hudo.com\/si\/aktualno\/posneli-hrvaske-policiste-ki-migrante-nezakonito-preganjajo-iz-hrvaske-v-bih\/"]}]},{"@type":"BreadcrumbList","@id":"https:\/\/hudo.com\/si\/aktualno\/posneli-hrvaske-policiste-ki-migrante-nezakonito-preganjajo-iz-hrvaske-v-bih\/#breadcrumb","itemListElement":[{"@type":"ListItem","position":1,"name":"Home","item":"https:\/\/hudo.com\/si\/"},{"@type":"ListItem","position":2,"name":"Posneli hrva\u0161ke policiste, ki migrante nezakonito preganjajo iz Hrva\u0161ke v BiH"}]},{"@type":"WebSite","@id":"https:\/\/hudo.com\/si\/#website","url":"https:\/\/hudo.com\/si\/","name":"Hudo Slovenija","description":"Vse novice iz Slovenije in sveta","publisher":{"@id":"https:\/\/hudo.com\/si\/#organization"},"potentialAction":[{"@type":"SearchAction","target":{"@type":"EntryPoint","urlTemplate":"https:\/\/hudo.com\/si\/?s={search_term_string}"},"query-input":"required name=search_term_string"}],"inLanguage":"sl-SI"},{"@type":"Organization","@id":"https:\/\/hudo.com\/si\/#organization","name":"VSN Media","url":"https:\/\/hudo.com\/si\/","logo":{"@type":"ImageObject","inLanguage":"sl-SI","@id":"https:\/\/hudo.com\/si\/#\/schema\/logo\/image\/","url":"https:\/\/hudo.com\/si\/wp-content\/uploads\/sites\/2\/2021\/03\/hudo-app-2.png","contentUrl":"https:\/\/hudo.com\/si\/wp-content\/uploads\/sites\/2\/2021\/03\/hudo-app-2.png","width":2185,"height":2167,"caption":"VSN Media"},"image":{"@id":"https:\/\/hudo.com\/si\/#\/schema\/logo\/image\/"},"sameAs":["https:\/\/www.facebook.com\/hudo.si","https:\/\/twitter.com\/hudo_si"]},{"@type":"Person","@id":"https:\/\/hudo.com\/si\/#\/schema\/person\/2391667a63ea075ba94f2f2dc6b77537","name":"A. G., STA","image":{"@type":"ImageObject","inLanguage":"sl-SI","@id":"https:\/\/hudo.com\/si\/#\/schema\/person\/image\/","url":"https:\/\/secure.gravatar.com\/avatar\/e13d22ac3e442658d5025fbbe6238a79?s=96&d=mm&r=g","contentUrl":"https:\/\/secure.gravatar.com\/avatar\/e13d22ac3e442658d5025fbbe6238a79?s=96&d=mm&r=g","caption":"A. G., STA"},"url":"https:\/\/hudo.com\/si\/author\/alenka\/"}]}},"amp_enabled":true,"_links":{"self":[{"href":"https:\/\/hudo.com\/si\/wp-json\/wp\/v2\/posts\/382997"}],"collection":[{"href":"https:\/\/hudo.com\/si\/wp-json\/wp\/v2\/posts"}],"about":[{"href":"https:\/\/hudo.com\/si\/wp-json\/wp\/v2\/types\/post"}],"author":[{"embeddable":true,"href":"https:\/\/hudo.com\/si\/wp-json\/wp\/v2\/users\/5"}],"replies":[{"embeddable":true,"href":"https:\/\/hudo.com\/si\/wp-json\/wp\/v2\/comments?post=382997"}],"version-history":[{"count":1,"href":"https:\/\/hudo.com\/si\/wp-json\/wp\/v2\/posts\/382997\/revisions"}],"predecessor-version":[{"id":383003,"href":"https:\/\/hudo.com\/si\/wp-json\/wp\/v2\/posts\/382997\/revisions\/383003"}],"wp:featuredmedia":[{"embeddable":true,"href":"https:\/\/hudo.com\/si\/wp-json\/wp\/v2\/media\/379827"}],"wp:attachment":[{"href":"https:\/\/hudo.com\/si\/wp-json\/wp\/v2\/media?parent=382997"}],"wp:term":[{"taxonomy":"category","embeddable":true,"href":"https:\/\/hudo.com\/si\/wp-json\/wp\/v2\/categories?post=382997"},{"taxonomy":"post_tag","embeddable":true,"href":"https:\/\/hudo.com\/si\/wp-json\/wp\/v2\/tags?post=382997"},{"taxonomy":"source","embeddable":true,"href":"https:\/\/hudo.com\/si\/wp-json\/wp\/v2\/source?post=382997"},{"taxonomy":"supertag","embeddable":true,"href":"https:\/\/hudo.com\/si\/wp-json\/wp\/v2\/supertag?post=382997"}],"curies":[{"name":"wp","href":"https:\/\/api.w.org\/{rel}","templated":true}]}}