{"id":383138,"date":"2018-12-19T11:47:11","date_gmt":"2018-12-19T10:47:11","guid":{"rendered":"http:\/\/hudo.com\/si\/?p=383138"},"modified":"2018-12-19T11:47:11","modified_gmt":"2018-12-19T10:47:11","slug":"zan-kranjec-bo-v-finalu-stopnicke-v-saalbachu-napadal-s-cetrtega-mesta","status":"publish","type":"post","link":"https:\/\/hudo.com\/si\/aktualno\/zan-kranjec-bo-v-finalu-stopnicke-v-saalbachu-napadal-s-cetrtega-mesta\/","title":{"rendered":"\u017dan Kranjec bo v finalu stopni\u010dke v Saalbachu napadal s \u010detrtega mesta"},"content":{"rendered":"<p>Najhitrej\u0161i \u010das prve vo\u017enje je postavil Olsson, ki je bil tudi prvi na startu. Najbolj se mu je pribli\u017eal Avstrijec Manuel Feller, ki je za vodilnim \u0160vedom zaostal le tri stotinke sekunde.<\/p>\n<p>Kranjec je zelo dobro opravil s prvo vo\u017enjo. Za njim sta denimo zaostala najbolj\u0161a veleslalomista zadnjih let Avstrijec Marcel Hirscher (+0,71) in Norve\u017ean Henrik Kristoffersen (+0,89) ter zmagovalec uvodnega veleslaloma v Beaver Creeku Nemec Stefan Luitz (+1,07), ki je zmagovalec z vpra\u0161ajem, saj lahko zaradi nedovoljene uporabe kisikove maske izgubi zmago.<\/p>\n<p>Saalbach je nadomestna lokacija za odpadli mo\u0161ki veleslalom, ki bi moral biti v S\u00f6ldnu. V zgodovini je \u017ee bil przori\u0161\u010de slovenskega zmagoslavja. 23. marca 1988 je na tem prizori\u0161\u010du slavila Mateja Svet na \u017eenski veleslalomski preizku\u0161nji. Takrat, ko se Kranjec \u0161e ni rodil.<\/p>\n<p>Trenutno najbolj\u0161i slovenski veleslalomist prvi\u010d v karieri nastopa v Saalbachu in za zdaj mu gre zelo dobro. Kranjec je decembra lani po 16 letih Slovenijo v tej disciplini s tretjim mestom, prvimi stopni\u010dkami, znova vrnil na oder za zmagovalce.<\/p>\n<p>Hirscher je dobil dva zadnja veleslaloma, zmagal pa je tudi na paralelnem veleslalomu. Kranjec je bil v Alta Badii in Val d&#8217;Iseru deveti, na ameri\u0161kem snegu v Beaver Creeku pa 26., na paralelnem veleslalomu je izpadel v prvem krogu bojev.<\/p>\n<p>Na startu prve vo\u017enje je bil od Slovencev \u0161e Miha Hrobat s \u0161tevilko 64, a ni bil uspe\u0161en. Njegova vo\u017enja se je kon\u010dala \u017ee po prvem merjenju vmesnega \u010dasa z odstopom in brez uvrstitve.<\/p>\n<p>Druga vo\u017enja se bo za\u010dela ob 13. uri.<\/p>\n","protected":false},"excerpt":{"rendered":"<p>\u017dan Kranjec dr\u017ei odli\u010dno \u010detrto mesto v prvi vo\u017enji veleslaloma za svetovni pokal alpskih smu\u010darjev v avstrijskem Saalbachu. Najbolj\u0161i slovenski veleslalomist je za vodilnim \u0160vedom Mattsom Olssonom zaostal 52 stotink sekunde, za tretjim Francozom Loicom Meillardom pa 22 stotink sekunde.<\/p>\n","protected":false},"author":8,"featured_media":334329,"comment_status":"closed","ping_status":"closed","sticky":false,"template":"","format":"standard","meta":{"footnotes":""},"categories":[1179],"tags":[4849,1595,6790],"source":[4511],"supertag":[],"acf":[],"yoast_head":"<!-- This site is optimized with the Yoast SEO plugin v21.3 - https:\/\/yoast.com\/wordpress\/plugins\/seo\/ -->\n<title>\u017dan Kranjec bo v finalu stopni\u010dke v Saalbachu napadal s \u010detrtega mesta - Hudo Slovenija<\/title>\n<meta name=\"robots\" content=\"index, follow, max-snippet:-1, max-image-preview:large, max-video-preview:-1\" \/>\n<link rel=\"canonical\" href=\"https:\/\/hudo.com\/si\/aktualno\/zan-kranjec-bo-v-finalu-stopnicke-v-saalbachu-napadal-s-cetrtega-mesta\/\" \/>\n<meta property=\"og:locale\" content=\"sl_SI\" \/>\n<meta property=\"og:type\" content=\"article\" \/>\n<meta property=\"og:title\" content=\"\u017dan Kranjec bo v finalu stopni\u010dke v Saalbachu napadal s \u010detrtega mesta - Hudo Slovenija\" \/>\n<meta property=\"og:description\" content=\"\u017dan Kranjec dr\u017ei odli\u010dno \u010detrto mesto v prvi vo\u017enji veleslaloma za svetovni pokal alpskih smu\u010darjev v avstrijskem Saalbachu. Najbolj\u0161i slovenski veleslalomist je za vodilnim \u0160vedom Mattsom Olssonom zaostal 52 stotink sekunde, za tretjim Francozom Loicom Meillardom pa 22 stotink sekunde.\" \/>\n<meta property=\"og:url\" content=\"https:\/\/hudo.com\/si\/aktualno\/zan-kranjec-bo-v-finalu-stopnicke-v-saalbachu-napadal-s-cetrtega-mesta\/\" \/>\n<meta property=\"og:site_name\" content=\"Hudo Slovenija\" \/>\n<meta property=\"article:publisher\" content=\"https:\/\/www.facebook.com\/hudo.si\" \/>\n<meta property=\"article:published_time\" content=\"2018-12-19T10:47:11+00:00\" \/>\n<meta property=\"og:image\" content=\"https:\/\/hudo.com\/si\/wp-content\/uploads\/sites\/2\/2017\/12\/profimedia-0356812989.jpg\" \/>\n\t<meta property=\"og:image:width\" content=\"1250\" \/>\n\t<meta property=\"og:image:height\" content=\"833\" \/>\n\t<meta property=\"og:image:type\" content=\"image\/jpeg\" \/>\n<meta name=\"author\" content=\"M. N., STA\" \/>\n<meta name=\"twitter:card\" content=\"summary_large_image\" \/>\n<meta name=\"twitter:creator\" content=\"@hudo_si\" \/>\n<meta name=\"twitter:site\" content=\"@hudo_si\" \/>\n<meta name=\"twitter:label1\" content=\"Written by\" \/>\n\t<meta name=\"twitter:data1\" content=\"M. N., STA\" \/>\n\t<meta name=\"twitter:label2\" content=\"Est. reading time\" \/>\n\t<meta name=\"twitter:data2\" content=\"1 minuta\" \/>\n<script type=\"application\/ld+json\" class=\"yoast-schema-graph\">{\"@context\":\"https:\/\/schema.org\",\"@graph\":[{\"@type\":\"Article\",\"@id\":\"https:\/\/hudo.com\/si\/aktualno\/zan-kranjec-bo-v-finalu-stopnicke-v-saalbachu-napadal-s-cetrtega-mesta\/#article\",\"isPartOf\":{\"@id\":\"https:\/\/hudo.com\/si\/aktualno\/zan-kranjec-bo-v-finalu-stopnicke-v-saalbachu-napadal-s-cetrtega-mesta\/\"},\"author\":{\"name\":\"M. N., STA\",\"@id\":\"https:\/\/hudo.com\/si\/#\/schema\/person\/c2f10ce65d2e6ede2aeda5be2a0611fa\"},\"headline\":\"\u017dan Kranjec bo v finalu stopni\u010dke v Saalbachu napadal s \u010detrtega mesta\",\"datePublished\":\"2018-12-19T10:47:11+00:00\",\"dateModified\":\"2018-12-19T10:47:11+00:00\",\"mainEntityOfPage\":{\"@id\":\"https:\/\/hudo.com\/si\/aktualno\/zan-kranjec-bo-v-finalu-stopnicke-v-saalbachu-napadal-s-cetrtega-mesta\/\"},\"wordCount\":272,\"publisher\":{\"@id\":\"https:\/\/hudo.com\/si\/#organization\"},\"keywords\":[\"alpsko smu\u010danje\",\"Slovenija\",\"\u017dan Kranjec\"],\"articleSection\":[\"Aktualno\"],\"inLanguage\":\"sl-SI\"},{\"@type\":\"WebPage\",\"@id\":\"https:\/\/hudo.com\/si\/aktualno\/zan-kranjec-bo-v-finalu-stopnicke-v-saalbachu-napadal-s-cetrtega-mesta\/\",\"url\":\"https:\/\/hudo.com\/si\/aktualno\/zan-kranjec-bo-v-finalu-stopnicke-v-saalbachu-napadal-s-cetrtega-mesta\/\",\"name\":\"\u017dan Kranjec bo v finalu stopni\u010dke v Saalbachu napadal s \u010detrtega mesta - Hudo Slovenija\",\"isPartOf\":{\"@id\":\"https:\/\/hudo.com\/si\/#website\"},\"datePublished\":\"2018-12-19T10:47:11+00:00\",\"dateModified\":\"2018-12-19T10:47:11+00:00\",\"breadcrumb\":{\"@id\":\"https:\/\/hudo.com\/si\/aktualno\/zan-kranjec-bo-v-finalu-stopnicke-v-saalbachu-napadal-s-cetrtega-mesta\/#breadcrumb\"},\"inLanguage\":\"sl-SI\",\"potentialAction\":[{\"@type\":\"ReadAction\",\"target\":[\"https:\/\/hudo.com\/si\/aktualno\/zan-kranjec-bo-v-finalu-stopnicke-v-saalbachu-napadal-s-cetrtega-mesta\/\"]}]},{\"@type\":\"BreadcrumbList\",\"@id\":\"https:\/\/hudo.com\/si\/aktualno\/zan-kranjec-bo-v-finalu-stopnicke-v-saalbachu-napadal-s-cetrtega-mesta\/#breadcrumb\",\"itemListElement\":[{\"@type\":\"ListItem\",\"position\":1,\"name\":\"Home\",\"item\":\"https:\/\/hudo.com\/si\/\"},{\"@type\":\"ListItem\",\"position\":2,\"name\":\"\u017dan Kranjec bo v finalu stopni\u010dke v Saalbachu napadal s \u010detrtega mesta\"}]},{\"@type\":\"WebSite\",\"@id\":\"https:\/\/hudo.com\/si\/#website\",\"url\":\"https:\/\/hudo.com\/si\/\",\"name\":\"Hudo Slovenija\",\"description\":\"Vse novice iz Slovenije in sveta\",\"publisher\":{\"@id\":\"https:\/\/hudo.com\/si\/#organization\"},\"potentialAction\":[{\"@type\":\"SearchAction\",\"target\":{\"@type\":\"EntryPoint\",\"urlTemplate\":\"https:\/\/hudo.com\/si\/?s={search_term_string}\"},\"query-input\":\"required name=search_term_string\"}],\"inLanguage\":\"sl-SI\"},{\"@type\":\"Organization\",\"@id\":\"https:\/\/hudo.com\/si\/#organization\",\"name\":\"VSN Media\",\"url\":\"https:\/\/hudo.com\/si\/\",\"logo\":{\"@type\":\"ImageObject\",\"inLanguage\":\"sl-SI\",\"@id\":\"https:\/\/hudo.com\/si\/#\/schema\/logo\/image\/\",\"url\":\"https:\/\/hudo.com\/si\/wp-content\/uploads\/sites\/2\/2021\/03\/hudo-app-2.png\",\"contentUrl\":\"https:\/\/hudo.com\/si\/wp-content\/uploads\/sites\/2\/2021\/03\/hudo-app-2.png\",\"width\":2185,\"height\":2167,\"caption\":\"VSN Media\"},\"image\":{\"@id\":\"https:\/\/hudo.com\/si\/#\/schema\/logo\/image\/\"},\"sameAs\":[\"https:\/\/www.facebook.com\/hudo.si\",\"https:\/\/twitter.com\/hudo_si\"]},{\"@type\":\"Person\",\"@id\":\"https:\/\/hudo.com\/si\/#\/schema\/person\/c2f10ce65d2e6ede2aeda5be2a0611fa\",\"name\":\"M. N., STA\",\"image\":{\"@type\":\"ImageObject\",\"inLanguage\":\"sl-SI\",\"@id\":\"https:\/\/hudo.com\/si\/#\/schema\/person\/image\/\",\"url\":\"https:\/\/secure.gravatar.com\/avatar\/f370d38daa10467f755c5c766a4cac20?s=96&d=mm&r=g\",\"contentUrl\":\"https:\/\/secure.gravatar.com\/avatar\/f370d38daa10467f755c5c766a4cac20?s=96&d=mm&r=g\",\"caption\":\"M. N., STA\"},\"url\":\"https:\/\/hudo.com\/si\/author\/mana\/\"}]}<\/script>\n<!-- \/ Yoast SEO plugin. -->","yoast_head_json":{"title":"\u017dan Kranjec bo v finalu stopni\u010dke v Saalbachu napadal s \u010detrtega mesta - Hudo Slovenija","robots":{"index":"index","follow":"follow","max-snippet":"max-snippet:-1","max-image-preview":"max-image-preview:large","max-video-preview":"max-video-preview:-1"},"canonical":"https:\/\/hudo.com\/si\/aktualno\/zan-kranjec-bo-v-finalu-stopnicke-v-saalbachu-napadal-s-cetrtega-mesta\/","og_locale":"sl_SI","og_type":"article","og_title":"\u017dan Kranjec bo v finalu stopni\u010dke v Saalbachu napadal s \u010detrtega mesta - Hudo Slovenija","og_description":"\u017dan Kranjec dr\u017ei odli\u010dno \u010detrto mesto v prvi vo\u017enji veleslaloma za svetovni pokal alpskih smu\u010darjev v avstrijskem Saalbachu. Najbolj\u0161i slovenski veleslalomist je za vodilnim \u0160vedom Mattsom Olssonom zaostal 52 stotink sekunde, za tretjim Francozom Loicom Meillardom pa 22 stotink sekunde.","og_url":"https:\/\/hudo.com\/si\/aktualno\/zan-kranjec-bo-v-finalu-stopnicke-v-saalbachu-napadal-s-cetrtega-mesta\/","og_site_name":"Hudo Slovenija","article_publisher":"https:\/\/www.facebook.com\/hudo.si","article_published_time":"2018-12-19T10:47:11+00:00","og_image":[{"width":1250,"height":833,"url":"https:\/\/hudo.com\/si\/wp-content\/uploads\/sites\/2\/2017\/12\/profimedia-0356812989.jpg","type":"image\/jpeg"}],"author":"M. N., STA","twitter_card":"summary_large_image","twitter_creator":"@hudo_si","twitter_site":"@hudo_si","twitter_misc":{"Written by":"M. N., STA","Est. reading time":"1 minuta"},"schema":{"@context":"https:\/\/schema.org","@graph":[{"@type":"Article","@id":"https:\/\/hudo.com\/si\/aktualno\/zan-kranjec-bo-v-finalu-stopnicke-v-saalbachu-napadal-s-cetrtega-mesta\/#article","isPartOf":{"@id":"https:\/\/hudo.com\/si\/aktualno\/zan-kranjec-bo-v-finalu-stopnicke-v-saalbachu-napadal-s-cetrtega-mesta\/"},"author":{"name":"M. N., STA","@id":"https:\/\/hudo.com\/si\/#\/schema\/person\/c2f10ce65d2e6ede2aeda5be2a0611fa"},"headline":"\u017dan Kranjec bo v finalu stopni\u010dke v Saalbachu napadal s \u010detrtega mesta","datePublished":"2018-12-19T10:47:11+00:00","dateModified":"2018-12-19T10:47:11+00:00","mainEntityOfPage":{"@id":"https:\/\/hudo.com\/si\/aktualno\/zan-kranjec-bo-v-finalu-stopnicke-v-saalbachu-napadal-s-cetrtega-mesta\/"},"wordCount":272,"publisher":{"@id":"https:\/\/hudo.com\/si\/#organization"},"keywords":["alpsko smu\u010danje","Slovenija","\u017dan Kranjec"],"articleSection":["Aktualno"],"inLanguage":"sl-SI"},{"@type":"WebPage","@id":"https:\/\/hudo.com\/si\/aktualno\/zan-kranjec-bo-v-finalu-stopnicke-v-saalbachu-napadal-s-cetrtega-mesta\/","url":"https:\/\/hudo.com\/si\/aktualno\/zan-kranjec-bo-v-finalu-stopnicke-v-saalbachu-napadal-s-cetrtega-mesta\/","name":"\u017dan Kranjec bo v finalu stopni\u010dke v Saalbachu napadal s \u010detrtega mesta - Hudo Slovenija","isPartOf":{"@id":"https:\/\/hudo.com\/si\/#website"},"datePublished":"2018-12-19T10:47:11+00:00","dateModified":"2018-12-19T10:47:11+00:00","breadcrumb":{"@id":"https:\/\/hudo.com\/si\/aktualno\/zan-kranjec-bo-v-finalu-stopnicke-v-saalbachu-napadal-s-cetrtega-mesta\/#breadcrumb"},"inLanguage":"sl-SI","potentialAction":[{"@type":"ReadAction","target":["https:\/\/hudo.com\/si\/aktualno\/zan-kranjec-bo-v-finalu-stopnicke-v-saalbachu-napadal-s-cetrtega-mesta\/"]}]},{"@type":"BreadcrumbList","@id":"https:\/\/hudo.com\/si\/aktualno\/zan-kranjec-bo-v-finalu-stopnicke-v-saalbachu-napadal-s-cetrtega-mesta\/#breadcrumb","itemListElement":[{"@type":"ListItem","position":1,"name":"Home","item":"https:\/\/hudo.com\/si\/"},{"@type":"ListItem","position":2,"name":"\u017dan Kranjec bo v finalu stopni\u010dke v Saalbachu napadal s \u010detrtega mesta"}]},{"@type":"WebSite","@id":"https:\/\/hudo.com\/si\/#website","url":"https:\/\/hudo.com\/si\/","name":"Hudo Slovenija","description":"Vse novice iz Slovenije in sveta","publisher":{"@id":"https:\/\/hudo.com\/si\/#organization"},"potentialAction":[{"@type":"SearchAction","target":{"@type":"EntryPoint","urlTemplate":"https:\/\/hudo.com\/si\/?s={search_term_string}"},"query-input":"required name=search_term_string"}],"inLanguage":"sl-SI"},{"@type":"Organization","@id":"https:\/\/hudo.com\/si\/#organization","name":"VSN Media","url":"https:\/\/hudo.com\/si\/","logo":{"@type":"ImageObject","inLanguage":"sl-SI","@id":"https:\/\/hudo.com\/si\/#\/schema\/logo\/image\/","url":"https:\/\/hudo.com\/si\/wp-content\/uploads\/sites\/2\/2021\/03\/hudo-app-2.png","contentUrl":"https:\/\/hudo.com\/si\/wp-content\/uploads\/sites\/2\/2021\/03\/hudo-app-2.png","width":2185,"height":2167,"caption":"VSN Media"},"image":{"@id":"https:\/\/hudo.com\/si\/#\/schema\/logo\/image\/"},"sameAs":["https:\/\/www.facebook.com\/hudo.si","https:\/\/twitter.com\/hudo_si"]},{"@type":"Person","@id":"https:\/\/hudo.com\/si\/#\/schema\/person\/c2f10ce65d2e6ede2aeda5be2a0611fa","name":"M. N., STA","image":{"@type":"ImageObject","inLanguage":"sl-SI","@id":"https:\/\/hudo.com\/si\/#\/schema\/person\/image\/","url":"https:\/\/secure.gravatar.com\/avatar\/f370d38daa10467f755c5c766a4cac20?s=96&d=mm&r=g","contentUrl":"https:\/\/secure.gravatar.com\/avatar\/f370d38daa10467f755c5c766a4cac20?s=96&d=mm&r=g","caption":"M. N., STA"},"url":"https:\/\/hudo.com\/si\/author\/mana\/"}]}},"amp_enabled":true,"_links":{"self":[{"href":"https:\/\/hudo.com\/si\/wp-json\/wp\/v2\/posts\/383138"}],"collection":[{"href":"https:\/\/hudo.com\/si\/wp-json\/wp\/v2\/posts"}],"about":[{"href":"https:\/\/hudo.com\/si\/wp-json\/wp\/v2\/types\/post"}],"author":[{"embeddable":true,"href":"https:\/\/hudo.com\/si\/wp-json\/wp\/v2\/users\/8"}],"replies":[{"embeddable":true,"href":"https:\/\/hudo.com\/si\/wp-json\/wp\/v2\/comments?post=383138"}],"version-history":[{"count":1,"href":"https:\/\/hudo.com\/si\/wp-json\/wp\/v2\/posts\/383138\/revisions"}],"predecessor-version":[{"id":383139,"href":"https:\/\/hudo.com\/si\/wp-json\/wp\/v2\/posts\/383138\/revisions\/383139"}],"wp:featuredmedia":[{"embeddable":true,"href":"https:\/\/hudo.com\/si\/wp-json\/wp\/v2\/media\/334329"}],"wp:attachment":[{"href":"https:\/\/hudo.com\/si\/wp-json\/wp\/v2\/media?parent=383138"}],"wp:term":[{"taxonomy":"category","embeddable":true,"href":"https:\/\/hudo.com\/si\/wp-json\/wp\/v2\/categories?post=383138"},{"taxonomy":"post_tag","embeddable":true,"href":"https:\/\/hudo.com\/si\/wp-json\/wp\/v2\/tags?post=383138"},{"taxonomy":"source","embeddable":true,"href":"https:\/\/hudo.com\/si\/wp-json\/wp\/v2\/source?post=383138"},{"taxonomy":"supertag","embeddable":true,"href":"https:\/\/hudo.com\/si\/wp-json\/wp\/v2\/supertag?post=383138"}],"curies":[{"name":"wp","href":"https:\/\/api.w.org\/{rel}","templated":true}]}}