{"id":383176,"date":"2018-12-19T17:04:34","date_gmt":"2018-12-19T16:04:34","guid":{"rendered":"http:\/\/hudo.com\/si\/?p=383176"},"modified":"2018-12-19T18:46:23","modified_gmt":"2018-12-19T17:46:23","slug":"s-polozaja-naj-bi-odstopil-glavni-izvrsni-direktor-dutb-imre-balogh","status":"publish","type":"post","link":"https:\/\/hudo.com\/si\/aktualno\/s-polozaja-naj-bi-odstopil-glavni-izvrsni-direktor-dutb-imre-balogh\/","title":{"rendered":"S polo\u017eaja naj bi odstopil glavni izvr\u0161ni direktor DUTB Imre Balogh"},"content":{"rendered":"<p>&#8220;Imre Balogh se je za odstop odlo\u010dil predvsem iz osebnih razlogov, saj sodi, da je po treh letih vodenja v DUTB in petih letih dela v Sloveniji, ko je bil razpet med poslovnim in zasebnim \u017eivljenjem, napo\u010dil \u010das, da da prednost slednjemu,&#8221; so zapisali v DUTB in dodali, da bo Balogh svojo funkcijo v DUTB zaklju\u010dil januarja 2019.<\/p>\n<p>Odgovornosti glavnega izvr\u0161nega direktorja bosta s prerazporeditvijo nalog prevzela preostala izvr\u0161na direktorja Andrej Prebil in Jo\u017ee Jaklin. Predaja poslov bo potekala v naslednjih dneh, so \u0161e navedli v DUTB.<\/p>\n<p>Kadrovske menjave v vodstvu DUTB se tako nadaljujejo. Do Baloghove odlo\u010ditve za odstop s polo\u017eaja namre\u010d prihaja skoraj dva tedna po tem, ko je vlada iz upravnega odbora DUTB odpoklicala predsednika Miha Juharta in za neizvr\u0161nega direktorja imenovala Beska. Vlada je nato v vlogi skup\u0161\u010dine za neizvr\u0161nega direktorja t. i. slabe banke prej\u0161nji teden imenovala \u0161e Marka Ti\u0161mo.<\/p>\n<p>Razlog za Juhartov odpoklic so bile ugotovitve interne revizije na DUTB, da so bile pri prodaji zemlji\u0161\u010da, na katerem tovarno gradi \u0161vicarski Lonstroff, storjene nepravilnosti in da niso bili spo\u0161tovani interni akti.<\/p>\n<p>Po informacijah Siola so neizvr\u0161ni direktorji DUTB pred dana\u0161njo sejo upravnega odbora pripravljali gradivo za Baloghovo razre\u0161itev iz krivdnih razlogov. Omenjena revizija namre\u010d med odgovornimi osebami za posel z zemlji\u0161\u010dem v Logatcu izpostavlja tudi Balogha.<\/p>\n<p>Ta naj bi po pisanju Siola danes ugotovil, da ima le dve mo\u017enosti &#8211; razre\u0161itev ali odstop &#8211; in se je odlo\u010dil oditi sam. Glavnega izvr\u0161nega direktorja so doslej iskali z mednarodnim razpisom.<\/p>\n<p>V upravnem odboru sta trenutno poleg Beska in Ti\u0161me neizvr\u0161na direktorja \u0161e Mitja Kri\u017eaj in Juan Barba Silvela, ki pa se neuradno s polo\u017eaja poslavlja.<\/p>\n<p>Neizvr\u0161ni direktorji DUTB so Balogha za glavnega izvr\u0161nega direktorja sicer imenovali septembra 2016, t. i. slabo banko pa je za\u010dasno vodil \u017ee od oktobra 2015. Pred tem je bil neizvr\u0161ni direktor. Polo\u017eaj je prevzel po odhodu \u0160veda Torbj\u00f6rna Manssona zaradi kr\u0161itev vladne pla\u010dne politike, ki je odnesla tudi takratnega predsednika upravnega odbora Larsa Nyberga. Njegov mandat bi se iztekel leta 2021.<\/p>\n<p>Balogh je v Slovenijo pri\u0161el leta 2013, ko se je pridru\u017eil izredni upravi vmes likvidirane Probanke, katere preostalo premo\u017eenje je bilo pripojeno DUTB. Po neuradnih podatkih medijev naj bi Balogha priporo\u010dil sonarodnjak Istvan P. Szekely z generalnega direktorata Evropske komisije za gospodarske in denarne zadeve, ki je bil dolgo \u010dasa odgovoren za Slovenijo.<\/p>\n","protected":false},"excerpt":{"rendered":"<p>Upravni odbor Dru\u017ebe za upravljanje terjatev bank (DUTB) v novi sestavi je danes za predsednika upravnega odbora imenoval Toma\u017ea Beska in se seznanil z odstopom glavnega izvr\u0161nega direktorja Imreta Balogha. Njegove naloge bosta za\u010dasno prevzela preostala izvr\u0161na direktorja, so sporo\u010dili iz DUTB.<\/p>\n","protected":false},"author":8,"featured_media":184165,"comment_status":"closed","ping_status":"closed","sticky":false,"template":"","format":"standard","meta":{"footnotes":""},"categories":[1179],"tags":[5733,12640,1595],"source":[4511],"supertag":[7541],"acf":[],"yoast_head":"<!-- This site is optimized with the Yoast SEO plugin v21.3 - https:\/\/yoast.com\/wordpress\/plugins\/seo\/ -->\n<title>S polo\u017eaja naj bi odstopil glavni izvr\u0161ni direktor DUTB Imre Balogh - Hudo Slovenija<\/title>\n<meta name=\"robots\" content=\"index, follow, max-snippet:-1, max-image-preview:large, max-video-preview:-1\" \/>\n<link rel=\"canonical\" href=\"https:\/\/hudo.com\/si\/aktualno\/s-polozaja-naj-bi-odstopil-glavni-izvrsni-direktor-dutb-imre-balogh\/\" \/>\n<meta property=\"og:locale\" content=\"sl_SI\" \/>\n<meta property=\"og:type\" content=\"article\" \/>\n<meta property=\"og:title\" content=\"S polo\u017eaja naj bi odstopil glavni izvr\u0161ni direktor DUTB Imre Balogh - Hudo Slovenija\" \/>\n<meta property=\"og:description\" content=\"Upravni odbor Dru\u017ebe za upravljanje terjatev bank (DUTB) v novi sestavi je danes za predsednika upravnega odbora imenoval Toma\u017ea Beska in se seznanil z odstopom glavnega izvr\u0161nega direktorja Imreta Balogha. Njegove naloge bosta za\u010dasno prevzela preostala izvr\u0161na direktorja, so sporo\u010dili iz DUTB.\" \/>\n<meta property=\"og:url\" content=\"https:\/\/hudo.com\/si\/aktualno\/s-polozaja-naj-bi-odstopil-glavni-izvrsni-direktor-dutb-imre-balogh\/\" \/>\n<meta property=\"og:site_name\" content=\"Hudo Slovenija\" \/>\n<meta property=\"article:publisher\" content=\"https:\/\/www.facebook.com\/hudo.si\" \/>\n<meta property=\"article:published_time\" content=\"2018-12-19T16:04:34+00:00\" \/>\n<meta property=\"article:modified_time\" content=\"2018-12-19T17:46:23+00:00\" \/>\n<meta property=\"og:image\" content=\"https:\/\/hudo.com\/si\/wp-content\/uploads\/sites\/2\/2017\/01\/20150821-00627803.jpg\" \/>\n\t<meta property=\"og:image:width\" content=\"640\" \/>\n\t<meta property=\"og:image:height\" content=\"427\" \/>\n\t<meta property=\"og:image:type\" content=\"image\/jpeg\" \/>\n<meta name=\"author\" content=\"M. N., STA\" \/>\n<meta name=\"twitter:card\" content=\"summary_large_image\" \/>\n<meta name=\"twitter:creator\" content=\"@hudo_si\" \/>\n<meta name=\"twitter:site\" content=\"@hudo_si\" \/>\n<meta name=\"twitter:label1\" content=\"Written by\" \/>\n\t<meta name=\"twitter:data1\" content=\"M. N., STA\" \/>\n\t<meta name=\"twitter:label2\" content=\"Est. reading time\" \/>\n\t<meta name=\"twitter:data2\" content=\"2 minuti\" \/>\n<script type=\"application\/ld+json\" class=\"yoast-schema-graph\">{\"@context\":\"https:\/\/schema.org\",\"@graph\":[{\"@type\":\"Article\",\"@id\":\"https:\/\/hudo.com\/si\/aktualno\/s-polozaja-naj-bi-odstopil-glavni-izvrsni-direktor-dutb-imre-balogh\/#article\",\"isPartOf\":{\"@id\":\"https:\/\/hudo.com\/si\/aktualno\/s-polozaja-naj-bi-odstopil-glavni-izvrsni-direktor-dutb-imre-balogh\/\"},\"author\":{\"name\":\"M. N., STA\",\"@id\":\"https:\/\/hudo.com\/si\/#\/schema\/person\/c2f10ce65d2e6ede2aeda5be2a0611fa\"},\"headline\":\"S polo\u017eaja naj bi odstopil glavni izvr\u0161ni direktor DUTB Imre Balogh\",\"datePublished\":\"2018-12-19T16:04:34+00:00\",\"dateModified\":\"2018-12-19T17:46:23+00:00\",\"mainEntityOfPage\":{\"@id\":\"https:\/\/hudo.com\/si\/aktualno\/s-polozaja-naj-bi-odstopil-glavni-izvrsni-direktor-dutb-imre-balogh\/\"},\"wordCount\":431,\"publisher\":{\"@id\":\"https:\/\/hudo.com\/si\/#organization\"},\"keywords\":[\"DUTB\",\"Imre Baloh\",\"Slovenija\"],\"articleSection\":[\"Aktualno\"],\"inLanguage\":\"sl-SI\"},{\"@type\":\"WebPage\",\"@id\":\"https:\/\/hudo.com\/si\/aktualno\/s-polozaja-naj-bi-odstopil-glavni-izvrsni-direktor-dutb-imre-balogh\/\",\"url\":\"https:\/\/hudo.com\/si\/aktualno\/s-polozaja-naj-bi-odstopil-glavni-izvrsni-direktor-dutb-imre-balogh\/\",\"name\":\"S polo\u017eaja naj bi odstopil glavni izvr\u0161ni direktor DUTB Imre Balogh - Hudo Slovenija\",\"isPartOf\":{\"@id\":\"https:\/\/hudo.com\/si\/#website\"},\"datePublished\":\"2018-12-19T16:04:34+00:00\",\"dateModified\":\"2018-12-19T17:46:23+00:00\",\"breadcrumb\":{\"@id\":\"https:\/\/hudo.com\/si\/aktualno\/s-polozaja-naj-bi-odstopil-glavni-izvrsni-direktor-dutb-imre-balogh\/#breadcrumb\"},\"inLanguage\":\"sl-SI\",\"potentialAction\":[{\"@type\":\"ReadAction\",\"target\":[\"https:\/\/hudo.com\/si\/aktualno\/s-polozaja-naj-bi-odstopil-glavni-izvrsni-direktor-dutb-imre-balogh\/\"]}]},{\"@type\":\"BreadcrumbList\",\"@id\":\"https:\/\/hudo.com\/si\/aktualno\/s-polozaja-naj-bi-odstopil-glavni-izvrsni-direktor-dutb-imre-balogh\/#breadcrumb\",\"itemListElement\":[{\"@type\":\"ListItem\",\"position\":1,\"name\":\"Home\",\"item\":\"https:\/\/hudo.com\/si\/\"},{\"@type\":\"ListItem\",\"position\":2,\"name\":\"S polo\u017eaja naj bi odstopil glavni izvr\u0161ni direktor DUTB Imre Balogh\"}]},{\"@type\":\"WebSite\",\"@id\":\"https:\/\/hudo.com\/si\/#website\",\"url\":\"https:\/\/hudo.com\/si\/\",\"name\":\"Hudo Slovenija\",\"description\":\"Vse novice iz Slovenije in sveta\",\"publisher\":{\"@id\":\"https:\/\/hudo.com\/si\/#organization\"},\"potentialAction\":[{\"@type\":\"SearchAction\",\"target\":{\"@type\":\"EntryPoint\",\"urlTemplate\":\"https:\/\/hudo.com\/si\/?s={search_term_string}\"},\"query-input\":\"required name=search_term_string\"}],\"inLanguage\":\"sl-SI\"},{\"@type\":\"Organization\",\"@id\":\"https:\/\/hudo.com\/si\/#organization\",\"name\":\"VSN Media\",\"url\":\"https:\/\/hudo.com\/si\/\",\"logo\":{\"@type\":\"ImageObject\",\"inLanguage\":\"sl-SI\",\"@id\":\"https:\/\/hudo.com\/si\/#\/schema\/logo\/image\/\",\"url\":\"https:\/\/hudo.com\/si\/wp-content\/uploads\/sites\/2\/2021\/03\/hudo-app-2.png\",\"contentUrl\":\"https:\/\/hudo.com\/si\/wp-content\/uploads\/sites\/2\/2021\/03\/hudo-app-2.png\",\"width\":2185,\"height\":2167,\"caption\":\"VSN Media\"},\"image\":{\"@id\":\"https:\/\/hudo.com\/si\/#\/schema\/logo\/image\/\"},\"sameAs\":[\"https:\/\/www.facebook.com\/hudo.si\",\"https:\/\/twitter.com\/hudo_si\"]},{\"@type\":\"Person\",\"@id\":\"https:\/\/hudo.com\/si\/#\/schema\/person\/c2f10ce65d2e6ede2aeda5be2a0611fa\",\"name\":\"M. N., STA\",\"image\":{\"@type\":\"ImageObject\",\"inLanguage\":\"sl-SI\",\"@id\":\"https:\/\/hudo.com\/si\/#\/schema\/person\/image\/\",\"url\":\"https:\/\/secure.gravatar.com\/avatar\/f370d38daa10467f755c5c766a4cac20?s=96&d=mm&r=g\",\"contentUrl\":\"https:\/\/secure.gravatar.com\/avatar\/f370d38daa10467f755c5c766a4cac20?s=96&d=mm&r=g\",\"caption\":\"M. N., STA\"},\"url\":\"https:\/\/hudo.com\/si\/author\/mana\/\"}]}<\/script>\n<!-- \/ Yoast SEO plugin. -->","yoast_head_json":{"title":"S polo\u017eaja naj bi odstopil glavni izvr\u0161ni direktor DUTB Imre Balogh - Hudo Slovenija","robots":{"index":"index","follow":"follow","max-snippet":"max-snippet:-1","max-image-preview":"max-image-preview:large","max-video-preview":"max-video-preview:-1"},"canonical":"https:\/\/hudo.com\/si\/aktualno\/s-polozaja-naj-bi-odstopil-glavni-izvrsni-direktor-dutb-imre-balogh\/","og_locale":"sl_SI","og_type":"article","og_title":"S polo\u017eaja naj bi odstopil glavni izvr\u0161ni direktor DUTB Imre Balogh - Hudo Slovenija","og_description":"Upravni odbor Dru\u017ebe za upravljanje terjatev bank (DUTB) v novi sestavi je danes za predsednika upravnega odbora imenoval Toma\u017ea Beska in se seznanil z odstopom glavnega izvr\u0161nega direktorja Imreta Balogha. Njegove naloge bosta za\u010dasno prevzela preostala izvr\u0161na direktorja, so sporo\u010dili iz DUTB.","og_url":"https:\/\/hudo.com\/si\/aktualno\/s-polozaja-naj-bi-odstopil-glavni-izvrsni-direktor-dutb-imre-balogh\/","og_site_name":"Hudo Slovenija","article_publisher":"https:\/\/www.facebook.com\/hudo.si","article_published_time":"2018-12-19T16:04:34+00:00","article_modified_time":"2018-12-19T17:46:23+00:00","og_image":[{"width":640,"height":427,"url":"https:\/\/hudo.com\/si\/wp-content\/uploads\/sites\/2\/2017\/01\/20150821-00627803.jpg","type":"image\/jpeg"}],"author":"M. N., STA","twitter_card":"summary_large_image","twitter_creator":"@hudo_si","twitter_site":"@hudo_si","twitter_misc":{"Written by":"M. N., STA","Est. reading time":"2 minuti"},"schema":{"@context":"https:\/\/schema.org","@graph":[{"@type":"Article","@id":"https:\/\/hudo.com\/si\/aktualno\/s-polozaja-naj-bi-odstopil-glavni-izvrsni-direktor-dutb-imre-balogh\/#article","isPartOf":{"@id":"https:\/\/hudo.com\/si\/aktualno\/s-polozaja-naj-bi-odstopil-glavni-izvrsni-direktor-dutb-imre-balogh\/"},"author":{"name":"M. N., STA","@id":"https:\/\/hudo.com\/si\/#\/schema\/person\/c2f10ce65d2e6ede2aeda5be2a0611fa"},"headline":"S polo\u017eaja naj bi odstopil glavni izvr\u0161ni direktor DUTB Imre Balogh","datePublished":"2018-12-19T16:04:34+00:00","dateModified":"2018-12-19T17:46:23+00:00","mainEntityOfPage":{"@id":"https:\/\/hudo.com\/si\/aktualno\/s-polozaja-naj-bi-odstopil-glavni-izvrsni-direktor-dutb-imre-balogh\/"},"wordCount":431,"publisher":{"@id":"https:\/\/hudo.com\/si\/#organization"},"keywords":["DUTB","Imre Baloh","Slovenija"],"articleSection":["Aktualno"],"inLanguage":"sl-SI"},{"@type":"WebPage","@id":"https:\/\/hudo.com\/si\/aktualno\/s-polozaja-naj-bi-odstopil-glavni-izvrsni-direktor-dutb-imre-balogh\/","url":"https:\/\/hudo.com\/si\/aktualno\/s-polozaja-naj-bi-odstopil-glavni-izvrsni-direktor-dutb-imre-balogh\/","name":"S polo\u017eaja naj bi odstopil glavni izvr\u0161ni direktor DUTB Imre Balogh - Hudo Slovenija","isPartOf":{"@id":"https:\/\/hudo.com\/si\/#website"},"datePublished":"2018-12-19T16:04:34+00:00","dateModified":"2018-12-19T17:46:23+00:00","breadcrumb":{"@id":"https:\/\/hudo.com\/si\/aktualno\/s-polozaja-naj-bi-odstopil-glavni-izvrsni-direktor-dutb-imre-balogh\/#breadcrumb"},"inLanguage":"sl-SI","potentialAction":[{"@type":"ReadAction","target":["https:\/\/hudo.com\/si\/aktualno\/s-polozaja-naj-bi-odstopil-glavni-izvrsni-direktor-dutb-imre-balogh\/"]}]},{"@type":"BreadcrumbList","@id":"https:\/\/hudo.com\/si\/aktualno\/s-polozaja-naj-bi-odstopil-glavni-izvrsni-direktor-dutb-imre-balogh\/#breadcrumb","itemListElement":[{"@type":"ListItem","position":1,"name":"Home","item":"https:\/\/hudo.com\/si\/"},{"@type":"ListItem","position":2,"name":"S polo\u017eaja naj bi odstopil glavni izvr\u0161ni direktor DUTB Imre Balogh"}]},{"@type":"WebSite","@id":"https:\/\/hudo.com\/si\/#website","url":"https:\/\/hudo.com\/si\/","name":"Hudo Slovenija","description":"Vse novice iz Slovenije in sveta","publisher":{"@id":"https:\/\/hudo.com\/si\/#organization"},"potentialAction":[{"@type":"SearchAction","target":{"@type":"EntryPoint","urlTemplate":"https:\/\/hudo.com\/si\/?s={search_term_string}"},"query-input":"required name=search_term_string"}],"inLanguage":"sl-SI"},{"@type":"Organization","@id":"https:\/\/hudo.com\/si\/#organization","name":"VSN Media","url":"https:\/\/hudo.com\/si\/","logo":{"@type":"ImageObject","inLanguage":"sl-SI","@id":"https:\/\/hudo.com\/si\/#\/schema\/logo\/image\/","url":"https:\/\/hudo.com\/si\/wp-content\/uploads\/sites\/2\/2021\/03\/hudo-app-2.png","contentUrl":"https:\/\/hudo.com\/si\/wp-content\/uploads\/sites\/2\/2021\/03\/hudo-app-2.png","width":2185,"height":2167,"caption":"VSN Media"},"image":{"@id":"https:\/\/hudo.com\/si\/#\/schema\/logo\/image\/"},"sameAs":["https:\/\/www.facebook.com\/hudo.si","https:\/\/twitter.com\/hudo_si"]},{"@type":"Person","@id":"https:\/\/hudo.com\/si\/#\/schema\/person\/c2f10ce65d2e6ede2aeda5be2a0611fa","name":"M. N., STA","image":{"@type":"ImageObject","inLanguage":"sl-SI","@id":"https:\/\/hudo.com\/si\/#\/schema\/person\/image\/","url":"https:\/\/secure.gravatar.com\/avatar\/f370d38daa10467f755c5c766a4cac20?s=96&d=mm&r=g","contentUrl":"https:\/\/secure.gravatar.com\/avatar\/f370d38daa10467f755c5c766a4cac20?s=96&d=mm&r=g","caption":"M. N., STA"},"url":"https:\/\/hudo.com\/si\/author\/mana\/"}]}},"amp_enabled":true,"_links":{"self":[{"href":"https:\/\/hudo.com\/si\/wp-json\/wp\/v2\/posts\/383176"}],"collection":[{"href":"https:\/\/hudo.com\/si\/wp-json\/wp\/v2\/posts"}],"about":[{"href":"https:\/\/hudo.com\/si\/wp-json\/wp\/v2\/types\/post"}],"author":[{"embeddable":true,"href":"https:\/\/hudo.com\/si\/wp-json\/wp\/v2\/users\/8"}],"replies":[{"embeddable":true,"href":"https:\/\/hudo.com\/si\/wp-json\/wp\/v2\/comments?post=383176"}],"version-history":[{"count":3,"href":"https:\/\/hudo.com\/si\/wp-json\/wp\/v2\/posts\/383176\/revisions"}],"predecessor-version":[{"id":383190,"href":"https:\/\/hudo.com\/si\/wp-json\/wp\/v2\/posts\/383176\/revisions\/383190"}],"wp:featuredmedia":[{"embeddable":true,"href":"https:\/\/hudo.com\/si\/wp-json\/wp\/v2\/media\/184165"}],"wp:attachment":[{"href":"https:\/\/hudo.com\/si\/wp-json\/wp\/v2\/media?parent=383176"}],"wp:term":[{"taxonomy":"category","embeddable":true,"href":"https:\/\/hudo.com\/si\/wp-json\/wp\/v2\/categories?post=383176"},{"taxonomy":"post_tag","embeddable":true,"href":"https:\/\/hudo.com\/si\/wp-json\/wp\/v2\/tags?post=383176"},{"taxonomy":"source","embeddable":true,"href":"https:\/\/hudo.com\/si\/wp-json\/wp\/v2\/source?post=383176"},{"taxonomy":"supertag","embeddable":true,"href":"https:\/\/hudo.com\/si\/wp-json\/wp\/v2\/supertag?post=383176"}],"curies":[{"name":"wp","href":"https:\/\/api.w.org\/{rel}","templated":true}]}}