{"id":383399,"date":"2018-12-21T11:59:13","date_gmt":"2018-12-21T10:59:13","guid":{"rendered":"http:\/\/hudo.com\/si\/?p=383399"},"modified":"2018-12-21T11:59:13","modified_gmt":"2018-12-21T10:59:13","slug":"ustavna-obtozba-zoper-sarca-cetrta-v-zgodovini-vse-je-vlozila-sds","status":"publish","type":"post","link":"https:\/\/hudo.com\/si\/aktualno\/ustavna-obtozba-zoper-sarca-cetrta-v-zgodovini-vse-je-vlozila-sds\/","title":{"rendered":"Ustavna obto\u017eba zoper \u0160arca \u010detrta v zgodovini, vse je vlo\u017eila SDS"},"content":{"rendered":"<p>Ustava dolo\u010da, da lahko DZ predsednika vlade ali ministre pred ustavnim sodi\u0161\u010dem obto\u017ei kr\u0161itve ustave in zakonov, storjene pri opravljanju njihovih funkcij.<\/p>\n<p>Poslovnik DZ pa pravi, da lahko najmanj deset poslancev predlaga dr\u017eavnemu zboru, da obto\u017ei predsednika vlade pred ustavnim sodi\u0161\u010dem. DZ o predlogu obto\u017ebe odlo\u010da z ve\u010dino glasov vseh poslancev, in sicer najpozneje v 60 dneh po vlo\u017eitvi predloga. \u010ce odlo\u010ditve v tem roku ne sprejme, pa se \u0161teje, da je predlog zavrnjen.<\/p>\n<p>\u010ce je sklep o obto\u017ebi sprejet, ga v skladu z zakonom o ustavnem sodi\u0161\u010du predsednik DZ po\u0161lje predsedniku ustavnega sodi\u0161\u010da. Sklep mora vsebovati opis zatrjevane kr\u0161itve ustave oziroma huj\u0161e kr\u0161itve zakona in predlog dokazov o tej kr\u0161itvi. Predsednik vlade lahko na obto\u017ebo odgovori.<\/p>\n<p>Ustavno sodi\u0161\u010de nato opravi javno obravnavo. Z dvotretjinsko ve\u010dino glasov vseh sodnikov lahko odlo\u010di, da obto\u017eeni za\u010dasno, do kon\u010dne odlo\u010ditve ne sme opravljati svoje funkcije. \u010ce ustavno sodi\u0161\u010de ugotovi, da obto\u017eba ni utemeljena, z odlo\u010dbo oprosti obto\u017eenega.<\/p>\n<p>V primeru, da ustavno sodi\u0161\u010de ugotovi kr\u0161itev ustave ali huj\u0161o kr\u0161itev zakona, z odlo\u010dbo ugotovi utemeljenost obto\u017ebe, lahko pa odlo\u010di tudi, da predsedniku vlade preneha funkcija. Tudi odlo\u010ditev o utemeljenosti obto\u017ebe in odlo\u010ditev o prenehanju funkcije sprejme ustavno sodi\u0161\u010de z dvotretjinsko ve\u010dino glasov vseh sodnikov.<\/p>\n<p>DZ lahko ustavno obto\u017ebo sprejme tudi zoper ministra ali predsednika republike, je pa v primeru slednjega potreben predlog, ki je podprt s podpisi najmanj 30 poslancev.<\/p>\n<p>V samostojni Sloveniji so bili doslej aktualni trije predlogi ustavne obto\u017ebe, a noben ni pri\u0161el do presoje ustavnih sodnikov. Pobudnik vseh je bila stranka SDS.<\/p>\n<p>Leta 1998 je SDS, sicer neuspe\u0161no, v parlamentarno proceduro vlo\u017eila predlog za ustavno obto\u017ebo zoper tedanjega premierja Janeza Drnov\u0161ka. O\u010ditali so mu sklenitev tajnega varnostnega sporazuma z Izraelom v letu 1995.<\/p>\n<p>V za\u010detku leta 2010 so poslanci SDS in SLS vlo\u017eili predlog ustavne obto\u017ebe zoper tedanjega predsednika republike Danila T\u00fcrka, ker da je kr\u0161il ustavo s podelitvijo dr\u017eavnega odlikovanja nekdanjemu \u0161efu tajne politi\u010dne policije Toma\u017eu Ertlu. Tudi ta predlog so poslanci zavrnili.<\/p>\n<p>Leta 2014 pa je SDS napovedala ustavno obto\u017ebo takratne premierke Alenke Bratu\u0161ek, v kolikor ta ne bi odstopila v postavljenem nekajdnevnem roku. O\u010ditali so ji predvsem, da vlada zamuja z izvedbenim zakonom o fiskalnem pravilu ter s tem kr\u0161i ustavno ureditev. Do spro\u017eitve postopka ustavne obto\u017ebe pa ni pri\u0161lo, saj je Bratu\u0161kova nekaj tednov kasneje tudi odstopila.<\/p>\n<p>Predlog ustavne obto\u017ebe je januarja letos prestal tudi tedanji premier Miro Cerar. Tudi ta predlog so vlo\u017eili poslanci SDS, Cerar pa se je moral zagovarjati zaradi njihovih o\u010ditkov o zlorabi polo\u017eaja v primeru sirskega begunca Ahmada \u0160amija.<\/p>\n","protected":false},"excerpt":{"rendered":"<p>Predlog ustavne obto\u017ebe, ki so ga danes zoper premierja Marjana \u0160arca vlo\u017eili poslanci SDS in SNS, je \u010detrti tovrstni poskus presoje ravnanja predsednika vlade oz. dr\u017eave pred ustavnim sodi\u0161\u010dem. Da bi obto\u017eba pri\u0161la do presoje ustavnih sodnikov, je tudi tokrat malo verjetno, saj bi moralo tak\u0161en sklep podpreti vsaj 46 poslancev.<\/p>\n","protected":false},"author":7,"featured_media":383401,"comment_status":"closed","ping_status":"closed","sticky":false,"template":"","format":"standard","meta":{"footnotes":""},"categories":[1179],"tags":[5845,7810,4632,1595,5336],"source":[4511],"supertag":[],"acf":[],"yoast_head":"<!-- This site is optimized with the Yoast SEO plugin v21.3 - https:\/\/yoast.com\/wordpress\/plugins\/seo\/ -->\n<title>Ustavna obto\u017eba zoper \u0160arca \u010detrta v zgodovini, vse je vlo\u017eila SDS - Hudo Slovenija<\/title>\n<meta name=\"robots\" content=\"index, follow, max-snippet:-1, max-image-preview:large, max-video-preview:-1\" \/>\n<link rel=\"canonical\" href=\"https:\/\/hudo.com\/si\/aktualno\/ustavna-obtozba-zoper-sarca-cetrta-v-zgodovini-vse-je-vlozila-sds\/\" \/>\n<meta property=\"og:locale\" content=\"sl_SI\" \/>\n<meta property=\"og:type\" content=\"article\" \/>\n<meta property=\"og:title\" content=\"Ustavna obto\u017eba zoper \u0160arca \u010detrta v zgodovini, vse je vlo\u017eila SDS - Hudo Slovenija\" \/>\n<meta property=\"og:description\" content=\"Predlog ustavne obto\u017ebe, ki so ga danes zoper premierja Marjana \u0160arca vlo\u017eili poslanci SDS in SNS, je \u010detrti tovrstni poskus presoje ravnanja predsednika vlade oz. dr\u017eave pred ustavnim sodi\u0161\u010dem. Da bi obto\u017eba pri\u0161la do presoje ustavnih sodnikov, je tudi tokrat malo verjetno, saj bi moralo tak\u0161en sklep podpreti vsaj 46 poslancev.\" \/>\n<meta property=\"og:url\" content=\"https:\/\/hudo.com\/si\/aktualno\/ustavna-obtozba-zoper-sarca-cetrta-v-zgodovini-vse-je-vlozila-sds\/\" \/>\n<meta property=\"og:site_name\" content=\"Hudo Slovenija\" \/>\n<meta property=\"article:publisher\" content=\"https:\/\/www.facebook.com\/hudo.si\" \/>\n<meta property=\"article:published_time\" content=\"2018-12-21T10:59:13+00:00\" \/>\n<meta property=\"og:image\" content=\"https:\/\/hudo.com\/si\/wp-content\/uploads\/sites\/2\/2018\/12\/20180601-00864824.jpg\" \/>\n\t<meta property=\"og:image:width\" content=\"640\" \/>\n\t<meta property=\"og:image:height\" content=\"426\" \/>\n\t<meta property=\"og:image:type\" content=\"image\/jpeg\" \/>\n<meta name=\"author\" content=\"A. P., STA\" \/>\n<meta name=\"twitter:card\" content=\"summary_large_image\" \/>\n<meta name=\"twitter:creator\" content=\"@hudo_si\" \/>\n<meta name=\"twitter:site\" content=\"@hudo_si\" \/>\n<meta name=\"twitter:label1\" content=\"Written by\" \/>\n\t<meta name=\"twitter:data1\" content=\"A. P., STA\" \/>\n\t<meta name=\"twitter:label2\" content=\"Est. reading time\" \/>\n\t<meta name=\"twitter:data2\" content=\"2 minuti\" \/>\n<script type=\"application\/ld+json\" class=\"yoast-schema-graph\">{\"@context\":\"https:\/\/schema.org\",\"@graph\":[{\"@type\":\"Article\",\"@id\":\"https:\/\/hudo.com\/si\/aktualno\/ustavna-obtozba-zoper-sarca-cetrta-v-zgodovini-vse-je-vlozila-sds\/#article\",\"isPartOf\":{\"@id\":\"https:\/\/hudo.com\/si\/aktualno\/ustavna-obtozba-zoper-sarca-cetrta-v-zgodovini-vse-je-vlozila-sds\/\"},\"author\":{\"name\":\"A. P., STA\",\"@id\":\"https:\/\/hudo.com\/si\/#\/schema\/person\/18f09c02475ba9e606e941a565b80cff\"},\"headline\":\"Ustavna obto\u017eba zoper \u0160arca \u010detrta v zgodovini, vse je vlo\u017eila SDS\",\"datePublished\":\"2018-12-21T10:59:13+00:00\",\"dateModified\":\"2018-12-21T10:59:13+00:00\",\"mainEntityOfPage\":{\"@id\":\"https:\/\/hudo.com\/si\/aktualno\/ustavna-obtozba-zoper-sarca-cetrta-v-zgodovini-vse-je-vlozila-sds\/\"},\"wordCount\":495,\"publisher\":{\"@id\":\"https:\/\/hudo.com\/si\/#organization\"},\"keywords\":[\"janez jan\u0161a\",\"Marjan \u0160arec\",\"SDS\",\"Slovenija\",\"ustavno sodi\u0161\u010de\"],\"articleSection\":[\"Aktualno\"],\"inLanguage\":\"sl-SI\"},{\"@type\":\"WebPage\",\"@id\":\"https:\/\/hudo.com\/si\/aktualno\/ustavna-obtozba-zoper-sarca-cetrta-v-zgodovini-vse-je-vlozila-sds\/\",\"url\":\"https:\/\/hudo.com\/si\/aktualno\/ustavna-obtozba-zoper-sarca-cetrta-v-zgodovini-vse-je-vlozila-sds\/\",\"name\":\"Ustavna obto\u017eba zoper \u0160arca \u010detrta v zgodovini, vse je vlo\u017eila SDS - Hudo Slovenija\",\"isPartOf\":{\"@id\":\"https:\/\/hudo.com\/si\/#website\"},\"datePublished\":\"2018-12-21T10:59:13+00:00\",\"dateModified\":\"2018-12-21T10:59:13+00:00\",\"breadcrumb\":{\"@id\":\"https:\/\/hudo.com\/si\/aktualno\/ustavna-obtozba-zoper-sarca-cetrta-v-zgodovini-vse-je-vlozila-sds\/#breadcrumb\"},\"inLanguage\":\"sl-SI\",\"potentialAction\":[{\"@type\":\"ReadAction\",\"target\":[\"https:\/\/hudo.com\/si\/aktualno\/ustavna-obtozba-zoper-sarca-cetrta-v-zgodovini-vse-je-vlozila-sds\/\"]}]},{\"@type\":\"BreadcrumbList\",\"@id\":\"https:\/\/hudo.com\/si\/aktualno\/ustavna-obtozba-zoper-sarca-cetrta-v-zgodovini-vse-je-vlozila-sds\/#breadcrumb\",\"itemListElement\":[{\"@type\":\"ListItem\",\"position\":1,\"name\":\"Home\",\"item\":\"https:\/\/hudo.com\/si\/\"},{\"@type\":\"ListItem\",\"position\":2,\"name\":\"Ustavna obto\u017eba zoper \u0160arca \u010detrta v zgodovini, vse je vlo\u017eila SDS\"}]},{\"@type\":\"WebSite\",\"@id\":\"https:\/\/hudo.com\/si\/#website\",\"url\":\"https:\/\/hudo.com\/si\/\",\"name\":\"Hudo Slovenija\",\"description\":\"Vse novice iz Slovenije in sveta\",\"publisher\":{\"@id\":\"https:\/\/hudo.com\/si\/#organization\"},\"potentialAction\":[{\"@type\":\"SearchAction\",\"target\":{\"@type\":\"EntryPoint\",\"urlTemplate\":\"https:\/\/hudo.com\/si\/?s={search_term_string}\"},\"query-input\":\"required name=search_term_string\"}],\"inLanguage\":\"sl-SI\"},{\"@type\":\"Organization\",\"@id\":\"https:\/\/hudo.com\/si\/#organization\",\"name\":\"VSN Media\",\"url\":\"https:\/\/hudo.com\/si\/\",\"logo\":{\"@type\":\"ImageObject\",\"inLanguage\":\"sl-SI\",\"@id\":\"https:\/\/hudo.com\/si\/#\/schema\/logo\/image\/\",\"url\":\"https:\/\/hudo.com\/si\/wp-content\/uploads\/sites\/2\/2021\/03\/hudo-app-2.png\",\"contentUrl\":\"https:\/\/hudo.com\/si\/wp-content\/uploads\/sites\/2\/2021\/03\/hudo-app-2.png\",\"width\":2185,\"height\":2167,\"caption\":\"VSN Media\"},\"image\":{\"@id\":\"https:\/\/hudo.com\/si\/#\/schema\/logo\/image\/\"},\"sameAs\":[\"https:\/\/www.facebook.com\/hudo.si\",\"https:\/\/twitter.com\/hudo_si\"]},{\"@type\":\"Person\",\"@id\":\"https:\/\/hudo.com\/si\/#\/schema\/person\/18f09c02475ba9e606e941a565b80cff\",\"name\":\"A. P., STA\",\"image\":{\"@type\":\"ImageObject\",\"inLanguage\":\"sl-SI\",\"@id\":\"https:\/\/hudo.com\/si\/#\/schema\/person\/image\/\",\"url\":\"https:\/\/secure.gravatar.com\/avatar\/03eac8e609f5f04383125d80eaeaaf3e?s=96&d=mm&r=g\",\"contentUrl\":\"https:\/\/secure.gravatar.com\/avatar\/03eac8e609f5f04383125d80eaeaaf3e?s=96&d=mm&r=g\",\"caption\":\"A. P., STA\"},\"url\":\"https:\/\/hudo.com\/si\/author\/lubu\/\"}]}<\/script>\n<!-- \/ Yoast SEO plugin. -->","yoast_head_json":{"title":"Ustavna obto\u017eba zoper \u0160arca \u010detrta v zgodovini, vse je vlo\u017eila SDS - Hudo Slovenija","robots":{"index":"index","follow":"follow","max-snippet":"max-snippet:-1","max-image-preview":"max-image-preview:large","max-video-preview":"max-video-preview:-1"},"canonical":"https:\/\/hudo.com\/si\/aktualno\/ustavna-obtozba-zoper-sarca-cetrta-v-zgodovini-vse-je-vlozila-sds\/","og_locale":"sl_SI","og_type":"article","og_title":"Ustavna obto\u017eba zoper \u0160arca \u010detrta v zgodovini, vse je vlo\u017eila SDS - Hudo Slovenija","og_description":"Predlog ustavne obto\u017ebe, ki so ga danes zoper premierja Marjana \u0160arca vlo\u017eili poslanci SDS in SNS, je \u010detrti tovrstni poskus presoje ravnanja predsednika vlade oz. dr\u017eave pred ustavnim sodi\u0161\u010dem. Da bi obto\u017eba pri\u0161la do presoje ustavnih sodnikov, je tudi tokrat malo verjetno, saj bi moralo tak\u0161en sklep podpreti vsaj 46 poslancev.","og_url":"https:\/\/hudo.com\/si\/aktualno\/ustavna-obtozba-zoper-sarca-cetrta-v-zgodovini-vse-je-vlozila-sds\/","og_site_name":"Hudo Slovenija","article_publisher":"https:\/\/www.facebook.com\/hudo.si","article_published_time":"2018-12-21T10:59:13+00:00","og_image":[{"width":640,"height":426,"url":"https:\/\/hudo.com\/si\/wp-content\/uploads\/sites\/2\/2018\/12\/20180601-00864824.jpg","type":"image\/jpeg"}],"author":"A. P., STA","twitter_card":"summary_large_image","twitter_creator":"@hudo_si","twitter_site":"@hudo_si","twitter_misc":{"Written by":"A. P., STA","Est. reading time":"2 minuti"},"schema":{"@context":"https:\/\/schema.org","@graph":[{"@type":"Article","@id":"https:\/\/hudo.com\/si\/aktualno\/ustavna-obtozba-zoper-sarca-cetrta-v-zgodovini-vse-je-vlozila-sds\/#article","isPartOf":{"@id":"https:\/\/hudo.com\/si\/aktualno\/ustavna-obtozba-zoper-sarca-cetrta-v-zgodovini-vse-je-vlozila-sds\/"},"author":{"name":"A. P., STA","@id":"https:\/\/hudo.com\/si\/#\/schema\/person\/18f09c02475ba9e606e941a565b80cff"},"headline":"Ustavna obto\u017eba zoper \u0160arca \u010detrta v zgodovini, vse je vlo\u017eila SDS","datePublished":"2018-12-21T10:59:13+00:00","dateModified":"2018-12-21T10:59:13+00:00","mainEntityOfPage":{"@id":"https:\/\/hudo.com\/si\/aktualno\/ustavna-obtozba-zoper-sarca-cetrta-v-zgodovini-vse-je-vlozila-sds\/"},"wordCount":495,"publisher":{"@id":"https:\/\/hudo.com\/si\/#organization"},"keywords":["janez jan\u0161a","Marjan \u0160arec","SDS","Slovenija","ustavno sodi\u0161\u010de"],"articleSection":["Aktualno"],"inLanguage":"sl-SI"},{"@type":"WebPage","@id":"https:\/\/hudo.com\/si\/aktualno\/ustavna-obtozba-zoper-sarca-cetrta-v-zgodovini-vse-je-vlozila-sds\/","url":"https:\/\/hudo.com\/si\/aktualno\/ustavna-obtozba-zoper-sarca-cetrta-v-zgodovini-vse-je-vlozila-sds\/","name":"Ustavna obto\u017eba zoper \u0160arca \u010detrta v zgodovini, vse je vlo\u017eila SDS - Hudo Slovenija","isPartOf":{"@id":"https:\/\/hudo.com\/si\/#website"},"datePublished":"2018-12-21T10:59:13+00:00","dateModified":"2018-12-21T10:59:13+00:00","breadcrumb":{"@id":"https:\/\/hudo.com\/si\/aktualno\/ustavna-obtozba-zoper-sarca-cetrta-v-zgodovini-vse-je-vlozila-sds\/#breadcrumb"},"inLanguage":"sl-SI","potentialAction":[{"@type":"ReadAction","target":["https:\/\/hudo.com\/si\/aktualno\/ustavna-obtozba-zoper-sarca-cetrta-v-zgodovini-vse-je-vlozila-sds\/"]}]},{"@type":"BreadcrumbList","@id":"https:\/\/hudo.com\/si\/aktualno\/ustavna-obtozba-zoper-sarca-cetrta-v-zgodovini-vse-je-vlozila-sds\/#breadcrumb","itemListElement":[{"@type":"ListItem","position":1,"name":"Home","item":"https:\/\/hudo.com\/si\/"},{"@type":"ListItem","position":2,"name":"Ustavna obto\u017eba zoper \u0160arca \u010detrta v zgodovini, vse je vlo\u017eila SDS"}]},{"@type":"WebSite","@id":"https:\/\/hudo.com\/si\/#website","url":"https:\/\/hudo.com\/si\/","name":"Hudo Slovenija","description":"Vse novice iz Slovenije in sveta","publisher":{"@id":"https:\/\/hudo.com\/si\/#organization"},"potentialAction":[{"@type":"SearchAction","target":{"@type":"EntryPoint","urlTemplate":"https:\/\/hudo.com\/si\/?s={search_term_string}"},"query-input":"required name=search_term_string"}],"inLanguage":"sl-SI"},{"@type":"Organization","@id":"https:\/\/hudo.com\/si\/#organization","name":"VSN Media","url":"https:\/\/hudo.com\/si\/","logo":{"@type":"ImageObject","inLanguage":"sl-SI","@id":"https:\/\/hudo.com\/si\/#\/schema\/logo\/image\/","url":"https:\/\/hudo.com\/si\/wp-content\/uploads\/sites\/2\/2021\/03\/hudo-app-2.png","contentUrl":"https:\/\/hudo.com\/si\/wp-content\/uploads\/sites\/2\/2021\/03\/hudo-app-2.png","width":2185,"height":2167,"caption":"VSN Media"},"image":{"@id":"https:\/\/hudo.com\/si\/#\/schema\/logo\/image\/"},"sameAs":["https:\/\/www.facebook.com\/hudo.si","https:\/\/twitter.com\/hudo_si"]},{"@type":"Person","@id":"https:\/\/hudo.com\/si\/#\/schema\/person\/18f09c02475ba9e606e941a565b80cff","name":"A. P., STA","image":{"@type":"ImageObject","inLanguage":"sl-SI","@id":"https:\/\/hudo.com\/si\/#\/schema\/person\/image\/","url":"https:\/\/secure.gravatar.com\/avatar\/03eac8e609f5f04383125d80eaeaaf3e?s=96&d=mm&r=g","contentUrl":"https:\/\/secure.gravatar.com\/avatar\/03eac8e609f5f04383125d80eaeaaf3e?s=96&d=mm&r=g","caption":"A. P., STA"},"url":"https:\/\/hudo.com\/si\/author\/lubu\/"}]}},"amp_enabled":true,"_links":{"self":[{"href":"https:\/\/hudo.com\/si\/wp-json\/wp\/v2\/posts\/383399"}],"collection":[{"href":"https:\/\/hudo.com\/si\/wp-json\/wp\/v2\/posts"}],"about":[{"href":"https:\/\/hudo.com\/si\/wp-json\/wp\/v2\/types\/post"}],"author":[{"embeddable":true,"href":"https:\/\/hudo.com\/si\/wp-json\/wp\/v2\/users\/7"}],"replies":[{"embeddable":true,"href":"https:\/\/hudo.com\/si\/wp-json\/wp\/v2\/comments?post=383399"}],"version-history":[{"count":1,"href":"https:\/\/hudo.com\/si\/wp-json\/wp\/v2\/posts\/383399\/revisions"}],"predecessor-version":[{"id":383402,"href":"https:\/\/hudo.com\/si\/wp-json\/wp\/v2\/posts\/383399\/revisions\/383402"}],"wp:featuredmedia":[{"embeddable":true,"href":"https:\/\/hudo.com\/si\/wp-json\/wp\/v2\/media\/383401"}],"wp:attachment":[{"href":"https:\/\/hudo.com\/si\/wp-json\/wp\/v2\/media?parent=383399"}],"wp:term":[{"taxonomy":"category","embeddable":true,"href":"https:\/\/hudo.com\/si\/wp-json\/wp\/v2\/categories?post=383399"},{"taxonomy":"post_tag","embeddable":true,"href":"https:\/\/hudo.com\/si\/wp-json\/wp\/v2\/tags?post=383399"},{"taxonomy":"source","embeddable":true,"href":"https:\/\/hudo.com\/si\/wp-json\/wp\/v2\/source?post=383399"},{"taxonomy":"supertag","embeddable":true,"href":"https:\/\/hudo.com\/si\/wp-json\/wp\/v2\/supertag?post=383399"}],"curies":[{"name":"wp","href":"https:\/\/api.w.org\/{rel}","templated":true}]}}