{"id":383475,"date":"2018-12-22T10:12:22","date_gmt":"2018-12-22T09:12:22","guid":{"rendered":"http:\/\/hudo.com\/si\/?p=383475"},"modified":"2018-12-22T10:12:22","modified_gmt":"2018-12-22T09:12:22","slug":"pahor-napovedal-spremembo-volilnega-sistema","status":"publish","type":"post","link":"https:\/\/hudo.com\/si\/aktualno\/pahor-napovedal-spremembo-volilnega-sistema\/","title":{"rendered":"Pahor napovedal spremembo volilnega sistema"},"content":{"rendered":"<p>Sprememba volilnega sistema je po Pahorjevi oceni zahteven zalogaj, ker &#8220;javnost upravi\u010deno meni, da se politika ukvarja sama s sabo in se ji zdi, da je to mogo\u010de nekako odve\u010d&#8221;. Po njegovih mnenju je bolj ali manj jasno, v katero smer utegne iti dogovor parlamentarnih strank.<\/p>\n<p>Dvomi, da bi lahko v razumnem \u010dasu, torej v dveletnem roku, ki ga je nalo\u017eilo ustavno sodi\u0161\u010de za odpravo neustavnosti, pri\u0161lo do spremembe okrajev. &#8220;Mislim, da obstaja ve\u010dja mo\u017enost za izpolnitev odlo\u010dbe ustavnega sodi\u0161\u010da, \u010de se bo upo\u0161tevalo volilno enoto in preferen\u010dni glas,&#8221; je dejal v pogovoru za Televizijo Slovenija.<\/p>\n<p>Pahor je v pogovoru ocenil, da v Sloveniji ne sodelujemo v zadostni meri za potrebe \u010dasa, ki prihaja. &#8220;Mislim, da vsi \u0161e ne razumemo dobro, da se \u010das okrog nas spreminja, da se spreminjajo razmere doma, zlasti pa v mednarodni skupnosti,&#8221; je dejal. Po njegovih ocenah se sedaj &#8220;preve\u010d zana\u0161amo na to, da nam gre dobro&#8221;.<\/p>\n<p>Tudi politi\u010dna gladina je po njegovih navedbah videti mirna in se zdi, da u\u017eivamo relativno politi\u010dno stabilnost. &#8220;Toda \u010deri strankarskih, blokovskih in koalicijskih razhajanj so tik pod gladino in \u010de bi v prihodnjih mesecih ali letih pri\u010dakovano ta gladina padla, se bodo te \u010deri ostro pokazale,&#8221; je posvaril. Zato se mu zdi, da je treba vse pripraviti na to, &#8220;da smo dol\u017eni sodelovati en z drugim, da smo si dol\u017eni nekoliko bolj zaupati&#8221;. S posveti pa bo Pahor na svoj na\u010din posku\u0161al pomagati k oblikovanju skupnega konsenza.<\/p>\n<p>Poudaril je, da morajo vse politi\u010dne stranke delovati kot reprezentanca in opraviti svojo nalogo, da bomo ohranili varnost dr\u017eave, okrepili robustnost gospodarstva in ugled Slovenije navzven.<\/p>\n<p>Omenil je, da nam razli\u010dni kazalci upravi\u010deno govorijo, da si je Slovenija povrnila ugled, ki ga je imela. Po njegovih besedah ta hip nih\u010de ne misli, da je Slovenija kakorkoli problem, marsikdo, ki nas pozna in nam je naklonjen, pa meni, &#8220;da imamo potenco za nekaj ve\u010d&#8221;.<\/p>\n<p>Glede neuresni\u010denja arbitra\u017ene razsodbe o meji s Hrva\u0161ko je dejal, da smo pri\u010dakovali, da bosta ob\u010dutljivost in radovednost mednarodne javnosti s\u010dasoma popustili, kar se je tudi zgodilo. Po njegovem mnenju bi bilo zdaj dobro, \u010de bi za nekaj \u010dasa pustili, da se razprava glede arbitra\u017ee umiri. V tem \u010dasu pa bi si Pahor prizadeval za konstanten dialog med Zagrebom in Ljubljano, in sicer tudi o tem, kako bomo uveljavili arbitra\u017eo, &#8220;ker za nas alternative ne pridejo v po\u0161tev&#8221;. &#8220;Vendar pa ni treba biti v tem smislu nervozen, neu\u010dakan, ker na koncu &#8211; prej ali slej &#8211; bo meja tam, kjer jo je povleklo arbitra\u017eno sodi\u0161\u010de. Trdno verjamem v to,&#8221; je poudaril.<\/p>\n<p>Pri vpra\u0161anju, kdo so glavni braniki solidarne Evrope, je izpostavil pomen povezovanja tistih, ki verjamejo v Evropo in njen pomen za mir in varnost, in poudaril da je treba nadaljevati &#8220;nadaljevati z veliko zamislijo skupne evropske ideje, jo negovati in biti bolj ambiciozen&#8221;.<\/p>\n<p>&#8220;Nisem nacionalist, vendar smo si Slovenci v dolgih stoletjih priborili dr\u017eavnost in ta nam zdaj omogo\u010da, da po svoji presoji sprejmemo ukrepe, da bomo bolj varni, robustni in manj ob\u010dutljivi na turbulence,&#8221; je \u0161e dejal predsednik republike.<\/p>\n<p>Kljub Pahorjevemu prepri\u010danju, da ni predsednik v politiki za to, da bi se pogosto ogla\u0161al, je v novem usli\u0161al \u017eeljo ljudi iz volilne kampanje. Spomnil je, da se je oglasil ve\u010dkrat in ob pomembnej\u0161ih temah, v\u010dasih tudi \u017ee preden je odlo\u010ditev sprejela vlada, \u010desar v minulih letih sicer ne bi storil.<\/p>\n<p>&#8220;Svobodo govora moramo negovati na na\u010din, da se bomo izogibali \u017ealitvam in sovra\u017enem govoru,&#8221; pa je povzel svoje misli ob aktualnih razpravah ob pojavih sovra\u017enih besed in \u017ealitev v javnem prostoru.<\/p>\n<p>Pogovor je sklenil z mislijo, da ga z optimizmom navdajajo ljudje, ki jih predstavlja. &#8220;Pravi \u010das bomo sprejeli re\u0161itve, ki bodo bistvene za na\u0161 temeljni obstanek in razvoj,&#8221; je \u0161e dodal.<\/p>\n","protected":false},"excerpt":{"rendered":"<p>Predsednik republike Borut Pahor je v petkovem pogovoru za TVS napovedal, da bo januarja sklical prvi sestanek parlamentarnih strank in vodij poslanskih skupin, da za\u010dnejo razpravo o spremembi volilnega sistema. Ob koncu prvega leta drugega mandata ocenjuje, da u\u017eivamo relativno politi\u010dno stabilnost, a so &#8220;\u010deri razhajanj tik pod gladino&#8221;.<\/p>\n","protected":false},"author":7,"featured_media":277310,"comment_status":"closed","ping_status":"closed","sticky":false,"template":"","format":"standard","meta":{"footnotes":""},"categories":[1179],"tags":[3458,1595,7140],"source":[4511],"supertag":[],"acf":[],"yoast_head":"<!-- This site is optimized with the Yoast SEO plugin v21.3 - https:\/\/yoast.com\/wordpress\/plugins\/seo\/ -->\n<title>Pahor napovedal spremembo volilnega sistema - Hudo Slovenija<\/title>\n<meta name=\"robots\" content=\"index, follow, max-snippet:-1, max-image-preview:large, max-video-preview:-1\" \/>\n<link rel=\"canonical\" href=\"https:\/\/hudo.com\/si\/aktualno\/pahor-napovedal-spremembo-volilnega-sistema\/\" \/>\n<meta property=\"og:locale\" content=\"sl_SI\" \/>\n<meta property=\"og:type\" content=\"article\" \/>\n<meta property=\"og:title\" content=\"Pahor napovedal spremembo volilnega sistema - Hudo Slovenija\" \/>\n<meta property=\"og:description\" content=\"Predsednik republike Borut Pahor je v petkovem pogovoru za TVS napovedal, da bo januarja sklical prvi sestanek parlamentarnih strank in vodij poslanskih skupin, da za\u010dnejo razpravo o spremembi volilnega sistema. Ob koncu prvega leta drugega mandata ocenjuje, da u\u017eivamo relativno politi\u010dno stabilnost, a so &quot;\u010deri razhajanj tik pod gladino&quot;.\" \/>\n<meta property=\"og:url\" content=\"https:\/\/hudo.com\/si\/aktualno\/pahor-napovedal-spremembo-volilnega-sistema\/\" \/>\n<meta property=\"og:site_name\" content=\"Hudo Slovenija\" \/>\n<meta property=\"article:publisher\" content=\"https:\/\/www.facebook.com\/hudo.si\" \/>\n<meta property=\"article:published_time\" content=\"2018-12-22T09:12:22+00:00\" \/>\n<meta property=\"og:image\" content=\"https:\/\/hudo.com\/si\/wp-content\/uploads\/sites\/2\/2017\/07\/profimedia-0339648426.jpg\" \/>\n\t<meta property=\"og:image:width\" content=\"1250\" \/>\n\t<meta property=\"og:image:height\" content=\"833\" \/>\n\t<meta property=\"og:image:type\" content=\"image\/jpeg\" \/>\n<meta name=\"author\" content=\"A. P., STA\" \/>\n<meta name=\"twitter:card\" content=\"summary_large_image\" \/>\n<meta name=\"twitter:creator\" content=\"@hudo_si\" \/>\n<meta name=\"twitter:site\" content=\"@hudo_si\" \/>\n<meta name=\"twitter:label1\" content=\"Written by\" \/>\n\t<meta name=\"twitter:data1\" content=\"A. P., STA\" \/>\n\t<meta name=\"twitter:label2\" content=\"Est. reading time\" \/>\n\t<meta name=\"twitter:data2\" content=\"3 minute\" \/>\n<script type=\"application\/ld+json\" class=\"yoast-schema-graph\">{\"@context\":\"https:\/\/schema.org\",\"@graph\":[{\"@type\":\"Article\",\"@id\":\"https:\/\/hudo.com\/si\/aktualno\/pahor-napovedal-spremembo-volilnega-sistema\/#article\",\"isPartOf\":{\"@id\":\"https:\/\/hudo.com\/si\/aktualno\/pahor-napovedal-spremembo-volilnega-sistema\/\"},\"author\":{\"name\":\"A. P., STA\",\"@id\":\"https:\/\/hudo.com\/si\/#\/schema\/person\/18f09c02475ba9e606e941a565b80cff\"},\"headline\":\"Pahor napovedal spremembo volilnega sistema\",\"datePublished\":\"2018-12-22T09:12:22+00:00\",\"dateModified\":\"2018-12-22T09:12:22+00:00\",\"mainEntityOfPage\":{\"@id\":\"https:\/\/hudo.com\/si\/aktualno\/pahor-napovedal-spremembo-volilnega-sistema\/\"},\"wordCount\":673,\"publisher\":{\"@id\":\"https:\/\/hudo.com\/si\/#organization\"},\"keywords\":[\"Borut Pahor\",\"Slovenija\",\"volilna zakondaja\"],\"articleSection\":[\"Aktualno\"],\"inLanguage\":\"sl-SI\"},{\"@type\":\"WebPage\",\"@id\":\"https:\/\/hudo.com\/si\/aktualno\/pahor-napovedal-spremembo-volilnega-sistema\/\",\"url\":\"https:\/\/hudo.com\/si\/aktualno\/pahor-napovedal-spremembo-volilnega-sistema\/\",\"name\":\"Pahor napovedal spremembo volilnega sistema - Hudo Slovenija\",\"isPartOf\":{\"@id\":\"https:\/\/hudo.com\/si\/#website\"},\"datePublished\":\"2018-12-22T09:12:22+00:00\",\"dateModified\":\"2018-12-22T09:12:22+00:00\",\"breadcrumb\":{\"@id\":\"https:\/\/hudo.com\/si\/aktualno\/pahor-napovedal-spremembo-volilnega-sistema\/#breadcrumb\"},\"inLanguage\":\"sl-SI\",\"potentialAction\":[{\"@type\":\"ReadAction\",\"target\":[\"https:\/\/hudo.com\/si\/aktualno\/pahor-napovedal-spremembo-volilnega-sistema\/\"]}]},{\"@type\":\"BreadcrumbList\",\"@id\":\"https:\/\/hudo.com\/si\/aktualno\/pahor-napovedal-spremembo-volilnega-sistema\/#breadcrumb\",\"itemListElement\":[{\"@type\":\"ListItem\",\"position\":1,\"name\":\"Home\",\"item\":\"https:\/\/hudo.com\/si\/\"},{\"@type\":\"ListItem\",\"position\":2,\"name\":\"Pahor napovedal spremembo volilnega sistema\"}]},{\"@type\":\"WebSite\",\"@id\":\"https:\/\/hudo.com\/si\/#website\",\"url\":\"https:\/\/hudo.com\/si\/\",\"name\":\"Hudo Slovenija\",\"description\":\"Vse novice iz Slovenije in sveta\",\"publisher\":{\"@id\":\"https:\/\/hudo.com\/si\/#organization\"},\"potentialAction\":[{\"@type\":\"SearchAction\",\"target\":{\"@type\":\"EntryPoint\",\"urlTemplate\":\"https:\/\/hudo.com\/si\/?s={search_term_string}\"},\"query-input\":\"required name=search_term_string\"}],\"inLanguage\":\"sl-SI\"},{\"@type\":\"Organization\",\"@id\":\"https:\/\/hudo.com\/si\/#organization\",\"name\":\"VSN Media\",\"url\":\"https:\/\/hudo.com\/si\/\",\"logo\":{\"@type\":\"ImageObject\",\"inLanguage\":\"sl-SI\",\"@id\":\"https:\/\/hudo.com\/si\/#\/schema\/logo\/image\/\",\"url\":\"https:\/\/hudo.com\/si\/wp-content\/uploads\/sites\/2\/2021\/03\/hudo-app-2.png\",\"contentUrl\":\"https:\/\/hudo.com\/si\/wp-content\/uploads\/sites\/2\/2021\/03\/hudo-app-2.png\",\"width\":2185,\"height\":2167,\"caption\":\"VSN Media\"},\"image\":{\"@id\":\"https:\/\/hudo.com\/si\/#\/schema\/logo\/image\/\"},\"sameAs\":[\"https:\/\/www.facebook.com\/hudo.si\",\"https:\/\/twitter.com\/hudo_si\"]},{\"@type\":\"Person\",\"@id\":\"https:\/\/hudo.com\/si\/#\/schema\/person\/18f09c02475ba9e606e941a565b80cff\",\"name\":\"A. P., STA\",\"image\":{\"@type\":\"ImageObject\",\"inLanguage\":\"sl-SI\",\"@id\":\"https:\/\/hudo.com\/si\/#\/schema\/person\/image\/\",\"url\":\"https:\/\/secure.gravatar.com\/avatar\/03eac8e609f5f04383125d80eaeaaf3e?s=96&d=mm&r=g\",\"contentUrl\":\"https:\/\/secure.gravatar.com\/avatar\/03eac8e609f5f04383125d80eaeaaf3e?s=96&d=mm&r=g\",\"caption\":\"A. P., STA\"},\"url\":\"https:\/\/hudo.com\/si\/author\/lubu\/\"}]}<\/script>\n<!-- \/ Yoast SEO plugin. -->","yoast_head_json":{"title":"Pahor napovedal spremembo volilnega sistema - Hudo Slovenija","robots":{"index":"index","follow":"follow","max-snippet":"max-snippet:-1","max-image-preview":"max-image-preview:large","max-video-preview":"max-video-preview:-1"},"canonical":"https:\/\/hudo.com\/si\/aktualno\/pahor-napovedal-spremembo-volilnega-sistema\/","og_locale":"sl_SI","og_type":"article","og_title":"Pahor napovedal spremembo volilnega sistema - Hudo Slovenija","og_description":"Predsednik republike Borut Pahor je v petkovem pogovoru za TVS napovedal, da bo januarja sklical prvi sestanek parlamentarnih strank in vodij poslanskih skupin, da za\u010dnejo razpravo o spremembi volilnega sistema. Ob koncu prvega leta drugega mandata ocenjuje, da u\u017eivamo relativno politi\u010dno stabilnost, a so \"\u010deri razhajanj tik pod gladino\".","og_url":"https:\/\/hudo.com\/si\/aktualno\/pahor-napovedal-spremembo-volilnega-sistema\/","og_site_name":"Hudo Slovenija","article_publisher":"https:\/\/www.facebook.com\/hudo.si","article_published_time":"2018-12-22T09:12:22+00:00","og_image":[{"width":1250,"height":833,"url":"https:\/\/hudo.com\/si\/wp-content\/uploads\/sites\/2\/2017\/07\/profimedia-0339648426.jpg","type":"image\/jpeg"}],"author":"A. P., STA","twitter_card":"summary_large_image","twitter_creator":"@hudo_si","twitter_site":"@hudo_si","twitter_misc":{"Written by":"A. P., STA","Est. reading time":"3 minute"},"schema":{"@context":"https:\/\/schema.org","@graph":[{"@type":"Article","@id":"https:\/\/hudo.com\/si\/aktualno\/pahor-napovedal-spremembo-volilnega-sistema\/#article","isPartOf":{"@id":"https:\/\/hudo.com\/si\/aktualno\/pahor-napovedal-spremembo-volilnega-sistema\/"},"author":{"name":"A. P., STA","@id":"https:\/\/hudo.com\/si\/#\/schema\/person\/18f09c02475ba9e606e941a565b80cff"},"headline":"Pahor napovedal spremembo volilnega sistema","datePublished":"2018-12-22T09:12:22+00:00","dateModified":"2018-12-22T09:12:22+00:00","mainEntityOfPage":{"@id":"https:\/\/hudo.com\/si\/aktualno\/pahor-napovedal-spremembo-volilnega-sistema\/"},"wordCount":673,"publisher":{"@id":"https:\/\/hudo.com\/si\/#organization"},"keywords":["Borut Pahor","Slovenija","volilna zakondaja"],"articleSection":["Aktualno"],"inLanguage":"sl-SI"},{"@type":"WebPage","@id":"https:\/\/hudo.com\/si\/aktualno\/pahor-napovedal-spremembo-volilnega-sistema\/","url":"https:\/\/hudo.com\/si\/aktualno\/pahor-napovedal-spremembo-volilnega-sistema\/","name":"Pahor napovedal spremembo volilnega sistema - Hudo Slovenija","isPartOf":{"@id":"https:\/\/hudo.com\/si\/#website"},"datePublished":"2018-12-22T09:12:22+00:00","dateModified":"2018-12-22T09:12:22+00:00","breadcrumb":{"@id":"https:\/\/hudo.com\/si\/aktualno\/pahor-napovedal-spremembo-volilnega-sistema\/#breadcrumb"},"inLanguage":"sl-SI","potentialAction":[{"@type":"ReadAction","target":["https:\/\/hudo.com\/si\/aktualno\/pahor-napovedal-spremembo-volilnega-sistema\/"]}]},{"@type":"BreadcrumbList","@id":"https:\/\/hudo.com\/si\/aktualno\/pahor-napovedal-spremembo-volilnega-sistema\/#breadcrumb","itemListElement":[{"@type":"ListItem","position":1,"name":"Home","item":"https:\/\/hudo.com\/si\/"},{"@type":"ListItem","position":2,"name":"Pahor napovedal spremembo volilnega sistema"}]},{"@type":"WebSite","@id":"https:\/\/hudo.com\/si\/#website","url":"https:\/\/hudo.com\/si\/","name":"Hudo Slovenija","description":"Vse novice iz Slovenije in sveta","publisher":{"@id":"https:\/\/hudo.com\/si\/#organization"},"potentialAction":[{"@type":"SearchAction","target":{"@type":"EntryPoint","urlTemplate":"https:\/\/hudo.com\/si\/?s={search_term_string}"},"query-input":"required name=search_term_string"}],"inLanguage":"sl-SI"},{"@type":"Organization","@id":"https:\/\/hudo.com\/si\/#organization","name":"VSN Media","url":"https:\/\/hudo.com\/si\/","logo":{"@type":"ImageObject","inLanguage":"sl-SI","@id":"https:\/\/hudo.com\/si\/#\/schema\/logo\/image\/","url":"https:\/\/hudo.com\/si\/wp-content\/uploads\/sites\/2\/2021\/03\/hudo-app-2.png","contentUrl":"https:\/\/hudo.com\/si\/wp-content\/uploads\/sites\/2\/2021\/03\/hudo-app-2.png","width":2185,"height":2167,"caption":"VSN Media"},"image":{"@id":"https:\/\/hudo.com\/si\/#\/schema\/logo\/image\/"},"sameAs":["https:\/\/www.facebook.com\/hudo.si","https:\/\/twitter.com\/hudo_si"]},{"@type":"Person","@id":"https:\/\/hudo.com\/si\/#\/schema\/person\/18f09c02475ba9e606e941a565b80cff","name":"A. P., STA","image":{"@type":"ImageObject","inLanguage":"sl-SI","@id":"https:\/\/hudo.com\/si\/#\/schema\/person\/image\/","url":"https:\/\/secure.gravatar.com\/avatar\/03eac8e609f5f04383125d80eaeaaf3e?s=96&d=mm&r=g","contentUrl":"https:\/\/secure.gravatar.com\/avatar\/03eac8e609f5f04383125d80eaeaaf3e?s=96&d=mm&r=g","caption":"A. P., STA"},"url":"https:\/\/hudo.com\/si\/author\/lubu\/"}]}},"amp_enabled":true,"_links":{"self":[{"href":"https:\/\/hudo.com\/si\/wp-json\/wp\/v2\/posts\/383475"}],"collection":[{"href":"https:\/\/hudo.com\/si\/wp-json\/wp\/v2\/posts"}],"about":[{"href":"https:\/\/hudo.com\/si\/wp-json\/wp\/v2\/types\/post"}],"author":[{"embeddable":true,"href":"https:\/\/hudo.com\/si\/wp-json\/wp\/v2\/users\/7"}],"replies":[{"embeddable":true,"href":"https:\/\/hudo.com\/si\/wp-json\/wp\/v2\/comments?post=383475"}],"version-history":[{"count":1,"href":"https:\/\/hudo.com\/si\/wp-json\/wp\/v2\/posts\/383475\/revisions"}],"predecessor-version":[{"id":383476,"href":"https:\/\/hudo.com\/si\/wp-json\/wp\/v2\/posts\/383475\/revisions\/383476"}],"wp:featuredmedia":[{"embeddable":true,"href":"https:\/\/hudo.com\/si\/wp-json\/wp\/v2\/media\/277310"}],"wp:attachment":[{"href":"https:\/\/hudo.com\/si\/wp-json\/wp\/v2\/media?parent=383475"}],"wp:term":[{"taxonomy":"category","embeddable":true,"href":"https:\/\/hudo.com\/si\/wp-json\/wp\/v2\/categories?post=383475"},{"taxonomy":"post_tag","embeddable":true,"href":"https:\/\/hudo.com\/si\/wp-json\/wp\/v2\/tags?post=383475"},{"taxonomy":"source","embeddable":true,"href":"https:\/\/hudo.com\/si\/wp-json\/wp\/v2\/source?post=383475"},{"taxonomy":"supertag","embeddable":true,"href":"https:\/\/hudo.com\/si\/wp-json\/wp\/v2\/supertag?post=383475"}],"curies":[{"name":"wp","href":"https:\/\/api.w.org\/{rel}","templated":true}]}}