{"id":384047,"date":"2018-12-28T08:07:48","date_gmt":"2018-12-28T07:07:48","guid":{"rendered":"http:\/\/hudo.com\/si\/?p=384047"},"modified":"2018-12-28T08:07:48","modified_gmt":"2018-12-28T07:07:48","slug":"veseli-dan-za-upokojence-decembrske-pokojnine-ze-danes","status":"publish","type":"post","link":"https:\/\/hudo.com\/si\/aktualno\/veseli-dan-za-upokojence-decembrske-pokojnine-ze-danes\/","title":{"rendered":"Veseli dan za upokojence: decembrske pokojnine \u017ee danes"},"content":{"rendered":"<div class=\"text\">\n<p>Pokojnine so se letos februarja redno uskladile za 2,2 odstotka, aprila pa \u0161e izredno za 1,1 odstotka.<\/p>\n<p>Tudi prihodnje leto se bodo uskladile redno in izredno. Redno se bodo februarja uskladile za 2,8 odstotka, izredna uskladitev z veljavnostjo od 1. decembra 2019 pa bo odvisna od gospodarske rasti za leto 2018. Ob ve\u010d kot triodstotni rasti bruto doma\u010dega proizvoda bo enoodstotna, ob ve\u010d kot \u0161tiriodstotni gospodarski rasti bo 1,5-odstotna, ob ve\u010d kot petodstotni rasti pa bo zna\u0161ala dva odstotka.<\/p>\n<p>Letni dodatek bo prihodnje leto izpla\u010dan skupaj z izpla\u010dilom redne pokojnine za julij v petih razli\u010dnih zneskih, dobili pa ga bodo vsi upokojenci.<\/p>\n<\/div>\n","protected":false},"excerpt":{"rendered":"<p>Decembrske pokojnine bodo izpla\u010dane \u017ee danes, ne pa \u0161ele v ponedeljek, ko bo zadnji dan v mesecu. Pokojninski zavod se vsako leto odlo\u010di, da pokojnine v zadnjem mesecu v letu naka\u017ee nekoliko prej, ker banke in trgovine zadnji decembrski delovni dan delajo s skraj\u0161anim delovnim \u010dasom.<\/p>\n","protected":false},"author":5,"featured_media":367781,"comment_status":"closed","ping_status":"closed","sticky":false,"template":"","format":"standard","meta":{"footnotes":""},"categories":[1179],"tags":[7813,1595,5894],"source":[4511],"supertag":[],"acf":[],"yoast_head":"<!-- This site is optimized with the Yoast SEO plugin v21.3 - https:\/\/yoast.com\/wordpress\/plugins\/seo\/ -->\n<title>Veseli dan za upokojence: decembrske pokojnine \u017ee danes - Hudo Slovenija<\/title>\n<meta name=\"robots\" content=\"index, follow, max-snippet:-1, max-image-preview:large, max-video-preview:-1\" \/>\n<link rel=\"canonical\" href=\"https:\/\/hudo.com\/si\/aktualno\/veseli-dan-za-upokojence-decembrske-pokojnine-ze-danes\/\" \/>\n<meta property=\"og:locale\" content=\"sl_SI\" \/>\n<meta property=\"og:type\" content=\"article\" \/>\n<meta property=\"og:title\" content=\"Veseli dan za upokojence: decembrske pokojnine \u017ee danes - Hudo Slovenija\" \/>\n<meta property=\"og:description\" content=\"Decembrske pokojnine bodo izpla\u010dane \u017ee danes, ne pa \u0161ele v ponedeljek, ko bo zadnji dan v mesecu. Pokojninski zavod se vsako leto odlo\u010di, da pokojnine v zadnjem mesecu v letu naka\u017ee nekoliko prej, ker banke in trgovine zadnji decembrski delovni dan delajo s skraj\u0161anim delovnim \u010dasom.\" \/>\n<meta property=\"og:url\" content=\"https:\/\/hudo.com\/si\/aktualno\/veseli-dan-za-upokojence-decembrske-pokojnine-ze-danes\/\" \/>\n<meta property=\"og:site_name\" content=\"Hudo Slovenija\" \/>\n<meta property=\"article:publisher\" content=\"https:\/\/www.facebook.com\/hudo.si\" \/>\n<meta property=\"article:published_time\" content=\"2018-12-28T07:07:48+00:00\" \/>\n<meta property=\"og:image\" content=\"https:\/\/hudo.com\/si\/wp-content\/uploads\/sites\/2\/2018\/03\/profimedia-0363333736.jpg\" \/>\n\t<meta property=\"og:image:width\" content=\"1250\" \/>\n\t<meta property=\"og:image:height\" content=\"833\" \/>\n\t<meta property=\"og:image:type\" content=\"image\/jpeg\" \/>\n<meta name=\"author\" content=\"A. G., STA\" \/>\n<meta name=\"twitter:card\" content=\"summary_large_image\" \/>\n<meta name=\"twitter:creator\" content=\"@hudo_si\" \/>\n<meta name=\"twitter:site\" content=\"@hudo_si\" \/>\n<meta name=\"twitter:label1\" content=\"Written by\" \/>\n\t<meta name=\"twitter:data1\" content=\"A. G., STA\" \/>\n\t<meta name=\"twitter:label2\" content=\"Est. reading time\" \/>\n\t<meta name=\"twitter:data2\" content=\"1 minuta\" \/>\n<script type=\"application\/ld+json\" class=\"yoast-schema-graph\">{\"@context\":\"https:\/\/schema.org\",\"@graph\":[{\"@type\":\"Article\",\"@id\":\"https:\/\/hudo.com\/si\/aktualno\/veseli-dan-za-upokojence-decembrske-pokojnine-ze-danes\/#article\",\"isPartOf\":{\"@id\":\"https:\/\/hudo.com\/si\/aktualno\/veseli-dan-za-upokojence-decembrske-pokojnine-ze-danes\/\"},\"author\":{\"name\":\"A. G., STA\",\"@id\":\"https:\/\/hudo.com\/si\/#\/schema\/person\/2391667a63ea075ba94f2f2dc6b77537\"},\"headline\":\"Veseli dan za upokojence: decembrske pokojnine \u017ee danes\",\"datePublished\":\"2018-12-28T07:07:48+00:00\",\"dateModified\":\"2018-12-28T07:07:48+00:00\",\"mainEntityOfPage\":{\"@id\":\"https:\/\/hudo.com\/si\/aktualno\/veseli-dan-za-upokojence-decembrske-pokojnine-ze-danes\/\"},\"wordCount\":109,\"publisher\":{\"@id\":\"https:\/\/hudo.com\/si\/#organization\"},\"keywords\":[\"pokojnine\",\"Slovenija\",\"upokojenci\"],\"articleSection\":[\"Aktualno\"],\"inLanguage\":\"sl-SI\"},{\"@type\":\"WebPage\",\"@id\":\"https:\/\/hudo.com\/si\/aktualno\/veseli-dan-za-upokojence-decembrske-pokojnine-ze-danes\/\",\"url\":\"https:\/\/hudo.com\/si\/aktualno\/veseli-dan-za-upokojence-decembrske-pokojnine-ze-danes\/\",\"name\":\"Veseli dan za upokojence: decembrske pokojnine \u017ee danes - Hudo Slovenija\",\"isPartOf\":{\"@id\":\"https:\/\/hudo.com\/si\/#website\"},\"datePublished\":\"2018-12-28T07:07:48+00:00\",\"dateModified\":\"2018-12-28T07:07:48+00:00\",\"breadcrumb\":{\"@id\":\"https:\/\/hudo.com\/si\/aktualno\/veseli-dan-za-upokojence-decembrske-pokojnine-ze-danes\/#breadcrumb\"},\"inLanguage\":\"sl-SI\",\"potentialAction\":[{\"@type\":\"ReadAction\",\"target\":[\"https:\/\/hudo.com\/si\/aktualno\/veseli-dan-za-upokojence-decembrske-pokojnine-ze-danes\/\"]}]},{\"@type\":\"BreadcrumbList\",\"@id\":\"https:\/\/hudo.com\/si\/aktualno\/veseli-dan-za-upokojence-decembrske-pokojnine-ze-danes\/#breadcrumb\",\"itemListElement\":[{\"@type\":\"ListItem\",\"position\":1,\"name\":\"Home\",\"item\":\"https:\/\/hudo.com\/si\/\"},{\"@type\":\"ListItem\",\"position\":2,\"name\":\"Veseli dan za upokojence: decembrske pokojnine \u017ee danes\"}]},{\"@type\":\"WebSite\",\"@id\":\"https:\/\/hudo.com\/si\/#website\",\"url\":\"https:\/\/hudo.com\/si\/\",\"name\":\"Hudo Slovenija\",\"description\":\"Vse novice iz Slovenije in sveta\",\"publisher\":{\"@id\":\"https:\/\/hudo.com\/si\/#organization\"},\"potentialAction\":[{\"@type\":\"SearchAction\",\"target\":{\"@type\":\"EntryPoint\",\"urlTemplate\":\"https:\/\/hudo.com\/si\/?s={search_term_string}\"},\"query-input\":\"required name=search_term_string\"}],\"inLanguage\":\"sl-SI\"},{\"@type\":\"Organization\",\"@id\":\"https:\/\/hudo.com\/si\/#organization\",\"name\":\"VSN Media\",\"url\":\"https:\/\/hudo.com\/si\/\",\"logo\":{\"@type\":\"ImageObject\",\"inLanguage\":\"sl-SI\",\"@id\":\"https:\/\/hudo.com\/si\/#\/schema\/logo\/image\/\",\"url\":\"https:\/\/hudo.com\/si\/wp-content\/uploads\/sites\/2\/2021\/03\/hudo-app-2.png\",\"contentUrl\":\"https:\/\/hudo.com\/si\/wp-content\/uploads\/sites\/2\/2021\/03\/hudo-app-2.png\",\"width\":2185,\"height\":2167,\"caption\":\"VSN Media\"},\"image\":{\"@id\":\"https:\/\/hudo.com\/si\/#\/schema\/logo\/image\/\"},\"sameAs\":[\"https:\/\/www.facebook.com\/hudo.si\",\"https:\/\/twitter.com\/hudo_si\"]},{\"@type\":\"Person\",\"@id\":\"https:\/\/hudo.com\/si\/#\/schema\/person\/2391667a63ea075ba94f2f2dc6b77537\",\"name\":\"A. G., STA\",\"image\":{\"@type\":\"ImageObject\",\"inLanguage\":\"sl-SI\",\"@id\":\"https:\/\/hudo.com\/si\/#\/schema\/person\/image\/\",\"url\":\"https:\/\/secure.gravatar.com\/avatar\/e13d22ac3e442658d5025fbbe6238a79?s=96&d=mm&r=g\",\"contentUrl\":\"https:\/\/secure.gravatar.com\/avatar\/e13d22ac3e442658d5025fbbe6238a79?s=96&d=mm&r=g\",\"caption\":\"A. G., STA\"},\"url\":\"https:\/\/hudo.com\/si\/author\/alenka\/\"}]}<\/script>\n<!-- \/ Yoast SEO plugin. -->","yoast_head_json":{"title":"Veseli dan za upokojence: decembrske pokojnine \u017ee danes - Hudo Slovenija","robots":{"index":"index","follow":"follow","max-snippet":"max-snippet:-1","max-image-preview":"max-image-preview:large","max-video-preview":"max-video-preview:-1"},"canonical":"https:\/\/hudo.com\/si\/aktualno\/veseli-dan-za-upokojence-decembrske-pokojnine-ze-danes\/","og_locale":"sl_SI","og_type":"article","og_title":"Veseli dan za upokojence: decembrske pokojnine \u017ee danes - Hudo Slovenija","og_description":"Decembrske pokojnine bodo izpla\u010dane \u017ee danes, ne pa \u0161ele v ponedeljek, ko bo zadnji dan v mesecu. Pokojninski zavod se vsako leto odlo\u010di, da pokojnine v zadnjem mesecu v letu naka\u017ee nekoliko prej, ker banke in trgovine zadnji decembrski delovni dan delajo s skraj\u0161anim delovnim \u010dasom.","og_url":"https:\/\/hudo.com\/si\/aktualno\/veseli-dan-za-upokojence-decembrske-pokojnine-ze-danes\/","og_site_name":"Hudo Slovenija","article_publisher":"https:\/\/www.facebook.com\/hudo.si","article_published_time":"2018-12-28T07:07:48+00:00","og_image":[{"width":1250,"height":833,"url":"https:\/\/hudo.com\/si\/wp-content\/uploads\/sites\/2\/2018\/03\/profimedia-0363333736.jpg","type":"image\/jpeg"}],"author":"A. G., STA","twitter_card":"summary_large_image","twitter_creator":"@hudo_si","twitter_site":"@hudo_si","twitter_misc":{"Written by":"A. G., STA","Est. reading time":"1 minuta"},"schema":{"@context":"https:\/\/schema.org","@graph":[{"@type":"Article","@id":"https:\/\/hudo.com\/si\/aktualno\/veseli-dan-za-upokojence-decembrske-pokojnine-ze-danes\/#article","isPartOf":{"@id":"https:\/\/hudo.com\/si\/aktualno\/veseli-dan-za-upokojence-decembrske-pokojnine-ze-danes\/"},"author":{"name":"A. G., STA","@id":"https:\/\/hudo.com\/si\/#\/schema\/person\/2391667a63ea075ba94f2f2dc6b77537"},"headline":"Veseli dan za upokojence: decembrske pokojnine \u017ee danes","datePublished":"2018-12-28T07:07:48+00:00","dateModified":"2018-12-28T07:07:48+00:00","mainEntityOfPage":{"@id":"https:\/\/hudo.com\/si\/aktualno\/veseli-dan-za-upokojence-decembrske-pokojnine-ze-danes\/"},"wordCount":109,"publisher":{"@id":"https:\/\/hudo.com\/si\/#organization"},"keywords":["pokojnine","Slovenija","upokojenci"],"articleSection":["Aktualno"],"inLanguage":"sl-SI"},{"@type":"WebPage","@id":"https:\/\/hudo.com\/si\/aktualno\/veseli-dan-za-upokojence-decembrske-pokojnine-ze-danes\/","url":"https:\/\/hudo.com\/si\/aktualno\/veseli-dan-za-upokojence-decembrske-pokojnine-ze-danes\/","name":"Veseli dan za upokojence: decembrske pokojnine \u017ee danes - Hudo Slovenija","isPartOf":{"@id":"https:\/\/hudo.com\/si\/#website"},"datePublished":"2018-12-28T07:07:48+00:00","dateModified":"2018-12-28T07:07:48+00:00","breadcrumb":{"@id":"https:\/\/hudo.com\/si\/aktualno\/veseli-dan-za-upokojence-decembrske-pokojnine-ze-danes\/#breadcrumb"},"inLanguage":"sl-SI","potentialAction":[{"@type":"ReadAction","target":["https:\/\/hudo.com\/si\/aktualno\/veseli-dan-za-upokojence-decembrske-pokojnine-ze-danes\/"]}]},{"@type":"BreadcrumbList","@id":"https:\/\/hudo.com\/si\/aktualno\/veseli-dan-za-upokojence-decembrske-pokojnine-ze-danes\/#breadcrumb","itemListElement":[{"@type":"ListItem","position":1,"name":"Home","item":"https:\/\/hudo.com\/si\/"},{"@type":"ListItem","position":2,"name":"Veseli dan za upokojence: decembrske pokojnine \u017ee danes"}]},{"@type":"WebSite","@id":"https:\/\/hudo.com\/si\/#website","url":"https:\/\/hudo.com\/si\/","name":"Hudo Slovenija","description":"Vse novice iz Slovenije in sveta","publisher":{"@id":"https:\/\/hudo.com\/si\/#organization"},"potentialAction":[{"@type":"SearchAction","target":{"@type":"EntryPoint","urlTemplate":"https:\/\/hudo.com\/si\/?s={search_term_string}"},"query-input":"required name=search_term_string"}],"inLanguage":"sl-SI"},{"@type":"Organization","@id":"https:\/\/hudo.com\/si\/#organization","name":"VSN Media","url":"https:\/\/hudo.com\/si\/","logo":{"@type":"ImageObject","inLanguage":"sl-SI","@id":"https:\/\/hudo.com\/si\/#\/schema\/logo\/image\/","url":"https:\/\/hudo.com\/si\/wp-content\/uploads\/sites\/2\/2021\/03\/hudo-app-2.png","contentUrl":"https:\/\/hudo.com\/si\/wp-content\/uploads\/sites\/2\/2021\/03\/hudo-app-2.png","width":2185,"height":2167,"caption":"VSN Media"},"image":{"@id":"https:\/\/hudo.com\/si\/#\/schema\/logo\/image\/"},"sameAs":["https:\/\/www.facebook.com\/hudo.si","https:\/\/twitter.com\/hudo_si"]},{"@type":"Person","@id":"https:\/\/hudo.com\/si\/#\/schema\/person\/2391667a63ea075ba94f2f2dc6b77537","name":"A. G., STA","image":{"@type":"ImageObject","inLanguage":"sl-SI","@id":"https:\/\/hudo.com\/si\/#\/schema\/person\/image\/","url":"https:\/\/secure.gravatar.com\/avatar\/e13d22ac3e442658d5025fbbe6238a79?s=96&d=mm&r=g","contentUrl":"https:\/\/secure.gravatar.com\/avatar\/e13d22ac3e442658d5025fbbe6238a79?s=96&d=mm&r=g","caption":"A. G., STA"},"url":"https:\/\/hudo.com\/si\/author\/alenka\/"}]}},"amp_enabled":true,"_links":{"self":[{"href":"https:\/\/hudo.com\/si\/wp-json\/wp\/v2\/posts\/384047"}],"collection":[{"href":"https:\/\/hudo.com\/si\/wp-json\/wp\/v2\/posts"}],"about":[{"href":"https:\/\/hudo.com\/si\/wp-json\/wp\/v2\/types\/post"}],"author":[{"embeddable":true,"href":"https:\/\/hudo.com\/si\/wp-json\/wp\/v2\/users\/5"}],"replies":[{"embeddable":true,"href":"https:\/\/hudo.com\/si\/wp-json\/wp\/v2\/comments?post=384047"}],"version-history":[{"count":1,"href":"https:\/\/hudo.com\/si\/wp-json\/wp\/v2\/posts\/384047\/revisions"}],"predecessor-version":[{"id":384048,"href":"https:\/\/hudo.com\/si\/wp-json\/wp\/v2\/posts\/384047\/revisions\/384048"}],"wp:featuredmedia":[{"embeddable":true,"href":"https:\/\/hudo.com\/si\/wp-json\/wp\/v2\/media\/367781"}],"wp:attachment":[{"href":"https:\/\/hudo.com\/si\/wp-json\/wp\/v2\/media?parent=384047"}],"wp:term":[{"taxonomy":"category","embeddable":true,"href":"https:\/\/hudo.com\/si\/wp-json\/wp\/v2\/categories?post=384047"},{"taxonomy":"post_tag","embeddable":true,"href":"https:\/\/hudo.com\/si\/wp-json\/wp\/v2\/tags?post=384047"},{"taxonomy":"source","embeddable":true,"href":"https:\/\/hudo.com\/si\/wp-json\/wp\/v2\/source?post=384047"},{"taxonomy":"supertag","embeddable":true,"href":"https:\/\/hudo.com\/si\/wp-json\/wp\/v2\/supertag?post=384047"}],"curies":[{"name":"wp","href":"https:\/\/api.w.org\/{rel}","templated":true}]}}