{"id":384945,"date":"2019-01-03T09:56:31","date_gmt":"2019-01-03T08:56:31","guid":{"rendered":"http:\/\/hudo.com\/si\/?p=384945"},"modified":"2019-01-03T09:56:31","modified_gmt":"2019-01-03T08:56:31","slug":"mocan-veter-sneg-povzrocata-tezave-na-hrvaskem-v-bih","status":"publish","type":"post","link":"https:\/\/hudo.com\/si\/aktualno\/mocan-veter-sneg-povzrocata-tezave-na-hrvaskem-v-bih\/","title":{"rendered":"Mo\u010dan veter in sneg povzro\u010data te\u017eave na Hrva\u0161kem in v BiH"},"content":{"rendered":"<div class=\"text\">\n<p>Na Hrva\u0161kem je zaradi mo\u010dnega vetra zaprt most na otok Pag, pa tudi dr\u017eavna cesta Maslenica &#8211; Zaton Obrova\u010dki v zaledju Zadra. Omejitve za dolo\u010dene skupine vozil so tudi na jadranski magistrali pri Karlobagu. Veter ob\u010dasno upo\u010dasnjuje promet tudi na avtocesti Reka-Zagreb med odcepom Kikovica in predorom Tuhobi\u0107, na spletni strani \u0161e pi\u0161e Hak.<\/p>\n<p>V Liki ob\u010dasno \u0161e sne\u017ei. Tam je sneg tudi na nekaterih odsekih avtoceste Zagreb-Split.<\/p>\n<p>Pono\u010di je za\u010delo sne\u017eiti tudi v BiH, zaradi \u010desar je promet posebej mo\u010dno oviran na obmo\u010dju Sarajeva. Do pet centimetrov snega je tudi na nekaterih drugih cestah v notranjosti dr\u017eave, je poro\u010dal novi\u010darski portal klix.ba. Kot dodaja, dodatne te\u017eave voznikom ponekod predstavlja megla, v Hercegovini pa tudi mo\u010dan veter.<\/p>\n<\/div>\n","protected":false},"excerpt":{"rendered":"<p>Na Hrva\u0161kem danes povzro\u010da te\u017eave mo\u010dan veter. Za ves promet je zaprta avtocesta Zagreb &#8211; Split med izvozoma Sveti Rok in Posedarje, na \u0161tevilnih cestah ob hrva\u0161ki obali pa veter ovira promet, je sporo\u010dil hrva\u0161ki avtoklub (Hak). V BiH pa po navedbah tamkaj\u0161njega avto-moto kluba preglavice voznikom povzro\u010da sneg, ki je za\u010del padati pono\u010di.<\/p>\n","protected":false},"author":5,"featured_media":217987,"comment_status":"closed","ping_status":"closed","sticky":false,"template":"","format":"standard","meta":{"footnotes":""},"categories":[1179],"tags":[5386,1810,4432,1919,3822,2149],"source":[4511],"supertag":[],"acf":[],"yoast_head":"<!-- This site is optimized with the Yoast SEO plugin v21.3 - https:\/\/yoast.com\/wordpress\/plugins\/seo\/ -->\n<title>Mo\u010dan veter in sneg povzro\u010data te\u017eave na Hrva\u0161kem in v BiH - Hudo Slovenija<\/title>\n<meta name=\"robots\" content=\"index, follow, max-snippet:-1, max-image-preview:large, max-video-preview:-1\" \/>\n<link rel=\"canonical\" href=\"https:\/\/hudo.com\/si\/aktualno\/mocan-veter-sneg-povzrocata-tezave-na-hrvaskem-v-bih\/\" \/>\n<meta property=\"og:locale\" content=\"sl_SI\" \/>\n<meta property=\"og:type\" content=\"article\" \/>\n<meta property=\"og:title\" content=\"Mo\u010dan veter in sneg povzro\u010data te\u017eave na Hrva\u0161kem in v BiH - Hudo Slovenija\" \/>\n<meta property=\"og:description\" content=\"Na Hrva\u0161kem danes povzro\u010da te\u017eave mo\u010dan veter. Za ves promet je zaprta avtocesta Zagreb - Split med izvozoma Sveti Rok in Posedarje, na \u0161tevilnih cestah ob hrva\u0161ki obali pa veter ovira promet, je sporo\u010dil hrva\u0161ki avtoklub (Hak). V BiH pa po navedbah tamkaj\u0161njega avto-moto kluba preglavice voznikom povzro\u010da sneg, ki je za\u010del padati pono\u010di.\" \/>\n<meta property=\"og:url\" content=\"https:\/\/hudo.com\/si\/aktualno\/mocan-veter-sneg-povzrocata-tezave-na-hrvaskem-v-bih\/\" \/>\n<meta property=\"og:site_name\" content=\"Hudo Slovenija\" \/>\n<meta property=\"article:publisher\" content=\"https:\/\/www.facebook.com\/hudo.si\" \/>\n<meta property=\"article:published_time\" content=\"2019-01-03T08:56:31+00:00\" \/>\n<meta property=\"og:image\" content=\"https:\/\/hudo.com\/si\/wp-content\/uploads\/sites\/2\/2017\/02\/profimedia-0322015172.jpg\" \/>\n\t<meta property=\"og:image:width\" content=\"1250\" \/>\n\t<meta property=\"og:image:height\" content=\"832\" \/>\n\t<meta property=\"og:image:type\" content=\"image\/jpeg\" \/>\n<meta name=\"author\" content=\"A. G., STA\" \/>\n<meta name=\"twitter:card\" content=\"summary_large_image\" \/>\n<meta name=\"twitter:creator\" content=\"@hudo_si\" \/>\n<meta name=\"twitter:site\" content=\"@hudo_si\" \/>\n<meta name=\"twitter:label1\" content=\"Written by\" \/>\n\t<meta name=\"twitter:data1\" content=\"A. G., STA\" \/>\n\t<meta name=\"twitter:label2\" content=\"Est. reading time\" \/>\n\t<meta name=\"twitter:data2\" content=\"1 minuta\" \/>\n<script type=\"application\/ld+json\" class=\"yoast-schema-graph\">{\"@context\":\"https:\/\/schema.org\",\"@graph\":[{\"@type\":\"Article\",\"@id\":\"https:\/\/hudo.com\/si\/aktualno\/mocan-veter-sneg-povzrocata-tezave-na-hrvaskem-v-bih\/#article\",\"isPartOf\":{\"@id\":\"https:\/\/hudo.com\/si\/aktualno\/mocan-veter-sneg-povzrocata-tezave-na-hrvaskem-v-bih\/\"},\"author\":{\"name\":\"A. G., STA\",\"@id\":\"https:\/\/hudo.com\/si\/#\/schema\/person\/2391667a63ea075ba94f2f2dc6b77537\"},\"headline\":\"Mo\u010dan veter in sneg povzro\u010data te\u017eave na Hrva\u0161kem in v BiH\",\"datePublished\":\"2019-01-03T08:56:31+00:00\",\"dateModified\":\"2019-01-03T08:56:31+00:00\",\"mainEntityOfPage\":{\"@id\":\"https:\/\/hudo.com\/si\/aktualno\/mocan-veter-sneg-povzrocata-tezave-na-hrvaskem-v-bih\/\"},\"wordCount\":153,\"publisher\":{\"@id\":\"https:\/\/hudo.com\/si\/#organization\"},\"keywords\":[\"BIH\",\"hrva\u0161ka\",\"promet\",\"sneg\",\"veter\",\"vreme\"],\"articleSection\":[\"Aktualno\"],\"inLanguage\":\"sl-SI\"},{\"@type\":\"WebPage\",\"@id\":\"https:\/\/hudo.com\/si\/aktualno\/mocan-veter-sneg-povzrocata-tezave-na-hrvaskem-v-bih\/\",\"url\":\"https:\/\/hudo.com\/si\/aktualno\/mocan-veter-sneg-povzrocata-tezave-na-hrvaskem-v-bih\/\",\"name\":\"Mo\u010dan veter in sneg povzro\u010data te\u017eave na Hrva\u0161kem in v BiH - Hudo Slovenija\",\"isPartOf\":{\"@id\":\"https:\/\/hudo.com\/si\/#website\"},\"datePublished\":\"2019-01-03T08:56:31+00:00\",\"dateModified\":\"2019-01-03T08:56:31+00:00\",\"breadcrumb\":{\"@id\":\"https:\/\/hudo.com\/si\/aktualno\/mocan-veter-sneg-povzrocata-tezave-na-hrvaskem-v-bih\/#breadcrumb\"},\"inLanguage\":\"sl-SI\",\"potentialAction\":[{\"@type\":\"ReadAction\",\"target\":[\"https:\/\/hudo.com\/si\/aktualno\/mocan-veter-sneg-povzrocata-tezave-na-hrvaskem-v-bih\/\"]}]},{\"@type\":\"BreadcrumbList\",\"@id\":\"https:\/\/hudo.com\/si\/aktualno\/mocan-veter-sneg-povzrocata-tezave-na-hrvaskem-v-bih\/#breadcrumb\",\"itemListElement\":[{\"@type\":\"ListItem\",\"position\":1,\"name\":\"Home\",\"item\":\"https:\/\/hudo.com\/si\/\"},{\"@type\":\"ListItem\",\"position\":2,\"name\":\"Mo\u010dan veter in sneg povzro\u010data te\u017eave na Hrva\u0161kem in v BiH\"}]},{\"@type\":\"WebSite\",\"@id\":\"https:\/\/hudo.com\/si\/#website\",\"url\":\"https:\/\/hudo.com\/si\/\",\"name\":\"Hudo Slovenija\",\"description\":\"Vse novice iz Slovenije in sveta\",\"publisher\":{\"@id\":\"https:\/\/hudo.com\/si\/#organization\"},\"potentialAction\":[{\"@type\":\"SearchAction\",\"target\":{\"@type\":\"EntryPoint\",\"urlTemplate\":\"https:\/\/hudo.com\/si\/?s={search_term_string}\"},\"query-input\":\"required name=search_term_string\"}],\"inLanguage\":\"sl-SI\"},{\"@type\":\"Organization\",\"@id\":\"https:\/\/hudo.com\/si\/#organization\",\"name\":\"VSN Media\",\"url\":\"https:\/\/hudo.com\/si\/\",\"logo\":{\"@type\":\"ImageObject\",\"inLanguage\":\"sl-SI\",\"@id\":\"https:\/\/hudo.com\/si\/#\/schema\/logo\/image\/\",\"url\":\"https:\/\/hudo.com\/si\/wp-content\/uploads\/sites\/2\/2021\/03\/hudo-app-2.png\",\"contentUrl\":\"https:\/\/hudo.com\/si\/wp-content\/uploads\/sites\/2\/2021\/03\/hudo-app-2.png\",\"width\":2185,\"height\":2167,\"caption\":\"VSN Media\"},\"image\":{\"@id\":\"https:\/\/hudo.com\/si\/#\/schema\/logo\/image\/\"},\"sameAs\":[\"https:\/\/www.facebook.com\/hudo.si\",\"https:\/\/twitter.com\/hudo_si\"]},{\"@type\":\"Person\",\"@id\":\"https:\/\/hudo.com\/si\/#\/schema\/person\/2391667a63ea075ba94f2f2dc6b77537\",\"name\":\"A. G., STA\",\"image\":{\"@type\":\"ImageObject\",\"inLanguage\":\"sl-SI\",\"@id\":\"https:\/\/hudo.com\/si\/#\/schema\/person\/image\/\",\"url\":\"https:\/\/secure.gravatar.com\/avatar\/e13d22ac3e442658d5025fbbe6238a79?s=96&d=mm&r=g\",\"contentUrl\":\"https:\/\/secure.gravatar.com\/avatar\/e13d22ac3e442658d5025fbbe6238a79?s=96&d=mm&r=g\",\"caption\":\"A. G., STA\"},\"url\":\"https:\/\/hudo.com\/si\/author\/alenka\/\"}]}<\/script>\n<!-- \/ Yoast SEO plugin. -->","yoast_head_json":{"title":"Mo\u010dan veter in sneg povzro\u010data te\u017eave na Hrva\u0161kem in v BiH - Hudo Slovenija","robots":{"index":"index","follow":"follow","max-snippet":"max-snippet:-1","max-image-preview":"max-image-preview:large","max-video-preview":"max-video-preview:-1"},"canonical":"https:\/\/hudo.com\/si\/aktualno\/mocan-veter-sneg-povzrocata-tezave-na-hrvaskem-v-bih\/","og_locale":"sl_SI","og_type":"article","og_title":"Mo\u010dan veter in sneg povzro\u010data te\u017eave na Hrva\u0161kem in v BiH - Hudo Slovenija","og_description":"Na Hrva\u0161kem danes povzro\u010da te\u017eave mo\u010dan veter. Za ves promet je zaprta avtocesta Zagreb - Split med izvozoma Sveti Rok in Posedarje, na \u0161tevilnih cestah ob hrva\u0161ki obali pa veter ovira promet, je sporo\u010dil hrva\u0161ki avtoklub (Hak). V BiH pa po navedbah tamkaj\u0161njega avto-moto kluba preglavice voznikom povzro\u010da sneg, ki je za\u010del padati pono\u010di.","og_url":"https:\/\/hudo.com\/si\/aktualno\/mocan-veter-sneg-povzrocata-tezave-na-hrvaskem-v-bih\/","og_site_name":"Hudo Slovenija","article_publisher":"https:\/\/www.facebook.com\/hudo.si","article_published_time":"2019-01-03T08:56:31+00:00","og_image":[{"width":1250,"height":832,"url":"https:\/\/hudo.com\/si\/wp-content\/uploads\/sites\/2\/2017\/02\/profimedia-0322015172.jpg","type":"image\/jpeg"}],"author":"A. G., STA","twitter_card":"summary_large_image","twitter_creator":"@hudo_si","twitter_site":"@hudo_si","twitter_misc":{"Written by":"A. G., STA","Est. reading time":"1 minuta"},"schema":{"@context":"https:\/\/schema.org","@graph":[{"@type":"Article","@id":"https:\/\/hudo.com\/si\/aktualno\/mocan-veter-sneg-povzrocata-tezave-na-hrvaskem-v-bih\/#article","isPartOf":{"@id":"https:\/\/hudo.com\/si\/aktualno\/mocan-veter-sneg-povzrocata-tezave-na-hrvaskem-v-bih\/"},"author":{"name":"A. G., STA","@id":"https:\/\/hudo.com\/si\/#\/schema\/person\/2391667a63ea075ba94f2f2dc6b77537"},"headline":"Mo\u010dan veter in sneg povzro\u010data te\u017eave na Hrva\u0161kem in v BiH","datePublished":"2019-01-03T08:56:31+00:00","dateModified":"2019-01-03T08:56:31+00:00","mainEntityOfPage":{"@id":"https:\/\/hudo.com\/si\/aktualno\/mocan-veter-sneg-povzrocata-tezave-na-hrvaskem-v-bih\/"},"wordCount":153,"publisher":{"@id":"https:\/\/hudo.com\/si\/#organization"},"keywords":["BIH","hrva\u0161ka","promet","sneg","veter","vreme"],"articleSection":["Aktualno"],"inLanguage":"sl-SI"},{"@type":"WebPage","@id":"https:\/\/hudo.com\/si\/aktualno\/mocan-veter-sneg-povzrocata-tezave-na-hrvaskem-v-bih\/","url":"https:\/\/hudo.com\/si\/aktualno\/mocan-veter-sneg-povzrocata-tezave-na-hrvaskem-v-bih\/","name":"Mo\u010dan veter in sneg povzro\u010data te\u017eave na Hrva\u0161kem in v BiH - Hudo Slovenija","isPartOf":{"@id":"https:\/\/hudo.com\/si\/#website"},"datePublished":"2019-01-03T08:56:31+00:00","dateModified":"2019-01-03T08:56:31+00:00","breadcrumb":{"@id":"https:\/\/hudo.com\/si\/aktualno\/mocan-veter-sneg-povzrocata-tezave-na-hrvaskem-v-bih\/#breadcrumb"},"inLanguage":"sl-SI","potentialAction":[{"@type":"ReadAction","target":["https:\/\/hudo.com\/si\/aktualno\/mocan-veter-sneg-povzrocata-tezave-na-hrvaskem-v-bih\/"]}]},{"@type":"BreadcrumbList","@id":"https:\/\/hudo.com\/si\/aktualno\/mocan-veter-sneg-povzrocata-tezave-na-hrvaskem-v-bih\/#breadcrumb","itemListElement":[{"@type":"ListItem","position":1,"name":"Home","item":"https:\/\/hudo.com\/si\/"},{"@type":"ListItem","position":2,"name":"Mo\u010dan veter in sneg povzro\u010data te\u017eave na Hrva\u0161kem in v BiH"}]},{"@type":"WebSite","@id":"https:\/\/hudo.com\/si\/#website","url":"https:\/\/hudo.com\/si\/","name":"Hudo Slovenija","description":"Vse novice iz Slovenije in sveta","publisher":{"@id":"https:\/\/hudo.com\/si\/#organization"},"potentialAction":[{"@type":"SearchAction","target":{"@type":"EntryPoint","urlTemplate":"https:\/\/hudo.com\/si\/?s={search_term_string}"},"query-input":"required name=search_term_string"}],"inLanguage":"sl-SI"},{"@type":"Organization","@id":"https:\/\/hudo.com\/si\/#organization","name":"VSN Media","url":"https:\/\/hudo.com\/si\/","logo":{"@type":"ImageObject","inLanguage":"sl-SI","@id":"https:\/\/hudo.com\/si\/#\/schema\/logo\/image\/","url":"https:\/\/hudo.com\/si\/wp-content\/uploads\/sites\/2\/2021\/03\/hudo-app-2.png","contentUrl":"https:\/\/hudo.com\/si\/wp-content\/uploads\/sites\/2\/2021\/03\/hudo-app-2.png","width":2185,"height":2167,"caption":"VSN Media"},"image":{"@id":"https:\/\/hudo.com\/si\/#\/schema\/logo\/image\/"},"sameAs":["https:\/\/www.facebook.com\/hudo.si","https:\/\/twitter.com\/hudo_si"]},{"@type":"Person","@id":"https:\/\/hudo.com\/si\/#\/schema\/person\/2391667a63ea075ba94f2f2dc6b77537","name":"A. G., STA","image":{"@type":"ImageObject","inLanguage":"sl-SI","@id":"https:\/\/hudo.com\/si\/#\/schema\/person\/image\/","url":"https:\/\/secure.gravatar.com\/avatar\/e13d22ac3e442658d5025fbbe6238a79?s=96&d=mm&r=g","contentUrl":"https:\/\/secure.gravatar.com\/avatar\/e13d22ac3e442658d5025fbbe6238a79?s=96&d=mm&r=g","caption":"A. G., STA"},"url":"https:\/\/hudo.com\/si\/author\/alenka\/"}]}},"amp_enabled":true,"_links":{"self":[{"href":"https:\/\/hudo.com\/si\/wp-json\/wp\/v2\/posts\/384945"}],"collection":[{"href":"https:\/\/hudo.com\/si\/wp-json\/wp\/v2\/posts"}],"about":[{"href":"https:\/\/hudo.com\/si\/wp-json\/wp\/v2\/types\/post"}],"author":[{"embeddable":true,"href":"https:\/\/hudo.com\/si\/wp-json\/wp\/v2\/users\/5"}],"replies":[{"embeddable":true,"href":"https:\/\/hudo.com\/si\/wp-json\/wp\/v2\/comments?post=384945"}],"version-history":[{"count":1,"href":"https:\/\/hudo.com\/si\/wp-json\/wp\/v2\/posts\/384945\/revisions"}],"predecessor-version":[{"id":384946,"href":"https:\/\/hudo.com\/si\/wp-json\/wp\/v2\/posts\/384945\/revisions\/384946"}],"wp:featuredmedia":[{"embeddable":true,"href":"https:\/\/hudo.com\/si\/wp-json\/wp\/v2\/media\/217987"}],"wp:attachment":[{"href":"https:\/\/hudo.com\/si\/wp-json\/wp\/v2\/media?parent=384945"}],"wp:term":[{"taxonomy":"category","embeddable":true,"href":"https:\/\/hudo.com\/si\/wp-json\/wp\/v2\/categories?post=384945"},{"taxonomy":"post_tag","embeddable":true,"href":"https:\/\/hudo.com\/si\/wp-json\/wp\/v2\/tags?post=384945"},{"taxonomy":"source","embeddable":true,"href":"https:\/\/hudo.com\/si\/wp-json\/wp\/v2\/source?post=384945"},{"taxonomy":"supertag","embeddable":true,"href":"https:\/\/hudo.com\/si\/wp-json\/wp\/v2\/supertag?post=384945"}],"curies":[{"name":"wp","href":"https:\/\/api.w.org\/{rel}","templated":true}]}}