{"id":387314,"date":"2019-01-12T09:18:08","date_gmt":"2019-01-12T08:18:08","guid":{"rendered":"http:\/\/hudo.com\/si\/?p=387314"},"modified":"2019-01-12T13:53:27","modified_gmt":"2019-01-12T12:53:27","slug":"prepozno-amerika-poskusa-po-70-ih-letih-popraviti-rasisticno-krivico","status":"publish","type":"post","link":"https:\/\/hudo.com\/si\/aktualno\/prepozno-amerika-poskusa-po-70-ih-letih-popraviti-rasisticno-krivico\/","title":{"rendered":"PREPOZNO: Amerika posku\u0161a po 70-ih letih popraviti rasisti\u010dno krivico"},"content":{"rendered":"<p>Tedaj 17-letna Norma Padgett je \u0161e vedno \u017eiva in je na zasli\u0161anju DeSantisovega kabineta glede pomilostitve vztrajala, da so jo obsojeni mo\u0161ki skupaj z mo\u017eem oropali, njo pa potegnili iz avtomobila s pi\u0161tolo ob glavi in jo potem posilili. Sorodniki obsojenih, ki so \u017ee pokojni, pa so to odlo\u010dno zavrnili kot ponavljanje la\u017ei.<\/p>\n<h2>Mo\u0161ki po krivici spoznani za krive in ubiti<\/h2>\n<p>\u017denski na invalidskem vozi\u010dku in njenim otrokom so zabrusili v obraz, da so vsi po vrsti la\u017enivci, vendar je Padgettova vztrajala pri svojem. Guverner in \u010dlani odbora za pomilostitve so nato soglasno odlo\u010dili, da \u017eenska la\u017ee in da obsojenci zlo\u010dina niso izvr\u0161ili.<\/p>\n<p>DeSantisov predhodnik Rick Scott, ki je sedaj zvezni senator, primera krivi\u010dne obsodbe ni hotel nikoli obravnavati. Rasni zlo\u010din je odmeval po vsem svetu, Sovjetska zveza pa ga je izkoristila za propagandno vojno proti ZDA.<\/p>\n<p>Leta 1949 je Padgettova v okro\u017eju Lake prijavila posilstvo. Policija je aretirala tri temnopolte in jih v priporu brutalno pretepala, \u010detrti, Ernest Thomas, pa je uspel pobegniti. Za njim se je pognalo okoli 1000 ogor\u010denih belcev, ki so ga ubili z okoli 400 streli, ko so ga na\u0161li spe\u010dega pod drevesom.<\/p>\n<p>Belci so nato organizirali drhal, ki je \u0161la skozi temnopolte predele naselij, streljala na vse strani in za\u017eigala hi\u0161e. Charles Greenlee, Walter Irvin in Samuel Shepherd so bili na sodi\u0161\u010du ekspresno spoznani za krive ne glede na dejstvo, da je zdravni\u0161ki pregled najstnice pokazal, da sploh ni bila posiljena.<\/p>\n<p>Tega dokaza na sodi\u0161\u010du niso niti predstavili, bela porota jih je spoznala za krive, sodnik je Irvina in Shepherda obsodil na smrt, Greenleeja pa na dosmrtni zapor.<\/p>\n<p>Vrhovno sodi\u0161\u010de ZDA je leta 1951 odredilo novo sojenje, vendar je tik pred za\u010detkom novega sodnega procesa \u0161erif okro\u017eja Lake Willis McCall ustrelil in ranil Irvina ter ubil Shepherda. Umor je utemeljil z la\u017ejo, da sta sku\u0161ala pobegniti.<\/p>\n<p>Irvin je \u010dude\u017eno pre\u017eivel poskus umora, \u010deprav ga beli vozniki re\u0161evalnega vozila niso hoteli peljati v bolni\u0161nico zaradi barve ko\u017ee.<\/p>\n<p>Na novem sodnem procesu je pri\u010dal tudi agent FBI, ki je pod prisego zagotovil, da so bili vsi dokazi o posilstvu ponarejeni. Bela porota je Irvina ponovno spoznala za krivega. Obto\u017enice proti \u0161erifu ni vlo\u017eil nih\u010de, niti proti to\u017eilcem, ki so sodelovali pri la\u017ei.<\/p>\n<p>Irvina so leta 1968 pogojno izpustili iz zapora, vendar so ga leto dni kasneje na\u0161li ubitega v avtomobilu, za kar ni nih\u010de odgovarjal.<\/p>\n","protected":false},"excerpt":{"rendered":"<p>Republikanski guverner ameri\u0161ke zvezne dr\u017eave Floride Ron DeSantis je v petek posmrtno pomilostil \u0161tiri temnopolte mo\u0161ke, ki so jih leta 1949 po krivem obsodili zaradi posilstva bele \u017eenske. S tem so oprali enega ve\u010djih made\u017eev v rasisti\u010dni zgodovini ju\u017enja\u0161ke dr\u017eave.<\/p>\n","protected":false},"author":7,"featured_media":387315,"comment_status":"closed","ping_status":"closed","sticky":false,"template":"","format":"standard","meta":{"footnotes":""},"categories":[1179],"tags":[5157,1682],"source":[4511],"supertag":[],"acf":[],"yoast_head":"<!-- This site is optimized with the Yoast SEO plugin v21.3 - https:\/\/yoast.com\/wordpress\/plugins\/seo\/ -->\n<title>PREPOZNO: Amerika posku\u0161a po 70-ih letih popraviti rasisti\u010dno krivico - Hudo Slovenija<\/title>\n<meta name=\"robots\" content=\"index, follow, max-snippet:-1, max-image-preview:large, max-video-preview:-1\" \/>\n<link rel=\"canonical\" href=\"https:\/\/hudo.com\/si\/aktualno\/prepozno-amerika-poskusa-po-70-ih-letih-popraviti-rasisticno-krivico\/\" \/>\n<meta property=\"og:locale\" content=\"sl_SI\" \/>\n<meta property=\"og:type\" content=\"article\" \/>\n<meta property=\"og:title\" content=\"PREPOZNO: Amerika posku\u0161a po 70-ih letih popraviti rasisti\u010dno krivico - Hudo Slovenija\" \/>\n<meta property=\"og:description\" content=\"Republikanski guverner ameri\u0161ke zvezne dr\u017eave Floride Ron DeSantis je v petek posmrtno pomilostil \u0161tiri temnopolte mo\u0161ke, ki so jih leta 1949 po krivem obsodili zaradi posilstva bele \u017eenske. S tem so oprali enega ve\u010djih made\u017eev v rasisti\u010dni zgodovini ju\u017enja\u0161ke dr\u017eave.\" \/>\n<meta property=\"og:url\" content=\"https:\/\/hudo.com\/si\/aktualno\/prepozno-amerika-poskusa-po-70-ih-letih-popraviti-rasisticno-krivico\/\" \/>\n<meta property=\"og:site_name\" content=\"Hudo Slovenija\" \/>\n<meta property=\"article:publisher\" content=\"https:\/\/www.facebook.com\/hudo.si\" \/>\n<meta property=\"article:published_time\" content=\"2019-01-12T08:18:08+00:00\" \/>\n<meta property=\"article:modified_time\" content=\"2019-01-12T12:53:27+00:00\" \/>\n<meta property=\"og:image\" content=\"https:\/\/hudo.com\/si\/wp-content\/uploads\/sites\/2\/2019\/01\/profimedia-0390636129.jpg\" \/>\n\t<meta property=\"og:image:width\" content=\"1250\" \/>\n\t<meta property=\"og:image:height\" content=\"833\" \/>\n\t<meta property=\"og:image:type\" content=\"image\/jpeg\" \/>\n<meta name=\"author\" content=\"A. P., STA\" \/>\n<meta name=\"twitter:card\" content=\"summary_large_image\" \/>\n<meta name=\"twitter:creator\" content=\"@hudo_si\" \/>\n<meta name=\"twitter:site\" content=\"@hudo_si\" \/>\n<meta name=\"twitter:label1\" content=\"Written by\" \/>\n\t<meta name=\"twitter:data1\" content=\"A. P., STA\" \/>\n\t<meta name=\"twitter:label2\" content=\"Est. reading time\" \/>\n\t<meta name=\"twitter:data2\" content=\"2 minuti\" \/>\n<script type=\"application\/ld+json\" class=\"yoast-schema-graph\">{\"@context\":\"https:\/\/schema.org\",\"@graph\":[{\"@type\":\"Article\",\"@id\":\"https:\/\/hudo.com\/si\/aktualno\/prepozno-amerika-poskusa-po-70-ih-letih-popraviti-rasisticno-krivico\/#article\",\"isPartOf\":{\"@id\":\"https:\/\/hudo.com\/si\/aktualno\/prepozno-amerika-poskusa-po-70-ih-letih-popraviti-rasisticno-krivico\/\"},\"author\":{\"name\":\"A. P., STA\",\"@id\":\"https:\/\/hudo.com\/si\/#\/schema\/person\/18f09c02475ba9e606e941a565b80cff\"},\"headline\":\"PREPOZNO: Amerika posku\u0161a po 70-ih letih popraviti rasisti\u010dno krivico\",\"datePublished\":\"2019-01-12T08:18:08+00:00\",\"dateModified\":\"2019-01-12T12:53:27+00:00\",\"mainEntityOfPage\":{\"@id\":\"https:\/\/hudo.com\/si\/aktualno\/prepozno-amerika-poskusa-po-70-ih-letih-popraviti-rasisticno-krivico\/\"},\"wordCount\":437,\"publisher\":{\"@id\":\"https:\/\/hudo.com\/si\/#organization\"},\"keywords\":[\"rasizem\",\"ZDA\"],\"articleSection\":[\"Aktualno\"],\"inLanguage\":\"sl-SI\"},{\"@type\":\"WebPage\",\"@id\":\"https:\/\/hudo.com\/si\/aktualno\/prepozno-amerika-poskusa-po-70-ih-letih-popraviti-rasisticno-krivico\/\",\"url\":\"https:\/\/hudo.com\/si\/aktualno\/prepozno-amerika-poskusa-po-70-ih-letih-popraviti-rasisticno-krivico\/\",\"name\":\"PREPOZNO: Amerika posku\u0161a po 70-ih letih popraviti rasisti\u010dno krivico - Hudo Slovenija\",\"isPartOf\":{\"@id\":\"https:\/\/hudo.com\/si\/#website\"},\"datePublished\":\"2019-01-12T08:18:08+00:00\",\"dateModified\":\"2019-01-12T12:53:27+00:00\",\"breadcrumb\":{\"@id\":\"https:\/\/hudo.com\/si\/aktualno\/prepozno-amerika-poskusa-po-70-ih-letih-popraviti-rasisticno-krivico\/#breadcrumb\"},\"inLanguage\":\"sl-SI\",\"potentialAction\":[{\"@type\":\"ReadAction\",\"target\":[\"https:\/\/hudo.com\/si\/aktualno\/prepozno-amerika-poskusa-po-70-ih-letih-popraviti-rasisticno-krivico\/\"]}]},{\"@type\":\"BreadcrumbList\",\"@id\":\"https:\/\/hudo.com\/si\/aktualno\/prepozno-amerika-poskusa-po-70-ih-letih-popraviti-rasisticno-krivico\/#breadcrumb\",\"itemListElement\":[{\"@type\":\"ListItem\",\"position\":1,\"name\":\"Home\",\"item\":\"https:\/\/hudo.com\/si\/\"},{\"@type\":\"ListItem\",\"position\":2,\"name\":\"PREPOZNO: Amerika posku\u0161a po 70-ih letih popraviti rasisti\u010dno krivico\"}]},{\"@type\":\"WebSite\",\"@id\":\"https:\/\/hudo.com\/si\/#website\",\"url\":\"https:\/\/hudo.com\/si\/\",\"name\":\"Hudo Slovenija\",\"description\":\"Vse novice iz Slovenije in sveta\",\"publisher\":{\"@id\":\"https:\/\/hudo.com\/si\/#organization\"},\"potentialAction\":[{\"@type\":\"SearchAction\",\"target\":{\"@type\":\"EntryPoint\",\"urlTemplate\":\"https:\/\/hudo.com\/si\/?s={search_term_string}\"},\"query-input\":\"required name=search_term_string\"}],\"inLanguage\":\"sl-SI\"},{\"@type\":\"Organization\",\"@id\":\"https:\/\/hudo.com\/si\/#organization\",\"name\":\"VSN Media\",\"url\":\"https:\/\/hudo.com\/si\/\",\"logo\":{\"@type\":\"ImageObject\",\"inLanguage\":\"sl-SI\",\"@id\":\"https:\/\/hudo.com\/si\/#\/schema\/logo\/image\/\",\"url\":\"https:\/\/hudo.com\/si\/wp-content\/uploads\/sites\/2\/2021\/03\/hudo-app-2.png\",\"contentUrl\":\"https:\/\/hudo.com\/si\/wp-content\/uploads\/sites\/2\/2021\/03\/hudo-app-2.png\",\"width\":2185,\"height\":2167,\"caption\":\"VSN Media\"},\"image\":{\"@id\":\"https:\/\/hudo.com\/si\/#\/schema\/logo\/image\/\"},\"sameAs\":[\"https:\/\/www.facebook.com\/hudo.si\",\"https:\/\/twitter.com\/hudo_si\"]},{\"@type\":\"Person\",\"@id\":\"https:\/\/hudo.com\/si\/#\/schema\/person\/18f09c02475ba9e606e941a565b80cff\",\"name\":\"A. P., STA\",\"image\":{\"@type\":\"ImageObject\",\"inLanguage\":\"sl-SI\",\"@id\":\"https:\/\/hudo.com\/si\/#\/schema\/person\/image\/\",\"url\":\"https:\/\/secure.gravatar.com\/avatar\/03eac8e609f5f04383125d80eaeaaf3e?s=96&d=mm&r=g\",\"contentUrl\":\"https:\/\/secure.gravatar.com\/avatar\/03eac8e609f5f04383125d80eaeaaf3e?s=96&d=mm&r=g\",\"caption\":\"A. P., STA\"},\"url\":\"https:\/\/hudo.com\/si\/author\/lubu\/\"}]}<\/script>\n<!-- \/ Yoast SEO plugin. -->","yoast_head_json":{"title":"PREPOZNO: Amerika posku\u0161a po 70-ih letih popraviti rasisti\u010dno krivico - Hudo Slovenija","robots":{"index":"index","follow":"follow","max-snippet":"max-snippet:-1","max-image-preview":"max-image-preview:large","max-video-preview":"max-video-preview:-1"},"canonical":"https:\/\/hudo.com\/si\/aktualno\/prepozno-amerika-poskusa-po-70-ih-letih-popraviti-rasisticno-krivico\/","og_locale":"sl_SI","og_type":"article","og_title":"PREPOZNO: Amerika posku\u0161a po 70-ih letih popraviti rasisti\u010dno krivico - Hudo Slovenija","og_description":"Republikanski guverner ameri\u0161ke zvezne dr\u017eave Floride Ron DeSantis je v petek posmrtno pomilostil \u0161tiri temnopolte mo\u0161ke, ki so jih leta 1949 po krivem obsodili zaradi posilstva bele \u017eenske. S tem so oprali enega ve\u010djih made\u017eev v rasisti\u010dni zgodovini ju\u017enja\u0161ke dr\u017eave.","og_url":"https:\/\/hudo.com\/si\/aktualno\/prepozno-amerika-poskusa-po-70-ih-letih-popraviti-rasisticno-krivico\/","og_site_name":"Hudo Slovenija","article_publisher":"https:\/\/www.facebook.com\/hudo.si","article_published_time":"2019-01-12T08:18:08+00:00","article_modified_time":"2019-01-12T12:53:27+00:00","og_image":[{"width":1250,"height":833,"url":"https:\/\/hudo.com\/si\/wp-content\/uploads\/sites\/2\/2019\/01\/profimedia-0390636129.jpg","type":"image\/jpeg"}],"author":"A. P., STA","twitter_card":"summary_large_image","twitter_creator":"@hudo_si","twitter_site":"@hudo_si","twitter_misc":{"Written by":"A. P., STA","Est. reading time":"2 minuti"},"schema":{"@context":"https:\/\/schema.org","@graph":[{"@type":"Article","@id":"https:\/\/hudo.com\/si\/aktualno\/prepozno-amerika-poskusa-po-70-ih-letih-popraviti-rasisticno-krivico\/#article","isPartOf":{"@id":"https:\/\/hudo.com\/si\/aktualno\/prepozno-amerika-poskusa-po-70-ih-letih-popraviti-rasisticno-krivico\/"},"author":{"name":"A. P., STA","@id":"https:\/\/hudo.com\/si\/#\/schema\/person\/18f09c02475ba9e606e941a565b80cff"},"headline":"PREPOZNO: Amerika posku\u0161a po 70-ih letih popraviti rasisti\u010dno krivico","datePublished":"2019-01-12T08:18:08+00:00","dateModified":"2019-01-12T12:53:27+00:00","mainEntityOfPage":{"@id":"https:\/\/hudo.com\/si\/aktualno\/prepozno-amerika-poskusa-po-70-ih-letih-popraviti-rasisticno-krivico\/"},"wordCount":437,"publisher":{"@id":"https:\/\/hudo.com\/si\/#organization"},"keywords":["rasizem","ZDA"],"articleSection":["Aktualno"],"inLanguage":"sl-SI"},{"@type":"WebPage","@id":"https:\/\/hudo.com\/si\/aktualno\/prepozno-amerika-poskusa-po-70-ih-letih-popraviti-rasisticno-krivico\/","url":"https:\/\/hudo.com\/si\/aktualno\/prepozno-amerika-poskusa-po-70-ih-letih-popraviti-rasisticno-krivico\/","name":"PREPOZNO: Amerika posku\u0161a po 70-ih letih popraviti rasisti\u010dno krivico - Hudo Slovenija","isPartOf":{"@id":"https:\/\/hudo.com\/si\/#website"},"datePublished":"2019-01-12T08:18:08+00:00","dateModified":"2019-01-12T12:53:27+00:00","breadcrumb":{"@id":"https:\/\/hudo.com\/si\/aktualno\/prepozno-amerika-poskusa-po-70-ih-letih-popraviti-rasisticno-krivico\/#breadcrumb"},"inLanguage":"sl-SI","potentialAction":[{"@type":"ReadAction","target":["https:\/\/hudo.com\/si\/aktualno\/prepozno-amerika-poskusa-po-70-ih-letih-popraviti-rasisticno-krivico\/"]}]},{"@type":"BreadcrumbList","@id":"https:\/\/hudo.com\/si\/aktualno\/prepozno-amerika-poskusa-po-70-ih-letih-popraviti-rasisticno-krivico\/#breadcrumb","itemListElement":[{"@type":"ListItem","position":1,"name":"Home","item":"https:\/\/hudo.com\/si\/"},{"@type":"ListItem","position":2,"name":"PREPOZNO: Amerika posku\u0161a po 70-ih letih popraviti rasisti\u010dno krivico"}]},{"@type":"WebSite","@id":"https:\/\/hudo.com\/si\/#website","url":"https:\/\/hudo.com\/si\/","name":"Hudo Slovenija","description":"Vse novice iz Slovenije in sveta","publisher":{"@id":"https:\/\/hudo.com\/si\/#organization"},"potentialAction":[{"@type":"SearchAction","target":{"@type":"EntryPoint","urlTemplate":"https:\/\/hudo.com\/si\/?s={search_term_string}"},"query-input":"required name=search_term_string"}],"inLanguage":"sl-SI"},{"@type":"Organization","@id":"https:\/\/hudo.com\/si\/#organization","name":"VSN Media","url":"https:\/\/hudo.com\/si\/","logo":{"@type":"ImageObject","inLanguage":"sl-SI","@id":"https:\/\/hudo.com\/si\/#\/schema\/logo\/image\/","url":"https:\/\/hudo.com\/si\/wp-content\/uploads\/sites\/2\/2021\/03\/hudo-app-2.png","contentUrl":"https:\/\/hudo.com\/si\/wp-content\/uploads\/sites\/2\/2021\/03\/hudo-app-2.png","width":2185,"height":2167,"caption":"VSN Media"},"image":{"@id":"https:\/\/hudo.com\/si\/#\/schema\/logo\/image\/"},"sameAs":["https:\/\/www.facebook.com\/hudo.si","https:\/\/twitter.com\/hudo_si"]},{"@type":"Person","@id":"https:\/\/hudo.com\/si\/#\/schema\/person\/18f09c02475ba9e606e941a565b80cff","name":"A. P., STA","image":{"@type":"ImageObject","inLanguage":"sl-SI","@id":"https:\/\/hudo.com\/si\/#\/schema\/person\/image\/","url":"https:\/\/secure.gravatar.com\/avatar\/03eac8e609f5f04383125d80eaeaaf3e?s=96&d=mm&r=g","contentUrl":"https:\/\/secure.gravatar.com\/avatar\/03eac8e609f5f04383125d80eaeaaf3e?s=96&d=mm&r=g","caption":"A. P., STA"},"url":"https:\/\/hudo.com\/si\/author\/lubu\/"}]}},"amp_enabled":true,"_links":{"self":[{"href":"https:\/\/hudo.com\/si\/wp-json\/wp\/v2\/posts\/387314"}],"collection":[{"href":"https:\/\/hudo.com\/si\/wp-json\/wp\/v2\/posts"}],"about":[{"href":"https:\/\/hudo.com\/si\/wp-json\/wp\/v2\/types\/post"}],"author":[{"embeddable":true,"href":"https:\/\/hudo.com\/si\/wp-json\/wp\/v2\/users\/7"}],"replies":[{"embeddable":true,"href":"https:\/\/hudo.com\/si\/wp-json\/wp\/v2\/comments?post=387314"}],"version-history":[{"count":2,"href":"https:\/\/hudo.com\/si\/wp-json\/wp\/v2\/posts\/387314\/revisions"}],"predecessor-version":[{"id":387376,"href":"https:\/\/hudo.com\/si\/wp-json\/wp\/v2\/posts\/387314\/revisions\/387376"}],"wp:featuredmedia":[{"embeddable":true,"href":"https:\/\/hudo.com\/si\/wp-json\/wp\/v2\/media\/387315"}],"wp:attachment":[{"href":"https:\/\/hudo.com\/si\/wp-json\/wp\/v2\/media?parent=387314"}],"wp:term":[{"taxonomy":"category","embeddable":true,"href":"https:\/\/hudo.com\/si\/wp-json\/wp\/v2\/categories?post=387314"},{"taxonomy":"post_tag","embeddable":true,"href":"https:\/\/hudo.com\/si\/wp-json\/wp\/v2\/tags?post=387314"},{"taxonomy":"source","embeddable":true,"href":"https:\/\/hudo.com\/si\/wp-json\/wp\/v2\/source?post=387314"},{"taxonomy":"supertag","embeddable":true,"href":"https:\/\/hudo.com\/si\/wp-json\/wp\/v2\/supertag?post=387314"}],"curies":[{"name":"wp","href":"https:\/\/api.w.org\/{rel}","templated":true}]}}