{"id":387329,"date":"2019-01-12T10:37:32","date_gmt":"2019-01-12T09:37:32","guid":{"rendered":"http:\/\/hudo.com\/si\/?p=387329"},"modified":"2019-01-12T10:37:32","modified_gmt":"2019-01-12T09:37:32","slug":"v-avstriji-nemciji-v-pricakovanju-nove-posiljke-snega","status":"publish","type":"post","link":"https:\/\/hudo.com\/si\/aktualno\/v-avstriji-nemciji-v-pricakovanju-nove-posiljke-snega\/","title":{"rendered":"V Avstriji in Nem\u010diji v pri\u010dakovanju nove po\u0161iljke snega"},"content":{"rendered":"<p>V avstrijskih Alpah, kjer \u017ee ve\u010d dni vlada sne\u017eni kaos, v petek prvi\u010d po dolgem \u010dasu ni sne\u017eilo. Ves dan, \u0161e posebej v no\u010di na soboto, pa je pihal mo\u010dan veter in povzro\u010dal nove sne\u017ene nanose, ki predstavljajo dodatno nevarnost za sne\u017ene plazove.<\/p>\n<p>Ta konec tedna se pri\u010dakuje novo sne\u017eenje, zato se bodo razmere po poro\u010danju avstrijske tiskovne agencije APA znova zaostrile. Kot napovedujejo vremenoslovci na avstrijski televiziji ORF, bo od nedelje popoldne do torka dopoldne sne\u017eilo na celotnem obmo\u010dju od Predarlske do Zgornje \u0160tajerske ter v vi\u0161jih predelih Zgodnje in Spodnje Avstrije.<\/p>\n<p>Podobno je na jugu Nem\u010dije. Sne\u017eenje na ju\u017enem Bavarskem je v petek ponehalo, a \u017ee nocoj naj bi se znova okrepilo. V ni\u017ejih predelih naj bi sneg prehajal v de\u017e, kar bo \u0161e ote\u017eilo polo\u017eaj, saj bo sne\u017ena odeja na strehah tako \u0161e te\u017eja, poro\u010da nem\u0161ka tiskovna agencija dpa.<\/p>\n<p>Polo\u017eaj si bo danes ogledal bavarski ministrski predsednik Markus S\u00f6der. V najbolj prizadete predele so poslali vojake, ki pomagajo gasilcem pri \u010di\u0161\u010denju snega, oskrbi prebivalcev in na\u010drtnem spro\u017eanju plazov. Med drugim so s helikopterji prepeljali skupino \u0161olarjev s planine v dolino. Na terenu so tudi pripadniki bavarskega Rde\u010dega kri\u017ea in drugih \u010dlovekoljubnih organizacij.<\/p>\n<p>Na letali\u0161\u010dih v M\u00fcnchnu in Frankfurtu so v petek odpovedali po okoli sto letov, zaradi snega na tirih so \u0161e vedno delno okrnjene regionalne \u017eelezni\u0161ke povezave. Po navedbah nem\u0161kih \u017eeleznic naj bi tudi v prihodnjih dneh odpovedali ve\u010d vlakov.<\/p>\n<p>V bavarskem kraju Lenggries je v petek umrl 48-letni voznik sne\u017enega pluga, ko je njegovo vozilo zdrsnilo z mostu v reko.<\/p>\n<p>V Bolgariji pa je deskarja na snegu zasul sne\u017eni plaz, ki sta ga sama spro\u017eila, ko sta s \u0161e dvema kolegoma smu\u010dala izven smu\u010darskih prog v Banskem na jugu dr\u017eave, \u0161e navaja dpa. To je bil sicer prvi sne\u017eni plaz v Bolgariji to zimo. Pet mladih iz Srbije, ki so jih v petek popoldne na tem obmo\u010dju razglasili za pogre\u0161ane, pa so uspeli re\u0161iti in jih s sanmi odpeljati v bolni\u0161nico.<\/p>\n<p>Iz Srbije danes poro\u010dajo o hudem mrazu in nevarnosti poledice. Potem ko je dva dni neprekinjeno sne\u017eilo, so zaradi velikih koli\u010din snega izredne razmere razglasili v sedmih ob\u010dinah. Glavne prometne poti so prehodne, v hribovitih predelih pa je promet ote\u017een, poro\u010da srbska tiskovna agencija Tanjug.<\/p>\n","protected":false},"excerpt":{"rendered":"<p>Po petkovi delni umiritvi vremenskih razmer se v Avstriji in na jugu Nem\u010dije zdaj pripravljajo na napovedano novo sne\u017eenje in veter. Nevarnost sne\u017enih plazov ostaja visoka.<\/p>\n","protected":false},"author":7,"featured_media":386692,"comment_status":"closed","ping_status":"closed","sticky":false,"template":"","format":"standard","meta":{"footnotes":""},"categories":[1179],"tags":[1934,3628,7531],"source":[4511],"supertag":[],"acf":[],"yoast_head":"<!-- This site is optimized with the Yoast SEO plugin v21.3 - https:\/\/yoast.com\/wordpress\/plugins\/seo\/ -->\n<title>V Avstriji in Nem\u010diji v pri\u010dakovanju nove po\u0161iljke snega - Hudo Slovenija<\/title>\n<meta name=\"robots\" content=\"index, follow, max-snippet:-1, max-image-preview:large, max-video-preview:-1\" \/>\n<link rel=\"canonical\" href=\"https:\/\/hudo.com\/si\/aktualno\/v-avstriji-nemciji-v-pricakovanju-nove-posiljke-snega\/\" \/>\n<meta property=\"og:locale\" content=\"sl_SI\" \/>\n<meta property=\"og:type\" content=\"article\" \/>\n<meta property=\"og:title\" content=\"V Avstriji in Nem\u010diji v pri\u010dakovanju nove po\u0161iljke snega - Hudo Slovenija\" \/>\n<meta property=\"og:description\" content=\"Po petkovi delni umiritvi vremenskih razmer se v Avstriji in na jugu Nem\u010dije zdaj pripravljajo na napovedano novo sne\u017eenje in veter. Nevarnost sne\u017enih plazov ostaja visoka.\" \/>\n<meta property=\"og:url\" content=\"https:\/\/hudo.com\/si\/aktualno\/v-avstriji-nemciji-v-pricakovanju-nove-posiljke-snega\/\" \/>\n<meta property=\"og:site_name\" content=\"Hudo Slovenija\" \/>\n<meta property=\"article:publisher\" content=\"https:\/\/www.facebook.com\/hudo.si\" \/>\n<meta property=\"article:published_time\" content=\"2019-01-12T09:37:32+00:00\" \/>\n<meta property=\"og:image\" content=\"https:\/\/hudo.com\/si\/wp-content\/uploads\/sites\/2\/2019\/01\/profimedia-0102850497.jpg\" \/>\n\t<meta property=\"og:image:width\" content=\"1250\" \/>\n\t<meta property=\"og:image:height\" content=\"833\" \/>\n\t<meta property=\"og:image:type\" content=\"image\/jpeg\" \/>\n<meta name=\"author\" content=\"A. P., STA\" \/>\n<meta name=\"twitter:card\" content=\"summary_large_image\" \/>\n<meta name=\"twitter:creator\" content=\"@hudo_si\" \/>\n<meta name=\"twitter:site\" content=\"@hudo_si\" \/>\n<meta name=\"twitter:label1\" content=\"Written by\" \/>\n\t<meta name=\"twitter:data1\" content=\"A. P., STA\" \/>\n\t<meta name=\"twitter:label2\" content=\"Est. reading time\" \/>\n\t<meta name=\"twitter:data2\" content=\"2 minuti\" \/>\n<script type=\"application\/ld+json\" class=\"yoast-schema-graph\">{\"@context\":\"https:\/\/schema.org\",\"@graph\":[{\"@type\":\"Article\",\"@id\":\"https:\/\/hudo.com\/si\/aktualno\/v-avstriji-nemciji-v-pricakovanju-nove-posiljke-snega\/#article\",\"isPartOf\":{\"@id\":\"https:\/\/hudo.com\/si\/aktualno\/v-avstriji-nemciji-v-pricakovanju-nove-posiljke-snega\/\"},\"author\":{\"name\":\"A. P., STA\",\"@id\":\"https:\/\/hudo.com\/si\/#\/schema\/person\/18f09c02475ba9e606e941a565b80cff\"},\"headline\":\"V Avstriji in Nem\u010diji v pri\u010dakovanju nove po\u0161iljke snega\",\"datePublished\":\"2019-01-12T09:37:32+00:00\",\"dateModified\":\"2019-01-12T09:37:32+00:00\",\"mainEntityOfPage\":{\"@id\":\"https:\/\/hudo.com\/si\/aktualno\/v-avstriji-nemciji-v-pricakovanju-nove-posiljke-snega\/\"},\"wordCount\":434,\"publisher\":{\"@id\":\"https:\/\/hudo.com\/si\/#organization\"},\"keywords\":[\"Avstrija\",\"nem\u010dija\",\"vremenske razmere\"],\"articleSection\":[\"Aktualno\"],\"inLanguage\":\"sl-SI\"},{\"@type\":\"WebPage\",\"@id\":\"https:\/\/hudo.com\/si\/aktualno\/v-avstriji-nemciji-v-pricakovanju-nove-posiljke-snega\/\",\"url\":\"https:\/\/hudo.com\/si\/aktualno\/v-avstriji-nemciji-v-pricakovanju-nove-posiljke-snega\/\",\"name\":\"V Avstriji in Nem\u010diji v pri\u010dakovanju nove po\u0161iljke snega - Hudo Slovenija\",\"isPartOf\":{\"@id\":\"https:\/\/hudo.com\/si\/#website\"},\"datePublished\":\"2019-01-12T09:37:32+00:00\",\"dateModified\":\"2019-01-12T09:37:32+00:00\",\"breadcrumb\":{\"@id\":\"https:\/\/hudo.com\/si\/aktualno\/v-avstriji-nemciji-v-pricakovanju-nove-posiljke-snega\/#breadcrumb\"},\"inLanguage\":\"sl-SI\",\"potentialAction\":[{\"@type\":\"ReadAction\",\"target\":[\"https:\/\/hudo.com\/si\/aktualno\/v-avstriji-nemciji-v-pricakovanju-nove-posiljke-snega\/\"]}]},{\"@type\":\"BreadcrumbList\",\"@id\":\"https:\/\/hudo.com\/si\/aktualno\/v-avstriji-nemciji-v-pricakovanju-nove-posiljke-snega\/#breadcrumb\",\"itemListElement\":[{\"@type\":\"ListItem\",\"position\":1,\"name\":\"Home\",\"item\":\"https:\/\/hudo.com\/si\/\"},{\"@type\":\"ListItem\",\"position\":2,\"name\":\"V Avstriji in Nem\u010diji v pri\u010dakovanju nove po\u0161iljke snega\"}]},{\"@type\":\"WebSite\",\"@id\":\"https:\/\/hudo.com\/si\/#website\",\"url\":\"https:\/\/hudo.com\/si\/\",\"name\":\"Hudo Slovenija\",\"description\":\"Vse novice iz Slovenije in sveta\",\"publisher\":{\"@id\":\"https:\/\/hudo.com\/si\/#organization\"},\"potentialAction\":[{\"@type\":\"SearchAction\",\"target\":{\"@type\":\"EntryPoint\",\"urlTemplate\":\"https:\/\/hudo.com\/si\/?s={search_term_string}\"},\"query-input\":\"required name=search_term_string\"}],\"inLanguage\":\"sl-SI\"},{\"@type\":\"Organization\",\"@id\":\"https:\/\/hudo.com\/si\/#organization\",\"name\":\"VSN Media\",\"url\":\"https:\/\/hudo.com\/si\/\",\"logo\":{\"@type\":\"ImageObject\",\"inLanguage\":\"sl-SI\",\"@id\":\"https:\/\/hudo.com\/si\/#\/schema\/logo\/image\/\",\"url\":\"https:\/\/hudo.com\/si\/wp-content\/uploads\/sites\/2\/2021\/03\/hudo-app-2.png\",\"contentUrl\":\"https:\/\/hudo.com\/si\/wp-content\/uploads\/sites\/2\/2021\/03\/hudo-app-2.png\",\"width\":2185,\"height\":2167,\"caption\":\"VSN Media\"},\"image\":{\"@id\":\"https:\/\/hudo.com\/si\/#\/schema\/logo\/image\/\"},\"sameAs\":[\"https:\/\/www.facebook.com\/hudo.si\",\"https:\/\/twitter.com\/hudo_si\"]},{\"@type\":\"Person\",\"@id\":\"https:\/\/hudo.com\/si\/#\/schema\/person\/18f09c02475ba9e606e941a565b80cff\",\"name\":\"A. P., STA\",\"image\":{\"@type\":\"ImageObject\",\"inLanguage\":\"sl-SI\",\"@id\":\"https:\/\/hudo.com\/si\/#\/schema\/person\/image\/\",\"url\":\"https:\/\/secure.gravatar.com\/avatar\/03eac8e609f5f04383125d80eaeaaf3e?s=96&d=mm&r=g\",\"contentUrl\":\"https:\/\/secure.gravatar.com\/avatar\/03eac8e609f5f04383125d80eaeaaf3e?s=96&d=mm&r=g\",\"caption\":\"A. P., STA\"},\"url\":\"https:\/\/hudo.com\/si\/author\/lubu\/\"}]}<\/script>\n<!-- \/ Yoast SEO plugin. -->","yoast_head_json":{"title":"V Avstriji in Nem\u010diji v pri\u010dakovanju nove po\u0161iljke snega - Hudo Slovenija","robots":{"index":"index","follow":"follow","max-snippet":"max-snippet:-1","max-image-preview":"max-image-preview:large","max-video-preview":"max-video-preview:-1"},"canonical":"https:\/\/hudo.com\/si\/aktualno\/v-avstriji-nemciji-v-pricakovanju-nove-posiljke-snega\/","og_locale":"sl_SI","og_type":"article","og_title":"V Avstriji in Nem\u010diji v pri\u010dakovanju nove po\u0161iljke snega - Hudo Slovenija","og_description":"Po petkovi delni umiritvi vremenskih razmer se v Avstriji in na jugu Nem\u010dije zdaj pripravljajo na napovedano novo sne\u017eenje in veter. Nevarnost sne\u017enih plazov ostaja visoka.","og_url":"https:\/\/hudo.com\/si\/aktualno\/v-avstriji-nemciji-v-pricakovanju-nove-posiljke-snega\/","og_site_name":"Hudo Slovenija","article_publisher":"https:\/\/www.facebook.com\/hudo.si","article_published_time":"2019-01-12T09:37:32+00:00","og_image":[{"width":1250,"height":833,"url":"https:\/\/hudo.com\/si\/wp-content\/uploads\/sites\/2\/2019\/01\/profimedia-0102850497.jpg","type":"image\/jpeg"}],"author":"A. P., STA","twitter_card":"summary_large_image","twitter_creator":"@hudo_si","twitter_site":"@hudo_si","twitter_misc":{"Written by":"A. P., STA","Est. reading time":"2 minuti"},"schema":{"@context":"https:\/\/schema.org","@graph":[{"@type":"Article","@id":"https:\/\/hudo.com\/si\/aktualno\/v-avstriji-nemciji-v-pricakovanju-nove-posiljke-snega\/#article","isPartOf":{"@id":"https:\/\/hudo.com\/si\/aktualno\/v-avstriji-nemciji-v-pricakovanju-nove-posiljke-snega\/"},"author":{"name":"A. P., STA","@id":"https:\/\/hudo.com\/si\/#\/schema\/person\/18f09c02475ba9e606e941a565b80cff"},"headline":"V Avstriji in Nem\u010diji v pri\u010dakovanju nove po\u0161iljke snega","datePublished":"2019-01-12T09:37:32+00:00","dateModified":"2019-01-12T09:37:32+00:00","mainEntityOfPage":{"@id":"https:\/\/hudo.com\/si\/aktualno\/v-avstriji-nemciji-v-pricakovanju-nove-posiljke-snega\/"},"wordCount":434,"publisher":{"@id":"https:\/\/hudo.com\/si\/#organization"},"keywords":["Avstrija","nem\u010dija","vremenske razmere"],"articleSection":["Aktualno"],"inLanguage":"sl-SI"},{"@type":"WebPage","@id":"https:\/\/hudo.com\/si\/aktualno\/v-avstriji-nemciji-v-pricakovanju-nove-posiljke-snega\/","url":"https:\/\/hudo.com\/si\/aktualno\/v-avstriji-nemciji-v-pricakovanju-nove-posiljke-snega\/","name":"V Avstriji in Nem\u010diji v pri\u010dakovanju nove po\u0161iljke snega - Hudo Slovenija","isPartOf":{"@id":"https:\/\/hudo.com\/si\/#website"},"datePublished":"2019-01-12T09:37:32+00:00","dateModified":"2019-01-12T09:37:32+00:00","breadcrumb":{"@id":"https:\/\/hudo.com\/si\/aktualno\/v-avstriji-nemciji-v-pricakovanju-nove-posiljke-snega\/#breadcrumb"},"inLanguage":"sl-SI","potentialAction":[{"@type":"ReadAction","target":["https:\/\/hudo.com\/si\/aktualno\/v-avstriji-nemciji-v-pricakovanju-nove-posiljke-snega\/"]}]},{"@type":"BreadcrumbList","@id":"https:\/\/hudo.com\/si\/aktualno\/v-avstriji-nemciji-v-pricakovanju-nove-posiljke-snega\/#breadcrumb","itemListElement":[{"@type":"ListItem","position":1,"name":"Home","item":"https:\/\/hudo.com\/si\/"},{"@type":"ListItem","position":2,"name":"V Avstriji in Nem\u010diji v pri\u010dakovanju nove po\u0161iljke snega"}]},{"@type":"WebSite","@id":"https:\/\/hudo.com\/si\/#website","url":"https:\/\/hudo.com\/si\/","name":"Hudo Slovenija","description":"Vse novice iz Slovenije in sveta","publisher":{"@id":"https:\/\/hudo.com\/si\/#organization"},"potentialAction":[{"@type":"SearchAction","target":{"@type":"EntryPoint","urlTemplate":"https:\/\/hudo.com\/si\/?s={search_term_string}"},"query-input":"required name=search_term_string"}],"inLanguage":"sl-SI"},{"@type":"Organization","@id":"https:\/\/hudo.com\/si\/#organization","name":"VSN Media","url":"https:\/\/hudo.com\/si\/","logo":{"@type":"ImageObject","inLanguage":"sl-SI","@id":"https:\/\/hudo.com\/si\/#\/schema\/logo\/image\/","url":"https:\/\/hudo.com\/si\/wp-content\/uploads\/sites\/2\/2021\/03\/hudo-app-2.png","contentUrl":"https:\/\/hudo.com\/si\/wp-content\/uploads\/sites\/2\/2021\/03\/hudo-app-2.png","width":2185,"height":2167,"caption":"VSN Media"},"image":{"@id":"https:\/\/hudo.com\/si\/#\/schema\/logo\/image\/"},"sameAs":["https:\/\/www.facebook.com\/hudo.si","https:\/\/twitter.com\/hudo_si"]},{"@type":"Person","@id":"https:\/\/hudo.com\/si\/#\/schema\/person\/18f09c02475ba9e606e941a565b80cff","name":"A. P., STA","image":{"@type":"ImageObject","inLanguage":"sl-SI","@id":"https:\/\/hudo.com\/si\/#\/schema\/person\/image\/","url":"https:\/\/secure.gravatar.com\/avatar\/03eac8e609f5f04383125d80eaeaaf3e?s=96&d=mm&r=g","contentUrl":"https:\/\/secure.gravatar.com\/avatar\/03eac8e609f5f04383125d80eaeaaf3e?s=96&d=mm&r=g","caption":"A. P., STA"},"url":"https:\/\/hudo.com\/si\/author\/lubu\/"}]}},"amp_enabled":true,"_links":{"self":[{"href":"https:\/\/hudo.com\/si\/wp-json\/wp\/v2\/posts\/387329"}],"collection":[{"href":"https:\/\/hudo.com\/si\/wp-json\/wp\/v2\/posts"}],"about":[{"href":"https:\/\/hudo.com\/si\/wp-json\/wp\/v2\/types\/post"}],"author":[{"embeddable":true,"href":"https:\/\/hudo.com\/si\/wp-json\/wp\/v2\/users\/7"}],"replies":[{"embeddable":true,"href":"https:\/\/hudo.com\/si\/wp-json\/wp\/v2\/comments?post=387329"}],"version-history":[{"count":1,"href":"https:\/\/hudo.com\/si\/wp-json\/wp\/v2\/posts\/387329\/revisions"}],"predecessor-version":[{"id":387330,"href":"https:\/\/hudo.com\/si\/wp-json\/wp\/v2\/posts\/387329\/revisions\/387330"}],"wp:featuredmedia":[{"embeddable":true,"href":"https:\/\/hudo.com\/si\/wp-json\/wp\/v2\/media\/386692"}],"wp:attachment":[{"href":"https:\/\/hudo.com\/si\/wp-json\/wp\/v2\/media?parent=387329"}],"wp:term":[{"taxonomy":"category","embeddable":true,"href":"https:\/\/hudo.com\/si\/wp-json\/wp\/v2\/categories?post=387329"},{"taxonomy":"post_tag","embeddable":true,"href":"https:\/\/hudo.com\/si\/wp-json\/wp\/v2\/tags?post=387329"},{"taxonomy":"source","embeddable":true,"href":"https:\/\/hudo.com\/si\/wp-json\/wp\/v2\/source?post=387329"},{"taxonomy":"supertag","embeddable":true,"href":"https:\/\/hudo.com\/si\/wp-json\/wp\/v2\/supertag?post=387329"}],"curies":[{"name":"wp","href":"https:\/\/api.w.org\/{rel}","templated":true}]}}