{"id":387331,"date":"2019-01-12T10:47:10","date_gmt":"2019-01-12T09:47:10","guid":{"rendered":"http:\/\/hudo.com\/si\/?p=387331"},"modified":"2019-01-12T10:47:10","modified_gmt":"2019-01-12T09:47:10","slug":"korosci-se-bodo-poletja-morali-navaditi-na-nov-sistem-locevanja-odpadkov","status":"publish","type":"post","link":"https:\/\/hudo.com\/si\/aktualno\/korosci-se-bodo-poletja-morali-navaditi-na-nov-sistem-locevanja-odpadkov\/","title":{"rendered":"Koro\u0161ci se bodo do poletja morali navaditi na nov sistem lo\u010devanja odpadkov"},"content":{"rendered":"<p>Koro\u0161ci komunalne odpadke na mokre in suhe lo\u010dujejo od zagona Koro\u0161kega regijskega centra za ravnanje z odpadki Kocerod aprila leta 2012. Odpadke lo\u010dujejo na mokre in suhe ter tudi na biolo\u0161ke, pri \u010demer pa zabojnika za biolo\u0161ke odpadke ne potrebujejo tisti, ki biolo\u0161ke odpadke sami kompostirajo. Poleg tega lahko Koro\u0161ci odpadke sami sortirajo in odlagajo na ekolo\u0161kih otokih ali pa jih odva\u017eajo v zbirne centre.<\/p>\n<p>A osnovni sistem lo\u010devanja na mokre in suhe odpadke se zaradi uskladitve z uredbo o obvezni ob\u010dinski gospodarski javni slu\u017ebi zbiranja komunalnih odpadkov spreminja, spremembe pa morajo na Koro\u0161kem uvesti do julija letos. Koro\u0161ka komunalna podjetja, ki pobirajo odpadke pri gospodinjstvih, in podjetje Kocerod, ki zdaj odpadke od komunalnih podjetij prevzema za nadaljnje ravnanje z njimi, se na novosti pripravljajo \u017ee nekaj \u010dasa.<\/p>\n<p>Predlog novega, za vso Koro\u0161ko enotnega odloka, ki bo to urejal, je \u017ee pripravljen in naj bi kmalu \u0161el v potrjevanje na ob\u010dinske svete koro\u0161kih ob\u010din, ki so ustanoviteljice Koceroda. Vzporedno bo potekalo obve\u0161\u010danje prebivalcev, da bodo ustrezno lo\u010devali in odlagali odpadke, komunalna podjetja pa bodo pripravila tudi nove enotne nalepke za zabojnike z navodili za ustrezno lo\u010devanje odpadkov.<\/p>\n<p>Kot je za STA pojasnil direktor Komunale Slovenj Gradec Jo\u017eef Dvorjak, ostaja \u0161tevilo zabojnikov za gospodinjstva enako, sprememba je ta, da se bo v dosedanjem zabojniku za suhe odpadke po novem zbirala vsa odpadna embala\u017ea, razen papirja in stekla, ki ga bodo morali prebivalci odlagati ali na ekolo\u0161ke otoke ali na zbirne centre. V dosedanje zabojnike za mokre odpadke pa bodo prebivalci Koro\u0161ke odlagali ostale me\u0161ane komunalne odpadke. Pri zabojnikih za biolo\u0161ke odpadke sprememb ni.<\/p>\n<p>Odvoz odpadkov bo potekal kot doslej, in sicer izmeni\u010dno en teden embala\u017eni zabojnik, teden dni kasneje pa zabojnik za ostale odpadke. Biolo\u0161ki odpadki se vseskozi pobirajo lo\u010deno.<\/p>\n<p>Javno komunalno podjetje Dravograd je z obve\u0161\u010danjem ob\u010danov o spremembi pohitelo. Prva obvestila o novostih so ob\u010dani dravograjske ob\u010dine \u017ee dobili skupaj z zadnjimi poslanimi polo\u017enicami, z obve\u0161\u010danjem \u0161e prek drugih kanalov pa podjetje nadaljuje.<\/p>\n<p>Kot je za STA povedala direktorica dravograjskega komunalnega podjetja Marija Slavi\u010d, so doslej vse zbrane odpadke, mokre in suhe, vozili na Kocerod, po novem pa bodo vsebino embala\u017enih zabojnikov predajali neposredno embala\u017enim dru\u017ebam v dele\u017eih, kot jih imajo te dolo\u010dene.<\/p>\n<p>Se pa Slavi\u010deva nekoliko boji, kako bo potekal odvoz s strani embala\u017enih dru\u017eb glede na lanske izku\u0161nje po Sloveniji. Koro\u0161ka doslej zaradi posebnosti v sistemu ravnanja z odpadki ni imela ve\u010djih te\u017eav z nakopi\u010deno odpadno embala\u017eo, saj je Kocerod od komunalnih podjetij prevzel vse odpadke.<\/p>\n<p>Je pa tudi sicer \u0161e kar nekaj odprtih vpra\u0161anj, je \u0161e dejala Slavi\u010deva, med drugim se s Kocerodom zdaj dogovarjajo o mo\u017enosti najema dela skladi\u0161\u010dnega prostora, saj morajo komunalna podjetja zagotoviti sedemdnevno skladi\u0161\u010denje odpadkov. Dravograjsko komunalno podjetje namre\u010d zdaj svojega prostora za to nima.<\/p>\n<p>Sprememba sistema sicer pomeni tudi spremembo pri organizaciji dela Koceroda, pa je za STA pojasnil direktor Koceroda Ivan Plevnik. \u010ce bodo embala\u017ene dru\u017ebe s Kocerodom sklenile pogodbo, bodo v Kocerodu sortirali odpadke, druga\u010de pa ne, je pojasnil direktor Koceroda. Dru\u017eba ima trenutno 34 zaposlenih, od tega jih 12 dela v sortirnici dosedanjih suhih odpadkov. Plevnik sprememb v \u0161tevilu zaposlenih zaradi spremembe sistema za zdaj ne predvideva, ra\u010duna, da bo morda treba \u0161e dodatno zaposlovati.<\/p>\n<p>Ob tem pa pristojni na Koro\u0161kem \u0161e zagotavljajo, da se zaradi leto\u0161nje spremembe sistema pri lo\u010devanju odpadkov cena za gospodinjstva ne bo spreminjala.<\/p>\n","protected":false},"excerpt":{"rendered":"<p>Na Koro\u0161kem, kjer prebivalci komunalne odpadke zdaj lo\u010dujejo na mokre in suhe, kar je posebnost v Sloveniji, ter na biolo\u0161ke, se pri tem najkasneje do julija letos obetajo spremembe. Te so potrebne zaradi uskladitve sistema s pristojno uredbo. Bistvena novost je uvedba embala\u017enih zabojnikov, ki bodo nadomestili zdaj\u0161nje zabojnike za suhe odpadke.<\/p>\n","protected":false},"author":7,"featured_media":387332,"comment_status":"closed","ping_status":"closed","sticky":false,"template":"","format":"standard","meta":{"footnotes":""},"categories":[1179],"tags":[2171,5784,7859,1595],"source":[4511],"supertag":[],"acf":[],"yoast_head":"<!-- This site is optimized with the Yoast SEO plugin v21.3 - https:\/\/yoast.com\/wordpress\/plugins\/seo\/ -->\n<title>Koro\u0161ci se bodo do poletja morali navaditi na nov sistem lo\u010devanja odpadkov - Hudo Slovenija<\/title>\n<meta name=\"robots\" content=\"index, follow, max-snippet:-1, max-image-preview:large, max-video-preview:-1\" \/>\n<link rel=\"canonical\" href=\"https:\/\/hudo.com\/si\/aktualno\/korosci-se-bodo-poletja-morali-navaditi-na-nov-sistem-locevanja-odpadkov\/\" \/>\n<meta property=\"og:locale\" content=\"sl_SI\" \/>\n<meta property=\"og:type\" content=\"article\" \/>\n<meta property=\"og:title\" content=\"Koro\u0161ci se bodo do poletja morali navaditi na nov sistem lo\u010devanja odpadkov - Hudo Slovenija\" \/>\n<meta property=\"og:description\" content=\"Na Koro\u0161kem, kjer prebivalci komunalne odpadke zdaj lo\u010dujejo na mokre in suhe, kar je posebnost v Sloveniji, ter na biolo\u0161ke, se pri tem najkasneje do julija letos obetajo spremembe. Te so potrebne zaradi uskladitve sistema s pristojno uredbo. Bistvena novost je uvedba embala\u017enih zabojnikov, ki bodo nadomestili zdaj\u0161nje zabojnike za suhe odpadke.\" \/>\n<meta property=\"og:url\" content=\"https:\/\/hudo.com\/si\/aktualno\/korosci-se-bodo-poletja-morali-navaditi-na-nov-sistem-locevanja-odpadkov\/\" \/>\n<meta property=\"og:site_name\" content=\"Hudo Slovenija\" \/>\n<meta property=\"article:publisher\" content=\"https:\/\/www.facebook.com\/hudo.si\" \/>\n<meta property=\"article:published_time\" content=\"2019-01-12T09:47:10+00:00\" \/>\n<meta property=\"og:image\" content=\"https:\/\/hudo.com\/si\/wp-content\/uploads\/sites\/2\/2019\/01\/profimedia-0281909265.jpg\" \/>\n\t<meta property=\"og:image:width\" content=\"1250\" \/>\n\t<meta property=\"og:image:height\" content=\"833\" \/>\n\t<meta property=\"og:image:type\" content=\"image\/jpeg\" \/>\n<meta name=\"author\" content=\"A. P., STA\" \/>\n<meta name=\"twitter:card\" content=\"summary_large_image\" \/>\n<meta name=\"twitter:creator\" content=\"@hudo_si\" \/>\n<meta name=\"twitter:site\" content=\"@hudo_si\" \/>\n<meta name=\"twitter:label1\" content=\"Written by\" \/>\n\t<meta name=\"twitter:data1\" content=\"A. P., STA\" \/>\n\t<meta name=\"twitter:label2\" content=\"Est. reading time\" \/>\n\t<meta name=\"twitter:data2\" content=\"3 minute\" \/>\n<script type=\"application\/ld+json\" class=\"yoast-schema-graph\">{\"@context\":\"https:\/\/schema.org\",\"@graph\":[{\"@type\":\"Article\",\"@id\":\"https:\/\/hudo.com\/si\/aktualno\/korosci-se-bodo-poletja-morali-navaditi-na-nov-sistem-locevanja-odpadkov\/#article\",\"isPartOf\":{\"@id\":\"https:\/\/hudo.com\/si\/aktualno\/korosci-se-bodo-poletja-morali-navaditi-na-nov-sistem-locevanja-odpadkov\/\"},\"author\":{\"name\":\"A. P., STA\",\"@id\":\"https:\/\/hudo.com\/si\/#\/schema\/person\/18f09c02475ba9e606e941a565b80cff\"},\"headline\":\"Koro\u0161ci se bodo do poletja morali navaditi na nov sistem lo\u010devanja odpadkov\",\"datePublished\":\"2019-01-12T09:47:10+00:00\",\"dateModified\":\"2019-01-12T09:47:10+00:00\",\"mainEntityOfPage\":{\"@id\":\"https:\/\/hudo.com\/si\/aktualno\/korosci-se-bodo-poletja-morali-navaditi-na-nov-sistem-locevanja-odpadkov\/\"},\"wordCount\":626,\"publisher\":{\"@id\":\"https:\/\/hudo.com\/si\/#organization\"},\"keywords\":[\"ekologija\",\"koro\u0161ka\",\"lo\u010devanje odpadkov\",\"Slovenija\"],\"articleSection\":[\"Aktualno\"],\"inLanguage\":\"sl-SI\"},{\"@type\":\"WebPage\",\"@id\":\"https:\/\/hudo.com\/si\/aktualno\/korosci-se-bodo-poletja-morali-navaditi-na-nov-sistem-locevanja-odpadkov\/\",\"url\":\"https:\/\/hudo.com\/si\/aktualno\/korosci-se-bodo-poletja-morali-navaditi-na-nov-sistem-locevanja-odpadkov\/\",\"name\":\"Koro\u0161ci se bodo do poletja morali navaditi na nov sistem lo\u010devanja odpadkov - Hudo Slovenija\",\"isPartOf\":{\"@id\":\"https:\/\/hudo.com\/si\/#website\"},\"datePublished\":\"2019-01-12T09:47:10+00:00\",\"dateModified\":\"2019-01-12T09:47:10+00:00\",\"breadcrumb\":{\"@id\":\"https:\/\/hudo.com\/si\/aktualno\/korosci-se-bodo-poletja-morali-navaditi-na-nov-sistem-locevanja-odpadkov\/#breadcrumb\"},\"inLanguage\":\"sl-SI\",\"potentialAction\":[{\"@type\":\"ReadAction\",\"target\":[\"https:\/\/hudo.com\/si\/aktualno\/korosci-se-bodo-poletja-morali-navaditi-na-nov-sistem-locevanja-odpadkov\/\"]}]},{\"@type\":\"BreadcrumbList\",\"@id\":\"https:\/\/hudo.com\/si\/aktualno\/korosci-se-bodo-poletja-morali-navaditi-na-nov-sistem-locevanja-odpadkov\/#breadcrumb\",\"itemListElement\":[{\"@type\":\"ListItem\",\"position\":1,\"name\":\"Home\",\"item\":\"https:\/\/hudo.com\/si\/\"},{\"@type\":\"ListItem\",\"position\":2,\"name\":\"Koro\u0161ci se bodo do poletja morali navaditi na nov sistem lo\u010devanja odpadkov\"}]},{\"@type\":\"WebSite\",\"@id\":\"https:\/\/hudo.com\/si\/#website\",\"url\":\"https:\/\/hudo.com\/si\/\",\"name\":\"Hudo Slovenija\",\"description\":\"Vse novice iz Slovenije in sveta\",\"publisher\":{\"@id\":\"https:\/\/hudo.com\/si\/#organization\"},\"potentialAction\":[{\"@type\":\"SearchAction\",\"target\":{\"@type\":\"EntryPoint\",\"urlTemplate\":\"https:\/\/hudo.com\/si\/?s={search_term_string}\"},\"query-input\":\"required name=search_term_string\"}],\"inLanguage\":\"sl-SI\"},{\"@type\":\"Organization\",\"@id\":\"https:\/\/hudo.com\/si\/#organization\",\"name\":\"VSN Media\",\"url\":\"https:\/\/hudo.com\/si\/\",\"logo\":{\"@type\":\"ImageObject\",\"inLanguage\":\"sl-SI\",\"@id\":\"https:\/\/hudo.com\/si\/#\/schema\/logo\/image\/\",\"url\":\"https:\/\/hudo.com\/si\/wp-content\/uploads\/sites\/2\/2021\/03\/hudo-app-2.png\",\"contentUrl\":\"https:\/\/hudo.com\/si\/wp-content\/uploads\/sites\/2\/2021\/03\/hudo-app-2.png\",\"width\":2185,\"height\":2167,\"caption\":\"VSN Media\"},\"image\":{\"@id\":\"https:\/\/hudo.com\/si\/#\/schema\/logo\/image\/\"},\"sameAs\":[\"https:\/\/www.facebook.com\/hudo.si\",\"https:\/\/twitter.com\/hudo_si\"]},{\"@type\":\"Person\",\"@id\":\"https:\/\/hudo.com\/si\/#\/schema\/person\/18f09c02475ba9e606e941a565b80cff\",\"name\":\"A. P., STA\",\"image\":{\"@type\":\"ImageObject\",\"inLanguage\":\"sl-SI\",\"@id\":\"https:\/\/hudo.com\/si\/#\/schema\/person\/image\/\",\"url\":\"https:\/\/secure.gravatar.com\/avatar\/03eac8e609f5f04383125d80eaeaaf3e?s=96&d=mm&r=g\",\"contentUrl\":\"https:\/\/secure.gravatar.com\/avatar\/03eac8e609f5f04383125d80eaeaaf3e?s=96&d=mm&r=g\",\"caption\":\"A. P., STA\"},\"url\":\"https:\/\/hudo.com\/si\/author\/lubu\/\"}]}<\/script>\n<!-- \/ Yoast SEO plugin. -->","yoast_head_json":{"title":"Koro\u0161ci se bodo do poletja morali navaditi na nov sistem lo\u010devanja odpadkov - Hudo Slovenija","robots":{"index":"index","follow":"follow","max-snippet":"max-snippet:-1","max-image-preview":"max-image-preview:large","max-video-preview":"max-video-preview:-1"},"canonical":"https:\/\/hudo.com\/si\/aktualno\/korosci-se-bodo-poletja-morali-navaditi-na-nov-sistem-locevanja-odpadkov\/","og_locale":"sl_SI","og_type":"article","og_title":"Koro\u0161ci se bodo do poletja morali navaditi na nov sistem lo\u010devanja odpadkov - Hudo Slovenija","og_description":"Na Koro\u0161kem, kjer prebivalci komunalne odpadke zdaj lo\u010dujejo na mokre in suhe, kar je posebnost v Sloveniji, ter na biolo\u0161ke, se pri tem najkasneje do julija letos obetajo spremembe. Te so potrebne zaradi uskladitve sistema s pristojno uredbo. Bistvena novost je uvedba embala\u017enih zabojnikov, ki bodo nadomestili zdaj\u0161nje zabojnike za suhe odpadke.","og_url":"https:\/\/hudo.com\/si\/aktualno\/korosci-se-bodo-poletja-morali-navaditi-na-nov-sistem-locevanja-odpadkov\/","og_site_name":"Hudo Slovenija","article_publisher":"https:\/\/www.facebook.com\/hudo.si","article_published_time":"2019-01-12T09:47:10+00:00","og_image":[{"width":1250,"height":833,"url":"https:\/\/hudo.com\/si\/wp-content\/uploads\/sites\/2\/2019\/01\/profimedia-0281909265.jpg","type":"image\/jpeg"}],"author":"A. P., STA","twitter_card":"summary_large_image","twitter_creator":"@hudo_si","twitter_site":"@hudo_si","twitter_misc":{"Written by":"A. P., STA","Est. reading time":"3 minute"},"schema":{"@context":"https:\/\/schema.org","@graph":[{"@type":"Article","@id":"https:\/\/hudo.com\/si\/aktualno\/korosci-se-bodo-poletja-morali-navaditi-na-nov-sistem-locevanja-odpadkov\/#article","isPartOf":{"@id":"https:\/\/hudo.com\/si\/aktualno\/korosci-se-bodo-poletja-morali-navaditi-na-nov-sistem-locevanja-odpadkov\/"},"author":{"name":"A. P., STA","@id":"https:\/\/hudo.com\/si\/#\/schema\/person\/18f09c02475ba9e606e941a565b80cff"},"headline":"Koro\u0161ci se bodo do poletja morali navaditi na nov sistem lo\u010devanja odpadkov","datePublished":"2019-01-12T09:47:10+00:00","dateModified":"2019-01-12T09:47:10+00:00","mainEntityOfPage":{"@id":"https:\/\/hudo.com\/si\/aktualno\/korosci-se-bodo-poletja-morali-navaditi-na-nov-sistem-locevanja-odpadkov\/"},"wordCount":626,"publisher":{"@id":"https:\/\/hudo.com\/si\/#organization"},"keywords":["ekologija","koro\u0161ka","lo\u010devanje odpadkov","Slovenija"],"articleSection":["Aktualno"],"inLanguage":"sl-SI"},{"@type":"WebPage","@id":"https:\/\/hudo.com\/si\/aktualno\/korosci-se-bodo-poletja-morali-navaditi-na-nov-sistem-locevanja-odpadkov\/","url":"https:\/\/hudo.com\/si\/aktualno\/korosci-se-bodo-poletja-morali-navaditi-na-nov-sistem-locevanja-odpadkov\/","name":"Koro\u0161ci se bodo do poletja morali navaditi na nov sistem lo\u010devanja odpadkov - Hudo Slovenija","isPartOf":{"@id":"https:\/\/hudo.com\/si\/#website"},"datePublished":"2019-01-12T09:47:10+00:00","dateModified":"2019-01-12T09:47:10+00:00","breadcrumb":{"@id":"https:\/\/hudo.com\/si\/aktualno\/korosci-se-bodo-poletja-morali-navaditi-na-nov-sistem-locevanja-odpadkov\/#breadcrumb"},"inLanguage":"sl-SI","potentialAction":[{"@type":"ReadAction","target":["https:\/\/hudo.com\/si\/aktualno\/korosci-se-bodo-poletja-morali-navaditi-na-nov-sistem-locevanja-odpadkov\/"]}]},{"@type":"BreadcrumbList","@id":"https:\/\/hudo.com\/si\/aktualno\/korosci-se-bodo-poletja-morali-navaditi-na-nov-sistem-locevanja-odpadkov\/#breadcrumb","itemListElement":[{"@type":"ListItem","position":1,"name":"Home","item":"https:\/\/hudo.com\/si\/"},{"@type":"ListItem","position":2,"name":"Koro\u0161ci se bodo do poletja morali navaditi na nov sistem lo\u010devanja odpadkov"}]},{"@type":"WebSite","@id":"https:\/\/hudo.com\/si\/#website","url":"https:\/\/hudo.com\/si\/","name":"Hudo Slovenija","description":"Vse novice iz Slovenije in sveta","publisher":{"@id":"https:\/\/hudo.com\/si\/#organization"},"potentialAction":[{"@type":"SearchAction","target":{"@type":"EntryPoint","urlTemplate":"https:\/\/hudo.com\/si\/?s={search_term_string}"},"query-input":"required name=search_term_string"}],"inLanguage":"sl-SI"},{"@type":"Organization","@id":"https:\/\/hudo.com\/si\/#organization","name":"VSN Media","url":"https:\/\/hudo.com\/si\/","logo":{"@type":"ImageObject","inLanguage":"sl-SI","@id":"https:\/\/hudo.com\/si\/#\/schema\/logo\/image\/","url":"https:\/\/hudo.com\/si\/wp-content\/uploads\/sites\/2\/2021\/03\/hudo-app-2.png","contentUrl":"https:\/\/hudo.com\/si\/wp-content\/uploads\/sites\/2\/2021\/03\/hudo-app-2.png","width":2185,"height":2167,"caption":"VSN Media"},"image":{"@id":"https:\/\/hudo.com\/si\/#\/schema\/logo\/image\/"},"sameAs":["https:\/\/www.facebook.com\/hudo.si","https:\/\/twitter.com\/hudo_si"]},{"@type":"Person","@id":"https:\/\/hudo.com\/si\/#\/schema\/person\/18f09c02475ba9e606e941a565b80cff","name":"A. P., STA","image":{"@type":"ImageObject","inLanguage":"sl-SI","@id":"https:\/\/hudo.com\/si\/#\/schema\/person\/image\/","url":"https:\/\/secure.gravatar.com\/avatar\/03eac8e609f5f04383125d80eaeaaf3e?s=96&d=mm&r=g","contentUrl":"https:\/\/secure.gravatar.com\/avatar\/03eac8e609f5f04383125d80eaeaaf3e?s=96&d=mm&r=g","caption":"A. P., STA"},"url":"https:\/\/hudo.com\/si\/author\/lubu\/"}]}},"amp_enabled":true,"_links":{"self":[{"href":"https:\/\/hudo.com\/si\/wp-json\/wp\/v2\/posts\/387331"}],"collection":[{"href":"https:\/\/hudo.com\/si\/wp-json\/wp\/v2\/posts"}],"about":[{"href":"https:\/\/hudo.com\/si\/wp-json\/wp\/v2\/types\/post"}],"author":[{"embeddable":true,"href":"https:\/\/hudo.com\/si\/wp-json\/wp\/v2\/users\/7"}],"replies":[{"embeddable":true,"href":"https:\/\/hudo.com\/si\/wp-json\/wp\/v2\/comments?post=387331"}],"version-history":[{"count":1,"href":"https:\/\/hudo.com\/si\/wp-json\/wp\/v2\/posts\/387331\/revisions"}],"predecessor-version":[{"id":387333,"href":"https:\/\/hudo.com\/si\/wp-json\/wp\/v2\/posts\/387331\/revisions\/387333"}],"wp:featuredmedia":[{"embeddable":true,"href":"https:\/\/hudo.com\/si\/wp-json\/wp\/v2\/media\/387332"}],"wp:attachment":[{"href":"https:\/\/hudo.com\/si\/wp-json\/wp\/v2\/media?parent=387331"}],"wp:term":[{"taxonomy":"category","embeddable":true,"href":"https:\/\/hudo.com\/si\/wp-json\/wp\/v2\/categories?post=387331"},{"taxonomy":"post_tag","embeddable":true,"href":"https:\/\/hudo.com\/si\/wp-json\/wp\/v2\/tags?post=387331"},{"taxonomy":"source","embeddable":true,"href":"https:\/\/hudo.com\/si\/wp-json\/wp\/v2\/source?post=387331"},{"taxonomy":"supertag","embeddable":true,"href":"https:\/\/hudo.com\/si\/wp-json\/wp\/v2\/supertag?post=387331"}],"curies":[{"name":"wp","href":"https:\/\/api.w.org\/{rel}","templated":true}]}}