{"id":387747,"date":"2019-01-14T12:46:37","date_gmt":"2019-01-14T11:46:37","guid":{"rendered":"http:\/\/hudo.com\/si\/?p=387747"},"modified":"2019-01-14T12:46:37","modified_gmt":"2019-01-14T11:46:37","slug":"v-avstriji-spet-snezi-vlada-velika-nevarnost-plazov-vec-krajev-odrezanih-od-sveta","status":"publish","type":"post","link":"https:\/\/hudo.com\/si\/aktualno\/v-avstriji-spet-snezi-vlada-velika-nevarnost-plazov-vec-krajev-odrezanih-od-sveta\/","title":{"rendered":"V Avstriji spet sne\u017ei, vlada velika nevarnost plazov, ve\u010d krajev odrezanih od sveta"},"content":{"rendered":"<p>Izjemno velika nevarnost plazov vlada v nekaterih goratih predelih, na nadmorski vi\u0161ini nad 1500 metrov, na Predarlskem, na zahodu Tirolske in v okraju Pinzgau na jugozahodu Solnogra\u0161ke.<\/p>\n<p>Plazovi bi ob pro\u017eenju lahko postali &#8220;ekstremno veliki&#8221; in bi predstavljali veliko gro\u017enjo. Med ogro\u017eenimi je na primer tudi Innsbruck, a to po navedbah tamkaj\u0161njih oblasti za zdaj nima neposrednega vpliva na mesto, zato za zdaj tudi ne nameravajo evakuirati prebivalcev.<\/p>\n<p>Sicer pa najvi\u0161ja, peta stopnja nevarnosti plazov vlada tudi v delu vzhodne Tirolske in severnih zillertalskih Alpah, navaja avstrijska radiotelevizija ORF.<\/p>\n<p>Na teh prizadetih obmo\u010djih danes znova mo\u010dno, neprekinjeno sne\u017ei, do popoldneva se bo meja sne\u017eenja spustila do ni\u017ein. Padavine spremlja viharni veter severozahodne smeri, katerega sunki dosegajo do 130 kilometrov na uro. Vremenske razmere se bodo po napovedih vremenoslovcev umirile \u0161ele v torek.<\/p>\n<p>V drugih delih Tirolske in Solnogra\u0161ke, pa tudi v ve\u010djih delih \u0160tajerske in Gornje Avstrije vlada \u010detrta, druga najvi\u0161ja stopnja nevarnosti plazov. Strokovnjaki pozivajo ljudi, naj se dr\u017eijo zapor in upo\u0161tevajo navodila oblasti.<\/p>\n<p>Kot so \u0161e poudarili, so zimske aktivnosti zunaj ozna\u010denih prog zelo nevarne. V soboto so zaradi plazu v Lechu umrli trije nem\u0161ki smu\u010darji, ki so smu\u010dali na zaprti progi, enega \u0161e vedno pogre\u0161ajo.<\/p>\n<p>Na prizadetih obmo\u010djih neprestano delajo gasilci in re\u0161evalci, pomaga jim tudi okoli 1000 vojakov. Pri \u010di\u0161\u010denju snega so danes v kraju Flachgau na Solnogra\u0161kem s strehe padli \u0161tirje delavci, pri \u010demer je eden umrl.<\/p>\n<p>V prizadetih avstrijskih zveznih de\u017eelah so \u017ee v nedeljo zaprli \u0161tevilne ceste in druge prometne povezave. Po vsej dr\u017eavi je zaprtih skupaj ve\u010d kot 180 cest.<\/p>\n<p>Zaradi najvi\u0161je, pete stopnje nevarnosti plazov in tudi sicer zasne\u017eenih cest danes ni ve\u010d mogo\u010de dostopati do nekaterih krajev pod Arlbergom, med katerimi so tudi Lech, Z\u00fcrs in Stuben, ter do ve\u010dine vasi v dolini Walsertal. Zaprli so tudi arlber\u0161ko \u017eelezni\u0161ko povezavo med krajema Bludenz in Landeck. Organizirali so nadomestni prevoz, a prihaja do zamud, tudi do dve uri, poro\u010da avstrijska tiskovna agencija APA.<\/p>\n<p>Tudi na Solnogra\u0161kem po cesti ni ve\u010d mogo\u010de dostopati do nekaterih krajev, med 13. in 14. uro bodo danes pri smu\u010di\u0161\u010du Flachauwinkl v obe smeri zaprli tudi tursko avtocesto. V okraju Pinzgau je bilo v nedeljo zve\u010der od sveta odrezanih okoli 17.000 ljudi.<\/p>\n<p>Re\u0161evalne ekipe v tej avstrijski zvezni de\u017eeli ljudem na zasne\u017eenih obmo\u010djih svetujejo, naj se izogibajo nepotrebnemu gibanju na prostem. Prebivalcem ob gozdnem robu pa svetujejo tudi, naj preno\u010dujejo v kleteh, saj bi se lahko drevje zaradi snega polomilo in popadalo na zasne\u017eene strehe, pri \u010demer bi lahko sneg zasul spe\u010de stanovalce.<\/p>\n<p>V kraju Altaussee na \u0160tajerskem so zaradi nevarnosti plazov nekatere prebivalce v nedeljo preselili, medtem pa je do doline S\u00f6lktal, prav tako na \u0160tajerskem, kjer je bilo teden dni ujetih okoli 480 ljudi, znova mogo\u010de priti po cestni povezavi. Znova je mogo\u010de pristopati tudi do kraja Radmer, a okoli 1100 ljudi v zasne\u017eenih vaseh v tej avstrijski de\u017eeli ostaja odrezanih od sveta. Na nekaterih smu\u010di\u0161\u010dih na \u0160tajerskem danes naprave ne obratujejo.<\/p>\n<p>Obilica snega pa predstavlja veliko te\u017eavo tudi za divje \u017eivali, ki na primer na Tirolskem ne morejo priti do zadostne koli\u010dine hrane. Oskrbovanje krmi\u0161\u010d zaradi ve\u010d metrov visokih sne\u017enih nanosov pogosto ni mogo\u010de.<\/p>\n<p>Mo\u010dno sne\u017ei tudi na jugu nem\u0161ke zvezne de\u017eele Bavarska, zaradi \u010desar bo re\u0161evalcem na pomo\u010d prisko\u010dilo tudi 230 policistov. To je ob obisku v Berchtesgadnu danes napovedal nem\u0161ki notranji minister Horst Seehofer. Na obmo\u010dju tega bavarskega kraja \u017ee dneve vladajo katastrofalne razmere. Ve\u010d kot 1000 pripadnikov vojske, gasilcev, Rde\u010dega kri\u017ea in tehni\u010dnih slu\u017eb pomaga pri \u010di\u0161\u010denju ogromnih koli\u010din snega s streh, ki bi se lahko zru\u0161ile, poro\u010da nem\u0161ka tiskovna agencija dpa.<\/p>\n","protected":false},"excerpt":{"rendered":"<p>V Avstriji razmere na obmo\u010djih, ki jih je mo\u010dno prizadela obilica snega, ostajajo dramati\u010dne. V severnem in osrednjem delu tamkaj\u0161njih Alp znova mo\u010dno sne\u017ei, v ve\u010d delih dr\u017eave vlada velika nevarnost plazov, ve\u010d krajev je odrezanih od sveta, vreme, ki se bo umirilo \u0161ele v torek, pa je terjalo novo smrtno \u017ertev. Dramati\u010dno je tudi na Bavarskem.<\/p>\n","protected":false},"author":8,"featured_media":386576,"comment_status":"closed","ping_status":"closed","sticky":false,"template":"","format":"standard","meta":{"footnotes":""},"categories":[1179],"tags":[1934,7507,7677],"source":[4511],"supertag":[6103],"acf":[],"yoast_head":"<!-- This site is optimized with the Yoast SEO plugin v21.3 - https:\/\/yoast.com\/wordpress\/plugins\/seo\/ -->\n<title>V Avstriji spet sne\u017ei, vlada velika nevarnost plazov, ve\u010d krajev odrezanih od sveta - Hudo Slovenija<\/title>\n<meta name=\"robots\" content=\"index, follow, max-snippet:-1, max-image-preview:large, max-video-preview:-1\" \/>\n<link rel=\"canonical\" href=\"https:\/\/hudo.com\/si\/aktualno\/v-avstriji-spet-snezi-vlada-velika-nevarnost-plazov-vec-krajev-odrezanih-od-sveta\/\" \/>\n<meta property=\"og:locale\" content=\"sl_SI\" \/>\n<meta property=\"og:type\" content=\"article\" \/>\n<meta property=\"og:title\" content=\"V Avstriji spet sne\u017ei, vlada velika nevarnost plazov, ve\u010d krajev odrezanih od sveta - Hudo Slovenija\" \/>\n<meta property=\"og:description\" content=\"V Avstriji razmere na obmo\u010djih, ki jih je mo\u010dno prizadela obilica snega, ostajajo dramati\u010dne. V severnem in osrednjem delu tamkaj\u0161njih Alp znova mo\u010dno sne\u017ei, v ve\u010d delih dr\u017eave vlada velika nevarnost plazov, ve\u010d krajev je odrezanih od sveta, vreme, ki se bo umirilo \u0161ele v torek, pa je terjalo novo smrtno \u017ertev. Dramati\u010dno je tudi na Bavarskem.\" \/>\n<meta property=\"og:url\" content=\"https:\/\/hudo.com\/si\/aktualno\/v-avstriji-spet-snezi-vlada-velika-nevarnost-plazov-vec-krajev-odrezanih-od-sveta\/\" \/>\n<meta property=\"og:site_name\" content=\"Hudo Slovenija\" \/>\n<meta property=\"article:publisher\" content=\"https:\/\/www.facebook.com\/hudo.si\" \/>\n<meta property=\"article:published_time\" content=\"2019-01-14T11:46:37+00:00\" \/>\n<meta property=\"og:image\" content=\"https:\/\/hudo.com\/si\/wp-content\/uploads\/sites\/2\/2019\/01\/profimedia-0405799873-1.jpg\" \/>\n\t<meta property=\"og:image:width\" content=\"1250\" \/>\n\t<meta property=\"og:image:height\" content=\"833\" \/>\n\t<meta property=\"og:image:type\" content=\"image\/jpeg\" \/>\n<meta name=\"author\" content=\"M. N., STA\" \/>\n<meta name=\"twitter:card\" content=\"summary_large_image\" \/>\n<meta name=\"twitter:creator\" content=\"@hudo_si\" \/>\n<meta name=\"twitter:site\" content=\"@hudo_si\" \/>\n<meta name=\"twitter:label1\" content=\"Written by\" \/>\n\t<meta name=\"twitter:data1\" content=\"M. N., STA\" \/>\n\t<meta name=\"twitter:label2\" content=\"Est. reading time\" \/>\n\t<meta name=\"twitter:data2\" content=\"3 minute\" \/>\n<script type=\"application\/ld+json\" class=\"yoast-schema-graph\">{\"@context\":\"https:\/\/schema.org\",\"@graph\":[{\"@type\":\"Article\",\"@id\":\"https:\/\/hudo.com\/si\/aktualno\/v-avstriji-spet-snezi-vlada-velika-nevarnost-plazov-vec-krajev-odrezanih-od-sveta\/#article\",\"isPartOf\":{\"@id\":\"https:\/\/hudo.com\/si\/aktualno\/v-avstriji-spet-snezi-vlada-velika-nevarnost-plazov-vec-krajev-odrezanih-od-sveta\/\"},\"author\":{\"name\":\"M. N., STA\",\"@id\":\"https:\/\/hudo.com\/si\/#\/schema\/person\/c2f10ce65d2e6ede2aeda5be2a0611fa\"},\"headline\":\"V Avstriji spet sne\u017ei, vlada velika nevarnost plazov, ve\u010d krajev odrezanih od sveta\",\"datePublished\":\"2019-01-14T11:46:37+00:00\",\"dateModified\":\"2019-01-14T11:46:37+00:00\",\"mainEntityOfPage\":{\"@id\":\"https:\/\/hudo.com\/si\/aktualno\/v-avstriji-spet-snezi-vlada-velika-nevarnost-plazov-vec-krajev-odrezanih-od-sveta\/\"},\"wordCount\":670,\"publisher\":{\"@id\":\"https:\/\/hudo.com\/si\/#organization\"},\"keywords\":[\"Avstrija\",\"sne\u017eenje\",\"sne\u017eni plaz\"],\"articleSection\":[\"Aktualno\"],\"inLanguage\":\"sl-SI\"},{\"@type\":\"WebPage\",\"@id\":\"https:\/\/hudo.com\/si\/aktualno\/v-avstriji-spet-snezi-vlada-velika-nevarnost-plazov-vec-krajev-odrezanih-od-sveta\/\",\"url\":\"https:\/\/hudo.com\/si\/aktualno\/v-avstriji-spet-snezi-vlada-velika-nevarnost-plazov-vec-krajev-odrezanih-od-sveta\/\",\"name\":\"V Avstriji spet sne\u017ei, vlada velika nevarnost plazov, ve\u010d krajev odrezanih od sveta - Hudo Slovenija\",\"isPartOf\":{\"@id\":\"https:\/\/hudo.com\/si\/#website\"},\"datePublished\":\"2019-01-14T11:46:37+00:00\",\"dateModified\":\"2019-01-14T11:46:37+00:00\",\"breadcrumb\":{\"@id\":\"https:\/\/hudo.com\/si\/aktualno\/v-avstriji-spet-snezi-vlada-velika-nevarnost-plazov-vec-krajev-odrezanih-od-sveta\/#breadcrumb\"},\"inLanguage\":\"sl-SI\",\"potentialAction\":[{\"@type\":\"ReadAction\",\"target\":[\"https:\/\/hudo.com\/si\/aktualno\/v-avstriji-spet-snezi-vlada-velika-nevarnost-plazov-vec-krajev-odrezanih-od-sveta\/\"]}]},{\"@type\":\"BreadcrumbList\",\"@id\":\"https:\/\/hudo.com\/si\/aktualno\/v-avstriji-spet-snezi-vlada-velika-nevarnost-plazov-vec-krajev-odrezanih-od-sveta\/#breadcrumb\",\"itemListElement\":[{\"@type\":\"ListItem\",\"position\":1,\"name\":\"Home\",\"item\":\"https:\/\/hudo.com\/si\/\"},{\"@type\":\"ListItem\",\"position\":2,\"name\":\"V Avstriji spet sne\u017ei, vlada velika nevarnost plazov, ve\u010d krajev odrezanih od sveta\"}]},{\"@type\":\"WebSite\",\"@id\":\"https:\/\/hudo.com\/si\/#website\",\"url\":\"https:\/\/hudo.com\/si\/\",\"name\":\"Hudo Slovenija\",\"description\":\"Vse novice iz Slovenije in sveta\",\"publisher\":{\"@id\":\"https:\/\/hudo.com\/si\/#organization\"},\"potentialAction\":[{\"@type\":\"SearchAction\",\"target\":{\"@type\":\"EntryPoint\",\"urlTemplate\":\"https:\/\/hudo.com\/si\/?s={search_term_string}\"},\"query-input\":\"required name=search_term_string\"}],\"inLanguage\":\"sl-SI\"},{\"@type\":\"Organization\",\"@id\":\"https:\/\/hudo.com\/si\/#organization\",\"name\":\"VSN Media\",\"url\":\"https:\/\/hudo.com\/si\/\",\"logo\":{\"@type\":\"ImageObject\",\"inLanguage\":\"sl-SI\",\"@id\":\"https:\/\/hudo.com\/si\/#\/schema\/logo\/image\/\",\"url\":\"https:\/\/hudo.com\/si\/wp-content\/uploads\/sites\/2\/2021\/03\/hudo-app-2.png\",\"contentUrl\":\"https:\/\/hudo.com\/si\/wp-content\/uploads\/sites\/2\/2021\/03\/hudo-app-2.png\",\"width\":2185,\"height\":2167,\"caption\":\"VSN Media\"},\"image\":{\"@id\":\"https:\/\/hudo.com\/si\/#\/schema\/logo\/image\/\"},\"sameAs\":[\"https:\/\/www.facebook.com\/hudo.si\",\"https:\/\/twitter.com\/hudo_si\"]},{\"@type\":\"Person\",\"@id\":\"https:\/\/hudo.com\/si\/#\/schema\/person\/c2f10ce65d2e6ede2aeda5be2a0611fa\",\"name\":\"M. N., STA\",\"image\":{\"@type\":\"ImageObject\",\"inLanguage\":\"sl-SI\",\"@id\":\"https:\/\/hudo.com\/si\/#\/schema\/person\/image\/\",\"url\":\"https:\/\/secure.gravatar.com\/avatar\/f370d38daa10467f755c5c766a4cac20?s=96&d=mm&r=g\",\"contentUrl\":\"https:\/\/secure.gravatar.com\/avatar\/f370d38daa10467f755c5c766a4cac20?s=96&d=mm&r=g\",\"caption\":\"M. N., STA\"},\"url\":\"https:\/\/hudo.com\/si\/author\/mana\/\"}]}<\/script>\n<!-- \/ Yoast SEO plugin. -->","yoast_head_json":{"title":"V Avstriji spet sne\u017ei, vlada velika nevarnost plazov, ve\u010d krajev odrezanih od sveta - Hudo Slovenija","robots":{"index":"index","follow":"follow","max-snippet":"max-snippet:-1","max-image-preview":"max-image-preview:large","max-video-preview":"max-video-preview:-1"},"canonical":"https:\/\/hudo.com\/si\/aktualno\/v-avstriji-spet-snezi-vlada-velika-nevarnost-plazov-vec-krajev-odrezanih-od-sveta\/","og_locale":"sl_SI","og_type":"article","og_title":"V Avstriji spet sne\u017ei, vlada velika nevarnost plazov, ve\u010d krajev odrezanih od sveta - Hudo Slovenija","og_description":"V Avstriji razmere na obmo\u010djih, ki jih je mo\u010dno prizadela obilica snega, ostajajo dramati\u010dne. V severnem in osrednjem delu tamkaj\u0161njih Alp znova mo\u010dno sne\u017ei, v ve\u010d delih dr\u017eave vlada velika nevarnost plazov, ve\u010d krajev je odrezanih od sveta, vreme, ki se bo umirilo \u0161ele v torek, pa je terjalo novo smrtno \u017ertev. Dramati\u010dno je tudi na Bavarskem.","og_url":"https:\/\/hudo.com\/si\/aktualno\/v-avstriji-spet-snezi-vlada-velika-nevarnost-plazov-vec-krajev-odrezanih-od-sveta\/","og_site_name":"Hudo Slovenija","article_publisher":"https:\/\/www.facebook.com\/hudo.si","article_published_time":"2019-01-14T11:46:37+00:00","og_image":[{"width":1250,"height":833,"url":"https:\/\/hudo.com\/si\/wp-content\/uploads\/sites\/2\/2019\/01\/profimedia-0405799873-1.jpg","type":"image\/jpeg"}],"author":"M. N., STA","twitter_card":"summary_large_image","twitter_creator":"@hudo_si","twitter_site":"@hudo_si","twitter_misc":{"Written by":"M. N., STA","Est. reading time":"3 minute"},"schema":{"@context":"https:\/\/schema.org","@graph":[{"@type":"Article","@id":"https:\/\/hudo.com\/si\/aktualno\/v-avstriji-spet-snezi-vlada-velika-nevarnost-plazov-vec-krajev-odrezanih-od-sveta\/#article","isPartOf":{"@id":"https:\/\/hudo.com\/si\/aktualno\/v-avstriji-spet-snezi-vlada-velika-nevarnost-plazov-vec-krajev-odrezanih-od-sveta\/"},"author":{"name":"M. N., STA","@id":"https:\/\/hudo.com\/si\/#\/schema\/person\/c2f10ce65d2e6ede2aeda5be2a0611fa"},"headline":"V Avstriji spet sne\u017ei, vlada velika nevarnost plazov, ve\u010d krajev odrezanih od sveta","datePublished":"2019-01-14T11:46:37+00:00","dateModified":"2019-01-14T11:46:37+00:00","mainEntityOfPage":{"@id":"https:\/\/hudo.com\/si\/aktualno\/v-avstriji-spet-snezi-vlada-velika-nevarnost-plazov-vec-krajev-odrezanih-od-sveta\/"},"wordCount":670,"publisher":{"@id":"https:\/\/hudo.com\/si\/#organization"},"keywords":["Avstrija","sne\u017eenje","sne\u017eni plaz"],"articleSection":["Aktualno"],"inLanguage":"sl-SI"},{"@type":"WebPage","@id":"https:\/\/hudo.com\/si\/aktualno\/v-avstriji-spet-snezi-vlada-velika-nevarnost-plazov-vec-krajev-odrezanih-od-sveta\/","url":"https:\/\/hudo.com\/si\/aktualno\/v-avstriji-spet-snezi-vlada-velika-nevarnost-plazov-vec-krajev-odrezanih-od-sveta\/","name":"V Avstriji spet sne\u017ei, vlada velika nevarnost plazov, ve\u010d krajev odrezanih od sveta - Hudo Slovenija","isPartOf":{"@id":"https:\/\/hudo.com\/si\/#website"},"datePublished":"2019-01-14T11:46:37+00:00","dateModified":"2019-01-14T11:46:37+00:00","breadcrumb":{"@id":"https:\/\/hudo.com\/si\/aktualno\/v-avstriji-spet-snezi-vlada-velika-nevarnost-plazov-vec-krajev-odrezanih-od-sveta\/#breadcrumb"},"inLanguage":"sl-SI","potentialAction":[{"@type":"ReadAction","target":["https:\/\/hudo.com\/si\/aktualno\/v-avstriji-spet-snezi-vlada-velika-nevarnost-plazov-vec-krajev-odrezanih-od-sveta\/"]}]},{"@type":"BreadcrumbList","@id":"https:\/\/hudo.com\/si\/aktualno\/v-avstriji-spet-snezi-vlada-velika-nevarnost-plazov-vec-krajev-odrezanih-od-sveta\/#breadcrumb","itemListElement":[{"@type":"ListItem","position":1,"name":"Home","item":"https:\/\/hudo.com\/si\/"},{"@type":"ListItem","position":2,"name":"V Avstriji spet sne\u017ei, vlada velika nevarnost plazov, ve\u010d krajev odrezanih od sveta"}]},{"@type":"WebSite","@id":"https:\/\/hudo.com\/si\/#website","url":"https:\/\/hudo.com\/si\/","name":"Hudo Slovenija","description":"Vse novice iz Slovenije in sveta","publisher":{"@id":"https:\/\/hudo.com\/si\/#organization"},"potentialAction":[{"@type":"SearchAction","target":{"@type":"EntryPoint","urlTemplate":"https:\/\/hudo.com\/si\/?s={search_term_string}"},"query-input":"required name=search_term_string"}],"inLanguage":"sl-SI"},{"@type":"Organization","@id":"https:\/\/hudo.com\/si\/#organization","name":"VSN Media","url":"https:\/\/hudo.com\/si\/","logo":{"@type":"ImageObject","inLanguage":"sl-SI","@id":"https:\/\/hudo.com\/si\/#\/schema\/logo\/image\/","url":"https:\/\/hudo.com\/si\/wp-content\/uploads\/sites\/2\/2021\/03\/hudo-app-2.png","contentUrl":"https:\/\/hudo.com\/si\/wp-content\/uploads\/sites\/2\/2021\/03\/hudo-app-2.png","width":2185,"height":2167,"caption":"VSN Media"},"image":{"@id":"https:\/\/hudo.com\/si\/#\/schema\/logo\/image\/"},"sameAs":["https:\/\/www.facebook.com\/hudo.si","https:\/\/twitter.com\/hudo_si"]},{"@type":"Person","@id":"https:\/\/hudo.com\/si\/#\/schema\/person\/c2f10ce65d2e6ede2aeda5be2a0611fa","name":"M. N., STA","image":{"@type":"ImageObject","inLanguage":"sl-SI","@id":"https:\/\/hudo.com\/si\/#\/schema\/person\/image\/","url":"https:\/\/secure.gravatar.com\/avatar\/f370d38daa10467f755c5c766a4cac20?s=96&d=mm&r=g","contentUrl":"https:\/\/secure.gravatar.com\/avatar\/f370d38daa10467f755c5c766a4cac20?s=96&d=mm&r=g","caption":"M. N., STA"},"url":"https:\/\/hudo.com\/si\/author\/mana\/"}]}},"amp_enabled":true,"_links":{"self":[{"href":"https:\/\/hudo.com\/si\/wp-json\/wp\/v2\/posts\/387747"}],"collection":[{"href":"https:\/\/hudo.com\/si\/wp-json\/wp\/v2\/posts"}],"about":[{"href":"https:\/\/hudo.com\/si\/wp-json\/wp\/v2\/types\/post"}],"author":[{"embeddable":true,"href":"https:\/\/hudo.com\/si\/wp-json\/wp\/v2\/users\/8"}],"replies":[{"embeddable":true,"href":"https:\/\/hudo.com\/si\/wp-json\/wp\/v2\/comments?post=387747"}],"version-history":[{"count":1,"href":"https:\/\/hudo.com\/si\/wp-json\/wp\/v2\/posts\/387747\/revisions"}],"predecessor-version":[{"id":387748,"href":"https:\/\/hudo.com\/si\/wp-json\/wp\/v2\/posts\/387747\/revisions\/387748"}],"wp:featuredmedia":[{"embeddable":true,"href":"https:\/\/hudo.com\/si\/wp-json\/wp\/v2\/media\/386576"}],"wp:attachment":[{"href":"https:\/\/hudo.com\/si\/wp-json\/wp\/v2\/media?parent=387747"}],"wp:term":[{"taxonomy":"category","embeddable":true,"href":"https:\/\/hudo.com\/si\/wp-json\/wp\/v2\/categories?post=387747"},{"taxonomy":"post_tag","embeddable":true,"href":"https:\/\/hudo.com\/si\/wp-json\/wp\/v2\/tags?post=387747"},{"taxonomy":"source","embeddable":true,"href":"https:\/\/hudo.com\/si\/wp-json\/wp\/v2\/source?post=387747"},{"taxonomy":"supertag","embeddable":true,"href":"https:\/\/hudo.com\/si\/wp-json\/wp\/v2\/supertag?post=387747"}],"curies":[{"name":"wp","href":"https:\/\/api.w.org\/{rel}","templated":true}]}}