{"id":387763,"date":"2019-01-14T13:37:22","date_gmt":"2019-01-14T12:37:22","guid":{"rendered":"http:\/\/hudo.com\/si\/?p=387763"},"modified":"2019-01-14T13:37:22","modified_gmt":"2019-01-14T12:37:22","slug":"bezal-pred-novomeskimi-policisti-povzrocil-prometno-nesreco","status":"publish","type":"post","link":"https:\/\/hudo.com\/si\/aktualno\/bezal-pred-novomeskimi-policisti-povzrocil-prometno-nesreco\/","title":{"rendered":"Be\u017eal pred novome\u0161kimi policisti in povzro\u010dil prometno nesre\u010do"},"content":{"rendered":"<div class=\"text\">\n<p>Kot so pojasnili na policiji, 29-letni voznik znakov policistov ni upo\u0161teval in je s pospe\u0161eno hitrostjo nadaljeval vo\u017enjo. V kro\u017ei\u0161\u010de je zapeljal po nasprotnem prometnem pasu, nadaljeval nevarno vo\u017enjo in kljub svetlobnim in zvo\u010dnim signalom policije nepravilno prehiteval.<\/p>\n<p>V okolici Novega mesta je nato kr\u0161itelj v nepreglednem ovinku izgubil oblast nad vozilom in zapeljal s ceste. Ko je ponovno zapeljal na cesto, je zaradi izsiljevanja prednosti tr\u010dil v slu\u017ebeno vozilo policije. V nesre\u010di so se la\u017eje po\u0161kodovali policist, povzro\u010ditelj nesre\u010de in potnica v njegovem vozilu, so sporo\u010dili s policije.<\/p>\n<p>Povzro\u010ditelj nesre\u010de, ki nima veljavnega vozni\u0161kega dovoljenja, je vozil neregistriran in nezavarovan avtomobil. Policisti mu bodo zaradi kr\u0161itev cestno prometnih predpisov izdali pla\u010dilni nalog in na pristojno to\u017eilstvo podali kazensko ovadbo zaradi kaznivega dejanja nevarne vo\u017enje v cestnem prometu.<\/p>\n<\/div>\n","protected":false},"excerpt":{"rendered":"<p>Novome\u0161ki policisti so v petek med kontrolo prometa ustavljali voznika osebnega avtomobila, ki pa znakov ni upo\u0161teval in je nadaljeval vo\u017enjo. V ovinku je izgubil oblast nad vozilom in zapeljal s ceste. Ko je ponovno zapeljal na cesto, se je zaletel v policijsko vozilo, tri osebe so se po\u0161kodovale, so danes sporo\u010dili s Policijske uprave Novo mesto.<\/p>\n","protected":false},"author":5,"featured_media":140552,"comment_status":"closed","ping_status":"closed","sticky":false,"template":"","format":"standard","meta":{"footnotes":""},"categories":[1179],"tags":[1728,4791,10244,1595],"source":[4511],"supertag":[7150],"acf":[],"yoast_head":"<!-- This site is optimized with the Yoast SEO plugin v21.3 - https:\/\/yoast.com\/wordpress\/plugins\/seo\/ -->\n<title>Be\u017eal pred novome\u0161kimi policisti in povzro\u010dil prometno nesre\u010do - Hudo Slovenija<\/title>\n<meta name=\"robots\" content=\"index, follow, max-snippet:-1, max-image-preview:large, max-video-preview:-1\" \/>\n<link rel=\"canonical\" href=\"https:\/\/hudo.com\/si\/aktualno\/bezal-pred-novomeskimi-policisti-povzrocil-prometno-nesreco\/\" \/>\n<meta property=\"og:locale\" content=\"sl_SI\" \/>\n<meta property=\"og:type\" content=\"article\" \/>\n<meta property=\"og:title\" content=\"Be\u017eal pred novome\u0161kimi policisti in povzro\u010dil prometno nesre\u010do - Hudo Slovenija\" \/>\n<meta property=\"og:description\" content=\"Novome\u0161ki policisti so v petek med kontrolo prometa ustavljali voznika osebnega avtomobila, ki pa znakov ni upo\u0161teval in je nadaljeval vo\u017enjo. V ovinku je izgubil oblast nad vozilom in zapeljal s ceste. Ko je ponovno zapeljal na cesto, se je zaletel v policijsko vozilo, tri osebe so se po\u0161kodovale, so danes sporo\u010dili s Policijske uprave Novo mesto.\" \/>\n<meta property=\"og:url\" content=\"https:\/\/hudo.com\/si\/aktualno\/bezal-pred-novomeskimi-policisti-povzrocil-prometno-nesreco\/\" \/>\n<meta property=\"og:site_name\" content=\"Hudo Slovenija\" \/>\n<meta property=\"article:publisher\" content=\"https:\/\/www.facebook.com\/hudo.si\" \/>\n<meta property=\"article:published_time\" content=\"2019-01-14T12:37:22+00:00\" \/>\n<meta property=\"og:image\" content=\"https:\/\/hudo.com\/si\/wp-content\/uploads\/sites\/2\/2016\/09\/20090622-00138477.jpg\" \/>\n\t<meta property=\"og:image:width\" content=\"640\" \/>\n\t<meta property=\"og:image:height\" content=\"472\" \/>\n\t<meta property=\"og:image:type\" content=\"image\/jpeg\" \/>\n<meta name=\"author\" content=\"A. G., STA\" \/>\n<meta name=\"twitter:card\" content=\"summary_large_image\" \/>\n<meta name=\"twitter:creator\" content=\"@hudo_si\" \/>\n<meta name=\"twitter:site\" content=\"@hudo_si\" \/>\n<meta name=\"twitter:label1\" content=\"Written by\" \/>\n\t<meta name=\"twitter:data1\" content=\"A. G., STA\" \/>\n\t<meta name=\"twitter:label2\" content=\"Est. reading time\" \/>\n\t<meta name=\"twitter:data2\" content=\"1 minuta\" \/>\n<script type=\"application\/ld+json\" class=\"yoast-schema-graph\">{\"@context\":\"https:\/\/schema.org\",\"@graph\":[{\"@type\":\"Article\",\"@id\":\"https:\/\/hudo.com\/si\/aktualno\/bezal-pred-novomeskimi-policisti-povzrocil-prometno-nesreco\/#article\",\"isPartOf\":{\"@id\":\"https:\/\/hudo.com\/si\/aktualno\/bezal-pred-novomeskimi-policisti-povzrocil-prometno-nesreco\/\"},\"author\":{\"name\":\"A. G., STA\",\"@id\":\"https:\/\/hudo.com\/si\/#\/schema\/person\/2391667a63ea075ba94f2f2dc6b77537\"},\"headline\":\"Be\u017eal pred novome\u0161kimi policisti in povzro\u010dil prometno nesre\u010do\",\"datePublished\":\"2019-01-14T12:37:22+00:00\",\"dateModified\":\"2019-01-14T12:37:22+00:00\",\"mainEntityOfPage\":{\"@id\":\"https:\/\/hudo.com\/si\/aktualno\/bezal-pred-novomeskimi-policisti-povzrocil-prometno-nesreco\/\"},\"wordCount\":163,\"publisher\":{\"@id\":\"https:\/\/hudo.com\/si\/#organization\"},\"keywords\":[\"policija\",\"prometna nesre\u010da\",\"prometna varnost\",\"Slovenija\"],\"articleSection\":[\"Aktualno\"],\"inLanguage\":\"sl-SI\"},{\"@type\":\"WebPage\",\"@id\":\"https:\/\/hudo.com\/si\/aktualno\/bezal-pred-novomeskimi-policisti-povzrocil-prometno-nesreco\/\",\"url\":\"https:\/\/hudo.com\/si\/aktualno\/bezal-pred-novomeskimi-policisti-povzrocil-prometno-nesreco\/\",\"name\":\"Be\u017eal pred novome\u0161kimi policisti in povzro\u010dil prometno nesre\u010do - Hudo Slovenija\",\"isPartOf\":{\"@id\":\"https:\/\/hudo.com\/si\/#website\"},\"datePublished\":\"2019-01-14T12:37:22+00:00\",\"dateModified\":\"2019-01-14T12:37:22+00:00\",\"breadcrumb\":{\"@id\":\"https:\/\/hudo.com\/si\/aktualno\/bezal-pred-novomeskimi-policisti-povzrocil-prometno-nesreco\/#breadcrumb\"},\"inLanguage\":\"sl-SI\",\"potentialAction\":[{\"@type\":\"ReadAction\",\"target\":[\"https:\/\/hudo.com\/si\/aktualno\/bezal-pred-novomeskimi-policisti-povzrocil-prometno-nesreco\/\"]}]},{\"@type\":\"BreadcrumbList\",\"@id\":\"https:\/\/hudo.com\/si\/aktualno\/bezal-pred-novomeskimi-policisti-povzrocil-prometno-nesreco\/#breadcrumb\",\"itemListElement\":[{\"@type\":\"ListItem\",\"position\":1,\"name\":\"Home\",\"item\":\"https:\/\/hudo.com\/si\/\"},{\"@type\":\"ListItem\",\"position\":2,\"name\":\"Be\u017eal pred novome\u0161kimi policisti in povzro\u010dil prometno nesre\u010do\"}]},{\"@type\":\"WebSite\",\"@id\":\"https:\/\/hudo.com\/si\/#website\",\"url\":\"https:\/\/hudo.com\/si\/\",\"name\":\"Hudo Slovenija\",\"description\":\"Vse novice iz Slovenije in sveta\",\"publisher\":{\"@id\":\"https:\/\/hudo.com\/si\/#organization\"},\"potentialAction\":[{\"@type\":\"SearchAction\",\"target\":{\"@type\":\"EntryPoint\",\"urlTemplate\":\"https:\/\/hudo.com\/si\/?s={search_term_string}\"},\"query-input\":\"required name=search_term_string\"}],\"inLanguage\":\"sl-SI\"},{\"@type\":\"Organization\",\"@id\":\"https:\/\/hudo.com\/si\/#organization\",\"name\":\"VSN Media\",\"url\":\"https:\/\/hudo.com\/si\/\",\"logo\":{\"@type\":\"ImageObject\",\"inLanguage\":\"sl-SI\",\"@id\":\"https:\/\/hudo.com\/si\/#\/schema\/logo\/image\/\",\"url\":\"https:\/\/hudo.com\/si\/wp-content\/uploads\/sites\/2\/2021\/03\/hudo-app-2.png\",\"contentUrl\":\"https:\/\/hudo.com\/si\/wp-content\/uploads\/sites\/2\/2021\/03\/hudo-app-2.png\",\"width\":2185,\"height\":2167,\"caption\":\"VSN Media\"},\"image\":{\"@id\":\"https:\/\/hudo.com\/si\/#\/schema\/logo\/image\/\"},\"sameAs\":[\"https:\/\/www.facebook.com\/hudo.si\",\"https:\/\/twitter.com\/hudo_si\"]},{\"@type\":\"Person\",\"@id\":\"https:\/\/hudo.com\/si\/#\/schema\/person\/2391667a63ea075ba94f2f2dc6b77537\",\"name\":\"A. G., STA\",\"image\":{\"@type\":\"ImageObject\",\"inLanguage\":\"sl-SI\",\"@id\":\"https:\/\/hudo.com\/si\/#\/schema\/person\/image\/\",\"url\":\"https:\/\/secure.gravatar.com\/avatar\/e13d22ac3e442658d5025fbbe6238a79?s=96&d=mm&r=g\",\"contentUrl\":\"https:\/\/secure.gravatar.com\/avatar\/e13d22ac3e442658d5025fbbe6238a79?s=96&d=mm&r=g\",\"caption\":\"A. G., STA\"},\"url\":\"https:\/\/hudo.com\/si\/author\/alenka\/\"}]}<\/script>\n<!-- \/ Yoast SEO plugin. -->","yoast_head_json":{"title":"Be\u017eal pred novome\u0161kimi policisti in povzro\u010dil prometno nesre\u010do - Hudo Slovenija","robots":{"index":"index","follow":"follow","max-snippet":"max-snippet:-1","max-image-preview":"max-image-preview:large","max-video-preview":"max-video-preview:-1"},"canonical":"https:\/\/hudo.com\/si\/aktualno\/bezal-pred-novomeskimi-policisti-povzrocil-prometno-nesreco\/","og_locale":"sl_SI","og_type":"article","og_title":"Be\u017eal pred novome\u0161kimi policisti in povzro\u010dil prometno nesre\u010do - Hudo Slovenija","og_description":"Novome\u0161ki policisti so v petek med kontrolo prometa ustavljali voznika osebnega avtomobila, ki pa znakov ni upo\u0161teval in je nadaljeval vo\u017enjo. V ovinku je izgubil oblast nad vozilom in zapeljal s ceste. Ko je ponovno zapeljal na cesto, se je zaletel v policijsko vozilo, tri osebe so se po\u0161kodovale, so danes sporo\u010dili s Policijske uprave Novo mesto.","og_url":"https:\/\/hudo.com\/si\/aktualno\/bezal-pred-novomeskimi-policisti-povzrocil-prometno-nesreco\/","og_site_name":"Hudo Slovenija","article_publisher":"https:\/\/www.facebook.com\/hudo.si","article_published_time":"2019-01-14T12:37:22+00:00","og_image":[{"width":640,"height":472,"url":"https:\/\/hudo.com\/si\/wp-content\/uploads\/sites\/2\/2016\/09\/20090622-00138477.jpg","type":"image\/jpeg"}],"author":"A. G., STA","twitter_card":"summary_large_image","twitter_creator":"@hudo_si","twitter_site":"@hudo_si","twitter_misc":{"Written by":"A. G., STA","Est. reading time":"1 minuta"},"schema":{"@context":"https:\/\/schema.org","@graph":[{"@type":"Article","@id":"https:\/\/hudo.com\/si\/aktualno\/bezal-pred-novomeskimi-policisti-povzrocil-prometno-nesreco\/#article","isPartOf":{"@id":"https:\/\/hudo.com\/si\/aktualno\/bezal-pred-novomeskimi-policisti-povzrocil-prometno-nesreco\/"},"author":{"name":"A. G., STA","@id":"https:\/\/hudo.com\/si\/#\/schema\/person\/2391667a63ea075ba94f2f2dc6b77537"},"headline":"Be\u017eal pred novome\u0161kimi policisti in povzro\u010dil prometno nesre\u010do","datePublished":"2019-01-14T12:37:22+00:00","dateModified":"2019-01-14T12:37:22+00:00","mainEntityOfPage":{"@id":"https:\/\/hudo.com\/si\/aktualno\/bezal-pred-novomeskimi-policisti-povzrocil-prometno-nesreco\/"},"wordCount":163,"publisher":{"@id":"https:\/\/hudo.com\/si\/#organization"},"keywords":["policija","prometna nesre\u010da","prometna varnost","Slovenija"],"articleSection":["Aktualno"],"inLanguage":"sl-SI"},{"@type":"WebPage","@id":"https:\/\/hudo.com\/si\/aktualno\/bezal-pred-novomeskimi-policisti-povzrocil-prometno-nesreco\/","url":"https:\/\/hudo.com\/si\/aktualno\/bezal-pred-novomeskimi-policisti-povzrocil-prometno-nesreco\/","name":"Be\u017eal pred novome\u0161kimi policisti in povzro\u010dil prometno nesre\u010do - Hudo Slovenija","isPartOf":{"@id":"https:\/\/hudo.com\/si\/#website"},"datePublished":"2019-01-14T12:37:22+00:00","dateModified":"2019-01-14T12:37:22+00:00","breadcrumb":{"@id":"https:\/\/hudo.com\/si\/aktualno\/bezal-pred-novomeskimi-policisti-povzrocil-prometno-nesreco\/#breadcrumb"},"inLanguage":"sl-SI","potentialAction":[{"@type":"ReadAction","target":["https:\/\/hudo.com\/si\/aktualno\/bezal-pred-novomeskimi-policisti-povzrocil-prometno-nesreco\/"]}]},{"@type":"BreadcrumbList","@id":"https:\/\/hudo.com\/si\/aktualno\/bezal-pred-novomeskimi-policisti-povzrocil-prometno-nesreco\/#breadcrumb","itemListElement":[{"@type":"ListItem","position":1,"name":"Home","item":"https:\/\/hudo.com\/si\/"},{"@type":"ListItem","position":2,"name":"Be\u017eal pred novome\u0161kimi policisti in povzro\u010dil prometno nesre\u010do"}]},{"@type":"WebSite","@id":"https:\/\/hudo.com\/si\/#website","url":"https:\/\/hudo.com\/si\/","name":"Hudo Slovenija","description":"Vse novice iz Slovenije in sveta","publisher":{"@id":"https:\/\/hudo.com\/si\/#organization"},"potentialAction":[{"@type":"SearchAction","target":{"@type":"EntryPoint","urlTemplate":"https:\/\/hudo.com\/si\/?s={search_term_string}"},"query-input":"required name=search_term_string"}],"inLanguage":"sl-SI"},{"@type":"Organization","@id":"https:\/\/hudo.com\/si\/#organization","name":"VSN Media","url":"https:\/\/hudo.com\/si\/","logo":{"@type":"ImageObject","inLanguage":"sl-SI","@id":"https:\/\/hudo.com\/si\/#\/schema\/logo\/image\/","url":"https:\/\/hudo.com\/si\/wp-content\/uploads\/sites\/2\/2021\/03\/hudo-app-2.png","contentUrl":"https:\/\/hudo.com\/si\/wp-content\/uploads\/sites\/2\/2021\/03\/hudo-app-2.png","width":2185,"height":2167,"caption":"VSN Media"},"image":{"@id":"https:\/\/hudo.com\/si\/#\/schema\/logo\/image\/"},"sameAs":["https:\/\/www.facebook.com\/hudo.si","https:\/\/twitter.com\/hudo_si"]},{"@type":"Person","@id":"https:\/\/hudo.com\/si\/#\/schema\/person\/2391667a63ea075ba94f2f2dc6b77537","name":"A. G., STA","image":{"@type":"ImageObject","inLanguage":"sl-SI","@id":"https:\/\/hudo.com\/si\/#\/schema\/person\/image\/","url":"https:\/\/secure.gravatar.com\/avatar\/e13d22ac3e442658d5025fbbe6238a79?s=96&d=mm&r=g","contentUrl":"https:\/\/secure.gravatar.com\/avatar\/e13d22ac3e442658d5025fbbe6238a79?s=96&d=mm&r=g","caption":"A. G., STA"},"url":"https:\/\/hudo.com\/si\/author\/alenka\/"}]}},"amp_enabled":true,"_links":{"self":[{"href":"https:\/\/hudo.com\/si\/wp-json\/wp\/v2\/posts\/387763"}],"collection":[{"href":"https:\/\/hudo.com\/si\/wp-json\/wp\/v2\/posts"}],"about":[{"href":"https:\/\/hudo.com\/si\/wp-json\/wp\/v2\/types\/post"}],"author":[{"embeddable":true,"href":"https:\/\/hudo.com\/si\/wp-json\/wp\/v2\/users\/5"}],"replies":[{"embeddable":true,"href":"https:\/\/hudo.com\/si\/wp-json\/wp\/v2\/comments?post=387763"}],"version-history":[{"count":1,"href":"https:\/\/hudo.com\/si\/wp-json\/wp\/v2\/posts\/387763\/revisions"}],"predecessor-version":[{"id":387765,"href":"https:\/\/hudo.com\/si\/wp-json\/wp\/v2\/posts\/387763\/revisions\/387765"}],"wp:featuredmedia":[{"embeddable":true,"href":"https:\/\/hudo.com\/si\/wp-json\/wp\/v2\/media\/140552"}],"wp:attachment":[{"href":"https:\/\/hudo.com\/si\/wp-json\/wp\/v2\/media?parent=387763"}],"wp:term":[{"taxonomy":"category","embeddable":true,"href":"https:\/\/hudo.com\/si\/wp-json\/wp\/v2\/categories?post=387763"},{"taxonomy":"post_tag","embeddable":true,"href":"https:\/\/hudo.com\/si\/wp-json\/wp\/v2\/tags?post=387763"},{"taxonomy":"source","embeddable":true,"href":"https:\/\/hudo.com\/si\/wp-json\/wp\/v2\/source?post=387763"},{"taxonomy":"supertag","embeddable":true,"href":"https:\/\/hudo.com\/si\/wp-json\/wp\/v2\/supertag?post=387763"}],"curies":[{"name":"wp","href":"https:\/\/api.w.org\/{rel}","templated":true}]}}