{"id":387767,"date":"2019-01-14T13:50:05","date_gmt":"2019-01-14T12:50:05","guid":{"rendered":"http:\/\/hudo.com\/si\/?p=387767"},"modified":"2019-01-14T13:50:05","modified_gmt":"2019-01-14T12:50:05","slug":"danes-letosnji-najtoplejsi-dan-odjuga-bo-trajala-se-petka","status":"publish","type":"post","link":"https:\/\/hudo.com\/si\/aktualno\/danes-letosnji-najtoplejsi-dan-odjuga-bo-trajala-se-petka\/","title":{"rendered":"Danes leto\u0161nji najtoplej\u0161i dan, odjuga bo trajala \u0161e do petka"},"content":{"rendered":"<p>Po podatkih Arsa, ki so jih objavili na Twitterju, je bilo danes ob 12. uri v \u010crnomlju 13 stopinj Celzija, v Novi Gorici so jih namerili 12, v Kranju 11, v Ko\u010devju, Ljubljani, Portoro\u017eu in Celju pa 10.<\/p>\n<p>Na Twitterju so ob tem opozorili tudi na tanj\u0161anje ledenih povr\u0161in. Kot je za STA pojasnil hidrolog Janez Polajnar, to predvidevajo glede na toplo vreme, ki ga imamo \u017ee drugi dan, odjuga pa bo predvidoma trajala do petka.<\/p>\n<p>Po njegovih navedbah na rekah in ve\u010djih jezerih, kjer imajo vodomerne postaje, ledu \u0161e ni. So pa zaledenele nekatere plitvej\u0161e stoje\u010de vode in denimo tudi Cerkni\u0161ko jezero, na katerem so se v preteklih dneh ljudje \u017ee drsali. Polajnar ni \u017eelel soditi o varnosti drsanja na tem jezeru v preteklih in prihodnjih dneh. Opozoril pa je, da se bo glede na temperature ledena povr\u0161ina tanj\u0161ala.<\/p>\n<p>Kako hitro se bo tanj\u0161ala, je po Polajnarjevih navedbah odvisno tudi od no\u010dnih temperatur. Ker bodo v teh dneh temperature pono\u010di okoli ni\u010d stopinj Celzija, ponekod v vi\u0161jih legah tudi pod ni\u010dlo, tanj\u0161anje ledenih povr\u0161in morda ne bo potekalo tako hitro. \u010ce bi bila pa tudi pono\u010di temperatura krepko nad ni\u010dlo, se pa lahko ledena skorja tanj\u0161a hitro in v nekaj dnevih postane nenosilna. To je odvisno tudi od tega, kako debela je bila. Glede na to, da doslej ni bilo dolgotrajnega izrednega mraza, tudi povr\u0161ine niso tako trdo zaledenele, je pojasnil.<\/p>\n<p>Vremenoslovci sicer napovedujejo, da bo danes popoldne sprva dokaj jasno, nato bo spet ve\u010d spremenljive obla\u010dnosti. Nastane lahko kak\u0161na ploha. V torek bo son\u010dno z ob\u010dasno pove\u010dano obla\u010dnostjo. Najni\u017eje jutranje temperature bodo od &#8211; 6 do 1 stopinje Celzija, v zati\u0161nih legah do &#8211; 8, najvi\u0161je dnevne temperature pa bodo od 4 do 8, na Primorskem do 10 stopinj Celzija.<\/p>\n","protected":false},"excerpt":{"rendered":"<p>Po podatkih Agencije RS za okolje (Arso) je danes najtoplej\u0161i leto\u0161nji dan doslej, temperature marsikje presegajo 10 stopinj Celzija. Hidrologi ob tej odjugi, ki bo predvidoma trajala do petka, opozarjajo, da se bodo v tem tednu ledene povr\u0161ine na jezerih in rekah tanj\u0161ale, zato obiskovalcem ledenih povr\u0161in svetujejo previdnost.<\/p>\n","protected":false},"author":8,"featured_media":337087,"comment_status":"closed","ping_status":"closed","sticky":false,"template":"","format":"standard","meta":{"footnotes":""},"categories":[1179],"tags":[1595,2149,3926],"source":[4511],"supertag":[],"acf":[],"yoast_head":"<!-- This site is optimized with the Yoast SEO plugin v21.3 - https:\/\/yoast.com\/wordpress\/plugins\/seo\/ -->\n<title>Danes leto\u0161nji najtoplej\u0161i dan, odjuga bo trajala \u0161e do petka - Hudo Slovenija<\/title>\n<meta name=\"robots\" content=\"index, follow, max-snippet:-1, max-image-preview:large, max-video-preview:-1\" \/>\n<link rel=\"canonical\" href=\"https:\/\/hudo.com\/si\/aktualno\/danes-letosnji-najtoplejsi-dan-odjuga-bo-trajala-se-petka\/\" \/>\n<meta property=\"og:locale\" content=\"sl_SI\" \/>\n<meta property=\"og:type\" content=\"article\" \/>\n<meta property=\"og:title\" content=\"Danes leto\u0161nji najtoplej\u0161i dan, odjuga bo trajala \u0161e do petka - Hudo Slovenija\" \/>\n<meta property=\"og:description\" content=\"Po podatkih Agencije RS za okolje (Arso) je danes najtoplej\u0161i leto\u0161nji dan doslej, temperature marsikje presegajo 10 stopinj Celzija. Hidrologi ob tej odjugi, ki bo predvidoma trajala do petka, opozarjajo, da se bodo v tem tednu ledene povr\u0161ine na jezerih in rekah tanj\u0161ale, zato obiskovalcem ledenih povr\u0161in svetujejo previdnost.\" \/>\n<meta property=\"og:url\" content=\"https:\/\/hudo.com\/si\/aktualno\/danes-letosnji-najtoplejsi-dan-odjuga-bo-trajala-se-petka\/\" \/>\n<meta property=\"og:site_name\" content=\"Hudo Slovenija\" \/>\n<meta property=\"article:publisher\" content=\"https:\/\/www.facebook.com\/hudo.si\" \/>\n<meta property=\"article:published_time\" content=\"2019-01-14T12:50:05+00:00\" \/>\n<meta property=\"og:image\" content=\"https:\/\/hudo.com\/si\/wp-content\/uploads\/sites\/2\/2017\/12\/profimedia-0216574793.jpg\" \/>\n\t<meta property=\"og:image:width\" content=\"1250\" \/>\n\t<meta property=\"og:image:height\" content=\"1250\" \/>\n\t<meta property=\"og:image:type\" content=\"image\/jpeg\" \/>\n<meta name=\"author\" content=\"M. N., STA\" \/>\n<meta name=\"twitter:card\" content=\"summary_large_image\" \/>\n<meta name=\"twitter:creator\" content=\"@hudo_si\" \/>\n<meta name=\"twitter:site\" content=\"@hudo_si\" \/>\n<meta name=\"twitter:label1\" content=\"Written by\" \/>\n\t<meta name=\"twitter:data1\" content=\"M. N., STA\" \/>\n\t<meta name=\"twitter:label2\" content=\"Est. reading time\" \/>\n\t<meta name=\"twitter:data2\" content=\"2 minuti\" \/>\n<script type=\"application\/ld+json\" class=\"yoast-schema-graph\">{\"@context\":\"https:\/\/schema.org\",\"@graph\":[{\"@type\":\"Article\",\"@id\":\"https:\/\/hudo.com\/si\/aktualno\/danes-letosnji-najtoplejsi-dan-odjuga-bo-trajala-se-petka\/#article\",\"isPartOf\":{\"@id\":\"https:\/\/hudo.com\/si\/aktualno\/danes-letosnji-najtoplejsi-dan-odjuga-bo-trajala-se-petka\/\"},\"author\":{\"name\":\"M. N., STA\",\"@id\":\"https:\/\/hudo.com\/si\/#\/schema\/person\/c2f10ce65d2e6ede2aeda5be2a0611fa\"},\"headline\":\"Danes leto\u0161nji najtoplej\u0161i dan, odjuga bo trajala \u0161e do petka\",\"datePublished\":\"2019-01-14T12:50:05+00:00\",\"dateModified\":\"2019-01-14T12:50:05+00:00\",\"mainEntityOfPage\":{\"@id\":\"https:\/\/hudo.com\/si\/aktualno\/danes-letosnji-najtoplejsi-dan-odjuga-bo-trajala-se-petka\/\"},\"wordCount\":323,\"publisher\":{\"@id\":\"https:\/\/hudo.com\/si\/#organization\"},\"keywords\":[\"Slovenija\",\"vreme\",\"zima\"],\"articleSection\":[\"Aktualno\"],\"inLanguage\":\"sl-SI\"},{\"@type\":\"WebPage\",\"@id\":\"https:\/\/hudo.com\/si\/aktualno\/danes-letosnji-najtoplejsi-dan-odjuga-bo-trajala-se-petka\/\",\"url\":\"https:\/\/hudo.com\/si\/aktualno\/danes-letosnji-najtoplejsi-dan-odjuga-bo-trajala-se-petka\/\",\"name\":\"Danes leto\u0161nji najtoplej\u0161i dan, odjuga bo trajala \u0161e do petka - Hudo Slovenija\",\"isPartOf\":{\"@id\":\"https:\/\/hudo.com\/si\/#website\"},\"datePublished\":\"2019-01-14T12:50:05+00:00\",\"dateModified\":\"2019-01-14T12:50:05+00:00\",\"breadcrumb\":{\"@id\":\"https:\/\/hudo.com\/si\/aktualno\/danes-letosnji-najtoplejsi-dan-odjuga-bo-trajala-se-petka\/#breadcrumb\"},\"inLanguage\":\"sl-SI\",\"potentialAction\":[{\"@type\":\"ReadAction\",\"target\":[\"https:\/\/hudo.com\/si\/aktualno\/danes-letosnji-najtoplejsi-dan-odjuga-bo-trajala-se-petka\/\"]}]},{\"@type\":\"BreadcrumbList\",\"@id\":\"https:\/\/hudo.com\/si\/aktualno\/danes-letosnji-najtoplejsi-dan-odjuga-bo-trajala-se-petka\/#breadcrumb\",\"itemListElement\":[{\"@type\":\"ListItem\",\"position\":1,\"name\":\"Home\",\"item\":\"https:\/\/hudo.com\/si\/\"},{\"@type\":\"ListItem\",\"position\":2,\"name\":\"Danes leto\u0161nji najtoplej\u0161i dan, odjuga bo trajala \u0161e do petka\"}]},{\"@type\":\"WebSite\",\"@id\":\"https:\/\/hudo.com\/si\/#website\",\"url\":\"https:\/\/hudo.com\/si\/\",\"name\":\"Hudo Slovenija\",\"description\":\"Vse novice iz Slovenije in sveta\",\"publisher\":{\"@id\":\"https:\/\/hudo.com\/si\/#organization\"},\"potentialAction\":[{\"@type\":\"SearchAction\",\"target\":{\"@type\":\"EntryPoint\",\"urlTemplate\":\"https:\/\/hudo.com\/si\/?s={search_term_string}\"},\"query-input\":\"required name=search_term_string\"}],\"inLanguage\":\"sl-SI\"},{\"@type\":\"Organization\",\"@id\":\"https:\/\/hudo.com\/si\/#organization\",\"name\":\"VSN Media\",\"url\":\"https:\/\/hudo.com\/si\/\",\"logo\":{\"@type\":\"ImageObject\",\"inLanguage\":\"sl-SI\",\"@id\":\"https:\/\/hudo.com\/si\/#\/schema\/logo\/image\/\",\"url\":\"https:\/\/hudo.com\/si\/wp-content\/uploads\/sites\/2\/2021\/03\/hudo-app-2.png\",\"contentUrl\":\"https:\/\/hudo.com\/si\/wp-content\/uploads\/sites\/2\/2021\/03\/hudo-app-2.png\",\"width\":2185,\"height\":2167,\"caption\":\"VSN Media\"},\"image\":{\"@id\":\"https:\/\/hudo.com\/si\/#\/schema\/logo\/image\/\"},\"sameAs\":[\"https:\/\/www.facebook.com\/hudo.si\",\"https:\/\/twitter.com\/hudo_si\"]},{\"@type\":\"Person\",\"@id\":\"https:\/\/hudo.com\/si\/#\/schema\/person\/c2f10ce65d2e6ede2aeda5be2a0611fa\",\"name\":\"M. N., STA\",\"image\":{\"@type\":\"ImageObject\",\"inLanguage\":\"sl-SI\",\"@id\":\"https:\/\/hudo.com\/si\/#\/schema\/person\/image\/\",\"url\":\"https:\/\/secure.gravatar.com\/avatar\/f370d38daa10467f755c5c766a4cac20?s=96&d=mm&r=g\",\"contentUrl\":\"https:\/\/secure.gravatar.com\/avatar\/f370d38daa10467f755c5c766a4cac20?s=96&d=mm&r=g\",\"caption\":\"M. N., STA\"},\"url\":\"https:\/\/hudo.com\/si\/author\/mana\/\"}]}<\/script>\n<!-- \/ Yoast SEO plugin. -->","yoast_head_json":{"title":"Danes leto\u0161nji najtoplej\u0161i dan, odjuga bo trajala \u0161e do petka - Hudo Slovenija","robots":{"index":"index","follow":"follow","max-snippet":"max-snippet:-1","max-image-preview":"max-image-preview:large","max-video-preview":"max-video-preview:-1"},"canonical":"https:\/\/hudo.com\/si\/aktualno\/danes-letosnji-najtoplejsi-dan-odjuga-bo-trajala-se-petka\/","og_locale":"sl_SI","og_type":"article","og_title":"Danes leto\u0161nji najtoplej\u0161i dan, odjuga bo trajala \u0161e do petka - Hudo Slovenija","og_description":"Po podatkih Agencije RS za okolje (Arso) je danes najtoplej\u0161i leto\u0161nji dan doslej, temperature marsikje presegajo 10 stopinj Celzija. Hidrologi ob tej odjugi, ki bo predvidoma trajala do petka, opozarjajo, da se bodo v tem tednu ledene povr\u0161ine na jezerih in rekah tanj\u0161ale, zato obiskovalcem ledenih povr\u0161in svetujejo previdnost.","og_url":"https:\/\/hudo.com\/si\/aktualno\/danes-letosnji-najtoplejsi-dan-odjuga-bo-trajala-se-petka\/","og_site_name":"Hudo Slovenija","article_publisher":"https:\/\/www.facebook.com\/hudo.si","article_published_time":"2019-01-14T12:50:05+00:00","og_image":[{"width":1250,"height":1250,"url":"https:\/\/hudo.com\/si\/wp-content\/uploads\/sites\/2\/2017\/12\/profimedia-0216574793.jpg","type":"image\/jpeg"}],"author":"M. N., STA","twitter_card":"summary_large_image","twitter_creator":"@hudo_si","twitter_site":"@hudo_si","twitter_misc":{"Written by":"M. N., STA","Est. reading time":"2 minuti"},"schema":{"@context":"https:\/\/schema.org","@graph":[{"@type":"Article","@id":"https:\/\/hudo.com\/si\/aktualno\/danes-letosnji-najtoplejsi-dan-odjuga-bo-trajala-se-petka\/#article","isPartOf":{"@id":"https:\/\/hudo.com\/si\/aktualno\/danes-letosnji-najtoplejsi-dan-odjuga-bo-trajala-se-petka\/"},"author":{"name":"M. N., STA","@id":"https:\/\/hudo.com\/si\/#\/schema\/person\/c2f10ce65d2e6ede2aeda5be2a0611fa"},"headline":"Danes leto\u0161nji najtoplej\u0161i dan, odjuga bo trajala \u0161e do petka","datePublished":"2019-01-14T12:50:05+00:00","dateModified":"2019-01-14T12:50:05+00:00","mainEntityOfPage":{"@id":"https:\/\/hudo.com\/si\/aktualno\/danes-letosnji-najtoplejsi-dan-odjuga-bo-trajala-se-petka\/"},"wordCount":323,"publisher":{"@id":"https:\/\/hudo.com\/si\/#organization"},"keywords":["Slovenija","vreme","zima"],"articleSection":["Aktualno"],"inLanguage":"sl-SI"},{"@type":"WebPage","@id":"https:\/\/hudo.com\/si\/aktualno\/danes-letosnji-najtoplejsi-dan-odjuga-bo-trajala-se-petka\/","url":"https:\/\/hudo.com\/si\/aktualno\/danes-letosnji-najtoplejsi-dan-odjuga-bo-trajala-se-petka\/","name":"Danes leto\u0161nji najtoplej\u0161i dan, odjuga bo trajala \u0161e do petka - Hudo Slovenija","isPartOf":{"@id":"https:\/\/hudo.com\/si\/#website"},"datePublished":"2019-01-14T12:50:05+00:00","dateModified":"2019-01-14T12:50:05+00:00","breadcrumb":{"@id":"https:\/\/hudo.com\/si\/aktualno\/danes-letosnji-najtoplejsi-dan-odjuga-bo-trajala-se-petka\/#breadcrumb"},"inLanguage":"sl-SI","potentialAction":[{"@type":"ReadAction","target":["https:\/\/hudo.com\/si\/aktualno\/danes-letosnji-najtoplejsi-dan-odjuga-bo-trajala-se-petka\/"]}]},{"@type":"BreadcrumbList","@id":"https:\/\/hudo.com\/si\/aktualno\/danes-letosnji-najtoplejsi-dan-odjuga-bo-trajala-se-petka\/#breadcrumb","itemListElement":[{"@type":"ListItem","position":1,"name":"Home","item":"https:\/\/hudo.com\/si\/"},{"@type":"ListItem","position":2,"name":"Danes leto\u0161nji najtoplej\u0161i dan, odjuga bo trajala \u0161e do petka"}]},{"@type":"WebSite","@id":"https:\/\/hudo.com\/si\/#website","url":"https:\/\/hudo.com\/si\/","name":"Hudo Slovenija","description":"Vse novice iz Slovenije in sveta","publisher":{"@id":"https:\/\/hudo.com\/si\/#organization"},"potentialAction":[{"@type":"SearchAction","target":{"@type":"EntryPoint","urlTemplate":"https:\/\/hudo.com\/si\/?s={search_term_string}"},"query-input":"required name=search_term_string"}],"inLanguage":"sl-SI"},{"@type":"Organization","@id":"https:\/\/hudo.com\/si\/#organization","name":"VSN Media","url":"https:\/\/hudo.com\/si\/","logo":{"@type":"ImageObject","inLanguage":"sl-SI","@id":"https:\/\/hudo.com\/si\/#\/schema\/logo\/image\/","url":"https:\/\/hudo.com\/si\/wp-content\/uploads\/sites\/2\/2021\/03\/hudo-app-2.png","contentUrl":"https:\/\/hudo.com\/si\/wp-content\/uploads\/sites\/2\/2021\/03\/hudo-app-2.png","width":2185,"height":2167,"caption":"VSN Media"},"image":{"@id":"https:\/\/hudo.com\/si\/#\/schema\/logo\/image\/"},"sameAs":["https:\/\/www.facebook.com\/hudo.si","https:\/\/twitter.com\/hudo_si"]},{"@type":"Person","@id":"https:\/\/hudo.com\/si\/#\/schema\/person\/c2f10ce65d2e6ede2aeda5be2a0611fa","name":"M. N., STA","image":{"@type":"ImageObject","inLanguage":"sl-SI","@id":"https:\/\/hudo.com\/si\/#\/schema\/person\/image\/","url":"https:\/\/secure.gravatar.com\/avatar\/f370d38daa10467f755c5c766a4cac20?s=96&d=mm&r=g","contentUrl":"https:\/\/secure.gravatar.com\/avatar\/f370d38daa10467f755c5c766a4cac20?s=96&d=mm&r=g","caption":"M. N., STA"},"url":"https:\/\/hudo.com\/si\/author\/mana\/"}]}},"amp_enabled":true,"_links":{"self":[{"href":"https:\/\/hudo.com\/si\/wp-json\/wp\/v2\/posts\/387767"}],"collection":[{"href":"https:\/\/hudo.com\/si\/wp-json\/wp\/v2\/posts"}],"about":[{"href":"https:\/\/hudo.com\/si\/wp-json\/wp\/v2\/types\/post"}],"author":[{"embeddable":true,"href":"https:\/\/hudo.com\/si\/wp-json\/wp\/v2\/users\/8"}],"replies":[{"embeddable":true,"href":"https:\/\/hudo.com\/si\/wp-json\/wp\/v2\/comments?post=387767"}],"version-history":[{"count":1,"href":"https:\/\/hudo.com\/si\/wp-json\/wp\/v2\/posts\/387767\/revisions"}],"predecessor-version":[{"id":387768,"href":"https:\/\/hudo.com\/si\/wp-json\/wp\/v2\/posts\/387767\/revisions\/387768"}],"wp:featuredmedia":[{"embeddable":true,"href":"https:\/\/hudo.com\/si\/wp-json\/wp\/v2\/media\/337087"}],"wp:attachment":[{"href":"https:\/\/hudo.com\/si\/wp-json\/wp\/v2\/media?parent=387767"}],"wp:term":[{"taxonomy":"category","embeddable":true,"href":"https:\/\/hudo.com\/si\/wp-json\/wp\/v2\/categories?post=387767"},{"taxonomy":"post_tag","embeddable":true,"href":"https:\/\/hudo.com\/si\/wp-json\/wp\/v2\/tags?post=387767"},{"taxonomy":"source","embeddable":true,"href":"https:\/\/hudo.com\/si\/wp-json\/wp\/v2\/source?post=387767"},{"taxonomy":"supertag","embeddable":true,"href":"https:\/\/hudo.com\/si\/wp-json\/wp\/v2\/supertag?post=387767"}],"curies":[{"name":"wp","href":"https:\/\/api.w.org\/{rel}","templated":true}]}}