{"id":38798,"date":"2016-04-25T11:02:13","date_gmt":"2016-04-25T09:02:13","guid":{"rendered":"http:\/\/hudo.com\/si\/?p=38798"},"modified":"2016-04-25T10:25:51","modified_gmt":"2016-04-25T08:25:51","slug":"v-bruslju-znova-odprta-postaja-maelbeek","status":"publish","type":"post","link":"https:\/\/hudo.com\/si\/aktualno\/v-bruslju-znova-odprta-postaja-maelbeek\/","title":{"rendered":"V Bruslju znova odprta postaja Maelbeek"},"content":{"rendered":"<div class=\"text\">\n<figure id=\"attachment_38799\" aria-describedby=\"caption-attachment-38799\" style=\"width: 1000px\" class=\"wp-caption alignnone\"><a href=\"http:\/\/hudo.com\/si\/wp-content\/uploads\/sites\/2\/2016\/04\/profimedia-00131605471-1.jpg\" rel=\"attachment wp-att-38799\"><img loading=\"lazy\" decoding=\"async\" class=\"size-large wp-image-38799\" src=\"http:\/\/hudo.com\/si\/wp-content\/uploads\/sites\/2\/2016\/04\/profimedia-00131605471-1-1024x682.jpg\" alt=\"Foto: Profimedia\" width=\"1000\" height=\"666\" srcset=\"https:\/\/hudo.com\/si\/wp-content\/uploads\/sites\/2\/2016\/04\/profimedia-00131605471-1-1024x682.jpg 1024w, https:\/\/hudo.com\/si\/wp-content\/uploads\/sites\/2\/2016\/04\/profimedia-00131605471-1-300x200.jpg 300w, https:\/\/hudo.com\/si\/wp-content\/uploads\/sites\/2\/2016\/04\/profimedia-00131605471-1-768x512.jpg 768w, https:\/\/hudo.com\/si\/wp-content\/uploads\/sites\/2\/2016\/04\/profimedia-00131605471-1-600x400.jpg 600w, https:\/\/hudo.com\/si\/wp-content\/uploads\/sites\/2\/2016\/04\/profimedia-00131605471-1.jpg 1250w\" sizes=\"(max-width: 1000px) 100vw, 1000px\" \/><\/a><figcaption id=\"caption-attachment-38799\" class=\"wp-caption-text\">Foto: Profimedia<\/figcaption><\/figure>\n<p>Postaja Maelbeek, ki stoji blizu sede\u017ea evropskih institucij, je bila zaprta vse od eksplozije, ki jo je 22. marca ob 9.11 na enem izmed vagonov podzemnega vlaka spro\u017eil Khalid El Bakraoui in v smrt potegnil 16 ljudi. Napad se je zgodil kako uro po dvojnem samomorilskem napadu na bruseljskem letali\u0161\u010du. Skupaj sta napada terjala 32 mrtvih, ve\u010d kot 300 ljudi je bilo ranjenih.<\/p>\n<p>Na postaji so med obnovitvenimi deli med drugim postavili spominski zid, na katerem lahko potniki izrazijo svoje ob\u010dutke. \u017de v soboto so lahko Maelbeek obiskali pre\u017eiveli napada in svojci \u017ertev, ki so zid napolnili s sporo\u010dili, je sporo\u010dila tiskovna predstavnica upravljavca belgijskega javnega prometa.<\/p>\n<p>V Bruslju je danes znova odprtih vseh 69 postaj podzemne \u017eeleznice, vlaki pa obratujejo po obi\u010dajnih voznih redih &#8211; od 4.30 do 0.30. Vse do nedelje so vozili po skraj\u0161anem voznem redu &#8211; od 6. do 22. ure. Odlo\u010ditev o popolnem odprtju prometa na podzemni \u017eeleznici so sprejeli v nedeljo popoldne, na spletu \u0161e poro\u010da Le Soir.<\/p>\n<p>Kot dodaja, varnostni ukrepi v \u010dasu obratovanja podzemne \u017eeleznice ostajajo poostreni, za varnost skrbita tudi policija in vojska. Poleg tega na postajah niso odprli vseh vhodov oz. izhodov. Potniki imajo na razli\u010dnih postajah na voljo le po en oz. dva vhoda oz. izhoda, dodaja Le Soir.<\/p>\n<\/div>\n","protected":false},"excerpt":{"rendered":"<p>Podzemna \u017eeleznica v belgijski prestolnici po mesecu dni motenj znova obratuje z obi\u010dajnimi voznimi redi, saj so davi spet odprli tudi postajo Maelbeek. Tam se je 22. marca razstrelil eden izmed samomorilskih napadalcev Islamske dr\u017eave. Kot poro\u010da belgijski \u010dasnik Le Soir, na Maelbeeku in drugih postajah ostajajo mo\u010dno poostreni varnostni ukrepi.<\/p>\n","protected":false},"author":5,"featured_media":38799,"comment_status":"closed","ping_status":"closed","sticky":false,"template":"","format":"standard","meta":{"footnotes":""},"categories":[1179],"tags":[3889,4801,4432,4676],"source":[4511],"supertag":[7150],"acf":[],"yoast_head":"<!-- This site is optimized with the Yoast SEO plugin v21.3 - https:\/\/yoast.com\/wordpress\/plugins\/seo\/ -->\n<title>V Bruslju znova odprta postaja Maelbeek - Hudo Slovenija<\/title>\n<meta name=\"robots\" content=\"index, follow, max-snippet:-1, max-image-preview:large, max-video-preview:-1\" \/>\n<link rel=\"canonical\" href=\"https:\/\/hudo.com\/si\/aktualno\/v-bruslju-znova-odprta-postaja-maelbeek\/\" \/>\n<meta property=\"og:locale\" content=\"sl_SI\" \/>\n<meta property=\"og:type\" content=\"article\" \/>\n<meta property=\"og:title\" content=\"V Bruslju znova odprta postaja Maelbeek - Hudo Slovenija\" \/>\n<meta property=\"og:description\" content=\"Podzemna \u017eeleznica v belgijski prestolnici po mesecu dni motenj znova obratuje z obi\u010dajnimi voznimi redi, saj so davi spet odprli tudi postajo Maelbeek. Tam se je 22. marca razstrelil eden izmed samomorilskih napadalcev Islamske dr\u017eave. Kot poro\u010da belgijski \u010dasnik Le Soir, na Maelbeeku in drugih postajah ostajajo mo\u010dno poostreni varnostni ukrepi.\" \/>\n<meta property=\"og:url\" content=\"https:\/\/hudo.com\/si\/aktualno\/v-bruslju-znova-odprta-postaja-maelbeek\/\" \/>\n<meta property=\"og:site_name\" content=\"Hudo Slovenija\" \/>\n<meta property=\"article:publisher\" content=\"https:\/\/www.facebook.com\/hudo.si\" \/>\n<meta property=\"article:published_time\" content=\"2016-04-25T09:02:13+00:00\" \/>\n<meta property=\"article:modified_time\" content=\"2016-04-25T08:25:51+00:00\" \/>\n<meta property=\"og:image\" content=\"https:\/\/hudo.com\/si\/wp-content\/uploads\/sites\/2\/2016\/04\/profimedia-00131605471-1.jpg\" \/>\n\t<meta property=\"og:image:width\" content=\"1250\" \/>\n\t<meta property=\"og:image:height\" content=\"833\" \/>\n\t<meta property=\"og:image:type\" content=\"image\/jpeg\" \/>\n<meta name=\"author\" content=\"A. G., STA\" \/>\n<meta name=\"twitter:card\" content=\"summary_large_image\" \/>\n<meta name=\"twitter:creator\" content=\"@hudo_si\" \/>\n<meta name=\"twitter:site\" content=\"@hudo_si\" \/>\n<meta name=\"twitter:label1\" content=\"Written by\" \/>\n\t<meta name=\"twitter:data1\" content=\"A. G., STA\" \/>\n\t<meta name=\"twitter:label2\" content=\"Est. reading time\" \/>\n\t<meta name=\"twitter:data2\" content=\"1 minuta\" \/>\n<script type=\"application\/ld+json\" class=\"yoast-schema-graph\">{\"@context\":\"https:\/\/schema.org\",\"@graph\":[{\"@type\":\"Article\",\"@id\":\"https:\/\/hudo.com\/si\/aktualno\/v-bruslju-znova-odprta-postaja-maelbeek\/#article\",\"isPartOf\":{\"@id\":\"https:\/\/hudo.com\/si\/aktualno\/v-bruslju-znova-odprta-postaja-maelbeek\/\"},\"author\":{\"name\":\"A. G., STA\",\"@id\":\"https:\/\/hudo.com\/si\/#\/schema\/person\/2391667a63ea075ba94f2f2dc6b77537\"},\"headline\":\"V Bruslju znova odprta postaja Maelbeek\",\"datePublished\":\"2016-04-25T09:02:13+00:00\",\"dateModified\":\"2016-04-25T08:25:51+00:00\",\"mainEntityOfPage\":{\"@id\":\"https:\/\/hudo.com\/si\/aktualno\/v-bruslju-znova-odprta-postaja-maelbeek\/\"},\"wordCount\":227,\"publisher\":{\"@id\":\"https:\/\/hudo.com\/si\/#organization\"},\"keywords\":[\"belgija\",\"Postaja Maelbeek\",\"promet\",\"teroristi\u010dni napad\"],\"articleSection\":[\"Aktualno\"],\"inLanguage\":\"sl-SI\"},{\"@type\":\"WebPage\",\"@id\":\"https:\/\/hudo.com\/si\/aktualno\/v-bruslju-znova-odprta-postaja-maelbeek\/\",\"url\":\"https:\/\/hudo.com\/si\/aktualno\/v-bruslju-znova-odprta-postaja-maelbeek\/\",\"name\":\"V Bruslju znova odprta postaja Maelbeek - Hudo Slovenija\",\"isPartOf\":{\"@id\":\"https:\/\/hudo.com\/si\/#website\"},\"datePublished\":\"2016-04-25T09:02:13+00:00\",\"dateModified\":\"2016-04-25T08:25:51+00:00\",\"breadcrumb\":{\"@id\":\"https:\/\/hudo.com\/si\/aktualno\/v-bruslju-znova-odprta-postaja-maelbeek\/#breadcrumb\"},\"inLanguage\":\"sl-SI\",\"potentialAction\":[{\"@type\":\"ReadAction\",\"target\":[\"https:\/\/hudo.com\/si\/aktualno\/v-bruslju-znova-odprta-postaja-maelbeek\/\"]}]},{\"@type\":\"BreadcrumbList\",\"@id\":\"https:\/\/hudo.com\/si\/aktualno\/v-bruslju-znova-odprta-postaja-maelbeek\/#breadcrumb\",\"itemListElement\":[{\"@type\":\"ListItem\",\"position\":1,\"name\":\"Home\",\"item\":\"https:\/\/hudo.com\/si\/\"},{\"@type\":\"ListItem\",\"position\":2,\"name\":\"V Bruslju znova odprta postaja Maelbeek\"}]},{\"@type\":\"WebSite\",\"@id\":\"https:\/\/hudo.com\/si\/#website\",\"url\":\"https:\/\/hudo.com\/si\/\",\"name\":\"Hudo Slovenija\",\"description\":\"Vse novice iz Slovenije in sveta\",\"publisher\":{\"@id\":\"https:\/\/hudo.com\/si\/#organization\"},\"potentialAction\":[{\"@type\":\"SearchAction\",\"target\":{\"@type\":\"EntryPoint\",\"urlTemplate\":\"https:\/\/hudo.com\/si\/?s={search_term_string}\"},\"query-input\":\"required name=search_term_string\"}],\"inLanguage\":\"sl-SI\"},{\"@type\":\"Organization\",\"@id\":\"https:\/\/hudo.com\/si\/#organization\",\"name\":\"VSN Media\",\"url\":\"https:\/\/hudo.com\/si\/\",\"logo\":{\"@type\":\"ImageObject\",\"inLanguage\":\"sl-SI\",\"@id\":\"https:\/\/hudo.com\/si\/#\/schema\/logo\/image\/\",\"url\":\"https:\/\/hudo.com\/si\/wp-content\/uploads\/sites\/2\/2021\/03\/hudo-app-2.png\",\"contentUrl\":\"https:\/\/hudo.com\/si\/wp-content\/uploads\/sites\/2\/2021\/03\/hudo-app-2.png\",\"width\":2185,\"height\":2167,\"caption\":\"VSN Media\"},\"image\":{\"@id\":\"https:\/\/hudo.com\/si\/#\/schema\/logo\/image\/\"},\"sameAs\":[\"https:\/\/www.facebook.com\/hudo.si\",\"https:\/\/twitter.com\/hudo_si\"]},{\"@type\":\"Person\",\"@id\":\"https:\/\/hudo.com\/si\/#\/schema\/person\/2391667a63ea075ba94f2f2dc6b77537\",\"name\":\"A. G., STA\",\"image\":{\"@type\":\"ImageObject\",\"inLanguage\":\"sl-SI\",\"@id\":\"https:\/\/hudo.com\/si\/#\/schema\/person\/image\/\",\"url\":\"https:\/\/secure.gravatar.com\/avatar\/e13d22ac3e442658d5025fbbe6238a79?s=96&d=mm&r=g\",\"contentUrl\":\"https:\/\/secure.gravatar.com\/avatar\/e13d22ac3e442658d5025fbbe6238a79?s=96&d=mm&r=g\",\"caption\":\"A. G., STA\"},\"url\":\"https:\/\/hudo.com\/si\/author\/alenka\/\"}]}<\/script>\n<!-- \/ Yoast SEO plugin. -->","yoast_head_json":{"title":"V Bruslju znova odprta postaja Maelbeek - Hudo Slovenija","robots":{"index":"index","follow":"follow","max-snippet":"max-snippet:-1","max-image-preview":"max-image-preview:large","max-video-preview":"max-video-preview:-1"},"canonical":"https:\/\/hudo.com\/si\/aktualno\/v-bruslju-znova-odprta-postaja-maelbeek\/","og_locale":"sl_SI","og_type":"article","og_title":"V Bruslju znova odprta postaja Maelbeek - Hudo Slovenija","og_description":"Podzemna \u017eeleznica v belgijski prestolnici po mesecu dni motenj znova obratuje z obi\u010dajnimi voznimi redi, saj so davi spet odprli tudi postajo Maelbeek. Tam se je 22. marca razstrelil eden izmed samomorilskih napadalcev Islamske dr\u017eave. Kot poro\u010da belgijski \u010dasnik Le Soir, na Maelbeeku in drugih postajah ostajajo mo\u010dno poostreni varnostni ukrepi.","og_url":"https:\/\/hudo.com\/si\/aktualno\/v-bruslju-znova-odprta-postaja-maelbeek\/","og_site_name":"Hudo Slovenija","article_publisher":"https:\/\/www.facebook.com\/hudo.si","article_published_time":"2016-04-25T09:02:13+00:00","article_modified_time":"2016-04-25T08:25:51+00:00","og_image":[{"width":1250,"height":833,"url":"https:\/\/hudo.com\/si\/wp-content\/uploads\/sites\/2\/2016\/04\/profimedia-00131605471-1.jpg","type":"image\/jpeg"}],"author":"A. G., STA","twitter_card":"summary_large_image","twitter_creator":"@hudo_si","twitter_site":"@hudo_si","twitter_misc":{"Written by":"A. G., STA","Est. reading time":"1 minuta"},"schema":{"@context":"https:\/\/schema.org","@graph":[{"@type":"Article","@id":"https:\/\/hudo.com\/si\/aktualno\/v-bruslju-znova-odprta-postaja-maelbeek\/#article","isPartOf":{"@id":"https:\/\/hudo.com\/si\/aktualno\/v-bruslju-znova-odprta-postaja-maelbeek\/"},"author":{"name":"A. G., STA","@id":"https:\/\/hudo.com\/si\/#\/schema\/person\/2391667a63ea075ba94f2f2dc6b77537"},"headline":"V Bruslju znova odprta postaja Maelbeek","datePublished":"2016-04-25T09:02:13+00:00","dateModified":"2016-04-25T08:25:51+00:00","mainEntityOfPage":{"@id":"https:\/\/hudo.com\/si\/aktualno\/v-bruslju-znova-odprta-postaja-maelbeek\/"},"wordCount":227,"publisher":{"@id":"https:\/\/hudo.com\/si\/#organization"},"keywords":["belgija","Postaja Maelbeek","promet","teroristi\u010dni napad"],"articleSection":["Aktualno"],"inLanguage":"sl-SI"},{"@type":"WebPage","@id":"https:\/\/hudo.com\/si\/aktualno\/v-bruslju-znova-odprta-postaja-maelbeek\/","url":"https:\/\/hudo.com\/si\/aktualno\/v-bruslju-znova-odprta-postaja-maelbeek\/","name":"V Bruslju znova odprta postaja Maelbeek - Hudo Slovenija","isPartOf":{"@id":"https:\/\/hudo.com\/si\/#website"},"datePublished":"2016-04-25T09:02:13+00:00","dateModified":"2016-04-25T08:25:51+00:00","breadcrumb":{"@id":"https:\/\/hudo.com\/si\/aktualno\/v-bruslju-znova-odprta-postaja-maelbeek\/#breadcrumb"},"inLanguage":"sl-SI","potentialAction":[{"@type":"ReadAction","target":["https:\/\/hudo.com\/si\/aktualno\/v-bruslju-znova-odprta-postaja-maelbeek\/"]}]},{"@type":"BreadcrumbList","@id":"https:\/\/hudo.com\/si\/aktualno\/v-bruslju-znova-odprta-postaja-maelbeek\/#breadcrumb","itemListElement":[{"@type":"ListItem","position":1,"name":"Home","item":"https:\/\/hudo.com\/si\/"},{"@type":"ListItem","position":2,"name":"V Bruslju znova odprta postaja Maelbeek"}]},{"@type":"WebSite","@id":"https:\/\/hudo.com\/si\/#website","url":"https:\/\/hudo.com\/si\/","name":"Hudo Slovenija","description":"Vse novice iz Slovenije in sveta","publisher":{"@id":"https:\/\/hudo.com\/si\/#organization"},"potentialAction":[{"@type":"SearchAction","target":{"@type":"EntryPoint","urlTemplate":"https:\/\/hudo.com\/si\/?s={search_term_string}"},"query-input":"required name=search_term_string"}],"inLanguage":"sl-SI"},{"@type":"Organization","@id":"https:\/\/hudo.com\/si\/#organization","name":"VSN Media","url":"https:\/\/hudo.com\/si\/","logo":{"@type":"ImageObject","inLanguage":"sl-SI","@id":"https:\/\/hudo.com\/si\/#\/schema\/logo\/image\/","url":"https:\/\/hudo.com\/si\/wp-content\/uploads\/sites\/2\/2021\/03\/hudo-app-2.png","contentUrl":"https:\/\/hudo.com\/si\/wp-content\/uploads\/sites\/2\/2021\/03\/hudo-app-2.png","width":2185,"height":2167,"caption":"VSN Media"},"image":{"@id":"https:\/\/hudo.com\/si\/#\/schema\/logo\/image\/"},"sameAs":["https:\/\/www.facebook.com\/hudo.si","https:\/\/twitter.com\/hudo_si"]},{"@type":"Person","@id":"https:\/\/hudo.com\/si\/#\/schema\/person\/2391667a63ea075ba94f2f2dc6b77537","name":"A. G., STA","image":{"@type":"ImageObject","inLanguage":"sl-SI","@id":"https:\/\/hudo.com\/si\/#\/schema\/person\/image\/","url":"https:\/\/secure.gravatar.com\/avatar\/e13d22ac3e442658d5025fbbe6238a79?s=96&d=mm&r=g","contentUrl":"https:\/\/secure.gravatar.com\/avatar\/e13d22ac3e442658d5025fbbe6238a79?s=96&d=mm&r=g","caption":"A. G., STA"},"url":"https:\/\/hudo.com\/si\/author\/alenka\/"}]}},"amp_enabled":true,"_links":{"self":[{"href":"https:\/\/hudo.com\/si\/wp-json\/wp\/v2\/posts\/38798"}],"collection":[{"href":"https:\/\/hudo.com\/si\/wp-json\/wp\/v2\/posts"}],"about":[{"href":"https:\/\/hudo.com\/si\/wp-json\/wp\/v2\/types\/post"}],"author":[{"embeddable":true,"href":"https:\/\/hudo.com\/si\/wp-json\/wp\/v2\/users\/5"}],"replies":[{"embeddable":true,"href":"https:\/\/hudo.com\/si\/wp-json\/wp\/v2\/comments?post=38798"}],"version-history":[{"count":2,"href":"https:\/\/hudo.com\/si\/wp-json\/wp\/v2\/posts\/38798\/revisions"}],"predecessor-version":[{"id":38801,"href":"https:\/\/hudo.com\/si\/wp-json\/wp\/v2\/posts\/38798\/revisions\/38801"}],"wp:featuredmedia":[{"embeddable":true,"href":"https:\/\/hudo.com\/si\/wp-json\/wp\/v2\/media\/38799"}],"wp:attachment":[{"href":"https:\/\/hudo.com\/si\/wp-json\/wp\/v2\/media?parent=38798"}],"wp:term":[{"taxonomy":"category","embeddable":true,"href":"https:\/\/hudo.com\/si\/wp-json\/wp\/v2\/categories?post=38798"},{"taxonomy":"post_tag","embeddable":true,"href":"https:\/\/hudo.com\/si\/wp-json\/wp\/v2\/tags?post=38798"},{"taxonomy":"source","embeddable":true,"href":"https:\/\/hudo.com\/si\/wp-json\/wp\/v2\/source?post=38798"},{"taxonomy":"supertag","embeddable":true,"href":"https:\/\/hudo.com\/si\/wp-json\/wp\/v2\/supertag?post=38798"}],"curies":[{"name":"wp","href":"https:\/\/api.w.org\/{rel}","templated":true}]}}