{"id":388020,"date":"2019-01-15T14:10:05","date_gmt":"2019-01-15T13:10:05","guid":{"rendered":"http:\/\/hudo.com\/si\/?p=388020"},"modified":"2019-01-15T14:10:05","modified_gmt":"2019-01-15T13:10:05","slug":"zacelo-se-je-ciscenje-jernejevega-kanala","status":"publish","type":"post","link":"https:\/\/hudo.com\/si\/aktualno\/zacelo-se-je-ciscenje-jernejevega-kanala\/","title":{"rendered":"Za\u010delo se je \u010di\u0161\u010denje Jernejevega kanala"},"content":{"rendered":"<p>Sama \u010dasovnica odstranitve plovil bo odvisna od vremena oz. razmer, sicer pa bodo za plovila, ki jih bo mogo\u010de izvle\u010di na kopno, uporabili bager na kopnem, del pa jih bodo odstranili s plovnim bagrom, je v izjavi za medije ob robu za\u010detka del pojasnil Prohinar.<\/p>\n<p>Vsa plovila bodo nato odlo\u017eili na obalo, da se odcedijo, ter jih \u010dez dan ali dva predali prevzemniku odpadkov, ki jih bo odpeljal na uni\u010denje v Avstrijo. Za odvoz v tujino so tudi pridobili vsa potrebna dovoljenja, je poudaril Prohinar, ki je ob tem ob\u017ealoval, da v Sloveniji ni tovrstne deponije.<\/p>\n<p>Za\u010detek odstranjevanja plovil sta pozdravila tudi minister za okolje Jure Leben in piranski \u017eupan \u0110enio Zadkovi\u0107. Slednji je pojasnil, da moramo biti v prihodnje bolj odgovorni: &#8220;Uredili bomo priveze, jih vzdr\u017eevali in nikakor ne bomo ve\u010d dopu\u0161\u010dali, da se nam ta zgodba ponovi.&#8221;<\/p>\n<p>Leben je spomnil, da bi se aktivnosti odstranjevanja zapu\u0161\u010denih plovil morale pri\u010deti \u017ee pred 15 leti, je pa izrazil veselje, da delajo korak naprej v smeri za\u0161\u010dite okolja. V naslednji fazi po odstranitvi omenjenih plovil bodo skupaj z lokalno skupnostjo poiskali tudi re\u0161itev glede namembnosti obmo\u010dja, je dodal minister.<\/p>\n","protected":false},"excerpt":{"rendered":"<p>Skladno z napovedmi so delavci VGP Drava Ptuj danes za\u010deli odstranjevati zapu\u0161\u010dena plovila v Jernejevem kanalu. V skladu s prejetima in\u0161pekcijskima odlo\u010dbama bodo predvidoma v prihodnjih dveh tednih odstranili 17 plovil neznanih lastnikov, je napovedal direktor direkcije za vode Toma\u017e Prohinar.<\/p>\n","protected":false},"author":7,"featured_media":388021,"comment_status":"closed","ping_status":"closed","sticky":false,"template":"","format":"standard","meta":{"footnotes":""},"categories":[1179],"tags":[2171,12339,3549,5774,1595],"source":[4511],"supertag":[],"acf":[],"yoast_head":"<!-- This site is optimized with the Yoast SEO plugin v21.3 - https:\/\/yoast.com\/wordpress\/plugins\/seo\/ -->\n<title>Za\u010delo se je \u010di\u0161\u010denje Jernejevega kanala - Hudo Slovenija<\/title>\n<meta name=\"robots\" content=\"index, follow, max-snippet:-1, max-image-preview:large, max-video-preview:-1\" \/>\n<link rel=\"canonical\" href=\"https:\/\/hudo.com\/si\/aktualno\/zacelo-se-je-ciscenje-jernejevega-kanala\/\" \/>\n<meta property=\"og:locale\" content=\"sl_SI\" \/>\n<meta property=\"og:type\" content=\"article\" \/>\n<meta property=\"og:title\" content=\"Za\u010delo se je \u010di\u0161\u010denje Jernejevega kanala - Hudo Slovenija\" \/>\n<meta property=\"og:description\" content=\"Skladno z napovedmi so delavci VGP Drava Ptuj danes za\u010deli odstranjevati zapu\u0161\u010dena plovila v Jernejevem kanalu. V skladu s prejetima in\u0161pekcijskima odlo\u010dbama bodo predvidoma v prihodnjih dveh tednih odstranili 17 plovil neznanih lastnikov, je napovedal direktor direkcije za vode Toma\u017e Prohinar.\" \/>\n<meta property=\"og:url\" content=\"https:\/\/hudo.com\/si\/aktualno\/zacelo-se-je-ciscenje-jernejevega-kanala\/\" \/>\n<meta property=\"og:site_name\" content=\"Hudo Slovenija\" \/>\n<meta property=\"article:publisher\" content=\"https:\/\/www.facebook.com\/hudo.si\" \/>\n<meta property=\"article:published_time\" content=\"2019-01-15T13:10:05+00:00\" \/>\n<meta property=\"og:image\" content=\"https:\/\/hudo.com\/si\/wp-content\/uploads\/sites\/2\/2019\/01\/20181027-00894534.jpg\" \/>\n\t<meta property=\"og:image:width\" content=\"640\" \/>\n\t<meta property=\"og:image:height\" content=\"480\" \/>\n\t<meta property=\"og:image:type\" content=\"image\/jpeg\" \/>\n<meta name=\"author\" content=\"A. P., STA\" \/>\n<meta name=\"twitter:card\" content=\"summary_large_image\" \/>\n<meta name=\"twitter:creator\" content=\"@hudo_si\" \/>\n<meta name=\"twitter:site\" content=\"@hudo_si\" \/>\n<meta name=\"twitter:label1\" content=\"Written by\" \/>\n\t<meta name=\"twitter:data1\" content=\"A. P., STA\" \/>\n\t<meta name=\"twitter:label2\" content=\"Est. reading time\" \/>\n\t<meta name=\"twitter:data2\" content=\"1 minuta\" \/>\n<script type=\"application\/ld+json\" class=\"yoast-schema-graph\">{\"@context\":\"https:\/\/schema.org\",\"@graph\":[{\"@type\":\"Article\",\"@id\":\"https:\/\/hudo.com\/si\/aktualno\/zacelo-se-je-ciscenje-jernejevega-kanala\/#article\",\"isPartOf\":{\"@id\":\"https:\/\/hudo.com\/si\/aktualno\/zacelo-se-je-ciscenje-jernejevega-kanala\/\"},\"author\":{\"name\":\"A. P., STA\",\"@id\":\"https:\/\/hudo.com\/si\/#\/schema\/person\/18f09c02475ba9e606e941a565b80cff\"},\"headline\":\"Za\u010delo se je \u010di\u0161\u010denje Jernejevega kanala\",\"datePublished\":\"2019-01-15T13:10:05+00:00\",\"dateModified\":\"2019-01-15T13:10:05+00:00\",\"mainEntityOfPage\":{\"@id\":\"https:\/\/hudo.com\/si\/aktualno\/zacelo-se-je-ciscenje-jernejevega-kanala\/\"},\"wordCount\":209,\"publisher\":{\"@id\":\"https:\/\/hudo.com\/si\/#organization\"},\"keywords\":[\"ekologija\",\"jernejev kanal\",\"plovila\",\"primorska\",\"Slovenija\"],\"articleSection\":[\"Aktualno\"],\"inLanguage\":\"sl-SI\"},{\"@type\":\"WebPage\",\"@id\":\"https:\/\/hudo.com\/si\/aktualno\/zacelo-se-je-ciscenje-jernejevega-kanala\/\",\"url\":\"https:\/\/hudo.com\/si\/aktualno\/zacelo-se-je-ciscenje-jernejevega-kanala\/\",\"name\":\"Za\u010delo se je \u010di\u0161\u010denje Jernejevega kanala - Hudo Slovenija\",\"isPartOf\":{\"@id\":\"https:\/\/hudo.com\/si\/#website\"},\"datePublished\":\"2019-01-15T13:10:05+00:00\",\"dateModified\":\"2019-01-15T13:10:05+00:00\",\"breadcrumb\":{\"@id\":\"https:\/\/hudo.com\/si\/aktualno\/zacelo-se-je-ciscenje-jernejevega-kanala\/#breadcrumb\"},\"inLanguage\":\"sl-SI\",\"potentialAction\":[{\"@type\":\"ReadAction\",\"target\":[\"https:\/\/hudo.com\/si\/aktualno\/zacelo-se-je-ciscenje-jernejevega-kanala\/\"]}]},{\"@type\":\"BreadcrumbList\",\"@id\":\"https:\/\/hudo.com\/si\/aktualno\/zacelo-se-je-ciscenje-jernejevega-kanala\/#breadcrumb\",\"itemListElement\":[{\"@type\":\"ListItem\",\"position\":1,\"name\":\"Home\",\"item\":\"https:\/\/hudo.com\/si\/\"},{\"@type\":\"ListItem\",\"position\":2,\"name\":\"Za\u010delo se je \u010di\u0161\u010denje Jernejevega kanala\"}]},{\"@type\":\"WebSite\",\"@id\":\"https:\/\/hudo.com\/si\/#website\",\"url\":\"https:\/\/hudo.com\/si\/\",\"name\":\"Hudo Slovenija\",\"description\":\"Vse novice iz Slovenije in sveta\",\"publisher\":{\"@id\":\"https:\/\/hudo.com\/si\/#organization\"},\"potentialAction\":[{\"@type\":\"SearchAction\",\"target\":{\"@type\":\"EntryPoint\",\"urlTemplate\":\"https:\/\/hudo.com\/si\/?s={search_term_string}\"},\"query-input\":\"required name=search_term_string\"}],\"inLanguage\":\"sl-SI\"},{\"@type\":\"Organization\",\"@id\":\"https:\/\/hudo.com\/si\/#organization\",\"name\":\"VSN Media\",\"url\":\"https:\/\/hudo.com\/si\/\",\"logo\":{\"@type\":\"ImageObject\",\"inLanguage\":\"sl-SI\",\"@id\":\"https:\/\/hudo.com\/si\/#\/schema\/logo\/image\/\",\"url\":\"https:\/\/hudo.com\/si\/wp-content\/uploads\/sites\/2\/2021\/03\/hudo-app-2.png\",\"contentUrl\":\"https:\/\/hudo.com\/si\/wp-content\/uploads\/sites\/2\/2021\/03\/hudo-app-2.png\",\"width\":2185,\"height\":2167,\"caption\":\"VSN Media\"},\"image\":{\"@id\":\"https:\/\/hudo.com\/si\/#\/schema\/logo\/image\/\"},\"sameAs\":[\"https:\/\/www.facebook.com\/hudo.si\",\"https:\/\/twitter.com\/hudo_si\"]},{\"@type\":\"Person\",\"@id\":\"https:\/\/hudo.com\/si\/#\/schema\/person\/18f09c02475ba9e606e941a565b80cff\",\"name\":\"A. P., STA\",\"image\":{\"@type\":\"ImageObject\",\"inLanguage\":\"sl-SI\",\"@id\":\"https:\/\/hudo.com\/si\/#\/schema\/person\/image\/\",\"url\":\"https:\/\/secure.gravatar.com\/avatar\/03eac8e609f5f04383125d80eaeaaf3e?s=96&d=mm&r=g\",\"contentUrl\":\"https:\/\/secure.gravatar.com\/avatar\/03eac8e609f5f04383125d80eaeaaf3e?s=96&d=mm&r=g\",\"caption\":\"A. P., STA\"},\"url\":\"https:\/\/hudo.com\/si\/author\/lubu\/\"}]}<\/script>\n<!-- \/ Yoast SEO plugin. -->","yoast_head_json":{"title":"Za\u010delo se je \u010di\u0161\u010denje Jernejevega kanala - Hudo Slovenija","robots":{"index":"index","follow":"follow","max-snippet":"max-snippet:-1","max-image-preview":"max-image-preview:large","max-video-preview":"max-video-preview:-1"},"canonical":"https:\/\/hudo.com\/si\/aktualno\/zacelo-se-je-ciscenje-jernejevega-kanala\/","og_locale":"sl_SI","og_type":"article","og_title":"Za\u010delo se je \u010di\u0161\u010denje Jernejevega kanala - Hudo Slovenija","og_description":"Skladno z napovedmi so delavci VGP Drava Ptuj danes za\u010deli odstranjevati zapu\u0161\u010dena plovila v Jernejevem kanalu. V skladu s prejetima in\u0161pekcijskima odlo\u010dbama bodo predvidoma v prihodnjih dveh tednih odstranili 17 plovil neznanih lastnikov, je napovedal direktor direkcije za vode Toma\u017e Prohinar.","og_url":"https:\/\/hudo.com\/si\/aktualno\/zacelo-se-je-ciscenje-jernejevega-kanala\/","og_site_name":"Hudo Slovenija","article_publisher":"https:\/\/www.facebook.com\/hudo.si","article_published_time":"2019-01-15T13:10:05+00:00","og_image":[{"width":640,"height":480,"url":"https:\/\/hudo.com\/si\/wp-content\/uploads\/sites\/2\/2019\/01\/20181027-00894534.jpg","type":"image\/jpeg"}],"author":"A. P., STA","twitter_card":"summary_large_image","twitter_creator":"@hudo_si","twitter_site":"@hudo_si","twitter_misc":{"Written by":"A. P., STA","Est. reading time":"1 minuta"},"schema":{"@context":"https:\/\/schema.org","@graph":[{"@type":"Article","@id":"https:\/\/hudo.com\/si\/aktualno\/zacelo-se-je-ciscenje-jernejevega-kanala\/#article","isPartOf":{"@id":"https:\/\/hudo.com\/si\/aktualno\/zacelo-se-je-ciscenje-jernejevega-kanala\/"},"author":{"name":"A. P., STA","@id":"https:\/\/hudo.com\/si\/#\/schema\/person\/18f09c02475ba9e606e941a565b80cff"},"headline":"Za\u010delo se je \u010di\u0161\u010denje Jernejevega kanala","datePublished":"2019-01-15T13:10:05+00:00","dateModified":"2019-01-15T13:10:05+00:00","mainEntityOfPage":{"@id":"https:\/\/hudo.com\/si\/aktualno\/zacelo-se-je-ciscenje-jernejevega-kanala\/"},"wordCount":209,"publisher":{"@id":"https:\/\/hudo.com\/si\/#organization"},"keywords":["ekologija","jernejev kanal","plovila","primorska","Slovenija"],"articleSection":["Aktualno"],"inLanguage":"sl-SI"},{"@type":"WebPage","@id":"https:\/\/hudo.com\/si\/aktualno\/zacelo-se-je-ciscenje-jernejevega-kanala\/","url":"https:\/\/hudo.com\/si\/aktualno\/zacelo-se-je-ciscenje-jernejevega-kanala\/","name":"Za\u010delo se je \u010di\u0161\u010denje Jernejevega kanala - Hudo Slovenija","isPartOf":{"@id":"https:\/\/hudo.com\/si\/#website"},"datePublished":"2019-01-15T13:10:05+00:00","dateModified":"2019-01-15T13:10:05+00:00","breadcrumb":{"@id":"https:\/\/hudo.com\/si\/aktualno\/zacelo-se-je-ciscenje-jernejevega-kanala\/#breadcrumb"},"inLanguage":"sl-SI","potentialAction":[{"@type":"ReadAction","target":["https:\/\/hudo.com\/si\/aktualno\/zacelo-se-je-ciscenje-jernejevega-kanala\/"]}]},{"@type":"BreadcrumbList","@id":"https:\/\/hudo.com\/si\/aktualno\/zacelo-se-je-ciscenje-jernejevega-kanala\/#breadcrumb","itemListElement":[{"@type":"ListItem","position":1,"name":"Home","item":"https:\/\/hudo.com\/si\/"},{"@type":"ListItem","position":2,"name":"Za\u010delo se je \u010di\u0161\u010denje Jernejevega kanala"}]},{"@type":"WebSite","@id":"https:\/\/hudo.com\/si\/#website","url":"https:\/\/hudo.com\/si\/","name":"Hudo Slovenija","description":"Vse novice iz Slovenije in sveta","publisher":{"@id":"https:\/\/hudo.com\/si\/#organization"},"potentialAction":[{"@type":"SearchAction","target":{"@type":"EntryPoint","urlTemplate":"https:\/\/hudo.com\/si\/?s={search_term_string}"},"query-input":"required name=search_term_string"}],"inLanguage":"sl-SI"},{"@type":"Organization","@id":"https:\/\/hudo.com\/si\/#organization","name":"VSN Media","url":"https:\/\/hudo.com\/si\/","logo":{"@type":"ImageObject","inLanguage":"sl-SI","@id":"https:\/\/hudo.com\/si\/#\/schema\/logo\/image\/","url":"https:\/\/hudo.com\/si\/wp-content\/uploads\/sites\/2\/2021\/03\/hudo-app-2.png","contentUrl":"https:\/\/hudo.com\/si\/wp-content\/uploads\/sites\/2\/2021\/03\/hudo-app-2.png","width":2185,"height":2167,"caption":"VSN Media"},"image":{"@id":"https:\/\/hudo.com\/si\/#\/schema\/logo\/image\/"},"sameAs":["https:\/\/www.facebook.com\/hudo.si","https:\/\/twitter.com\/hudo_si"]},{"@type":"Person","@id":"https:\/\/hudo.com\/si\/#\/schema\/person\/18f09c02475ba9e606e941a565b80cff","name":"A. P., STA","image":{"@type":"ImageObject","inLanguage":"sl-SI","@id":"https:\/\/hudo.com\/si\/#\/schema\/person\/image\/","url":"https:\/\/secure.gravatar.com\/avatar\/03eac8e609f5f04383125d80eaeaaf3e?s=96&d=mm&r=g","contentUrl":"https:\/\/secure.gravatar.com\/avatar\/03eac8e609f5f04383125d80eaeaaf3e?s=96&d=mm&r=g","caption":"A. P., STA"},"url":"https:\/\/hudo.com\/si\/author\/lubu\/"}]}},"amp_enabled":true,"_links":{"self":[{"href":"https:\/\/hudo.com\/si\/wp-json\/wp\/v2\/posts\/388020"}],"collection":[{"href":"https:\/\/hudo.com\/si\/wp-json\/wp\/v2\/posts"}],"about":[{"href":"https:\/\/hudo.com\/si\/wp-json\/wp\/v2\/types\/post"}],"author":[{"embeddable":true,"href":"https:\/\/hudo.com\/si\/wp-json\/wp\/v2\/users\/7"}],"replies":[{"embeddable":true,"href":"https:\/\/hudo.com\/si\/wp-json\/wp\/v2\/comments?post=388020"}],"version-history":[{"count":1,"href":"https:\/\/hudo.com\/si\/wp-json\/wp\/v2\/posts\/388020\/revisions"}],"predecessor-version":[{"id":388022,"href":"https:\/\/hudo.com\/si\/wp-json\/wp\/v2\/posts\/388020\/revisions\/388022"}],"wp:featuredmedia":[{"embeddable":true,"href":"https:\/\/hudo.com\/si\/wp-json\/wp\/v2\/media\/388021"}],"wp:attachment":[{"href":"https:\/\/hudo.com\/si\/wp-json\/wp\/v2\/media?parent=388020"}],"wp:term":[{"taxonomy":"category","embeddable":true,"href":"https:\/\/hudo.com\/si\/wp-json\/wp\/v2\/categories?post=388020"},{"taxonomy":"post_tag","embeddable":true,"href":"https:\/\/hudo.com\/si\/wp-json\/wp\/v2\/tags?post=388020"},{"taxonomy":"source","embeddable":true,"href":"https:\/\/hudo.com\/si\/wp-json\/wp\/v2\/source?post=388020"},{"taxonomy":"supertag","embeddable":true,"href":"https:\/\/hudo.com\/si\/wp-json\/wp\/v2\/supertag?post=388020"}],"curies":[{"name":"wp","href":"https:\/\/api.w.org\/{rel}","templated":true}]}}