{"id":388033,"date":"2019-01-15T12:28:24","date_gmt":"2019-01-15T11:28:24","guid":{"rendered":"https:\/\/hudo.com\/si\/2019\/01\/15\/slovenski-sakali-zbujajo-pozornost-mednarodnih-medijev\/"},"modified":"2019-01-15T12:28:24","modified_gmt":"2019-01-15T11:28:24","slug":"slovenski-sakali-zbujajo-pozornost-mednarodnih-medijev","status":"publish","type":"post","link":"https:\/\/hudo.com\/si\/lifestyle\/slovenski-sakali-zbujajo-pozornost-mednarodnih-medijev\/","title":{"rendered":"Slovenski \u0161akali zbujajo pozornost mednarodnih medijev"},"content":{"rendered":"<figure>\n\t\t\t\t\t<img loading=\"lazy\" decoding=\"async\" width=\"660\" height=\"320\" src=\"data:image\/gif;base64,R0lGODlhAQABAAAAACH5BAEKAAEALAAAAAABAAEAAAICTAEAOw==\" class=\"lazyload\" data-src=\"https:\/\/moski.hudo.com\/wp-content\/uploads\/2019\/01\/profimedia-0132166284-320x155.jpg\" data-srcset=\"https:\/\/moski.hudo.com\/wp-content\/uploads\/2019\/01\/profimedia-0132166284-660x320.jpg 660w,https:\/\/moski.hudo.com\/wp-content\/uploads\/2019\/01\/profimedia-0132166284-320x155.jpg 330w\" sizes=\"(max-width: 660px) 100vw, 660px\"\/><figcaption>foto:Profimedia<\/figcaption><\/figure>\n<p>V obse\u017enem \u010dlanku Gorman opi\u0161e \u010das, ki ga je pre\u017eivel v iskanju \u0161akala v Sloveniji, med drugim sre\u010danje z rejcem ovac, ki volkove \u0161e nekako prena\u0161a, \u0161akal, ki se z jugovzhoda vse bolj \u0161iri proti ostalim delom Evrope, pa mu predstavlja kapljico \u010dez rob, ter sre\u010danje lovskega dru\u0161tva z glasbeno spremljavo harmonike.<\/p>\n<h2>\u0160akali so neko\u010d \u017ee prebivali na tem obmo\u010dju<\/h2>\n<p>\u0160akali, ki so neko\u010d \u017eiveli na obrobju Evrope, danes po \u0161tevilu mo\u010dno presegajo volkove. Kot je pojasnil Krofel, ki raziskave vodi s harvardskim doktorskim \u0161tudentom Nathanom Rancom in italijansko fundacijo Edmunda Macha, je v Evropi trenutno okoli 117.000 \u0161akalov in 17.000 volkov. V Sloveniji se \u0161tevilo \u0161akalov giblje med 200 in 400, \u0161tevilo volkov pa okoli 75.<\/p>\n<p>Zlati \u0161akali, ki v povpre\u010dju tehtajo okoli devet kilogramov, izvirajo z Bli\u017enjega vzhoda in ju\u017ene Azije vse do Tajske. V Evropo so se za\u010deli \u0161iriti pred okoli 8000 leti, \u0161iriti pa so se za\u010deli v 19. stoletju, njihov vzpon pa se je za\u010del v 50. letih minulega stoletja ter se pospe\u0161il v zadnjih 20 letih.<\/p>\n<p><a href=\"https:\/\/www.nytimes.com\/2019\/01\/14\/science\/golden-jackals-europe.html\" target=\"_blank\"><span style=\"text-decoration: underline;\">&gt;Celoten \u010dlanek, ki je bil objavljen v New York Timesu<\/span><\/a><\/p>\n","protected":false},"excerpt":{"rendered":"<p>Miha Krofel, biolog, ki raziskuje gibanje in \u0161iritev zlatega \u0161akala po Evropi, je pritegnil pozornost znanstvenega novinarja New York Timesa Jamesa Gormana, ki je na sledi \u0161akalov nekaj \u010dasa pre\u017eivel tudi v Sloveniji.<\/p>\n","protected":false},"author":1,"featured_media":0,"comment_status":"closed","ping_status":"closed","sticky":false,"template":"","format":"standard","meta":{"footnotes":""},"categories":[1091],"tags":[1674,12776,1595],"source":[1522,1518,1552],"supertag":[],"acf":[],"yoast_head":"<!-- This site is optimized with the Yoast SEO plugin v21.3 - https:\/\/yoast.com\/wordpress\/plugins\/seo\/ -->\n<title>Slovenski \u0161akali zbujajo pozornost mednarodnih medijev - Hudo Slovenija<\/title>\n<meta name=\"robots\" content=\"index, follow, max-snippet:-1, max-image-preview:large, max-video-preview:-1\" \/>\n<link rel=\"canonical\" href=\"https:\/\/hudo.com\/si\/lifestyle\/slovenski-sakali-zbujajo-pozornost-mednarodnih-medijev\/\" \/>\n<meta property=\"og:locale\" content=\"sl_SI\" \/>\n<meta property=\"og:type\" content=\"article\" \/>\n<meta property=\"og:title\" content=\"Slovenski \u0161akali zbujajo pozornost mednarodnih medijev - Hudo Slovenija\" \/>\n<meta property=\"og:description\" content=\"Miha Krofel, biolog, ki raziskuje gibanje in \u0161iritev zlatega \u0161akala po Evropi, je pritegnil pozornost znanstvenega novinarja New York Timesa Jamesa Gormana, ki je na sledi \u0161akalov nekaj \u010dasa pre\u017eivel tudi v Sloveniji.\" \/>\n<meta property=\"og:url\" content=\"https:\/\/hudo.com\/si\/lifestyle\/slovenski-sakali-zbujajo-pozornost-mednarodnih-medijev\/\" \/>\n<meta property=\"og:site_name\" content=\"Hudo Slovenija\" \/>\n<meta property=\"article:publisher\" content=\"https:\/\/www.facebook.com\/hudo.si\" \/>\n<meta property=\"article:published_time\" content=\"2019-01-15T11:28:24+00:00\" \/>\n<meta property=\"og:image\" content=\"https:\/\/hudo.com\/si\/wp-content\/uploads\/sites\/2\/2019\/01\/profimedia-0132166284.jpg\" \/>\n\t<meta property=\"og:image:width\" content=\"1250\" \/>\n\t<meta property=\"og:image:height\" content=\"884\" \/>\n\t<meta property=\"og:image:type\" content=\"image\/jpeg\" \/>\n<meta name=\"author\" content=\"hudo\" \/>\n<meta name=\"twitter:card\" content=\"summary_large_image\" \/>\n<meta name=\"twitter:creator\" content=\"@hudo_si\" \/>\n<meta name=\"twitter:site\" content=\"@hudo_si\" \/>\n<meta name=\"twitter:label1\" content=\"Written by\" \/>\n\t<meta name=\"twitter:data1\" content=\"hudo\" \/>\n\t<meta name=\"twitter:label2\" content=\"Est. reading time\" \/>\n\t<meta name=\"twitter:data2\" content=\"1 minuta\" \/>\n<script type=\"application\/ld+json\" class=\"yoast-schema-graph\">{\"@context\":\"https:\/\/schema.org\",\"@graph\":[{\"@type\":\"Article\",\"@id\":\"https:\/\/hudo.com\/si\/lifestyle\/slovenski-sakali-zbujajo-pozornost-mednarodnih-medijev\/#article\",\"isPartOf\":{\"@id\":\"https:\/\/hudo.com\/si\/lifestyle\/slovenski-sakali-zbujajo-pozornost-mednarodnih-medijev\/\"},\"author\":{\"name\":\"hudo\",\"@id\":\"https:\/\/hudo.com\/si\/#\/schema\/person\/601cf3379633985b20f7e50f2bb47707\"},\"headline\":\"Slovenski \u0161akali zbujajo pozornost mednarodnih medijev\",\"datePublished\":\"2019-01-15T11:28:24+00:00\",\"dateModified\":\"2019-01-15T11:28:24+00:00\",\"mainEntityOfPage\":{\"@id\":\"https:\/\/hudo.com\/si\/lifestyle\/slovenski-sakali-zbujajo-pozornost-mednarodnih-medijev\/\"},\"wordCount\":198,\"publisher\":{\"@id\":\"https:\/\/hudo.com\/si\/#organization\"},\"keywords\":[\"divje \u017eivali\",\"\u0161akali\",\"Slovenija\"],\"articleSection\":[\"Lifestyle\"],\"inLanguage\":\"sl-SI\"},{\"@type\":\"WebPage\",\"@id\":\"https:\/\/hudo.com\/si\/lifestyle\/slovenski-sakali-zbujajo-pozornost-mednarodnih-medijev\/\",\"url\":\"https:\/\/hudo.com\/si\/lifestyle\/slovenski-sakali-zbujajo-pozornost-mednarodnih-medijev\/\",\"name\":\"Slovenski \u0161akali zbujajo pozornost mednarodnih medijev - Hudo Slovenija\",\"isPartOf\":{\"@id\":\"https:\/\/hudo.com\/si\/#website\"},\"datePublished\":\"2019-01-15T11:28:24+00:00\",\"dateModified\":\"2019-01-15T11:28:24+00:00\",\"breadcrumb\":{\"@id\":\"https:\/\/hudo.com\/si\/lifestyle\/slovenski-sakali-zbujajo-pozornost-mednarodnih-medijev\/#breadcrumb\"},\"inLanguage\":\"sl-SI\",\"potentialAction\":[{\"@type\":\"ReadAction\",\"target\":[\"https:\/\/hudo.com\/si\/lifestyle\/slovenski-sakali-zbujajo-pozornost-mednarodnih-medijev\/\"]}]},{\"@type\":\"BreadcrumbList\",\"@id\":\"https:\/\/hudo.com\/si\/lifestyle\/slovenski-sakali-zbujajo-pozornost-mednarodnih-medijev\/#breadcrumb\",\"itemListElement\":[{\"@type\":\"ListItem\",\"position\":1,\"name\":\"Home\",\"item\":\"https:\/\/hudo.com\/si\/\"},{\"@type\":\"ListItem\",\"position\":2,\"name\":\"Slovenski \u0161akali zbujajo pozornost mednarodnih medijev\"}]},{\"@type\":\"WebSite\",\"@id\":\"https:\/\/hudo.com\/si\/#website\",\"url\":\"https:\/\/hudo.com\/si\/\",\"name\":\"Hudo Slovenija\",\"description\":\"Vse novice iz Slovenije in sveta\",\"publisher\":{\"@id\":\"https:\/\/hudo.com\/si\/#organization\"},\"potentialAction\":[{\"@type\":\"SearchAction\",\"target\":{\"@type\":\"EntryPoint\",\"urlTemplate\":\"https:\/\/hudo.com\/si\/?s={search_term_string}\"},\"query-input\":\"required name=search_term_string\"}],\"inLanguage\":\"sl-SI\"},{\"@type\":\"Organization\",\"@id\":\"https:\/\/hudo.com\/si\/#organization\",\"name\":\"VSN Media\",\"url\":\"https:\/\/hudo.com\/si\/\",\"logo\":{\"@type\":\"ImageObject\",\"inLanguage\":\"sl-SI\",\"@id\":\"https:\/\/hudo.com\/si\/#\/schema\/logo\/image\/\",\"url\":\"https:\/\/hudo.com\/si\/wp-content\/uploads\/sites\/2\/2021\/03\/hudo-app-2.png\",\"contentUrl\":\"https:\/\/hudo.com\/si\/wp-content\/uploads\/sites\/2\/2021\/03\/hudo-app-2.png\",\"width\":2185,\"height\":2167,\"caption\":\"VSN Media\"},\"image\":{\"@id\":\"https:\/\/hudo.com\/si\/#\/schema\/logo\/image\/\"},\"sameAs\":[\"https:\/\/www.facebook.com\/hudo.si\",\"https:\/\/twitter.com\/hudo_si\"]},{\"@type\":\"Person\",\"@id\":\"https:\/\/hudo.com\/si\/#\/schema\/person\/601cf3379633985b20f7e50f2bb47707\",\"name\":\"hudo\",\"image\":{\"@type\":\"ImageObject\",\"inLanguage\":\"sl-SI\",\"@id\":\"https:\/\/hudo.com\/si\/#\/schema\/person\/image\/\",\"url\":\"https:\/\/secure.gravatar.com\/avatar\/c4ca25fa72cace7a696b52ff5db9e095?s=96&d=mm&r=g\",\"contentUrl\":\"https:\/\/secure.gravatar.com\/avatar\/c4ca25fa72cace7a696b52ff5db9e095?s=96&d=mm&r=g\",\"caption\":\"hudo\"},\"url\":\"https:\/\/hudo.com\/si\/author\/hudo\/\"}]}<\/script>\n<!-- \/ Yoast SEO plugin. -->","yoast_head_json":{"title":"Slovenski \u0161akali zbujajo pozornost mednarodnih medijev - Hudo Slovenija","robots":{"index":"index","follow":"follow","max-snippet":"max-snippet:-1","max-image-preview":"max-image-preview:large","max-video-preview":"max-video-preview:-1"},"canonical":"https:\/\/hudo.com\/si\/lifestyle\/slovenski-sakali-zbujajo-pozornost-mednarodnih-medijev\/","og_locale":"sl_SI","og_type":"article","og_title":"Slovenski \u0161akali zbujajo pozornost mednarodnih medijev - Hudo Slovenija","og_description":"Miha Krofel, biolog, ki raziskuje gibanje in \u0161iritev zlatega \u0161akala po Evropi, je pritegnil pozornost znanstvenega novinarja New York Timesa Jamesa Gormana, ki je na sledi \u0161akalov nekaj \u010dasa pre\u017eivel tudi v Sloveniji.","og_url":"https:\/\/hudo.com\/si\/lifestyle\/slovenski-sakali-zbujajo-pozornost-mednarodnih-medijev\/","og_site_name":"Hudo Slovenija","article_publisher":"https:\/\/www.facebook.com\/hudo.si","article_published_time":"2019-01-15T11:28:24+00:00","og_image":[{"width":1250,"height":884,"url":"https:\/\/hudo.com\/si\/wp-content\/uploads\/sites\/2\/2019\/01\/profimedia-0132166284.jpg","type":"image\/jpeg"}],"author":"hudo","twitter_card":"summary_large_image","twitter_creator":"@hudo_si","twitter_site":"@hudo_si","twitter_misc":{"Written by":"hudo","Est. reading time":"1 minuta"},"schema":{"@context":"https:\/\/schema.org","@graph":[{"@type":"Article","@id":"https:\/\/hudo.com\/si\/lifestyle\/slovenski-sakali-zbujajo-pozornost-mednarodnih-medijev\/#article","isPartOf":{"@id":"https:\/\/hudo.com\/si\/lifestyle\/slovenski-sakali-zbujajo-pozornost-mednarodnih-medijev\/"},"author":{"name":"hudo","@id":"https:\/\/hudo.com\/si\/#\/schema\/person\/601cf3379633985b20f7e50f2bb47707"},"headline":"Slovenski \u0161akali zbujajo pozornost mednarodnih medijev","datePublished":"2019-01-15T11:28:24+00:00","dateModified":"2019-01-15T11:28:24+00:00","mainEntityOfPage":{"@id":"https:\/\/hudo.com\/si\/lifestyle\/slovenski-sakali-zbujajo-pozornost-mednarodnih-medijev\/"},"wordCount":198,"publisher":{"@id":"https:\/\/hudo.com\/si\/#organization"},"keywords":["divje \u017eivali","\u0161akali","Slovenija"],"articleSection":["Lifestyle"],"inLanguage":"sl-SI"},{"@type":"WebPage","@id":"https:\/\/hudo.com\/si\/lifestyle\/slovenski-sakali-zbujajo-pozornost-mednarodnih-medijev\/","url":"https:\/\/hudo.com\/si\/lifestyle\/slovenski-sakali-zbujajo-pozornost-mednarodnih-medijev\/","name":"Slovenski \u0161akali zbujajo pozornost mednarodnih medijev - Hudo Slovenija","isPartOf":{"@id":"https:\/\/hudo.com\/si\/#website"},"datePublished":"2019-01-15T11:28:24+00:00","dateModified":"2019-01-15T11:28:24+00:00","breadcrumb":{"@id":"https:\/\/hudo.com\/si\/lifestyle\/slovenski-sakali-zbujajo-pozornost-mednarodnih-medijev\/#breadcrumb"},"inLanguage":"sl-SI","potentialAction":[{"@type":"ReadAction","target":["https:\/\/hudo.com\/si\/lifestyle\/slovenski-sakali-zbujajo-pozornost-mednarodnih-medijev\/"]}]},{"@type":"BreadcrumbList","@id":"https:\/\/hudo.com\/si\/lifestyle\/slovenski-sakali-zbujajo-pozornost-mednarodnih-medijev\/#breadcrumb","itemListElement":[{"@type":"ListItem","position":1,"name":"Home","item":"https:\/\/hudo.com\/si\/"},{"@type":"ListItem","position":2,"name":"Slovenski \u0161akali zbujajo pozornost mednarodnih medijev"}]},{"@type":"WebSite","@id":"https:\/\/hudo.com\/si\/#website","url":"https:\/\/hudo.com\/si\/","name":"Hudo Slovenija","description":"Vse novice iz Slovenije in sveta","publisher":{"@id":"https:\/\/hudo.com\/si\/#organization"},"potentialAction":[{"@type":"SearchAction","target":{"@type":"EntryPoint","urlTemplate":"https:\/\/hudo.com\/si\/?s={search_term_string}"},"query-input":"required name=search_term_string"}],"inLanguage":"sl-SI"},{"@type":"Organization","@id":"https:\/\/hudo.com\/si\/#organization","name":"VSN Media","url":"https:\/\/hudo.com\/si\/","logo":{"@type":"ImageObject","inLanguage":"sl-SI","@id":"https:\/\/hudo.com\/si\/#\/schema\/logo\/image\/","url":"https:\/\/hudo.com\/si\/wp-content\/uploads\/sites\/2\/2021\/03\/hudo-app-2.png","contentUrl":"https:\/\/hudo.com\/si\/wp-content\/uploads\/sites\/2\/2021\/03\/hudo-app-2.png","width":2185,"height":2167,"caption":"VSN Media"},"image":{"@id":"https:\/\/hudo.com\/si\/#\/schema\/logo\/image\/"},"sameAs":["https:\/\/www.facebook.com\/hudo.si","https:\/\/twitter.com\/hudo_si"]},{"@type":"Person","@id":"https:\/\/hudo.com\/si\/#\/schema\/person\/601cf3379633985b20f7e50f2bb47707","name":"hudo","image":{"@type":"ImageObject","inLanguage":"sl-SI","@id":"https:\/\/hudo.com\/si\/#\/schema\/person\/image\/","url":"https:\/\/secure.gravatar.com\/avatar\/c4ca25fa72cace7a696b52ff5db9e095?s=96&d=mm&r=g","contentUrl":"https:\/\/secure.gravatar.com\/avatar\/c4ca25fa72cace7a696b52ff5db9e095?s=96&d=mm&r=g","caption":"hudo"},"url":"https:\/\/hudo.com\/si\/author\/hudo\/"}]}},"amp_enabled":true,"_links":{"self":[{"href":"https:\/\/hudo.com\/si\/wp-json\/wp\/v2\/posts\/388033"}],"collection":[{"href":"https:\/\/hudo.com\/si\/wp-json\/wp\/v2\/posts"}],"about":[{"href":"https:\/\/hudo.com\/si\/wp-json\/wp\/v2\/types\/post"}],"author":[{"embeddable":true,"href":"https:\/\/hudo.com\/si\/wp-json\/wp\/v2\/users\/1"}],"replies":[{"embeddable":true,"href":"https:\/\/hudo.com\/si\/wp-json\/wp\/v2\/comments?post=388033"}],"version-history":[{"count":0,"href":"https:\/\/hudo.com\/si\/wp-json\/wp\/v2\/posts\/388033\/revisions"}],"wp:attachment":[{"href":"https:\/\/hudo.com\/si\/wp-json\/wp\/v2\/media?parent=388033"}],"wp:term":[{"taxonomy":"category","embeddable":true,"href":"https:\/\/hudo.com\/si\/wp-json\/wp\/v2\/categories?post=388033"},{"taxonomy":"post_tag","embeddable":true,"href":"https:\/\/hudo.com\/si\/wp-json\/wp\/v2\/tags?post=388033"},{"taxonomy":"source","embeddable":true,"href":"https:\/\/hudo.com\/si\/wp-json\/wp\/v2\/source?post=388033"},{"taxonomy":"supertag","embeddable":true,"href":"https:\/\/hudo.com\/si\/wp-json\/wp\/v2\/supertag?post=388033"}],"curies":[{"name":"wp","href":"https:\/\/api.w.org\/{rel}","templated":true}]}}