{"id":38814,"date":"2016-04-25T09:01:13","date_gmt":"2016-04-25T07:01:13","guid":{"rendered":"http:\/\/hudo.com\/si\/2016\/04\/25\/koncno-znane-podrobnosti-manuellinega-nastopa-na-pesmi-evrovizije-v-stockholmu\/"},"modified":"2016-05-06T09:25:19","modified_gmt":"2016-05-06T07:25:19","slug":"koncno-znane-podrobnosti-manuellinega-nastopa-na-pesmi-evrovizije-v-stockholmu","status":"publish","type":"post","link":"https:\/\/hudo.com\/si\/vip\/koncno-znane-podrobnosti-manuellinega-nastopa-na-pesmi-evrovizije-v-stockholmu\/","title":{"rendered":"Kon\u010dno znane podrobnosti ManuEllinega nastopa na Pesmi Evrovizije v Stockholmu"},"content":{"rendered":"<p><a href=\"http:\/\/zenska.hudo.com\/vip\/domaca-scena\/koncno-znane-podrobnosti-manuellinega-nastopa-na-pesmi-evrovizije-v-stockholmu\/galerija\/image001-7\/\" rel=\"attachment wp-att-254475\"><img loading=\"lazy\" decoding=\"async\" class=\"alignnone size-large wp-image-254475\" src=\"http:\/\/zenska.hudo.com\/files\/2016\/04\/image001-660x519.jpg\" alt=\"image001\" width=\"660\" height=\"519\" \/><\/a><\/p>\n<p>\u00bbOdrski nastop je zgrajen z veliko vizualnimi u\u010dinki. Elementi, ki so glavni pri tem nastopu, so LED-zaslon, uporabimo veliko barvnih tonov pri lu\u010deh, ognjemet, veter &#8211; vsi ti elementi dodajo dodatno vrednost nastopu,\u00ab\u00a0je pojasnil koreograf slovenskega nastopa na pesmi Evrovizije<strong>\u00a0An\u017ee \u0160krube\u00a0<\/strong>v oddaji Vikend paket. Prav ta je v ekipo poklical tudi danskega akrobata <strong>Jannik Baltzer Hattela<\/strong>. Hattel je v svoji karieri nastopil v \u0161tevilnih televizijskih oddajah. Svoje vrline pa je predstavil tudi \u017ee pred dansko kraljevo dru\u017eino.\u00a0\u00bbJe eden najbolj\u0161ih gimnasti\u010darjev na Danskem in sem zelo vesel, da ga imamo v ekipi. Glede njegovih trikov se pustite presenetiti, saj boste videli na dan nastopov, kaj bo izvajal. Je pa vse povezano v celoto in menim, da bo super funkcioniralo,\u00ab je \u0161e pojasnil \u0160krube.<\/p>\n<h2>ManuElla bo nosila elegantno belino<\/h2>\n<p>Za ManuEllo, toda tudi za kamerami pa bodo stali \u0161tirje spremljevalni vokalisti. Med njimi trije stari znanci Dnevov slovenske zabavne glasbe &#8211;<strong>\u00a0Lea Sirk, Karin Zemlji\u010d<\/strong>\u00a0in<strong>\u00a0Mitja Bobi\u010d.<\/strong>\u00a0Pridru\u017eil pa se jim bo \u0161e soavtor glasbe za skladbo<em>\u00a0Blue and Red<\/em>\u00a0ter ManuEllin partner\u00a0<strong>Marjan Hvala<\/strong>. To bo drugi nastop Sirkove in Zemlji\u010deve v vlogi spremljevalnih vokalistk na Evroviziji, medtem ko bo za mo\u0161ki del postave debitantski.<\/p>\n<p>Debi na evrovizijskem odru pa bo imel tudi izjemno nadarjen oblikovalec <strong>David Hojnik \u2013 DH Fashion<\/strong>.<em> \u00bbNastala je elegantna, dolga bela kreacija, lahkotna, nekako nebe\u0161ka, ki ponazarja &#8216;allay&#8217; del pesmi, za kontrast pa sem vklju\u010dil tudi \u010drne usnjene detajle, ki nekako ponazarjajo dve barvi v pesmi. Obleka bo mladostna in pisana ManuElli na ko\u017eno, kar je tudi zelo pomembno,\u00ab <\/em>je zaupal Hojnik.<\/p>\n<h2>Evrovizijski teden na Televiziji Slovenija<\/h2>\n<p>\u0160vedski Stockholm bo 10., 12. in 14. maja gostitelj treh ve\u010derov 61. izbora za Pesem Evrovizije, na katerem se bo za zmago potegovalo 42 dr\u017eav. V dveh predizborih, 10. in 12. maja, se bo za finalno vstopnico potegovalo 37 dr\u017eav, a le po deset najbolj\u0161ih se bo 14. maja pridru\u017eilo \u0161esterici, ki se je v finale uvrstila neposredno. Pod zaporedno \u0161tevilko 11 bo na\u0161a predstavnica ManuElla na evrovizijski oder stopila v drugem predizboru.<\/p>\n<p>Prizori\u0161\u010de leto\u0161njega izbora za Pesem Evrovizije 2016 bo <strong>Globe Arena v Stockholmu<\/strong>. Skozi tri ve\u010dere bosta evrovizijsko ob\u010dinstvo popeljala <strong>Petra Mede<\/strong>, komedijantka, televizijska voditeljica in gostiteljica evrovizijskega izbora leta 2013, in <strong>M\u00e5ns Zelmerl\u00f6w<\/strong>, lanskoletni zmagovalec izbora za Pesem Evrovizije. Komentator vseh treh televizijskih prenosov bo <strong>Andrej Hofer<\/strong>.<\/p>\n<p>V <strong>prvem predizboru<\/strong>, ki ga boste v torek, <strong>10. maja<\/strong>, v neposrednem prenosu lahko spremljali naTV SLO 2, Radiu Maribor ali RTV 4D, se bodo za deset mest v finalu potegovali predstavniki osemnajstih dr\u017eav. Dva dni kasneje, <strong>12. maja<\/strong>, sledi <strong>drugi predizbor<\/strong>, v katerem se bo za dodatnih deset mest borilo 18 dr\u017eav predstavnic, med njimi tudi Slovenija. Na\u0161a predstavnica <strong>ManuElla <\/strong>bo nastopila v drugi polovici izbora, <strong>pod zaporedno \u0161tevilko 11<\/strong>. Neposredni prenos bomo predvajali od 21. ure dalje na TV SLO 2, Valu 202, Radiu Maribor in RTV 4D. V <strong>velikem evrovizijskem finalu<\/strong> bo v soboto, <strong>14. maja<\/strong>, nastopilo 26 dr\u017eav \u2013 dvajset najbolj\u0161ih iz dveh predizborov, \u0160vedska, kot leto\u0161nja gostiteljica, ter predstavniki \u02ddvelikih pet\u02dd (Italija, Francija, \u0160panija, Nem\u010dija in Velika Britanija). Neposredni prenos velikega finala boste lahko spremljali od 21. ure dalje na TV SLO 1, Valu 202, Radiu Maribor ali RTV 4D.<\/p>\n<h2>(Ob)evrovizijske spremljevalne oddaje<\/h2>\n<p>Televizija Slovenija je tudi letos pripravila pester (ob)evrovizijski spored. \u017de pred uradnim za\u010detkom leto\u0161njega izbora za Pesem Evrovizije si lahko ogledate videospote vseh 42 tekmovalnih skladb. Oddaja <strong>Predstavitev skladb Pesmi Evrovizije 2016<\/strong>bo na sporedu v soboto, <strong>7. maja, ob 15.30 na TV SLO 2<\/strong>.<br \/>\nV tednu Pesmi Evrovizije 2016 pa si boste lahko pred prenosi treh izborov ogledali posnetek lanskega obletni\u0161kega koncerta Najve\u010dje uspe\u0161nice Pesmi Evrovizije, \u0161vedski dokumentarec o M\u00e5nsu Zelmerl\u00f6wu ter oddaji Slovenija na Pesmi Evrovizije in Stockholm, 12 to\u010dk.<\/p>\n<p class=\"Default\"><strong><em>Torek, 10. maja, ob 19.25 na TV SLO 2<br \/>\n<\/em><\/strong>Pred pri\u010detkom prenosa prvega predizbora si lahko <strong>v torek, 10. maja, ob 19.25 na TV SLO 2<\/strong> ogledate posnetek koncerta <strong>Najve\u010dje uspe\u0161nice Pesmi Evrovizije. <\/strong>Evropska zveza radiotelevizij EBU je v sodelovanju z BBC obele\u017eila 60-letnico izbora Pesem Evrovizije. Ob diamantnem jubileju enega najbolj prepoznavnih in najbolje gledanih glasbenih festivalov na svetu so pripravili pravi spektakel poln nostalgije, ki so ga pospremili izvajalci velikih evrovizijskih uspe\u0161nic. Na odru londonske dvorane Eventim Apollo je nastopilo 15 izvajalcev iz trinajstih dr\u017eav: Anne Marie-David, Brotherhood of Man, Johnny Logan, Nicole, Herreys, Bobbysocks, Dana International, Olsen Brothers, Natasha St-Pier, Rosa L\u00f3pez, Lordi, Dima Bilan, Loreen, Emmelie De Forest in Conchita Wurst. Voditelja sta bila britanski televizijski in radijski voditelj, komedijant, igralec in komentator evrovizijskih izborov za BBC Graham Norton ter \u0161vedska komedijantka in televizijska voditeljica Petra Mede, ki je leta 2013 v Malm\u00f6ju povezovala izbor za Pesem Evrovizije.<\/p>\n<p class=\"Default\"><strong><em>\u010cetrtek, 12. maja, ob 20.00 in ob 20.30 na TV SLO 2<br \/>\n<\/em><\/strong>Oddaja <strong><em>Slovenija na Pesmi Evrovizija<\/em><\/strong> vas bo popeljala skozi devet najbolj\u0161ih slovenski nastopov na Pesmi Evrovizije &#8211; vse od Darje \u0160vajger do lanskoletnih predstavnikov Maraaya. Na sporedu bo tik pred drugim predizborom leto\u0161njega tekmovanja, v \u010detrtek, <strong>12. maja, ob 20.00 na TV SLO 2.<br \/>\n<\/strong>M\u00e5ns Zelmerl\u00f6w je maja 2015 na Dunaju s pesmijo Heroes postal zmagovalec 60. izbora Pesem Evrovizije. Zmagovalna pesem je postala uspe\u0161nica po vsej Evropi, od izida pa je Heroes dosegel ve\u010d kot 65 milijonov predvajanj. Dokumentarni film <strong><em>Leto z M\u00e5nsom Zelmerl\u00f6wom<\/em><\/strong>, ki bo na sporedu v \u010detrtek,<strong>12. maja, ob 20.30 na TV SLO 2<\/strong> predstavlja M\u00e5nsovo \u017eivljenjsko zgodbo in razvoj njegove kariere. Prikazuje tudi odlomke z nastopov pred navdu\u0161enimi mno\u017eicami obo\u017eevalcev po vsej Evropi in daje ekskluzivni vpogled v zaodrja nastopov.<\/p>\n<p class=\"Default\"><strong><em>Sobota, 14. maja, ob 20.00 na TV SLO 1<br \/>\n<\/em><\/strong>Pred finalnim evrovizijskim ve\u010derom <strong>v soboto, 14. maja<\/strong><strong>, pa bomo<\/strong><strong> ob 20.00 na TV SLO 1<\/strong> predvajali \u0161e evrovizijsko oddajo o gostitelju leto\u0161njega izbora. Dokumentarna oddaja <strong>Stockholm, 12 to\u010dk!<\/strong> bo predstavila Stockholm kot eno od svetovnih sredi\u0161\u010d pop glasbe. \u0160vedska prestolnica je bila edinstvena odsko\u010dna deska za superzvezdnike, kot so skupina Abba in Roxette. Avtorica in voditeljica oddaje Mojca Mavec bo sku\u0161ala dognati, kako relativno majhnemu narodu \u0161e danes uspeva proizvesti toliko uspe\u0161nih glasbenikov. Dokumentarec se bo osredoto\u010dil na \u0161vedsko zgodovino glasbe, podkrepljeno z zanimivimi dejstvi iz preteklosti vse do danes, ko Stockholm ponovno gosti izbor za Pesem Evrovizije.<\/p>\n","protected":false},"excerpt":{"rendered":"<p>ManuElla bo kot 11. nastopila v drugem predizboru za pesem Evrovizije 12. maja, na velikem evrovizijskem odru pa ne bo sama. Dru\u017ebo ji bo delal danski akrobat in \u010dlan tria No Limits Acrobatics Jannik Baltzer Hattel.<\/p>\n","protected":false},"author":1,"featured_media":0,"comment_status":"closed","ping_status":"closed","sticky":false,"template":"","format":"standard","meta":{"footnotes":""},"categories":[1093],"tags":[4806,4807],"source":[1370,1345,1334],"supertag":[],"acf":[],"yoast_head":"<!-- This site is optimized with the Yoast SEO plugin v21.3 - https:\/\/yoast.com\/wordpress\/plugins\/seo\/ -->\n<title>Kon\u010dno znane podrobnosti ManuEllinega nastopa na Pesmi Evrovizije v Stockholmu - Hudo Slovenija<\/title>\n<meta name=\"robots\" content=\"index, follow, max-snippet:-1, max-image-preview:large, max-video-preview:-1\" \/>\n<link rel=\"canonical\" href=\"https:\/\/hudo.com\/si\/vip\/koncno-znane-podrobnosti-manuellinega-nastopa-na-pesmi-evrovizije-v-stockholmu\/\" \/>\n<meta property=\"og:locale\" content=\"sl_SI\" \/>\n<meta property=\"og:type\" content=\"article\" \/>\n<meta property=\"og:title\" content=\"Kon\u010dno znane podrobnosti ManuEllinega nastopa na Pesmi Evrovizije v Stockholmu - Hudo Slovenija\" \/>\n<meta property=\"og:description\" content=\"ManuElla bo kot 11. nastopila v drugem predizboru za pesem Evrovizije 12. maja, na velikem evrovizijskem odru pa ne bo sama. Dru\u017ebo ji bo delal danski akrobat in \u010dlan tria No Limits Acrobatics Jannik Baltzer Hattel.\" \/>\n<meta property=\"og:url\" content=\"https:\/\/hudo.com\/si\/vip\/koncno-znane-podrobnosti-manuellinega-nastopa-na-pesmi-evrovizije-v-stockholmu\/\" \/>\n<meta property=\"og:site_name\" content=\"Hudo Slovenija\" \/>\n<meta property=\"article:publisher\" content=\"https:\/\/www.facebook.com\/hudo.si\" \/>\n<meta property=\"article:published_time\" content=\"2016-04-25T07:01:13+00:00\" \/>\n<meta property=\"article:modified_time\" content=\"2016-05-06T07:25:19+00:00\" \/>\n<meta property=\"og:image\" content=\"https:\/\/hudo.com\/si\/wp-content\/uploads\/sites\/2\/2016\/04\/image001-1.jpg\" \/>\n\t<meta property=\"og:image:width\" content=\"602\" \/>\n\t<meta property=\"og:image:height\" content=\"474\" \/>\n\t<meta property=\"og:image:type\" content=\"image\/jpeg\" \/>\n<meta name=\"author\" content=\"hudo\" \/>\n<meta name=\"twitter:card\" content=\"summary_large_image\" \/>\n<meta name=\"twitter:creator\" content=\"@hudo_si\" \/>\n<meta name=\"twitter:site\" content=\"@hudo_si\" \/>\n<meta name=\"twitter:label1\" content=\"Written by\" \/>\n\t<meta name=\"twitter:data1\" content=\"hudo\" \/>\n\t<meta name=\"twitter:label2\" content=\"Est. reading time\" \/>\n\t<meta name=\"twitter:data2\" content=\"5 minut\" \/>\n<script type=\"application\/ld+json\" class=\"yoast-schema-graph\">{\"@context\":\"https:\/\/schema.org\",\"@graph\":[{\"@type\":\"Article\",\"@id\":\"https:\/\/hudo.com\/si\/vip\/koncno-znane-podrobnosti-manuellinega-nastopa-na-pesmi-evrovizije-v-stockholmu\/#article\",\"isPartOf\":{\"@id\":\"https:\/\/hudo.com\/si\/vip\/koncno-znane-podrobnosti-manuellinega-nastopa-na-pesmi-evrovizije-v-stockholmu\/\"},\"author\":{\"name\":\"hudo\",\"@id\":\"https:\/\/hudo.com\/si\/#\/schema\/person\/601cf3379633985b20f7e50f2bb47707\"},\"headline\":\"Kon\u010dno znane podrobnosti ManuEllinega nastopa na Pesmi Evrovizije v Stockholmu\",\"datePublished\":\"2016-04-25T07:01:13+00:00\",\"dateModified\":\"2016-05-06T07:25:19+00:00\",\"mainEntityOfPage\":{\"@id\":\"https:\/\/hudo.com\/si\/vip\/koncno-znane-podrobnosti-manuellinega-nastopa-na-pesmi-evrovizije-v-stockholmu\/\"},\"wordCount\":1028,\"publisher\":{\"@id\":\"https:\/\/hudo.com\/si\/#organization\"},\"keywords\":[\"Evrovizija 2016\",\"ManuElla\"],\"articleSection\":[\"VIP\"],\"inLanguage\":\"sl-SI\"},{\"@type\":\"WebPage\",\"@id\":\"https:\/\/hudo.com\/si\/vip\/koncno-znane-podrobnosti-manuellinega-nastopa-na-pesmi-evrovizije-v-stockholmu\/\",\"url\":\"https:\/\/hudo.com\/si\/vip\/koncno-znane-podrobnosti-manuellinega-nastopa-na-pesmi-evrovizije-v-stockholmu\/\",\"name\":\"Kon\u010dno znane podrobnosti ManuEllinega nastopa na Pesmi Evrovizije v Stockholmu - Hudo Slovenija\",\"isPartOf\":{\"@id\":\"https:\/\/hudo.com\/si\/#website\"},\"datePublished\":\"2016-04-25T07:01:13+00:00\",\"dateModified\":\"2016-05-06T07:25:19+00:00\",\"breadcrumb\":{\"@id\":\"https:\/\/hudo.com\/si\/vip\/koncno-znane-podrobnosti-manuellinega-nastopa-na-pesmi-evrovizije-v-stockholmu\/#breadcrumb\"},\"inLanguage\":\"sl-SI\",\"potentialAction\":[{\"@type\":\"ReadAction\",\"target\":[\"https:\/\/hudo.com\/si\/vip\/koncno-znane-podrobnosti-manuellinega-nastopa-na-pesmi-evrovizije-v-stockholmu\/\"]}]},{\"@type\":\"BreadcrumbList\",\"@id\":\"https:\/\/hudo.com\/si\/vip\/koncno-znane-podrobnosti-manuellinega-nastopa-na-pesmi-evrovizije-v-stockholmu\/#breadcrumb\",\"itemListElement\":[{\"@type\":\"ListItem\",\"position\":1,\"name\":\"Home\",\"item\":\"https:\/\/hudo.com\/si\/\"},{\"@type\":\"ListItem\",\"position\":2,\"name\":\"Kon\u010dno znane podrobnosti ManuEllinega nastopa na Pesmi Evrovizije v Stockholmu\"}]},{\"@type\":\"WebSite\",\"@id\":\"https:\/\/hudo.com\/si\/#website\",\"url\":\"https:\/\/hudo.com\/si\/\",\"name\":\"Hudo Slovenija\",\"description\":\"Vse novice iz Slovenije in sveta\",\"publisher\":{\"@id\":\"https:\/\/hudo.com\/si\/#organization\"},\"potentialAction\":[{\"@type\":\"SearchAction\",\"target\":{\"@type\":\"EntryPoint\",\"urlTemplate\":\"https:\/\/hudo.com\/si\/?s={search_term_string}\"},\"query-input\":\"required name=search_term_string\"}],\"inLanguage\":\"sl-SI\"},{\"@type\":\"Organization\",\"@id\":\"https:\/\/hudo.com\/si\/#organization\",\"name\":\"VSN Media\",\"url\":\"https:\/\/hudo.com\/si\/\",\"logo\":{\"@type\":\"ImageObject\",\"inLanguage\":\"sl-SI\",\"@id\":\"https:\/\/hudo.com\/si\/#\/schema\/logo\/image\/\",\"url\":\"https:\/\/hudo.com\/si\/wp-content\/uploads\/sites\/2\/2021\/03\/hudo-app-2.png\",\"contentUrl\":\"https:\/\/hudo.com\/si\/wp-content\/uploads\/sites\/2\/2021\/03\/hudo-app-2.png\",\"width\":2185,\"height\":2167,\"caption\":\"VSN Media\"},\"image\":{\"@id\":\"https:\/\/hudo.com\/si\/#\/schema\/logo\/image\/\"},\"sameAs\":[\"https:\/\/www.facebook.com\/hudo.si\",\"https:\/\/twitter.com\/hudo_si\"]},{\"@type\":\"Person\",\"@id\":\"https:\/\/hudo.com\/si\/#\/schema\/person\/601cf3379633985b20f7e50f2bb47707\",\"name\":\"hudo\",\"image\":{\"@type\":\"ImageObject\",\"inLanguage\":\"sl-SI\",\"@id\":\"https:\/\/hudo.com\/si\/#\/schema\/person\/image\/\",\"url\":\"https:\/\/secure.gravatar.com\/avatar\/c4ca25fa72cace7a696b52ff5db9e095?s=96&d=mm&r=g\",\"contentUrl\":\"https:\/\/secure.gravatar.com\/avatar\/c4ca25fa72cace7a696b52ff5db9e095?s=96&d=mm&r=g\",\"caption\":\"hudo\"},\"url\":\"https:\/\/hudo.com\/si\/author\/hudo\/\"}]}<\/script>\n<!-- \/ Yoast SEO plugin. -->","yoast_head_json":{"title":"Kon\u010dno znane podrobnosti ManuEllinega nastopa na Pesmi Evrovizije v Stockholmu - Hudo Slovenija","robots":{"index":"index","follow":"follow","max-snippet":"max-snippet:-1","max-image-preview":"max-image-preview:large","max-video-preview":"max-video-preview:-1"},"canonical":"https:\/\/hudo.com\/si\/vip\/koncno-znane-podrobnosti-manuellinega-nastopa-na-pesmi-evrovizije-v-stockholmu\/","og_locale":"sl_SI","og_type":"article","og_title":"Kon\u010dno znane podrobnosti ManuEllinega nastopa na Pesmi Evrovizije v Stockholmu - Hudo Slovenija","og_description":"ManuElla bo kot 11. nastopila v drugem predizboru za pesem Evrovizije 12. maja, na velikem evrovizijskem odru pa ne bo sama. Dru\u017ebo ji bo delal danski akrobat in \u010dlan tria No Limits Acrobatics Jannik Baltzer Hattel.","og_url":"https:\/\/hudo.com\/si\/vip\/koncno-znane-podrobnosti-manuellinega-nastopa-na-pesmi-evrovizije-v-stockholmu\/","og_site_name":"Hudo Slovenija","article_publisher":"https:\/\/www.facebook.com\/hudo.si","article_published_time":"2016-04-25T07:01:13+00:00","article_modified_time":"2016-05-06T07:25:19+00:00","og_image":[{"width":602,"height":474,"url":"https:\/\/hudo.com\/si\/wp-content\/uploads\/sites\/2\/2016\/04\/image001-1.jpg","type":"image\/jpeg"}],"author":"hudo","twitter_card":"summary_large_image","twitter_creator":"@hudo_si","twitter_site":"@hudo_si","twitter_misc":{"Written by":"hudo","Est. reading time":"5 minut"},"schema":{"@context":"https:\/\/schema.org","@graph":[{"@type":"Article","@id":"https:\/\/hudo.com\/si\/vip\/koncno-znane-podrobnosti-manuellinega-nastopa-na-pesmi-evrovizije-v-stockholmu\/#article","isPartOf":{"@id":"https:\/\/hudo.com\/si\/vip\/koncno-znane-podrobnosti-manuellinega-nastopa-na-pesmi-evrovizije-v-stockholmu\/"},"author":{"name":"hudo","@id":"https:\/\/hudo.com\/si\/#\/schema\/person\/601cf3379633985b20f7e50f2bb47707"},"headline":"Kon\u010dno znane podrobnosti ManuEllinega nastopa na Pesmi Evrovizije v Stockholmu","datePublished":"2016-04-25T07:01:13+00:00","dateModified":"2016-05-06T07:25:19+00:00","mainEntityOfPage":{"@id":"https:\/\/hudo.com\/si\/vip\/koncno-znane-podrobnosti-manuellinega-nastopa-na-pesmi-evrovizije-v-stockholmu\/"},"wordCount":1028,"publisher":{"@id":"https:\/\/hudo.com\/si\/#organization"},"keywords":["Evrovizija 2016","ManuElla"],"articleSection":["VIP"],"inLanguage":"sl-SI"},{"@type":"WebPage","@id":"https:\/\/hudo.com\/si\/vip\/koncno-znane-podrobnosti-manuellinega-nastopa-na-pesmi-evrovizije-v-stockholmu\/","url":"https:\/\/hudo.com\/si\/vip\/koncno-znane-podrobnosti-manuellinega-nastopa-na-pesmi-evrovizije-v-stockholmu\/","name":"Kon\u010dno znane podrobnosti ManuEllinega nastopa na Pesmi Evrovizije v Stockholmu - Hudo Slovenija","isPartOf":{"@id":"https:\/\/hudo.com\/si\/#website"},"datePublished":"2016-04-25T07:01:13+00:00","dateModified":"2016-05-06T07:25:19+00:00","breadcrumb":{"@id":"https:\/\/hudo.com\/si\/vip\/koncno-znane-podrobnosti-manuellinega-nastopa-na-pesmi-evrovizije-v-stockholmu\/#breadcrumb"},"inLanguage":"sl-SI","potentialAction":[{"@type":"ReadAction","target":["https:\/\/hudo.com\/si\/vip\/koncno-znane-podrobnosti-manuellinega-nastopa-na-pesmi-evrovizije-v-stockholmu\/"]}]},{"@type":"BreadcrumbList","@id":"https:\/\/hudo.com\/si\/vip\/koncno-znane-podrobnosti-manuellinega-nastopa-na-pesmi-evrovizije-v-stockholmu\/#breadcrumb","itemListElement":[{"@type":"ListItem","position":1,"name":"Home","item":"https:\/\/hudo.com\/si\/"},{"@type":"ListItem","position":2,"name":"Kon\u010dno znane podrobnosti ManuEllinega nastopa na Pesmi Evrovizije v Stockholmu"}]},{"@type":"WebSite","@id":"https:\/\/hudo.com\/si\/#website","url":"https:\/\/hudo.com\/si\/","name":"Hudo Slovenija","description":"Vse novice iz Slovenije in sveta","publisher":{"@id":"https:\/\/hudo.com\/si\/#organization"},"potentialAction":[{"@type":"SearchAction","target":{"@type":"EntryPoint","urlTemplate":"https:\/\/hudo.com\/si\/?s={search_term_string}"},"query-input":"required name=search_term_string"}],"inLanguage":"sl-SI"},{"@type":"Organization","@id":"https:\/\/hudo.com\/si\/#organization","name":"VSN Media","url":"https:\/\/hudo.com\/si\/","logo":{"@type":"ImageObject","inLanguage":"sl-SI","@id":"https:\/\/hudo.com\/si\/#\/schema\/logo\/image\/","url":"https:\/\/hudo.com\/si\/wp-content\/uploads\/sites\/2\/2021\/03\/hudo-app-2.png","contentUrl":"https:\/\/hudo.com\/si\/wp-content\/uploads\/sites\/2\/2021\/03\/hudo-app-2.png","width":2185,"height":2167,"caption":"VSN Media"},"image":{"@id":"https:\/\/hudo.com\/si\/#\/schema\/logo\/image\/"},"sameAs":["https:\/\/www.facebook.com\/hudo.si","https:\/\/twitter.com\/hudo_si"]},{"@type":"Person","@id":"https:\/\/hudo.com\/si\/#\/schema\/person\/601cf3379633985b20f7e50f2bb47707","name":"hudo","image":{"@type":"ImageObject","inLanguage":"sl-SI","@id":"https:\/\/hudo.com\/si\/#\/schema\/person\/image\/","url":"https:\/\/secure.gravatar.com\/avatar\/c4ca25fa72cace7a696b52ff5db9e095?s=96&d=mm&r=g","contentUrl":"https:\/\/secure.gravatar.com\/avatar\/c4ca25fa72cace7a696b52ff5db9e095?s=96&d=mm&r=g","caption":"hudo"},"url":"https:\/\/hudo.com\/si\/author\/hudo\/"}]}},"amp_enabled":true,"_links":{"self":[{"href":"https:\/\/hudo.com\/si\/wp-json\/wp\/v2\/posts\/38814"}],"collection":[{"href":"https:\/\/hudo.com\/si\/wp-json\/wp\/v2\/posts"}],"about":[{"href":"https:\/\/hudo.com\/si\/wp-json\/wp\/v2\/types\/post"}],"author":[{"embeddable":true,"href":"https:\/\/hudo.com\/si\/wp-json\/wp\/v2\/users\/1"}],"replies":[{"embeddable":true,"href":"https:\/\/hudo.com\/si\/wp-json\/wp\/v2\/comments?post=38814"}],"version-history":[{"count":0,"href":"https:\/\/hudo.com\/si\/wp-json\/wp\/v2\/posts\/38814\/revisions"}],"wp:attachment":[{"href":"https:\/\/hudo.com\/si\/wp-json\/wp\/v2\/media?parent=38814"}],"wp:term":[{"taxonomy":"category","embeddable":true,"href":"https:\/\/hudo.com\/si\/wp-json\/wp\/v2\/categories?post=38814"},{"taxonomy":"post_tag","embeddable":true,"href":"https:\/\/hudo.com\/si\/wp-json\/wp\/v2\/tags?post=38814"},{"taxonomy":"source","embeddable":true,"href":"https:\/\/hudo.com\/si\/wp-json\/wp\/v2\/source?post=38814"},{"taxonomy":"supertag","embeddable":true,"href":"https:\/\/hudo.com\/si\/wp-json\/wp\/v2\/supertag?post=38814"}],"curies":[{"name":"wp","href":"https:\/\/api.w.org\/{rel}","templated":true}]}}